{"id":302,"date":"2016-03-11T00:00:00","date_gmt":"2016-03-10T23:00:00","guid":{"rendered":"https:\/\/www.asajacyl.com\/leon\/2016\/03\/11\/las-seis-noticias-agrarias-de-la-semana-11032016\/"},"modified":"2017-11-14T18:26:43","modified_gmt":"2017-11-14T17:26:43","slug":"las-seis-noticias-agrarias-de-la-semana-11032016","status":"publish","type":"post","link":"https:\/\/www.asajacyl.com\/leon\/asaja-leon-informa\/las-seis-noticias-agrarias-de-la-semana-11032016","title":{"rendered":"Las seis noticias agrarias de la semana &#8211; 11\/03\/2016"},"content":{"rendered":"<h2>Grupo de Trabajo L&#250;pulo, campa&#241;a de tramitaci&#243;n de las ayudas de la PAC, f&#225;brica azucarera de la Ba&#241;eza, Incorporaci&#243;n de J&#243;venes a la Empresa Agraria,  protesta ante las Cortes de Castilla y Le&#243;n y cotizaciones del ma&#237;z<\/h2>\n<p style=\"margin-left: 36pt; text-align: center;\">\n<span style=\"color:#006400;\"><strong>LAS SEIS NOTICIAS AGRARIAS DE LA SEMANA<\/strong><\/span><\/p>\n<p style=\"margin-left: 36pt; text-align: justify;\">\n&#183;&#160;&#160;&#160;&#160;&#160;&#160;&#160; Arsenio Garc&#237;a Vidal e Isidoro Alonso asistieron la pasada semana en Bruselas a la reuni&#243;n del <strong>Grupo de Trabajo L&#250;pulo<\/strong> del Copa-Cogeca, y a la reuni&#243;n posterior del Grupo de Di&#225;logo Civil del L&#250;pulo de la Comisi&#243;n Europea. En ambas reuniones se abordaron cuestiones relacionadas con las existencias y mercado del l&#250;pulo, constat&#225;ndose una situaci&#243;n puntual de escasa oferta y precios al alza, ya que en los grandes pa&#237;ses productores ha habido dos a&#241;os con malas producciones. Se abordaron cuestiones relacionadas con la certificaci&#243;n del l&#250;pulo con destino a la industria cervecera, y se puso encima de la mesa la necesidad de que se autoricen productos fitosanitarios eficaces que respondan a las demandas del sector.<\/p>\n<p style=\"margin-left: 36pt; text-align: justify;\">\n&#183;&#160;&#160;&#160;&#160;&#160;&#160;&#160; El pr&#243;ximo lunes d&#237;a 14 comienza en todas las oficinas de ASAJA en la provincia de Le&#243;n la <strong>campa&#241;a de tramitaci&#243;n de las ayudas de la PAC<\/strong> de la campa&#241;a 2016. Con un dispositivo humano de 20 t&#233;cnicos la organizaci&#243;n afrontar&#225; una campa&#241;a en la que se gestionar&#225;n ayudas por importe de 34 millones de euros a 2.600 explotaciones de la provincia. Adem&#225;s, coincidiendo con la campa&#241;a de la PAC se solapan otras no menos importantes como la de los seguros agrarios o la campa&#241;a fiscal de la declaraci&#243;n del Impuesto de la Renta. Tambi&#233;n, la pasada semana la organizaci&#243;n present&#243; en la Junta su plan asociado de reconversi&#243;n del vi&#241;edo, al que se han acogido varios viticultores tanto de la denominaci&#243;n de origen Bierzo como de la de Tierra de Le&#243;n.<\/p>\n<p style=\"margin-left: 36pt; text-align: justify;\">\n&#183;&#160;&#160;&#160;&#160;&#160;&#160;&#160; Al finalizar la pasada semana hab&#237;an entrado en la <strong>f&#225;brica azucarera de La Ba&#241;eza<\/strong> 486.500 toneladas de remolacha l&#237;quida con una media de 17 grados de riqueza en sacarosa y un 14,05% de descuento por corona, tierra, piedras y otras impurezas. Parte de estas entregas proceden de la zona de influencia de la f&#225;brica de Toro, en Zamora, de donde est&#225; previsto que lleguen unas 50.000 toneladas de ra&#237;z. La f&#225;brica est&#225; volviendo a la normalidad con entregas de 8.000 toneladas diarias despu&#233;s de varias semanas con el volumen de molienda reducido a causa de las dificultades para entrar en las fincas y hacer las labores que son propias.<\/p>\n<p style=\"margin-left: 36pt; text-align: justify;\">\n&#183;&#160;&#160;&#160;&#160;&#160;&#160;&#160; El pasado mi&#233;rcoles se clausur&#243; en Santa Mar&#237;a del P&#225;ramo un curso de <strong>Incorporaci&#243;n de J&#243;venes a la Empresa Agraria<\/strong> que imparti&#243; la organizaci&#243;n agraria ASAJA en su aula de formaci&#243;n de la oficina del sindicato en dicha cabecera de comarca. Durante 38 d&#237;as, los 27 j&#243;venes matriculados a los que se le ha expedido el diploma tras demostrar el aprovechamiento de la formaci&#243;n impartida, recibieron conocimientos sobre distintas materias en relaci&#243;n con agronom&#237;a y producci&#243;n animal, gesti&#243;n de explotaciones, fiscalidad, asociacionismo, pol&#237;tica agraria y nuevas tecnolog&#237;as, entre otras. En este curso participaron 17 profesores especialistas en distintas materias.<\/p>\n<p style=\"margin-left: 36pt; text-align: justify;\">\n&#183;&#160;&#160;&#160;&#160;&#160;&#160;&#160; Las organizaciones agrarias protagonizaron el pasado martes d&#237;a 8 un acto de <strong>protesta ante las Cortes de Castilla y Le&#243;n<\/strong>, por la grave crisis del sector l&#225;cteo, que se respald&#243; por tres centenares de ganaderos de toda la comunidad aut&#243;noma. Los representantes de los ganaderos se entrevistaron con la presidenta de las Cortes, Silvia Clemente, acompa&#241;ada por todos los miembros de la Mesa, as&#237; como por los portavoces de todos los grupos pol&#237;ticos con representaci&#243;n en la C&#225;mara. Todos ellos adquirieron el compromiso de defender, desde el poder legislativo, los intereses de los ganaderos, y se solidarizaron con unos ganaderos que, en palabras de Silvia Clemente, &#8220;se merecen que se remunere su trabajo, un trabajo sacrificado que le quita lo que todos m&#225;s deseamos, tiempo para dedicarlo a lo que nos gusta&#8221;, y es que, efectivamente, con las vacas hay que trabajar ma&#241;ana y tarde los trescientos sesenta y cinco d&#237;as del a&#241;o.<\/p>\n<p style=\"margin-left: 36pt; text-align: justify;\">\n&#183;&#160;&#160;&#160;&#160;&#160;&#160;&#160; Los bajos precios de todos los cereales en los mercados mundiales est&#225;n arrastrando las <strong>cotizaciones del ma&#237;z<\/strong> en la provincia de Le&#243;n cuando se est&#225; en plena campa&#241;a de recolecci&#243;n despu&#233;s del par&#243;n invernal por las lluvias. Lo habitual es que ahora el grano se compre ya como producto seco, sin pasar al secadero, y las cotizaciones han ca&#237;do hasta los 150 euros la tonelada. Un precio de ruina, pues su equivalente en la antigua moneda es de 25 pesetas el kilo, precios que ya se percib&#237;an hace treinta a&#241;os. Estos precios obligan a los productores a reducir las inversiones y ajustar los costes, y cuestionan la escalada de subida de las rentas y precios de la tierra de los &#250;ltimos a&#241;os. Las previsiones a medio plazo, pensando ya en las siembras de este a&#241;o, no son nada optimistas.<\/p>\n","protected":false},"excerpt":{"rendered":"<p>Grupo de Trabajo L&#250;pulo, campa&#241;a de tramitaci&#243;n de las ayudas de la PAC, f&#225;brica azucarera de la Ba&#241;eza, Incorporaci&#243;n de J&#243;venes a la Empresa Agraria,  protesta ante las Cortes de Castilla y Le&#243;n y cotizaciones del ma&#237;z<\/p>\n","protected":false},"author":3,"featured_media":8174,"comment_status":"open","ping_status":"open","sticky":false,"template":"","format":"standard","meta":{"footnotes":""},"categories":[4,9],"tags":[],"yoast_head":"<!-- This site is optimized with the Yoast SEO plugin v24.5 - https:\/\/yoast.com\/wordpress\/plugins\/seo\/ -->\n<title>Las seis noticias agrarias de la semana - 11\/03\/2016 - ASAJA Le\u00f3n<\/title>\n<meta name=\"description\" content=\"Grupo de Trabajo L&#250;pulo, campa&#241;a de tramitaci&#243;n de las ayudas de la PAC, f&#225;brica azucarera de la Ba&#241;eza, Incorporaci&#243;n de J&#243;venes a la Empresa Agraria, protesta ante las Cortes de Castilla y Le&#243;n y cotizaciones del ma&#237;z\" \/>\n<meta name=\"robots\" content=\"index, follow, max-snippet:-1, max-image-preview:large, max-video-preview:-1\" \/>\n<link rel=\"canonical\" href=\"https:\/\/www.asajacyl.com\/leon\/asaja-leon-informa\/las-seis-noticias-agrarias-de-la-semana-11032016\" \/>\n<meta property=\"og:locale\" content=\"es_ES\" \/>\n<meta property=\"og:type\" content=\"article\" \/>\n<meta property=\"og:title\" content=\"Las seis noticias agrarias de la semana - 11\/03\/2016 - ASAJA Le\u00f3n\" \/>\n<meta property=\"og:description\" content=\"Grupo de Trabajo L&#250;pulo, campa&#241;a de tramitaci&#243;n de las ayudas de la PAC, f&#225;brica azucarera de la Ba&#241;eza, Incorporaci&#243;n de J&#243;venes a la Empresa Agraria, protesta ante las Cortes de Castilla y Le&#243;n y cotizaciones del ma&#237;z\" \/>\n<meta property=\"og:url\" content=\"https:\/\/www.asajacyl.com\/leon\/asaja-leon-informa\/las-seis-noticias-agrarias-de-la-semana-11032016\" \/>\n<meta property=\"og:site_name\" content=\"ASAJA Le\u00f3n\" \/>\n<meta property=\"article:published_time\" content=\"2016-03-10T23:00:00+00:00\" \/>\n<meta property=\"article:modified_time\" content=\"2017-11-14T17:26:43+00:00\" \/>\n<meta property=\"og:image\" content=\"https:\/\/www.asajacyl.com\/leon\/wp-content\/uploads\/sites\/6\/2017\/11\/im_predefinida_1920x1080.jpg\" \/>\n\t<meta property=\"og:image:width\" content=\"1920\" \/>\n\t<meta property=\"og:image:height\" content=\"1080\" \/>\n\t<meta property=\"og:image:type\" content=\"image\/jpeg\" \/>\n<meta name=\"author\" content=\"Editor\" \/>\n<meta name=\"twitter:card\" content=\"summary_large_image\" \/>\n<meta name=\"twitter:label1\" content=\"Escrito por\" \/>\n\t<meta name=\"twitter:data1\" content=\"Editor\" \/>\n\t<meta name=\"twitter:label2\" content=\"Tiempo de lectura\" \/>\n\t<meta name=\"twitter:data2\" content=\"4 minutos\" \/>\n<script type=\"application\/ld+json\" class=\"yoast-schema-graph\">{\"@context\":\"https:\/\/schema.org\",\"@graph\":[{\"@type\":\"WebPage\",\"@id\":\"https:\/\/www.asajacyl.com\/leon\/asaja-leon-informa\/las-seis-noticias-agrarias-de-la-semana-11032016\",\"url\":\"https:\/\/www.asajacyl.com\/leon\/asaja-leon-informa\/las-seis-noticias-agrarias-de-la-semana-11032016\",\"name\":\"Las seis noticias agrarias de la semana - 11\/03\/2016 - ASAJA Le\u00f3n\",\"isPartOf\":{\"@id\":\"https:\/\/www.asajacyl.com\/leon\/#website\"},\"primaryImageOfPage\":{\"@id\":\"https:\/\/www.asajacyl.com\/leon\/asaja-leon-informa\/las-seis-noticias-agrarias-de-la-semana-11032016#primaryimage\"},\"image\":{\"@id\":\"https:\/\/www.asajacyl.com\/leon\/asaja-leon-informa\/las-seis-noticias-agrarias-de-la-semana-11032016#primaryimage\"},\"thumbnailUrl\":\"https:\/\/www.asajacyl.com\/leon\/wp-content\/uploads\/sites\/6\/2017\/11\/im_predefinida_1920x1080.jpg\",\"datePublished\":\"2016-03-10T23:00:00+00:00\",\"dateModified\":\"2017-11-14T17:26:43+00:00\",\"author\":{\"@id\":\"https:\/\/www.asajacyl.com\/leon\/#\/schema\/person\/7e884476cee132331142e8ac9689f20c\"},\"description\":\"Grupo de Trabajo L&#250;pulo, campa&#241;a de tramitaci&#243;n de las ayudas de la PAC, f&#225;brica azucarera de la Ba&#241;eza, Incorporaci&#243;n de J&#243;venes a la Empresa Agraria, protesta ante las Cortes de Castilla y Le&#243;n y cotizaciones del ma&#237;z\",\"breadcrumb\":{\"@id\":\"https:\/\/www.asajacyl.com\/leon\/asaja-leon-informa\/las-seis-noticias-agrarias-de-la-semana-11032016#breadcrumb\"},\"inLanguage\":\"es\",\"potentialAction\":[{\"@type\":\"ReadAction\",\"target\":[\"https:\/\/www.asajacyl.com\/leon\/asaja-leon-informa\/las-seis-noticias-agrarias-de-la-semana-11032016\"]}]},{\"@type\":\"ImageObject\",\"inLanguage\":\"es\",\"@id\":\"https:\/\/www.asajacyl.com\/leon\/asaja-leon-informa\/las-seis-noticias-agrarias-de-la-semana-11032016#primaryimage\",\"url\":\"https:\/\/www.asajacyl.com\/leon\/wp-content\/uploads\/sites\/6\/2017\/11\/im_predefinida_1920x1080.jpg\",\"contentUrl\":\"https:\/\/www.asajacyl.com\/leon\/wp-content\/uploads\/sites\/6\/2017\/11\/im_predefinida_1920x1080.jpg\",\"width\":1920,\"height\":1080,\"caption\":\"Logotipo ASAJA Le\u00f3n\"},{\"@type\":\"BreadcrumbList\",\"@id\":\"https:\/\/www.asajacyl.com\/leon\/asaja-leon-informa\/las-seis-noticias-agrarias-de-la-semana-11032016#breadcrumb\",\"itemListElement\":[{\"@type\":\"ListItem\",\"position\":1,\"name\":\"Portada\",\"item\":\"https:\/\/www.asajacyl.com\/leon\/\"},{\"@type\":\"ListItem\",\"position\":2,\"name\":\"Las seis noticias agrarias de la semana &#8211; 11\/03\/2016\"}]},{\"@type\":\"WebSite\",\"@id\":\"https:\/\/www.asajacyl.com\/leon\/#website\",\"url\":\"https:\/\/www.asajacyl.com\/leon\/\",\"name\":\"ASAJA Le\u00f3n\",\"description\":\"Otro sitio m\u00e1s de Provincias ASAJA Castilla y Le\u00f3n\",\"potentialAction\":[{\"@type\":\"SearchAction\",\"target\":{\"@type\":\"EntryPoint\",\"urlTemplate\":\"https:\/\/www.asajacyl.com\/leon\/?s={search_term_string}\"},\"query-input\":{\"@type\":\"PropertyValueSpecification\",\"valueRequired\":true,\"valueName\":\"search_term_string\"}}],\"inLanguage\":\"es\"},{\"@type\":\"Person\",\"@id\":\"https:\/\/www.asajacyl.com\/leon\/#\/schema\/person\/7e884476cee132331142e8ac9689f20c\",\"name\":\"Editor\",\"image\":{\"@type\":\"ImageObject\",\"inLanguage\":\"es\",\"@id\":\"https:\/\/www.asajacyl.com\/leon\/#\/schema\/person\/image\/\",\"url\":\"https:\/\/secure.gravatar.com\/avatar\/a2ef43c165669686cfcfb0e1ffa59869?s=96&d=mm&r=g\",\"contentUrl\":\"https:\/\/secure.gravatar.com\/avatar\/a2ef43c165669686cfcfb0e1ffa59869?s=96&d=mm&r=g\",\"caption\":\"Editor\"},\"url\":\"https:\/\/www.asajacyl.com\/leon\/author\/oscargg\"}]}<\/script>\n<!-- \/ Yoast SEO plugin. -->","yoast_head_json":{"title":"Las seis noticias agrarias de la semana - 11\/03\/2016 - ASAJA Le\u00f3n","description":"Grupo de Trabajo L&#250;pulo, campa&#241;a de tramitaci&#243;n de las ayudas de la PAC, f&#225;brica azucarera de la Ba&#241;eza, Incorporaci&#243;n de J&#243;venes a la Empresa Agraria, protesta ante las Cortes de Castilla y Le&#243;n y cotizaciones del ma&#237;z","robots":{"index":"index","follow":"follow","max-snippet":"max-snippet:-1","max-image-preview":"max-image-preview:large","max-video-preview":"max-video-preview:-1"},"canonical":"https:\/\/www.asajacyl.com\/leon\/asaja-leon-informa\/las-seis-noticias-agrarias-de-la-semana-11032016","og_locale":"es_ES","og_type":"article","og_title":"Las seis noticias agrarias de la semana - 11\/03\/2016 - ASAJA Le\u00f3n","og_description":"Grupo de Trabajo L&#250;pulo, campa&#241;a de tramitaci&#243;n de las ayudas de la PAC, f&#225;brica azucarera de la Ba&#241;eza, Incorporaci&#243;n de J&#243;venes a la Empresa Agraria, protesta ante las Cortes de Castilla y Le&#243;n y cotizaciones del ma&#237;z","og_url":"https:\/\/www.asajacyl.com\/leon\/asaja-leon-informa\/las-seis-noticias-agrarias-de-la-semana-11032016","og_site_name":"ASAJA Le\u00f3n","article_published_time":"2016-03-10T23:00:00+00:00","article_modified_time":"2017-11-14T17:26:43+00:00","og_image":[{"width":1920,"height":1080,"url":"https:\/\/www.asajacyl.com\/leon\/wp-content\/uploads\/sites\/6\/2017\/11\/im_predefinida_1920x1080.jpg","type":"image\/jpeg"}],"author":"Editor","twitter_card":"summary_large_image","twitter_misc":{"Escrito por":"Editor","Tiempo de lectura":"4 minutos"},"schema":{"@context":"https:\/\/schema.org","@graph":[{"@type":"WebPage","@id":"https:\/\/www.asajacyl.com\/leon\/asaja-leon-informa\/las-seis-noticias-agrarias-de-la-semana-11032016","url":"https:\/\/www.asajacyl.com\/leon\/asaja-leon-informa\/las-seis-noticias-agrarias-de-la-semana-11032016","name":"Las seis noticias agrarias de la semana - 11\/03\/2016 - ASAJA Le\u00f3n","isPartOf":{"@id":"https:\/\/www.asajacyl.com\/leon\/#website"},"primaryImageOfPage":{"@id":"https:\/\/www.asajacyl.com\/leon\/asaja-leon-informa\/las-seis-noticias-agrarias-de-la-semana-11032016#primaryimage"},"image":{"@id":"https:\/\/www.asajacyl.com\/leon\/asaja-leon-informa\/las-seis-noticias-agrarias-de-la-semana-11032016#primaryimage"},"thumbnailUrl":"https:\/\/www.asajacyl.com\/leon\/wp-content\/uploads\/sites\/6\/2017\/11\/im_predefinida_1920x1080.jpg","datePublished":"2016-03-10T23:00:00+00:00","dateModified":"2017-11-14T17:26:43+00:00","author":{"@id":"https:\/\/www.asajacyl.com\/leon\/#\/schema\/person\/7e884476cee132331142e8ac9689f20c"},"description":"Grupo de Trabajo L&#250;pulo, campa&#241;a de tramitaci&#243;n de las ayudas de la PAC, f&#225;brica azucarera de la Ba&#241;eza, Incorporaci&#243;n de J&#243;venes a la Empresa Agraria, protesta ante las Cortes de Castilla y Le&#243;n y cotizaciones del ma&#237;z","breadcrumb":{"@id":"https:\/\/www.asajacyl.com\/leon\/asaja-leon-informa\/las-seis-noticias-agrarias-de-la-semana-11032016#breadcrumb"},"inLanguage":"es","potentialAction":[{"@type":"ReadAction","target":["https:\/\/www.asajacyl.com\/leon\/asaja-leon-informa\/las-seis-noticias-agrarias-de-la-semana-11032016"]}]},{"@type":"ImageObject","inLanguage":"es","@id":"https:\/\/www.asajacyl.com\/leon\/asaja-leon-informa\/las-seis-noticias-agrarias-de-la-semana-11032016#primaryimage","url":"https:\/\/www.asajacyl.com\/leon\/wp-content\/uploads\/sites\/6\/2017\/11\/im_predefinida_1920x1080.jpg","contentUrl":"https:\/\/www.asajacyl.com\/leon\/wp-content\/uploads\/sites\/6\/2017\/11\/im_predefinida_1920x1080.jpg","width":1920,"height":1080,"caption":"Logotipo ASAJA Le\u00f3n"},{"@type":"BreadcrumbList","@id":"https:\/\/www.asajacyl.com\/leon\/asaja-leon-informa\/las-seis-noticias-agrarias-de-la-semana-11032016#breadcrumb","itemListElement":[{"@type":"ListItem","position":1,"name":"Portada","item":"https:\/\/www.asajacyl.com\/leon\/"},{"@type":"ListItem","position":2,"name":"Las seis noticias agrarias de la semana &#8211; 11\/03\/2016"}]},{"@type":"WebSite","@id":"https:\/\/www.asajacyl.com\/leon\/#website","url":"https:\/\/www.asajacyl.com\/leon\/","name":"ASAJA Le\u00f3n","description":"Otro sitio m\u00e1s de Provincias ASAJA Castilla y Le\u00f3n","potentialAction":[{"@type":"SearchAction","target":{"@type":"EntryPoint","urlTemplate":"https:\/\/www.asajacyl.com\/leon\/?s={search_term_string}"},"query-input":{"@type":"PropertyValueSpecification","valueRequired":true,"valueName":"search_term_string"}}],"inLanguage":"es"},{"@type":"Person","@id":"https:\/\/www.asajacyl.com\/leon\/#\/schema\/person\/7e884476cee132331142e8ac9689f20c","name":"Editor","image":{"@type":"ImageObject","inLanguage":"es","@id":"https:\/\/www.asajacyl.com\/leon\/#\/schema\/person\/image\/","url":"https:\/\/secure.gravatar.com\/avatar\/a2ef43c165669686cfcfb0e1ffa59869?s=96&d=mm&r=g","contentUrl":"https:\/\/secure.gravatar.com\/avatar\/a2ef43c165669686cfcfb0e1ffa59869?s=96&d=mm&r=g","caption":"Editor"},"url":"https:\/\/www.asajacyl.com\/leon\/author\/oscargg"}]}},"_links":{"self":[{"href":"https:\/\/www.asajacyl.com\/leon\/wp-json\/wp\/v2\/posts\/302"}],"collection":[{"href":"https:\/\/www.asajacyl.com\/leon\/wp-json\/wp\/v2\/posts"}],"about":[{"href":"https:\/\/www.asajacyl.com\/leon\/wp-json\/wp\/v2\/types\/post"}],"author":[{"embeddable":true,"href":"https:\/\/www.asajacyl.com\/leon\/wp-json\/wp\/v2\/users\/3"}],"replies":[{"embeddable":true,"href":"https:\/\/www.asajacyl.com\/leon\/wp-json\/wp\/v2\/comments?post=302"}],"version-history":[{"count":2,"href":"https:\/\/www.asajacyl.com\/leon\/wp-json\/wp\/v2\/posts\/302\/revisions"}],"predecessor-version":[{"id":3867,"href":"https:\/\/www.asajacyl.com\/leon\/wp-json\/wp\/v2\/posts\/302\/revisions\/3867"}],"wp:featuredmedia":[{"embeddable":true,"href":"https:\/\/www.asajacyl.com\/leon\/wp-json\/wp\/v2\/media\/8174"}],"wp:attachment":[{"href":"https:\/\/www.asajacyl.com\/leon\/wp-json\/wp\/v2\/media?parent=302"}],"wp:term":[{"taxonomy":"category","embeddable":true,"href":"https:\/\/www.asajacyl.com\/leon\/wp-json\/wp\/v2\/categories?post=302"},{"taxonomy":"post_tag","embeddable":true,"href":"https:\/\/www.asajacyl.com\/leon\/wp-json\/wp\/v2\/tags?post=302"}],"curies":[{"name":"wp","href":"https:\/\/api.w.org\/{rel}","templated":true}]}}