{"id":305,"date":"2016-03-08T00:00:00","date_gmt":"2016-03-07T23:00:00","guid":{"rendered":"https:\/\/www.asajacyl.com\/leon\/2016\/03\/08\/asaja-pide-a-las-cortes-que-fuercen-un-mayor-impulso-poltico-para-solucionar-los-problemas-del-sector-lcteo\/"},"modified":"2017-11-14T18:26:52","modified_gmt":"2017-11-14T17:26:52","slug":"asaja-pide-a-las-cortes-que-fuercen-un-mayor-impulso-poltico-para-solucionar-los-problemas-del-sector-lcteo","status":"publish","type":"post","link":"https:\/\/www.asajacyl.com\/leon\/asaja-leon-informa\/asaja-pide-a-las-cortes-que-fuercen-un-mayor-impulso-poltico-para-solucionar-los-problemas-del-sector-lcteo","title":{"rendered":"ASAJA PIDE A LAS CORTES QUE FUERCEN UN MAYOR IMPULSO POL&#205;TICO PARA SOLUCIONAR LOS PROBLEMAS DEL SECTOR L&#193;CTEO"},"content":{"rendered":"<h2>La OPA subraya que &#8220;es tiempo de resolver y no de proponer, los ganaderos est&#225;n hartos de palabras&#8221;<\/h2>\n<div>\n<h1 style=\"text-align: center;\">\n<span style=\"color:#006400;\"><span style=\"font-size:12px;\"><strong>ASAJA PIDE A LAS CORTES QUE FUERCEN UN MAYOR IMPULSO POL&#205;TICO PARA SOLUCIONAR&#160;<\/strong><\/span><strong style=\"font-size: 12px;\">LOS PROBLEMAS DEL SECTOR L&#193;CTEO<\/strong><\/span><\/h1>\n<h1 style=\"text-align: center;\">\n<span style=\"color:#0000cd;\"><span style=\"font-size:12px;\"><strong>La OPA<\/strong><strong> subraya que &#8220;es tiempo de resolver y no de proponer, los ganaderos est&#225;n hartos de palabras&#8221;<\/strong><\/span><\/span><\/h1>\n<\/div>\n<h1 style=\"text-align: justify;\">\n<span style=\"font-size:12px;\"><span style=\"background-color:#ffffff;\">Tras la protesta que ha unido hoy en Valladolid a varios centenares de ganaderos de vacuno de leche de toda la Comunidad Aut&#243;noma, as&#237; como a sus organizaciones, ASAJA ha agradecido el respaldo de la presidenta de las Cortes, Silvia Clemente, y de los miembros de la Mesa, junto a los portavoces de los grupos pol&#237;ticos (PP, PSOE, C&#8217;s, Podemos, IU y UPL), a los que ha pedido apoyo para que todas las medidas de defensa del sector que puedan emprenderse desde Castilla y Le&#243;n se ejecuten con urgencia. &#8220;Es tiempo de resolver y no de proponer, los ganaderos est&#225;n hartos de palabras&#8221;, ha subrayado Donaciano Dujo, que ha puntualizado que &#8220;aunque es cierto que estamos ante un problema de precios que supera el &#225;mbito auton&#243;mico y nacional, hay una serie de medidas que dependen de la diligencia del Gobierno auton&#243;mico&#8221;. Entre esas medidas que ASAJA ha calificado como &#8220;inaplazables&#8221; est&#225;n:<\/span><\/span><\/h1>\n<p style=\"margin-left: 36pt; text-align: justify;\">\n<span style=\"font-size:12px;\">-&#160;&#160;&#160;&#160;&#160;&#160;&#160;&#160;&#160; Creaci&#243;n del <strong>Defensor de la Cadena Alimentaria<\/strong>, figura marcada por la Ley Agraria, con potestad para vigilar y hacer propuestas que favorezcan el equilibrio de la cadena, as&#237; como para <strong>denunciar pr&#225;cticas abusivas<\/strong>, como cuando el precio pagado por la industria no cubre los costes de producci&#243;n. Paralelamente, puesta en marcha de la <strong>Junta<\/strong><strong> de Arbitraje<\/strong> para supervisar contratos entre industria y productor, que tal como regula la Ley Agraria tiene competencias para supervisar que los contratos sean equilibrados y ofrezcan garant&#237;as a largo plazo.<\/span><\/p>\n<p style=\"margin-left: 36pt; text-align: justify;\">\n<span style=\"font-size:12px;\">-&#160;&#160;&#160;&#160;&#160;&#160;&#160;&#160;&#160; <strong>Habilitaci&#243;n urgente del Seguro de Rentas<\/strong>, presupuestado en el Plan de Desarrollo Rural 2014-2020 con 14 millones. Este seguro indemnizar&#237;a a los productores cuando se produzca una bajada severa de sus ingresos, tal como ocurre en este momento.<\/span><\/p>\n<p style=\"text-align: justify;\">\n<span style=\"font-size:12px;\">Junto a estas medidas, que est&#225;n ya recogidas en la normativa y cuyo desarrollo depende de la Consejer&#237;a de Agricultura y Ganader&#237;a, ASAJA pide a la Junta de Castilla y Le&#243;n <strong>un plan de abandono voluntario indemnizado<\/strong> de la producci&#243;n de leche. Este plan de abandono ir&#237;a dirigido exclusivamente a los ganaderos que tengan que dejar obligatoriamente la actividad al no encontrar un comprador que se haga cargo de la producci&#243;n.<\/span><\/p>\n<p style=\"text-align: justify;\">\n<span style=\"font-size:12px;\"><img decoding=\"async\" alt=\"\" src=\"\/leon\/wp-content\/uploads\/sites\/6\/2017\/11\/foto_leche_cortes_1.jpg\" style=\"width: 417px; height: 269px;\"\/><\/span><\/p>\n<p style=\"text-align: justify;\">\n<span style=\"font-size:12px;\">Por otra parte, y mientras que se ejecutan estas medidas, ASAJA considera que la penosa situaci&#243;n de los ganaderos exige la <strong>aprobaci&#243;n de un paquete extraordinario de ayudas directas, con aportaci&#243;n financiera tanto de Bruselas como del Ministerio y de la Junta de Castilla y Le&#243;n,<\/strong> tal como las que se concedieron en 2009, en una crisis l&#225;ctea de menor envergadura que la actual, en la que el Gobierno auton&#243;mico destin&#243; 6 millones de euros para proporcionar un &#8220;bal&#243;n de ox&#237;geno&#8221; al endeudamiento del sector.<\/span><\/p>\n<p style=\"text-align: justify;\">\n<span style=\"font-size:12px;\">ASAJA considera que la administraci&#243;n auton&#243;mica debe hacer todo lo que est&#233; en su mano para aportar soluciones ante una crisis de enormes dimensiones que amenaza con borrar del mapa a cientos de explotaciones de vacuno de leche. &#8220;Es importante presionar ante Madrid y ante las instituciones europeas, y ASAJA apoyar&#225; sin fisuras a Junta y Ministerio en su petici&#243;n de una estrategia comunitaria para afrontar la crisis l&#225;ctea, pero tambi&#233;n hay cosas importantes que se pueden hacer desde Castilla y Le&#243;n, y hay que hacerlas ya&#8221;, ha recalcado Donaciano Dujo, presidente de la OPA.<\/span><\/p>\n","protected":false},"excerpt":{"rendered":"<p>La OPA subraya que &#8220;es tiempo de resolver y no de proponer, los ganaderos est&#225;n hartos de palabras&#8221;<\/p>\n","protected":false},"author":3,"featured_media":6268,"comment_status":"open","ping_status":"open","sticky":false,"template":"","format":"standard","meta":{"footnotes":""},"categories":[4,9],"tags":[],"yoast_head":"<!-- This site is optimized with the Yoast SEO plugin v24.5 - https:\/\/yoast.com\/wordpress\/plugins\/seo\/ -->\n<title>ASAJA PIDE A LAS CORTES QUE FUERCEN UN MAYOR IMPULSO POL&#205;TICO PARA SOLUCIONAR LOS PROBLEMAS DEL SECTOR L&#193;CTEO - ASAJA Le\u00f3n<\/title>\n<meta name=\"description\" content=\"La OPA subraya que &#8220;es tiempo de resolver y no de proponer, los ganaderos est&#225;n hartos de palabras&#8221;\" \/>\n<meta name=\"robots\" content=\"index, follow, max-snippet:-1, max-image-preview:large, max-video-preview:-1\" \/>\n<link rel=\"canonical\" href=\"https:\/\/www.asajacyl.com\/leon\/asaja-leon-informa\/asaja-pide-a-las-cortes-que-fuercen-un-mayor-impulso-poltico-para-solucionar-los-problemas-del-sector-lcteo\" \/>\n<meta property=\"og:locale\" content=\"es_ES\" \/>\n<meta property=\"og:type\" content=\"article\" \/>\n<meta property=\"og:title\" content=\"ASAJA PIDE A LAS CORTES QUE FUERCEN UN MAYOR IMPULSO POL&#205;TICO PARA SOLUCIONAR LOS PROBLEMAS DEL SECTOR L&#193;CTEO - ASAJA Le\u00f3n\" \/>\n<meta property=\"og:description\" content=\"La OPA subraya que &#8220;es tiempo de resolver y no de proponer, los ganaderos est&#225;n hartos de palabras&#8221;\" \/>\n<meta property=\"og:url\" content=\"https:\/\/www.asajacyl.com\/leon\/asaja-leon-informa\/asaja-pide-a-las-cortes-que-fuercen-un-mayor-impulso-poltico-para-solucionar-los-problemas-del-sector-lcteo\" \/>\n<meta property=\"og:site_name\" content=\"ASAJA Le\u00f3n\" \/>\n<meta property=\"article:published_time\" content=\"2016-03-07T23:00:00+00:00\" \/>\n<meta property=\"article:modified_time\" content=\"2017-11-14T17:26:52+00:00\" \/>\n<meta property=\"og:image\" content=\"https:\/\/www.asajacyl.com\/leon\/wp-content\/uploads\/sites\/6\/2017\/11\/foto_leche_cortes_1-1024x661.jpg\" \/>\n\t<meta property=\"og:image:width\" content=\"1024\" \/>\n\t<meta property=\"og:image:height\" content=\"661\" \/>\n\t<meta property=\"og:image:type\" content=\"image\/jpeg\" \/>\n<meta name=\"author\" content=\"Editor\" \/>\n<meta name=\"twitter:card\" content=\"summary_large_image\" \/>\n<meta name=\"twitter:label1\" content=\"Escrito por\" \/>\n\t<meta name=\"twitter:data1\" content=\"Editor\" \/>\n\t<meta name=\"twitter:label2\" content=\"Tiempo de lectura\" \/>\n\t<meta name=\"twitter:data2\" content=\"3 minutos\" \/>\n<script type=\"application\/ld+json\" class=\"yoast-schema-graph\">{\"@context\":\"https:\/\/schema.org\",\"@graph\":[{\"@type\":\"WebPage\",\"@id\":\"https:\/\/www.asajacyl.com\/leon\/asaja-leon-informa\/asaja-pide-a-las-cortes-que-fuercen-un-mayor-impulso-poltico-para-solucionar-los-problemas-del-sector-lcteo\",\"url\":\"https:\/\/www.asajacyl.com\/leon\/asaja-leon-informa\/asaja-pide-a-las-cortes-que-fuercen-un-mayor-impulso-poltico-para-solucionar-los-problemas-del-sector-lcteo\",\"name\":\"ASAJA PIDE A LAS CORTES QUE FUERCEN UN MAYOR IMPULSO POL&#205;TICO PARA SOLUCIONAR LOS PROBLEMAS DEL SECTOR L&#193;CTEO - ASAJA Le\u00f3n\",\"isPartOf\":{\"@id\":\"https:\/\/www.asajacyl.com\/leon\/#website\"},\"primaryImageOfPage\":{\"@id\":\"https:\/\/www.asajacyl.com\/leon\/asaja-leon-informa\/asaja-pide-a-las-cortes-que-fuercen-un-mayor-impulso-poltico-para-solucionar-los-problemas-del-sector-lcteo#primaryimage\"},\"image\":{\"@id\":\"https:\/\/www.asajacyl.com\/leon\/asaja-leon-informa\/asaja-pide-a-las-cortes-que-fuercen-un-mayor-impulso-poltico-para-solucionar-los-problemas-del-sector-lcteo#primaryimage\"},\"thumbnailUrl\":\"https:\/\/www.asajacyl.com\/leon\/wp-content\/uploads\/sites\/6\/2017\/11\/foto_leche_cortes_1.jpg\",\"datePublished\":\"2016-03-07T23:00:00+00:00\",\"dateModified\":\"2017-11-14T17:26:52+00:00\",\"author\":{\"@id\":\"https:\/\/www.asajacyl.com\/leon\/#\/schema\/person\/7e884476cee132331142e8ac9689f20c\"},\"description\":\"La OPA subraya que &#8220;es tiempo de resolver y no de proponer, los ganaderos est&#225;n hartos de palabras&#8221;\",\"breadcrumb\":{\"@id\":\"https:\/\/www.asajacyl.com\/leon\/asaja-leon-informa\/asaja-pide-a-las-cortes-que-fuercen-un-mayor-impulso-poltico-para-solucionar-los-problemas-del-sector-lcteo#breadcrumb\"},\"inLanguage\":\"es\",\"potentialAction\":[{\"@type\":\"ReadAction\",\"target\":[\"https:\/\/www.asajacyl.com\/leon\/asaja-leon-informa\/asaja-pide-a-las-cortes-que-fuercen-un-mayor-impulso-poltico-para-solucionar-los-problemas-del-sector-lcteo\"]}]},{\"@type\":\"ImageObject\",\"inLanguage\":\"es\",\"@id\":\"https:\/\/www.asajacyl.com\/leon\/asaja-leon-informa\/asaja-pide-a-las-cortes-que-fuercen-un-mayor-impulso-poltico-para-solucionar-los-problemas-del-sector-lcteo#primaryimage\",\"url\":\"https:\/\/www.asajacyl.com\/leon\/wp-content\/uploads\/sites\/6\/2017\/11\/foto_leche_cortes_1.jpg\",\"contentUrl\":\"https:\/\/www.asajacyl.com\/leon\/wp-content\/uploads\/sites\/6\/2017\/11\/foto_leche_cortes_1.jpg\",\"width\":3205,\"height\":2068},{\"@type\":\"BreadcrumbList\",\"@id\":\"https:\/\/www.asajacyl.com\/leon\/asaja-leon-informa\/asaja-pide-a-las-cortes-que-fuercen-un-mayor-impulso-poltico-para-solucionar-los-problemas-del-sector-lcteo#breadcrumb\",\"itemListElement\":[{\"@type\":\"ListItem\",\"position\":1,\"name\":\"Portada\",\"item\":\"https:\/\/www.asajacyl.com\/leon\/\"},{\"@type\":\"ListItem\",\"position\":2,\"name\":\"ASAJA PIDE A LAS CORTES QUE FUERCEN UN MAYOR IMPULSO POL&#205;TICO PARA SOLUCIONAR LOS PROBLEMAS DEL SECTOR L&#193;CTEO\"}]},{\"@type\":\"WebSite\",\"@id\":\"https:\/\/www.asajacyl.com\/leon\/#website\",\"url\":\"https:\/\/www.asajacyl.com\/leon\/\",\"name\":\"ASAJA Le\u00f3n\",\"description\":\"Otro sitio m\u00e1s de Provincias ASAJA Castilla y Le\u00f3n\",\"potentialAction\":[{\"@type\":\"SearchAction\",\"target\":{\"@type\":\"EntryPoint\",\"urlTemplate\":\"https:\/\/www.asajacyl.com\/leon\/?s={search_term_string}\"},\"query-input\":{\"@type\":\"PropertyValueSpecification\",\"valueRequired\":true,\"valueName\":\"search_term_string\"}}],\"inLanguage\":\"es\"},{\"@type\":\"Person\",\"@id\":\"https:\/\/www.asajacyl.com\/leon\/#\/schema\/person\/7e884476cee132331142e8ac9689f20c\",\"name\":\"Editor\",\"image\":{\"@type\":\"ImageObject\",\"inLanguage\":\"es\",\"@id\":\"https:\/\/www.asajacyl.com\/leon\/#\/schema\/person\/image\/\",\"url\":\"https:\/\/secure.gravatar.com\/avatar\/a2ef43c165669686cfcfb0e1ffa59869?s=96&d=mm&r=g\",\"contentUrl\":\"https:\/\/secure.gravatar.com\/avatar\/a2ef43c165669686cfcfb0e1ffa59869?s=96&d=mm&r=g\",\"caption\":\"Editor\"},\"url\":\"https:\/\/www.asajacyl.com\/leon\/author\/oscargg\"}]}<\/script>\n<!-- \/ Yoast SEO plugin. -->","yoast_head_json":{"title":"ASAJA PIDE A LAS CORTES QUE FUERCEN UN MAYOR IMPULSO POL&#205;TICO PARA SOLUCIONAR LOS PROBLEMAS DEL SECTOR L&#193;CTEO - ASAJA Le\u00f3n","description":"La OPA subraya que &#8220;es tiempo de resolver y no de proponer, los ganaderos est&#225;n hartos de palabras&#8221;","robots":{"index":"index","follow":"follow","max-snippet":"max-snippet:-1","max-image-preview":"max-image-preview:large","max-video-preview":"max-video-preview:-1"},"canonical":"https:\/\/www.asajacyl.com\/leon\/asaja-leon-informa\/asaja-pide-a-las-cortes-que-fuercen-un-mayor-impulso-poltico-para-solucionar-los-problemas-del-sector-lcteo","og_locale":"es_ES","og_type":"article","og_title":"ASAJA PIDE A LAS CORTES QUE FUERCEN UN MAYOR IMPULSO POL&#205;TICO PARA SOLUCIONAR LOS PROBLEMAS DEL SECTOR L&#193;CTEO - ASAJA Le\u00f3n","og_description":"La OPA subraya que &#8220;es tiempo de resolver y no de proponer, los ganaderos est&#225;n hartos de palabras&#8221;","og_url":"https:\/\/www.asajacyl.com\/leon\/asaja-leon-informa\/asaja-pide-a-las-cortes-que-fuercen-un-mayor-impulso-poltico-para-solucionar-los-problemas-del-sector-lcteo","og_site_name":"ASAJA Le\u00f3n","article_published_time":"2016-03-07T23:00:00+00:00","article_modified_time":"2017-11-14T17:26:52+00:00","og_image":[{"width":1024,"height":661,"url":"https:\/\/www.asajacyl.com\/leon\/wp-content\/uploads\/sites\/6\/2017\/11\/foto_leche_cortes_1-1024x661.jpg","type":"image\/jpeg"}],"author":"Editor","twitter_card":"summary_large_image","twitter_misc":{"Escrito por":"Editor","Tiempo de lectura":"3 minutos"},"schema":{"@context":"https:\/\/schema.org","@graph":[{"@type":"WebPage","@id":"https:\/\/www.asajacyl.com\/leon\/asaja-leon-informa\/asaja-pide-a-las-cortes-que-fuercen-un-mayor-impulso-poltico-para-solucionar-los-problemas-del-sector-lcteo","url":"https:\/\/www.asajacyl.com\/leon\/asaja-leon-informa\/asaja-pide-a-las-cortes-que-fuercen-un-mayor-impulso-poltico-para-solucionar-los-problemas-del-sector-lcteo","name":"ASAJA PIDE A LAS CORTES QUE FUERCEN UN MAYOR IMPULSO POL&#205;TICO PARA SOLUCIONAR LOS PROBLEMAS DEL SECTOR L&#193;CTEO - ASAJA Le\u00f3n","isPartOf":{"@id":"https:\/\/www.asajacyl.com\/leon\/#website"},"primaryImageOfPage":{"@id":"https:\/\/www.asajacyl.com\/leon\/asaja-leon-informa\/asaja-pide-a-las-cortes-que-fuercen-un-mayor-impulso-poltico-para-solucionar-los-problemas-del-sector-lcteo#primaryimage"},"image":{"@id":"https:\/\/www.asajacyl.com\/leon\/asaja-leon-informa\/asaja-pide-a-las-cortes-que-fuercen-un-mayor-impulso-poltico-para-solucionar-los-problemas-del-sector-lcteo#primaryimage"},"thumbnailUrl":"https:\/\/www.asajacyl.com\/leon\/wp-content\/uploads\/sites\/6\/2017\/11\/foto_leche_cortes_1.jpg","datePublished":"2016-03-07T23:00:00+00:00","dateModified":"2017-11-14T17:26:52+00:00","author":{"@id":"https:\/\/www.asajacyl.com\/leon\/#\/schema\/person\/7e884476cee132331142e8ac9689f20c"},"description":"La OPA subraya que &#8220;es tiempo de resolver y no de proponer, los ganaderos est&#225;n hartos de palabras&#8221;","breadcrumb":{"@id":"https:\/\/www.asajacyl.com\/leon\/asaja-leon-informa\/asaja-pide-a-las-cortes-que-fuercen-un-mayor-impulso-poltico-para-solucionar-los-problemas-del-sector-lcteo#breadcrumb"},"inLanguage":"es","potentialAction":[{"@type":"ReadAction","target":["https:\/\/www.asajacyl.com\/leon\/asaja-leon-informa\/asaja-pide-a-las-cortes-que-fuercen-un-mayor-impulso-poltico-para-solucionar-los-problemas-del-sector-lcteo"]}]},{"@type":"ImageObject","inLanguage":"es","@id":"https:\/\/www.asajacyl.com\/leon\/asaja-leon-informa\/asaja-pide-a-las-cortes-que-fuercen-un-mayor-impulso-poltico-para-solucionar-los-problemas-del-sector-lcteo#primaryimage","url":"https:\/\/www.asajacyl.com\/leon\/wp-content\/uploads\/sites\/6\/2017\/11\/foto_leche_cortes_1.jpg","contentUrl":"https:\/\/www.asajacyl.com\/leon\/wp-content\/uploads\/sites\/6\/2017\/11\/foto_leche_cortes_1.jpg","width":3205,"height":2068},{"@type":"BreadcrumbList","@id":"https:\/\/www.asajacyl.com\/leon\/asaja-leon-informa\/asaja-pide-a-las-cortes-que-fuercen-un-mayor-impulso-poltico-para-solucionar-los-problemas-del-sector-lcteo#breadcrumb","itemListElement":[{"@type":"ListItem","position":1,"name":"Portada","item":"https:\/\/www.asajacyl.com\/leon\/"},{"@type":"ListItem","position":2,"name":"ASAJA PIDE A LAS CORTES QUE FUERCEN UN MAYOR IMPULSO POL&#205;TICO PARA SOLUCIONAR LOS PROBLEMAS DEL SECTOR L&#193;CTEO"}]},{"@type":"WebSite","@id":"https:\/\/www.asajacyl.com\/leon\/#website","url":"https:\/\/www.asajacyl.com\/leon\/","name":"ASAJA Le\u00f3n","description":"Otro sitio m\u00e1s de Provincias ASAJA Castilla y Le\u00f3n","potentialAction":[{"@type":"SearchAction","target":{"@type":"EntryPoint","urlTemplate":"https:\/\/www.asajacyl.com\/leon\/?s={search_term_string}"},"query-input":{"@type":"PropertyValueSpecification","valueRequired":true,"valueName":"search_term_string"}}],"inLanguage":"es"},{"@type":"Person","@id":"https:\/\/www.asajacyl.com\/leon\/#\/schema\/person\/7e884476cee132331142e8ac9689f20c","name":"Editor","image":{"@type":"ImageObject","inLanguage":"es","@id":"https:\/\/www.asajacyl.com\/leon\/#\/schema\/person\/image\/","url":"https:\/\/secure.gravatar.com\/avatar\/a2ef43c165669686cfcfb0e1ffa59869?s=96&d=mm&r=g","contentUrl":"https:\/\/secure.gravatar.com\/avatar\/a2ef43c165669686cfcfb0e1ffa59869?s=96&d=mm&r=g","caption":"Editor"},"url":"https:\/\/www.asajacyl.com\/leon\/author\/oscargg"}]}},"_links":{"self":[{"href":"https:\/\/www.asajacyl.com\/leon\/wp-json\/wp\/v2\/posts\/305"}],"collection":[{"href":"https:\/\/www.asajacyl.com\/leon\/wp-json\/wp\/v2\/posts"}],"about":[{"href":"https:\/\/www.asajacyl.com\/leon\/wp-json\/wp\/v2\/types\/post"}],"author":[{"embeddable":true,"href":"https:\/\/www.asajacyl.com\/leon\/wp-json\/wp\/v2\/users\/3"}],"replies":[{"embeddable":true,"href":"https:\/\/www.asajacyl.com\/leon\/wp-json\/wp\/v2\/comments?post=305"}],"version-history":[{"count":3,"href":"https:\/\/www.asajacyl.com\/leon\/wp-json\/wp\/v2\/posts\/305\/revisions"}],"predecessor-version":[{"id":4363,"href":"https:\/\/www.asajacyl.com\/leon\/wp-json\/wp\/v2\/posts\/305\/revisions\/4363"}],"wp:featuredmedia":[{"embeddable":true,"href":"https:\/\/www.asajacyl.com\/leon\/wp-json\/wp\/v2\/media\/6268"}],"wp:attachment":[{"href":"https:\/\/www.asajacyl.com\/leon\/wp-json\/wp\/v2\/media?parent=305"}],"wp:term":[{"taxonomy":"category","embeddable":true,"href":"https:\/\/www.asajacyl.com\/leon\/wp-json\/wp\/v2\/categories?post=305"},{"taxonomy":"post_tag","embeddable":true,"href":"https:\/\/www.asajacyl.com\/leon\/wp-json\/wp\/v2\/tags?post=305"}],"curies":[{"name":"wp","href":"https:\/\/api.w.org\/{rel}","templated":true}]}}