{"id":3054,"date":"2013-09-19T00:00:00","date_gmt":"2013-09-18T22:00:00","guid":{"rendered":"https:\/\/www.asajacyl.com\/leon\/2013\/09\/19\/miguel-arias-caete-el-sector-de-la-alfalfa-deshidratada-tiene-en-europa-y-en-espaa-un-futuro-muy-esperanzador\/"},"modified":"2017-11-14T16:53:35","modified_gmt":"2017-11-14T15:53:35","slug":"miguel-arias-caete-el-sector-de-la-alfalfa-deshidratada-tiene-en-europa-y-en-espaa-un-futuro-muy-esperanzador","status":"publish","type":"post","link":"https:\/\/www.asajacyl.com\/leon\/servicios-socio\/miguel-arias-caete-el-sector-de-la-alfalfa-deshidratada-tiene-en-europa-y-en-espaa-un-futuro-muy-esperanzador","title":{"rendered":"MIGUEL ARIAS CA&#209;ETE &#147;EL SECTOR DE LA ALFALFA DESHIDRATADA TIENE EN EUROPA Y EN ESPA&#209;A UN FUTURO MUY ESPERANZADOR&#148;"},"content":{"rendered":"<h2>El ministro de Agricultura, Alimentaci&#243;n y Medio Ambiente, Miguel Arias Ca&#241;ete, considera que &#8220;el sector de la alfalfa deshidratada tiene en Europa y en nuestro pa&#237;s un futuro muy esperanzador&#8221;, como demuestra el dato de que Espa&#241;a es hoy el segundo exportador mundial, despu&#233;s de Estados Unidos, con un incremento de las exportaciones del 400% entre 2006 y 2012, y una cifra de exportaciones en 2012 que supera el mill&#243;n de toneladas.<\/h2>\n<div align=\"justify\">&#160;<\/div>\n<div align=\"justify\">&#160;Esta ma&#241;ana, en Sevilla. <\/div>\n<div align=\"justify\">&#160;<\/div>\n<div align=\"center\"><b><font color=\"#003300\">MIGUEL ARIAS CA&#209;ETE &#8220;EL SECTOR DE LA ALFALFA DESHIDRATADA TIENE EN EUROPA Y EN ESPA&#209;A UN FUTURO MUY ESPERANZADOR&#8221;<\/font><\/b><\/div>\n<div align=\"justify\">&#160;<\/div>\n<div align=\"justify\">&#61607; <b>Destaca que Espa&#241;a ha trabajado mucho en la UE para lograr que se considere a este cultivo como de inter&#233;s ecol&#243;gico <\/b><\/div>\n<div align=\"justify\">&#160;<\/div>\n<div align=\"justify\"><b>Nota de prensa <\/b><\/div>\n<div align=\"justify\">&#61607; <b>Se&#241;ala el importante aumento de la demanda internacional de este producto <\/b><\/div>\n<div align=\"justify\">&#160;<\/div>\n<div align=\"justify\">19 de septiembre de 2013. El ministro de Agricultura, Alimentaci&#243;n y Medio Ambiente, Miguel Arias Ca&#241;ete, considera que &#8220;el sector de la alfalfa deshidratada tiene en Europa y en nuestro pa&#237;s un futuro muy esperanzador&#8221;, como demuestra el dato de que Espa&#241;a es hoy el segundo exportador mundial, despu&#233;s de Estados Unidos, con un incremento de las exportaciones del 400% entre 2006 y 2012, y una cifra de exportaciones en 2012 que supera el mill&#243;n de toneladas. <\/div>\n<div align=\"justify\">&#160;<\/div>\n<div align=\"justify\">Miguel Arias Ca&#241;ete ha inaugurado hoy en Sevilla el Congreso de los Deshidratadores de Alfalfa, donde ha se&#241;alado que las condiciones actuales de producci&#243;n de alfalfa en el &#225;mbito de la Uni&#243;n Europea son muy distintas, como tambi&#233;n lo son las condiciones de los mercados interior e internacional. <\/div>\n<div align=\"justify\">&#160;<\/div>\n<div align=\"justify\">En el &#225;mbito de la Uni&#243;n Europea, Arias Ca&#241;ete ha precisado que la reciente reforma de la Pol&#237;tica Agr&#237;cola Com&#250;n est&#225; movida por el objetivo de que las ayudas econ&#243;micas no sean las que determinen la orientaci&#243;n productiva de las explotaciones, sin perjuicio de que los agricultores las sigan percibiendo. &#8220;Lo que se persigue, ha dicho, es que esta orientaci&#243;n provenga del mercado, es decir, que sea el mercado el que se&#241;ale a los agricultores lo que les conviene o no producir&#8221;. <\/div>\n<div align=\"justify\">Adem&#225;s, ha a&#241;adido, la PAC para el periodo 2014-2020 establece que las ayudas a percibir por las explotaciones van a estar ligadas, entre otros requisitos medioambientales, a la existencia de superficies de inter&#233;s ecol&#243;gico. <\/div>\n<div align=\"justify\">En este sentido, el ministro ha asegurado que Espa&#241;a ha trabajado mucho para que tengan ese car&#225;cter de inter&#233;s ecol&#243;gico las superficies dedicadas a cultivos fijadores de nitr&#243;geno, entre los que destaca el cultivo de alfalfa. &#8220;Y hemos logrado que haya quedado en manos de los Estados miembros esta posibilidad, algo que ejercitaremos sin ninguna duda&#8221;, ha corroborado. <\/div>\n<div align=\"justify\">&#160;<\/div>\n<div align=\"justify\">De esta forma, &#8220;damos el trato debido a un cultivo enormemente beneficioso para el medioambiente, al conservar el suelo y el agua, reducir las labores de cultivo y la fertilizaci&#243;n nitrogenada, y mitigar las emisiones de Gases de Efecto Invernadero, adem&#225;s de su positivo efecto paisaj&#237;stico&#8221;, ha apuntado. <\/div>\n<div align=\"justify\"><b>&#160;<\/b><\/div>\n<div align=\"justify\"><b>CAMBIOS EN LOS MERCADOS <\/b><\/div>\n<div align=\"justify\">Por otro lado, Arias Ca&#241;ete se ha referido a los cambios producidos en los mercados interior y exterior. As&#237;, &#8220;la reducci&#243;n de la demanda de alfalfa deshidratada por parte de los ganaderos, al menos en Espa&#241;a, se ha visto ampliamente compensada por un aumento muy importante de la demanda en el mercado internacional, en particular, la procedente de pa&#237;ses de El Golfo P&#233;rsico y el Lejano Oriente&#8221;. En concreto, de Arabia Saud&#237; se espera una demanda, en los pr&#243;ximos a&#241;os, superior a los 4.500.000 toneladas, a las que habr&#225; que a&#241;adir la proveniente de otros pa&#237;ses de la zona. <\/div>\n<div align=\"justify\">&#160;<\/div>\n<div align=\"justify\">En este contexto, Arias Ca&#241;ete ha asegurado que se tomar&#225;n cuantas medidas institucionales sean posibles para mantener y ampliar este cultivo, en particular, con inversiones p&#250;blicas para facilitar el acceso de los productores a un bien tan apreciado como el agua. <\/div>\n<div align=\"justify\">&#160;<\/div>\n<div align=\"justify\">Tambi&#233;n ha reiterado el inter&#233;s de su Departamento por la creaci&#243;n de un sector industrial potente, para lo que se han aprobado la ley de fomento de la integraci&#243;n cooperativa y otras entidades asociativas agroalimentarias, &#8220;con el fin de dotarlas de la dimensi&#243;n y el alcance que requiere el mercado global&#8221;, ha concluido.<\/div>\n","protected":false},"excerpt":{"rendered":"<p>El ministro de Agricultura, Alimentaci&#243;n y Medio Ambiente, Miguel Arias Ca&#241;ete, considera que &#8220;el sector de la alfalfa deshidratada tiene en Europa y en nuestro pa&#237;s un futuro muy esperanzador&#8221;, como demuestra el dato de que Espa&#241;a es hoy el segundo exportador mundial, despu&#233;s de Estados Unidos, con un incremento de las exportaciones del 400% entre 2006 y 2012, y una cifra de exportaciones en 2012 que supera el mill&#243;n de toneladas.<\/p>\n","protected":false},"author":3,"featured_media":8174,"comment_status":"open","ping_status":"open","sticky":false,"template":"","format":"standard","meta":{"footnotes":""},"categories":[21,5],"tags":[],"yoast_head":"<!-- This site is optimized with the Yoast SEO plugin v24.5 - https:\/\/yoast.com\/wordpress\/plugins\/seo\/ -->\n<title>MIGUEL ARIAS CA&#209;ETE &#147;EL SECTOR DE LA ALFALFA DESHIDRATADA TIENE EN EUROPA Y EN ESPA&#209;A UN FUTURO MUY ESPERANZADOR&#148; - ASAJA Le\u00f3n<\/title>\n<meta name=\"description\" content=\"El ministro de Agricultura, Alimentaci&#243;n y Medio Ambiente, Miguel Arias Ca&#241;ete, considera que &#8220;el sector de la alfalfa deshidratada tiene en Europa y en nuestro pa&#237;s un futuro muy esperanzador&#8221;, como demuestra el dato de que Espa&#241;a es hoy el segundo exportador mundial, despu&#233;s de Estados Unidos, con un incremento de las exportaciones del 400% entre 2006 y 2012, y una cifra de exportaciones en 2012 que supera el mill&#243;n de toneladas.\" \/>\n<meta name=\"robots\" content=\"index, follow, max-snippet:-1, max-image-preview:large, max-video-preview:-1\" \/>\n<link rel=\"canonical\" href=\"https:\/\/www.asajacyl.com\/leon\/servicios-socio\/miguel-arias-caete-el-sector-de-la-alfalfa-deshidratada-tiene-en-europa-y-en-espaa-un-futuro-muy-esperanzador\" \/>\n<meta property=\"og:locale\" content=\"es_ES\" \/>\n<meta property=\"og:type\" content=\"article\" \/>\n<meta property=\"og:title\" content=\"MIGUEL ARIAS CA&#209;ETE &#147;EL SECTOR DE LA ALFALFA DESHIDRATADA TIENE EN EUROPA Y EN ESPA&#209;A UN FUTURO MUY ESPERANZADOR&#148; - ASAJA Le\u00f3n\" \/>\n<meta property=\"og:description\" content=\"El ministro de Agricultura, Alimentaci&#243;n y Medio Ambiente, Miguel Arias Ca&#241;ete, considera que &#8220;el sector de la alfalfa deshidratada tiene en Europa y en nuestro pa&#237;s un futuro muy esperanzador&#8221;, como demuestra el dato de que Espa&#241;a es hoy el segundo exportador mundial, despu&#233;s de Estados Unidos, con un incremento de las exportaciones del 400% entre 2006 y 2012, y una cifra de exportaciones en 2012 que supera el mill&#243;n de toneladas.\" \/>\n<meta property=\"og:url\" content=\"https:\/\/www.asajacyl.com\/leon\/servicios-socio\/miguel-arias-caete-el-sector-de-la-alfalfa-deshidratada-tiene-en-europa-y-en-espaa-un-futuro-muy-esperanzador\" \/>\n<meta property=\"og:site_name\" content=\"ASAJA Le\u00f3n\" \/>\n<meta property=\"article:published_time\" content=\"2013-09-18T22:00:00+00:00\" \/>\n<meta property=\"article:modified_time\" content=\"2017-11-14T15:53:35+00:00\" \/>\n<meta property=\"og:image\" content=\"https:\/\/www.asajacyl.com\/leon\/wp-content\/uploads\/sites\/6\/2017\/11\/im_predefinida_1920x1080.jpg\" \/>\n\t<meta property=\"og:image:width\" content=\"1920\" \/>\n\t<meta property=\"og:image:height\" content=\"1080\" \/>\n\t<meta property=\"og:image:type\" content=\"image\/jpeg\" \/>\n<meta name=\"author\" content=\"Editor\" \/>\n<meta name=\"twitter:card\" content=\"summary_large_image\" \/>\n<meta name=\"twitter:label1\" content=\"Escrito por\" \/>\n\t<meta name=\"twitter:data1\" content=\"Editor\" \/>\n\t<meta name=\"twitter:label2\" content=\"Tiempo de lectura\" \/>\n\t<meta name=\"twitter:data2\" content=\"4 minutos\" \/>\n<script type=\"application\/ld+json\" class=\"yoast-schema-graph\">{\"@context\":\"https:\/\/schema.org\",\"@graph\":[{\"@type\":\"WebPage\",\"@id\":\"https:\/\/www.asajacyl.com\/leon\/servicios-socio\/miguel-arias-caete-el-sector-de-la-alfalfa-deshidratada-tiene-en-europa-y-en-espaa-un-futuro-muy-esperanzador\",\"url\":\"https:\/\/www.asajacyl.com\/leon\/servicios-socio\/miguel-arias-caete-el-sector-de-la-alfalfa-deshidratada-tiene-en-europa-y-en-espaa-un-futuro-muy-esperanzador\",\"name\":\"MIGUEL ARIAS CA&#209;ETE &#147;EL SECTOR DE LA ALFALFA DESHIDRATADA TIENE EN EUROPA Y EN ESPA&#209;A UN FUTURO MUY ESPERANZADOR&#148; - ASAJA Le\u00f3n\",\"isPartOf\":{\"@id\":\"https:\/\/www.asajacyl.com\/leon\/#website\"},\"primaryImageOfPage\":{\"@id\":\"https:\/\/www.asajacyl.com\/leon\/servicios-socio\/miguel-arias-caete-el-sector-de-la-alfalfa-deshidratada-tiene-en-europa-y-en-espaa-un-futuro-muy-esperanzador#primaryimage\"},\"image\":{\"@id\":\"https:\/\/www.asajacyl.com\/leon\/servicios-socio\/miguel-arias-caete-el-sector-de-la-alfalfa-deshidratada-tiene-en-europa-y-en-espaa-un-futuro-muy-esperanzador#primaryimage\"},\"thumbnailUrl\":\"https:\/\/www.asajacyl.com\/leon\/wp-content\/uploads\/sites\/6\/2017\/11\/im_predefinida_1920x1080.jpg\",\"datePublished\":\"2013-09-18T22:00:00+00:00\",\"dateModified\":\"2017-11-14T15:53:35+00:00\",\"author\":{\"@id\":\"https:\/\/www.asajacyl.com\/leon\/#\/schema\/person\/7e884476cee132331142e8ac9689f20c\"},\"description\":\"El ministro de Agricultura, Alimentaci&#243;n y Medio Ambiente, Miguel Arias Ca&#241;ete, considera que &#8220;el sector de la alfalfa deshidratada tiene en Europa y en nuestro pa&#237;s un futuro muy esperanzador&#8221;, como demuestra el dato de que Espa&#241;a es hoy el segundo exportador mundial, despu&#233;s de Estados Unidos, con un incremento de las exportaciones del 400% entre 2006 y 2012, y una cifra de exportaciones en 2012 que supera el mill&#243;n de toneladas.\",\"breadcrumb\":{\"@id\":\"https:\/\/www.asajacyl.com\/leon\/servicios-socio\/miguel-arias-caete-el-sector-de-la-alfalfa-deshidratada-tiene-en-europa-y-en-espaa-un-futuro-muy-esperanzador#breadcrumb\"},\"inLanguage\":\"es\",\"potentialAction\":[{\"@type\":\"ReadAction\",\"target\":[\"https:\/\/www.asajacyl.com\/leon\/servicios-socio\/miguel-arias-caete-el-sector-de-la-alfalfa-deshidratada-tiene-en-europa-y-en-espaa-un-futuro-muy-esperanzador\"]}]},{\"@type\":\"ImageObject\",\"inLanguage\":\"es\",\"@id\":\"https:\/\/www.asajacyl.com\/leon\/servicios-socio\/miguel-arias-caete-el-sector-de-la-alfalfa-deshidratada-tiene-en-europa-y-en-espaa-un-futuro-muy-esperanzador#primaryimage\",\"url\":\"https:\/\/www.asajacyl.com\/leon\/wp-content\/uploads\/sites\/6\/2017\/11\/im_predefinida_1920x1080.jpg\",\"contentUrl\":\"https:\/\/www.asajacyl.com\/leon\/wp-content\/uploads\/sites\/6\/2017\/11\/im_predefinida_1920x1080.jpg\",\"width\":1920,\"height\":1080,\"caption\":\"Logotipo ASAJA Le\u00f3n\"},{\"@type\":\"BreadcrumbList\",\"@id\":\"https:\/\/www.asajacyl.com\/leon\/servicios-socio\/miguel-arias-caete-el-sector-de-la-alfalfa-deshidratada-tiene-en-europa-y-en-espaa-un-futuro-muy-esperanzador#breadcrumb\",\"itemListElement\":[{\"@type\":\"ListItem\",\"position\":1,\"name\":\"Portada\",\"item\":\"https:\/\/www.asajacyl.com\/leon\/\"},{\"@type\":\"ListItem\",\"position\":2,\"name\":\"MIGUEL ARIAS CA&#209;ETE &#147;EL SECTOR DE LA ALFALFA DESHIDRATADA TIENE EN EUROPA Y EN ESPA&#209;A UN FUTURO MUY ESPERANZADOR&#148;\"}]},{\"@type\":\"WebSite\",\"@id\":\"https:\/\/www.asajacyl.com\/leon\/#website\",\"url\":\"https:\/\/www.asajacyl.com\/leon\/\",\"name\":\"ASAJA Le\u00f3n\",\"description\":\"Otro sitio m\u00e1s de Provincias ASAJA Castilla y Le\u00f3n\",\"potentialAction\":[{\"@type\":\"SearchAction\",\"target\":{\"@type\":\"EntryPoint\",\"urlTemplate\":\"https:\/\/www.asajacyl.com\/leon\/?s={search_term_string}\"},\"query-input\":{\"@type\":\"PropertyValueSpecification\",\"valueRequired\":true,\"valueName\":\"search_term_string\"}}],\"inLanguage\":\"es\"},{\"@type\":\"Person\",\"@id\":\"https:\/\/www.asajacyl.com\/leon\/#\/schema\/person\/7e884476cee132331142e8ac9689f20c\",\"name\":\"Editor\",\"image\":{\"@type\":\"ImageObject\",\"inLanguage\":\"es\",\"@id\":\"https:\/\/www.asajacyl.com\/leon\/#\/schema\/person\/image\/\",\"url\":\"https:\/\/secure.gravatar.com\/avatar\/a2ef43c165669686cfcfb0e1ffa59869?s=96&d=mm&r=g\",\"contentUrl\":\"https:\/\/secure.gravatar.com\/avatar\/a2ef43c165669686cfcfb0e1ffa59869?s=96&d=mm&r=g\",\"caption\":\"Editor\"},\"url\":\"https:\/\/www.asajacyl.com\/leon\/author\/oscargg\"}]}<\/script>\n<!-- \/ Yoast SEO plugin. -->","yoast_head_json":{"title":"MIGUEL ARIAS CA&#209;ETE &#147;EL SECTOR DE LA ALFALFA DESHIDRATADA TIENE EN EUROPA Y EN ESPA&#209;A UN FUTURO MUY ESPERANZADOR&#148; - ASAJA Le\u00f3n","description":"El ministro de Agricultura, Alimentaci&#243;n y Medio Ambiente, Miguel Arias Ca&#241;ete, considera que &#8220;el sector de la alfalfa deshidratada tiene en Europa y en nuestro pa&#237;s un futuro muy esperanzador&#8221;, como demuestra el dato de que Espa&#241;a es hoy el segundo exportador mundial, despu&#233;s de Estados Unidos, con un incremento de las exportaciones del 400% entre 2006 y 2012, y una cifra de exportaciones en 2012 que supera el mill&#243;n de toneladas.","robots":{"index":"index","follow":"follow","max-snippet":"max-snippet:-1","max-image-preview":"max-image-preview:large","max-video-preview":"max-video-preview:-1"},"canonical":"https:\/\/www.asajacyl.com\/leon\/servicios-socio\/miguel-arias-caete-el-sector-de-la-alfalfa-deshidratada-tiene-en-europa-y-en-espaa-un-futuro-muy-esperanzador","og_locale":"es_ES","og_type":"article","og_title":"MIGUEL ARIAS CA&#209;ETE &#147;EL SECTOR DE LA ALFALFA DESHIDRATADA TIENE EN EUROPA Y EN ESPA&#209;A UN FUTURO MUY ESPERANZADOR&#148; - ASAJA Le\u00f3n","og_description":"El ministro de Agricultura, Alimentaci&#243;n y Medio Ambiente, Miguel Arias Ca&#241;ete, considera que &#8220;el sector de la alfalfa deshidratada tiene en Europa y en nuestro pa&#237;s un futuro muy esperanzador&#8221;, como demuestra el dato de que Espa&#241;a es hoy el segundo exportador mundial, despu&#233;s de Estados Unidos, con un incremento de las exportaciones del 400% entre 2006 y 2012, y una cifra de exportaciones en 2012 que supera el mill&#243;n de toneladas.","og_url":"https:\/\/www.asajacyl.com\/leon\/servicios-socio\/miguel-arias-caete-el-sector-de-la-alfalfa-deshidratada-tiene-en-europa-y-en-espaa-un-futuro-muy-esperanzador","og_site_name":"ASAJA Le\u00f3n","article_published_time":"2013-09-18T22:00:00+00:00","article_modified_time":"2017-11-14T15:53:35+00:00","og_image":[{"width":1920,"height":1080,"url":"https:\/\/www.asajacyl.com\/leon\/wp-content\/uploads\/sites\/6\/2017\/11\/im_predefinida_1920x1080.jpg","type":"image\/jpeg"}],"author":"Editor","twitter_card":"summary_large_image","twitter_misc":{"Escrito por":"Editor","Tiempo de lectura":"4 minutos"},"schema":{"@context":"https:\/\/schema.org","@graph":[{"@type":"WebPage","@id":"https:\/\/www.asajacyl.com\/leon\/servicios-socio\/miguel-arias-caete-el-sector-de-la-alfalfa-deshidratada-tiene-en-europa-y-en-espaa-un-futuro-muy-esperanzador","url":"https:\/\/www.asajacyl.com\/leon\/servicios-socio\/miguel-arias-caete-el-sector-de-la-alfalfa-deshidratada-tiene-en-europa-y-en-espaa-un-futuro-muy-esperanzador","name":"MIGUEL ARIAS CA&#209;ETE &#147;EL SECTOR DE LA ALFALFA DESHIDRATADA TIENE EN EUROPA Y EN ESPA&#209;A UN FUTURO MUY ESPERANZADOR&#148; - ASAJA Le\u00f3n","isPartOf":{"@id":"https:\/\/www.asajacyl.com\/leon\/#website"},"primaryImageOfPage":{"@id":"https:\/\/www.asajacyl.com\/leon\/servicios-socio\/miguel-arias-caete-el-sector-de-la-alfalfa-deshidratada-tiene-en-europa-y-en-espaa-un-futuro-muy-esperanzador#primaryimage"},"image":{"@id":"https:\/\/www.asajacyl.com\/leon\/servicios-socio\/miguel-arias-caete-el-sector-de-la-alfalfa-deshidratada-tiene-en-europa-y-en-espaa-un-futuro-muy-esperanzador#primaryimage"},"thumbnailUrl":"https:\/\/www.asajacyl.com\/leon\/wp-content\/uploads\/sites\/6\/2017\/11\/im_predefinida_1920x1080.jpg","datePublished":"2013-09-18T22:00:00+00:00","dateModified":"2017-11-14T15:53:35+00:00","author":{"@id":"https:\/\/www.asajacyl.com\/leon\/#\/schema\/person\/7e884476cee132331142e8ac9689f20c"},"description":"El ministro de Agricultura, Alimentaci&#243;n y Medio Ambiente, Miguel Arias Ca&#241;ete, considera que &#8220;el sector de la alfalfa deshidratada tiene en Europa y en nuestro pa&#237;s un futuro muy esperanzador&#8221;, como demuestra el dato de que Espa&#241;a es hoy el segundo exportador mundial, despu&#233;s de Estados Unidos, con un incremento de las exportaciones del 400% entre 2006 y 2012, y una cifra de exportaciones en 2012 que supera el mill&#243;n de toneladas.","breadcrumb":{"@id":"https:\/\/www.asajacyl.com\/leon\/servicios-socio\/miguel-arias-caete-el-sector-de-la-alfalfa-deshidratada-tiene-en-europa-y-en-espaa-un-futuro-muy-esperanzador#breadcrumb"},"inLanguage":"es","potentialAction":[{"@type":"ReadAction","target":["https:\/\/www.asajacyl.com\/leon\/servicios-socio\/miguel-arias-caete-el-sector-de-la-alfalfa-deshidratada-tiene-en-europa-y-en-espaa-un-futuro-muy-esperanzador"]}]},{"@type":"ImageObject","inLanguage":"es","@id":"https:\/\/www.asajacyl.com\/leon\/servicios-socio\/miguel-arias-caete-el-sector-de-la-alfalfa-deshidratada-tiene-en-europa-y-en-espaa-un-futuro-muy-esperanzador#primaryimage","url":"https:\/\/www.asajacyl.com\/leon\/wp-content\/uploads\/sites\/6\/2017\/11\/im_predefinida_1920x1080.jpg","contentUrl":"https:\/\/www.asajacyl.com\/leon\/wp-content\/uploads\/sites\/6\/2017\/11\/im_predefinida_1920x1080.jpg","width":1920,"height":1080,"caption":"Logotipo ASAJA Le\u00f3n"},{"@type":"BreadcrumbList","@id":"https:\/\/www.asajacyl.com\/leon\/servicios-socio\/miguel-arias-caete-el-sector-de-la-alfalfa-deshidratada-tiene-en-europa-y-en-espaa-un-futuro-muy-esperanzador#breadcrumb","itemListElement":[{"@type":"ListItem","position":1,"name":"Portada","item":"https:\/\/www.asajacyl.com\/leon\/"},{"@type":"ListItem","position":2,"name":"MIGUEL ARIAS CA&#209;ETE &#147;EL SECTOR DE LA ALFALFA DESHIDRATADA TIENE EN EUROPA Y EN ESPA&#209;A UN FUTURO MUY ESPERANZADOR&#148;"}]},{"@type":"WebSite","@id":"https:\/\/www.asajacyl.com\/leon\/#website","url":"https:\/\/www.asajacyl.com\/leon\/","name":"ASAJA Le\u00f3n","description":"Otro sitio m\u00e1s de Provincias ASAJA Castilla y Le\u00f3n","potentialAction":[{"@type":"SearchAction","target":{"@type":"EntryPoint","urlTemplate":"https:\/\/www.asajacyl.com\/leon\/?s={search_term_string}"},"query-input":{"@type":"PropertyValueSpecification","valueRequired":true,"valueName":"search_term_string"}}],"inLanguage":"es"},{"@type":"Person","@id":"https:\/\/www.asajacyl.com\/leon\/#\/schema\/person\/7e884476cee132331142e8ac9689f20c","name":"Editor","image":{"@type":"ImageObject","inLanguage":"es","@id":"https:\/\/www.asajacyl.com\/leon\/#\/schema\/person\/image\/","url":"https:\/\/secure.gravatar.com\/avatar\/a2ef43c165669686cfcfb0e1ffa59869?s=96&d=mm&r=g","contentUrl":"https:\/\/secure.gravatar.com\/avatar\/a2ef43c165669686cfcfb0e1ffa59869?s=96&d=mm&r=g","caption":"Editor"},"url":"https:\/\/www.asajacyl.com\/leon\/author\/oscargg"}]}},"_links":{"self":[{"href":"https:\/\/www.asajacyl.com\/leon\/wp-json\/wp\/v2\/posts\/3054"}],"collection":[{"href":"https:\/\/www.asajacyl.com\/leon\/wp-json\/wp\/v2\/posts"}],"about":[{"href":"https:\/\/www.asajacyl.com\/leon\/wp-json\/wp\/v2\/types\/post"}],"author":[{"embeddable":true,"href":"https:\/\/www.asajacyl.com\/leon\/wp-json\/wp\/v2\/users\/3"}],"replies":[{"embeddable":true,"href":"https:\/\/www.asajacyl.com\/leon\/wp-json\/wp\/v2\/comments?post=3054"}],"version-history":[{"count":1,"href":"https:\/\/www.asajacyl.com\/leon\/wp-json\/wp\/v2\/posts\/3054\/revisions"}],"predecessor-version":[{"id":4254,"href":"https:\/\/www.asajacyl.com\/leon\/wp-json\/wp\/v2\/posts\/3054\/revisions\/4254"}],"wp:featuredmedia":[{"embeddable":true,"href":"https:\/\/www.asajacyl.com\/leon\/wp-json\/wp\/v2\/media\/8174"}],"wp:attachment":[{"href":"https:\/\/www.asajacyl.com\/leon\/wp-json\/wp\/v2\/media?parent=3054"}],"wp:term":[{"taxonomy":"category","embeddable":true,"href":"https:\/\/www.asajacyl.com\/leon\/wp-json\/wp\/v2\/categories?post=3054"},{"taxonomy":"post_tag","embeddable":true,"href":"https:\/\/www.asajacyl.com\/leon\/wp-json\/wp\/v2\/tags?post=3054"}],"curies":[{"name":"wp","href":"https:\/\/api.w.org\/{rel}","templated":true}]}}