{"id":3094,"date":"2004-12-29T00:00:00","date_gmt":"2004-12-28T23:00:00","guid":{"rendered":"https:\/\/www.asajacyl.com\/leon\/2004\/12\/29\/condiciones-generales-para-cobrar-ayudas-de-la-pac\/"},"modified":"2017-11-14T16:54:15","modified_gmt":"2017-11-14T15:54:15","slug":"condiciones-generales-para-cobrar-ayudas-de-la-pac","status":"publish","type":"post","link":"https:\/\/www.asajacyl.com\/leon\/servicios-socio\/condiciones-generales-para-cobrar-ayudas-de-la-pac","title":{"rendered":"CONDICIONES GENERALES PARA COBRAR AYUDAS DE LA PAC"},"content":{"rendered":"<h2>El Bolet&#237;n Oficial del Estado del 24 de diciembre de 2004 public&#243; el Real Decreto 2352\/2004 por el que se establece la condicionalidad en relaci&#243;n con las ayudas directas en el marco de la PAC.<\/h2>\n<p><b><\/p>\n<p align=\"center\"><font color=\"#009900\" size=\"2\">CONDICIONES GENERALES PARA COBRAR AYUDAS DE LA PAC<\/font><\/p>\n<p><\/b><font color=\"#009900\" size=\"2\"> <\/font><\/p>\n<p align=\"justify\"><font size=\"2\"><\/font>\n<\/p>\n<p align=\"justify\"><font size=\"2\">El Bolet&#237;n Oficial del Estado del 24 de diciembre de 2004 public&#243; el Real Decreto 2352\/2004 por el que se establece la condicionalidad en relaci&#243;n con las ayudas directas en el marco de la PAC. El incumplimiento de estas condiciones y requisitos supondr&#225; para el beneficiario de los pagos directos una reducci&#243;n e incluso la exclusi&#243;n del pago. Entre las condiciones contempladas, destacamos como mas significativas las siguientes: <\/font>\n<\/p>\n<p align=\"justify\"><font size=\"2\"><\/font><\/p>\n<ul>\n<p align=\"justify\"><font size=\"2\"><\/font><\/p>\n<li>\n<div align=\"justify\"><font size=\"2\">Se prohibe labrar recintos cultivables a favor de pendiente cuanto esta sea en dicho recinto superior al 10%. En el caso de cultivos de secano, no se labrar&#225; el suelo entre la fecha de la recolecci&#243;n de la cosecha y el 1 de septiembre. <\/font><\/div>\n<p align=\"justify\"><font size=\"2\"><\/font><\/p>\n<\/li>\n<\/ul>\n<p align=\"justify\"><font size=\"2\"><\/font><\/p>\n<ul>\n<p align=\"justify\"><font size=\"2\"><\/font><\/p>\n<li>\n<div align=\"justify\"><font size=\"2\">Respecto a los barbechos, se realizar&#225;n opcionalmente pr&#225;cticas tradicionales de cultivo (labrar), de m&#237;nimo laboreo o de mantenimiento de una cubierta vegetal adecuada, bien sea espont&#225;nea o por la siembra de especies mejorantes. <\/font><\/div>\n<p align=\"justify\"><font size=\"2\"><\/font><\/p>\n<\/li>\n<\/ul>\n<p align=\"justify\"><font size=\"2\"><\/font><\/p>\n<ul>\n<p align=\"justify\"><font size=\"2\"><\/font><\/p>\n<li>\n<div align=\"justify\"><font size=\"2\">Se respetar&#225; la prohibici&#243;n de quemar rastrojos. La eliminaci&#243;n de restos de cosecha en cultivos herb&#225;ceos (por ejemplo rama de patatas) y de los de poda de cultivos le&#241;osos deber&#225; realizarse siempre con arreglo a la normativa establecida. <\/font><\/div>\n<p align=\"justify\"><font size=\"2\"><\/font><\/p>\n<\/li>\n<\/ul>\n<p align=\"justify\"><font size=\"2\"><\/font><\/p>\n<ul>\n<p align=\"justify\"><font size=\"2\"><\/font><\/p>\n<li>\n<div align=\"justify\"><font size=\"2\">No se podr&#225;n quemar ni roturar los pastos permanentes, salvo para las labores de regeneraci&#243;n de la vegetaci&#243;n, y en el caso de regeneraci&#243;n mediante quema ser&#225; necesaria la previa autorizaci&#243;n. <\/font><\/div>\n<p align=\"justify\"><font size=\"2\"><\/font><\/p>\n<\/li>\n<\/ul>\n<p align=\"justify\"><font size=\"2\"><\/font><\/p>\n<ul>\n<p align=\"justify\"><font size=\"2\"><\/font><\/p>\n<li>\n<div align=\"justify\"><font size=\"2\">La carga ganadera m&#237;nima ser&#225; igual o superior a 0,1 UGM por hect&#225;rea. En caso contrario, ser&#225; requisito obligatorio realizar una labor de mantenimiento adecuada que evite la degradaci&#243;n del pasto permanente y su invasi&#243;n por matorral. <\/font><\/div>\n<p align=\"justify\"><font size=\"2\"><\/font><\/p>\n<\/li>\n<\/ul>\n<p align=\"justify\"><font size=\"2\"><\/font><\/p>\n<ul>\n<p align=\"justify\"><font size=\"2\"><\/font><\/p>\n<li>\n<div align=\"justify\"><font size=\"2\">Ser&#225; obligatoria la limpieza de las parcelas de cultivo invadidas por vegetaci&#243;n espont&#225;nea no deseada. La Administraci&#243;n competente determinar&#225; para cada zona, el ciclo temporal y la lista de especies vegetales que es necesario eliminar. <\/font><\/div>\n<p align=\"justify\"><font size=\"2\"><\/font><\/p>\n<\/li>\n<\/ul>\n<p align=\"justify\"><font size=\"2\"><\/font><\/p>\n<ul>\n<p align=\"justify\"><font size=\"2\"><\/font><\/p>\n<li>\n<div align=\"justify\"><font size=\"2\">Para mantener las particularidades y caracter&#237;sticas topogr&#225;ficas del terreno tales como linderos y otros elementos estructurales, no se podr&#225; efectuar una alteraci&#243;n significativa de estos sin autorizaci&#243;n. <\/font><\/div>\n<p align=\"justify\"><font size=\"2\"><\/font><\/p>\n<\/li>\n<\/ul>\n<p align=\"justify\"><font size=\"2\"><\/font><\/p>\n<ul>\n<p align=\"justify\"><font size=\"2\"><\/font><\/p>\n<li>\n<div align=\"justify\"><font size=\"2\">Respecto a los regad&#237;os, ser&#225; obligatorio instalar y mantener sistemas de medici&#243;n del agua de riego, garantizando informaci&#243;n precisa sobre los caudales de agua efectivamente utilizados. <\/font><\/div>\n<p align=\"justify\"><font size=\"2\"><\/font><\/p>\n<\/li>\n<\/ul>\n<p align=\"justify\"><font size=\"2\"><\/font><\/p>\n<ul>\n<p align=\"justify\"><font size=\"2\"><\/font><\/p>\n<li>\n<div align=\"justify\"><font size=\"2\">No se podr&#225; aplicar productos fitosanitarios, fertilizantes, lodos de depuradora, compots, purines o estiercol sobre terrenos encharcados o con nieve. <\/font><\/div>\n<p align=\"justify\"><font size=\"2\"><\/font><\/p>\n<\/li>\n<\/ul>\n<p align=\"justify\"><font size=\"2\"><\/font><\/p>\n<ul>\n<p align=\"justify\"><font size=\"2\"><\/font><\/p>\n<li>\n<div align=\"justify\"><font size=\"2\">Las explotaciones ganaderas en estabulaci&#243;n permanente o semipermanente deber&#225;n disponer y utilizar tanques de almacenamiento o fosas, estercoleros o balsas impermeabilizadas natural o artificialmente, estancas y con capacidad adecuada. <\/font><\/div>\n<p align=\"justify\"><font size=\"2\"><\/font><\/p>\n<\/li>\n<\/ul>\n<p align=\"justify\"><font size=\"2\">&#160;<\/font><\/p>\n","protected":false},"excerpt":{"rendered":"<p>El Bolet&#237;n Oficial del Estado del 24 de diciembre de 2004 public&#243; el Real Decreto 2352\/2004 por el que se establece la condicionalidad en relaci&#243;n con las ayudas directas en el marco de la PAC.<\/p>\n","protected":false},"author":3,"featured_media":8174,"comment_status":"open","ping_status":"open","sticky":false,"template":"","format":"standard","meta":{"footnotes":""},"categories":[21,5],"tags":[],"yoast_head":"<!-- This site is optimized with the Yoast SEO plugin v24.5 - https:\/\/yoast.com\/wordpress\/plugins\/seo\/ -->\n<title>CONDICIONES GENERALES PARA COBRAR AYUDAS DE LA PAC - ASAJA Le\u00f3n<\/title>\n<meta name=\"description\" content=\"El Bolet&#237;n Oficial del Estado del 24 de diciembre de 2004 public&#243; el Real Decreto 2352\/2004 por el que se establece la condicionalidad en relaci&#243;n con las ayudas directas en el marco de la PAC.\" \/>\n<meta name=\"robots\" content=\"index, follow, max-snippet:-1, max-image-preview:large, max-video-preview:-1\" \/>\n<link rel=\"canonical\" href=\"https:\/\/www.asajacyl.com\/leon\/servicios-socio\/condiciones-generales-para-cobrar-ayudas-de-la-pac\" \/>\n<meta property=\"og:locale\" content=\"es_ES\" \/>\n<meta property=\"og:type\" content=\"article\" \/>\n<meta property=\"og:title\" content=\"CONDICIONES GENERALES PARA COBRAR AYUDAS DE LA PAC - ASAJA Le\u00f3n\" \/>\n<meta property=\"og:description\" content=\"El Bolet&#237;n Oficial del Estado del 24 de diciembre de 2004 public&#243; el Real Decreto 2352\/2004 por el que se establece la condicionalidad en relaci&#243;n con las ayudas directas en el marco de la PAC.\" \/>\n<meta property=\"og:url\" content=\"https:\/\/www.asajacyl.com\/leon\/servicios-socio\/condiciones-generales-para-cobrar-ayudas-de-la-pac\" \/>\n<meta property=\"og:site_name\" content=\"ASAJA Le\u00f3n\" \/>\n<meta property=\"article:published_time\" content=\"2004-12-28T23:00:00+00:00\" \/>\n<meta property=\"article:modified_time\" content=\"2017-11-14T15:54:15+00:00\" \/>\n<meta property=\"og:image\" content=\"https:\/\/www.asajacyl.com\/leon\/wp-content\/uploads\/sites\/6\/2017\/11\/im_predefinida_1920x1080.jpg\" \/>\n\t<meta property=\"og:image:width\" content=\"1920\" \/>\n\t<meta property=\"og:image:height\" content=\"1080\" \/>\n\t<meta property=\"og:image:type\" content=\"image\/jpeg\" \/>\n<meta name=\"author\" content=\"Editor\" \/>\n<meta name=\"twitter:card\" content=\"summary_large_image\" \/>\n<meta name=\"twitter:label1\" content=\"Escrito por\" \/>\n\t<meta name=\"twitter:data1\" content=\"Editor\" \/>\n\t<meta name=\"twitter:label2\" content=\"Tiempo de lectura\" \/>\n\t<meta name=\"twitter:data2\" content=\"2 minutos\" \/>\n<script type=\"application\/ld+json\" class=\"yoast-schema-graph\">{\"@context\":\"https:\/\/schema.org\",\"@graph\":[{\"@type\":\"WebPage\",\"@id\":\"https:\/\/www.asajacyl.com\/leon\/servicios-socio\/condiciones-generales-para-cobrar-ayudas-de-la-pac\",\"url\":\"https:\/\/www.asajacyl.com\/leon\/servicios-socio\/condiciones-generales-para-cobrar-ayudas-de-la-pac\",\"name\":\"CONDICIONES GENERALES PARA COBRAR AYUDAS DE LA PAC - ASAJA Le\u00f3n\",\"isPartOf\":{\"@id\":\"https:\/\/www.asajacyl.com\/leon\/#website\"},\"primaryImageOfPage\":{\"@id\":\"https:\/\/www.asajacyl.com\/leon\/servicios-socio\/condiciones-generales-para-cobrar-ayudas-de-la-pac#primaryimage\"},\"image\":{\"@id\":\"https:\/\/www.asajacyl.com\/leon\/servicios-socio\/condiciones-generales-para-cobrar-ayudas-de-la-pac#primaryimage\"},\"thumbnailUrl\":\"https:\/\/www.asajacyl.com\/leon\/wp-content\/uploads\/sites\/6\/2017\/11\/im_predefinida_1920x1080.jpg\",\"datePublished\":\"2004-12-28T23:00:00+00:00\",\"dateModified\":\"2017-11-14T15:54:15+00:00\",\"author\":{\"@id\":\"https:\/\/www.asajacyl.com\/leon\/#\/schema\/person\/7e884476cee132331142e8ac9689f20c\"},\"description\":\"El Bolet&#237;n Oficial del Estado del 24 de diciembre de 2004 public&#243; el Real Decreto 2352\/2004 por el que se establece la condicionalidad en relaci&#243;n con las ayudas directas en el marco de la PAC.\",\"breadcrumb\":{\"@id\":\"https:\/\/www.asajacyl.com\/leon\/servicios-socio\/condiciones-generales-para-cobrar-ayudas-de-la-pac#breadcrumb\"},\"inLanguage\":\"es\",\"potentialAction\":[{\"@type\":\"ReadAction\",\"target\":[\"https:\/\/www.asajacyl.com\/leon\/servicios-socio\/condiciones-generales-para-cobrar-ayudas-de-la-pac\"]}]},{\"@type\":\"ImageObject\",\"inLanguage\":\"es\",\"@id\":\"https:\/\/www.asajacyl.com\/leon\/servicios-socio\/condiciones-generales-para-cobrar-ayudas-de-la-pac#primaryimage\",\"url\":\"https:\/\/www.asajacyl.com\/leon\/wp-content\/uploads\/sites\/6\/2017\/11\/im_predefinida_1920x1080.jpg\",\"contentUrl\":\"https:\/\/www.asajacyl.com\/leon\/wp-content\/uploads\/sites\/6\/2017\/11\/im_predefinida_1920x1080.jpg\",\"width\":1920,\"height\":1080,\"caption\":\"Logotipo ASAJA Le\u00f3n\"},{\"@type\":\"BreadcrumbList\",\"@id\":\"https:\/\/www.asajacyl.com\/leon\/servicios-socio\/condiciones-generales-para-cobrar-ayudas-de-la-pac#breadcrumb\",\"itemListElement\":[{\"@type\":\"ListItem\",\"position\":1,\"name\":\"Portada\",\"item\":\"https:\/\/www.asajacyl.com\/leon\/\"},{\"@type\":\"ListItem\",\"position\":2,\"name\":\"CONDICIONES GENERALES PARA COBRAR AYUDAS DE LA PAC\"}]},{\"@type\":\"WebSite\",\"@id\":\"https:\/\/www.asajacyl.com\/leon\/#website\",\"url\":\"https:\/\/www.asajacyl.com\/leon\/\",\"name\":\"ASAJA Le\u00f3n\",\"description\":\"Otro sitio m\u00e1s de Provincias ASAJA Castilla y Le\u00f3n\",\"potentialAction\":[{\"@type\":\"SearchAction\",\"target\":{\"@type\":\"EntryPoint\",\"urlTemplate\":\"https:\/\/www.asajacyl.com\/leon\/?s={search_term_string}\"},\"query-input\":{\"@type\":\"PropertyValueSpecification\",\"valueRequired\":true,\"valueName\":\"search_term_string\"}}],\"inLanguage\":\"es\"},{\"@type\":\"Person\",\"@id\":\"https:\/\/www.asajacyl.com\/leon\/#\/schema\/person\/7e884476cee132331142e8ac9689f20c\",\"name\":\"Editor\",\"image\":{\"@type\":\"ImageObject\",\"inLanguage\":\"es\",\"@id\":\"https:\/\/www.asajacyl.com\/leon\/#\/schema\/person\/image\/\",\"url\":\"https:\/\/secure.gravatar.com\/avatar\/a2ef43c165669686cfcfb0e1ffa59869?s=96&d=mm&r=g\",\"contentUrl\":\"https:\/\/secure.gravatar.com\/avatar\/a2ef43c165669686cfcfb0e1ffa59869?s=96&d=mm&r=g\",\"caption\":\"Editor\"},\"url\":\"https:\/\/www.asajacyl.com\/leon\/author\/oscargg\"}]}<\/script>\n<!-- \/ Yoast SEO plugin. -->","yoast_head_json":{"title":"CONDICIONES GENERALES PARA COBRAR AYUDAS DE LA PAC - ASAJA Le\u00f3n","description":"El Bolet&#237;n Oficial del Estado del 24 de diciembre de 2004 public&#243; el Real Decreto 2352\/2004 por el que se establece la condicionalidad en relaci&#243;n con las ayudas directas en el marco de la PAC.","robots":{"index":"index","follow":"follow","max-snippet":"max-snippet:-1","max-image-preview":"max-image-preview:large","max-video-preview":"max-video-preview:-1"},"canonical":"https:\/\/www.asajacyl.com\/leon\/servicios-socio\/condiciones-generales-para-cobrar-ayudas-de-la-pac","og_locale":"es_ES","og_type":"article","og_title":"CONDICIONES GENERALES PARA COBRAR AYUDAS DE LA PAC - ASAJA Le\u00f3n","og_description":"El Bolet&#237;n Oficial del Estado del 24 de diciembre de 2004 public&#243; el Real Decreto 2352\/2004 por el que se establece la condicionalidad en relaci&#243;n con las ayudas directas en el marco de la PAC.","og_url":"https:\/\/www.asajacyl.com\/leon\/servicios-socio\/condiciones-generales-para-cobrar-ayudas-de-la-pac","og_site_name":"ASAJA Le\u00f3n","article_published_time":"2004-12-28T23:00:00+00:00","article_modified_time":"2017-11-14T15:54:15+00:00","og_image":[{"width":1920,"height":1080,"url":"https:\/\/www.asajacyl.com\/leon\/wp-content\/uploads\/sites\/6\/2017\/11\/im_predefinida_1920x1080.jpg","type":"image\/jpeg"}],"author":"Editor","twitter_card":"summary_large_image","twitter_misc":{"Escrito por":"Editor","Tiempo de lectura":"2 minutos"},"schema":{"@context":"https:\/\/schema.org","@graph":[{"@type":"WebPage","@id":"https:\/\/www.asajacyl.com\/leon\/servicios-socio\/condiciones-generales-para-cobrar-ayudas-de-la-pac","url":"https:\/\/www.asajacyl.com\/leon\/servicios-socio\/condiciones-generales-para-cobrar-ayudas-de-la-pac","name":"CONDICIONES GENERALES PARA COBRAR AYUDAS DE LA PAC - ASAJA Le\u00f3n","isPartOf":{"@id":"https:\/\/www.asajacyl.com\/leon\/#website"},"primaryImageOfPage":{"@id":"https:\/\/www.asajacyl.com\/leon\/servicios-socio\/condiciones-generales-para-cobrar-ayudas-de-la-pac#primaryimage"},"image":{"@id":"https:\/\/www.asajacyl.com\/leon\/servicios-socio\/condiciones-generales-para-cobrar-ayudas-de-la-pac#primaryimage"},"thumbnailUrl":"https:\/\/www.asajacyl.com\/leon\/wp-content\/uploads\/sites\/6\/2017\/11\/im_predefinida_1920x1080.jpg","datePublished":"2004-12-28T23:00:00+00:00","dateModified":"2017-11-14T15:54:15+00:00","author":{"@id":"https:\/\/www.asajacyl.com\/leon\/#\/schema\/person\/7e884476cee132331142e8ac9689f20c"},"description":"El Bolet&#237;n Oficial del Estado del 24 de diciembre de 2004 public&#243; el Real Decreto 2352\/2004 por el que se establece la condicionalidad en relaci&#243;n con las ayudas directas en el marco de la PAC.","breadcrumb":{"@id":"https:\/\/www.asajacyl.com\/leon\/servicios-socio\/condiciones-generales-para-cobrar-ayudas-de-la-pac#breadcrumb"},"inLanguage":"es","potentialAction":[{"@type":"ReadAction","target":["https:\/\/www.asajacyl.com\/leon\/servicios-socio\/condiciones-generales-para-cobrar-ayudas-de-la-pac"]}]},{"@type":"ImageObject","inLanguage":"es","@id":"https:\/\/www.asajacyl.com\/leon\/servicios-socio\/condiciones-generales-para-cobrar-ayudas-de-la-pac#primaryimage","url":"https:\/\/www.asajacyl.com\/leon\/wp-content\/uploads\/sites\/6\/2017\/11\/im_predefinida_1920x1080.jpg","contentUrl":"https:\/\/www.asajacyl.com\/leon\/wp-content\/uploads\/sites\/6\/2017\/11\/im_predefinida_1920x1080.jpg","width":1920,"height":1080,"caption":"Logotipo ASAJA Le\u00f3n"},{"@type":"BreadcrumbList","@id":"https:\/\/www.asajacyl.com\/leon\/servicios-socio\/condiciones-generales-para-cobrar-ayudas-de-la-pac#breadcrumb","itemListElement":[{"@type":"ListItem","position":1,"name":"Portada","item":"https:\/\/www.asajacyl.com\/leon\/"},{"@type":"ListItem","position":2,"name":"CONDICIONES GENERALES PARA COBRAR AYUDAS DE LA PAC"}]},{"@type":"WebSite","@id":"https:\/\/www.asajacyl.com\/leon\/#website","url":"https:\/\/www.asajacyl.com\/leon\/","name":"ASAJA Le\u00f3n","description":"Otro sitio m\u00e1s de Provincias ASAJA Castilla y Le\u00f3n","potentialAction":[{"@type":"SearchAction","target":{"@type":"EntryPoint","urlTemplate":"https:\/\/www.asajacyl.com\/leon\/?s={search_term_string}"},"query-input":{"@type":"PropertyValueSpecification","valueRequired":true,"valueName":"search_term_string"}}],"inLanguage":"es"},{"@type":"Person","@id":"https:\/\/www.asajacyl.com\/leon\/#\/schema\/person\/7e884476cee132331142e8ac9689f20c","name":"Editor","image":{"@type":"ImageObject","inLanguage":"es","@id":"https:\/\/www.asajacyl.com\/leon\/#\/schema\/person\/image\/","url":"https:\/\/secure.gravatar.com\/avatar\/a2ef43c165669686cfcfb0e1ffa59869?s=96&d=mm&r=g","contentUrl":"https:\/\/secure.gravatar.com\/avatar\/a2ef43c165669686cfcfb0e1ffa59869?s=96&d=mm&r=g","caption":"Editor"},"url":"https:\/\/www.asajacyl.com\/leon\/author\/oscargg"}]}},"_links":{"self":[{"href":"https:\/\/www.asajacyl.com\/leon\/wp-json\/wp\/v2\/posts\/3094"}],"collection":[{"href":"https:\/\/www.asajacyl.com\/leon\/wp-json\/wp\/v2\/posts"}],"about":[{"href":"https:\/\/www.asajacyl.com\/leon\/wp-json\/wp\/v2\/types\/post"}],"author":[{"embeddable":true,"href":"https:\/\/www.asajacyl.com\/leon\/wp-json\/wp\/v2\/users\/3"}],"replies":[{"embeddable":true,"href":"https:\/\/www.asajacyl.com\/leon\/wp-json\/wp\/v2\/comments?post=3094"}],"version-history":[{"count":1,"href":"https:\/\/www.asajacyl.com\/leon\/wp-json\/wp\/v2\/posts\/3094\/revisions"}],"predecessor-version":[{"id":4294,"href":"https:\/\/www.asajacyl.com\/leon\/wp-json\/wp\/v2\/posts\/3094\/revisions\/4294"}],"wp:featuredmedia":[{"embeddable":true,"href":"https:\/\/www.asajacyl.com\/leon\/wp-json\/wp\/v2\/media\/8174"}],"wp:attachment":[{"href":"https:\/\/www.asajacyl.com\/leon\/wp-json\/wp\/v2\/media?parent=3094"}],"wp:term":[{"taxonomy":"category","embeddable":true,"href":"https:\/\/www.asajacyl.com\/leon\/wp-json\/wp\/v2\/categories?post=3094"},{"taxonomy":"post_tag","embeddable":true,"href":"https:\/\/www.asajacyl.com\/leon\/wp-json\/wp\/v2\/tags?post=3094"}],"curies":[{"name":"wp","href":"https:\/\/api.w.org\/{rel}","templated":true}]}}