{"id":355,"date":"2015-10-16T00:00:00","date_gmt":"2015-10-15T22:00:00","guid":{"rendered":"https:\/\/www.asajacyl.com\/leon\/2015\/10\/16\/las-seis-noticias-agrarias-de-la-semana-16102015\/"},"modified":"2017-11-14T18:28:47","modified_gmt":"2017-11-14T17:28:47","slug":"las-seis-noticias-agrarias-de-la-semana-16102015","status":"publish","type":"post","link":"https:\/\/www.asajacyl.com\/leon\/asaja-leon-informa\/las-seis-noticias-agrarias-de-la-semana-16102015","title":{"rendered":"Las seis noticias agrarias de la semana &#8211; 16\/10\/2015"},"content":{"rendered":"<h2>Normas de condicionalidad, importes provisionales pago base y verde, Isabel Garc&#237;a Tejerina, m&#243;dulos fiscales, Teresa Mata y presupuestos del Gobierno regional<\/h2>\n<p style=\"text-align: center;\">\n<span style=\"color:#006400;\"><strong>Las seis noticias agrarias de la semana<\/strong><\/span><\/p>\n<p style=\"margin-left: 36pt; text-align: justify;\">\n&#183;&#160;&#160;&#160;&#160;&#160;&#160;&#160; &#160;La Direcci&#243;n General de la Pol&#237;tica Agr&#237;cola Comunitaria de la consejer&#237;a de Agricultura, ha remitido a las organizaciones agrarias el borrador de orden que regular&#225; las <strong>normas de condicionalidad<\/strong> que deben cumplir los beneficiarios que reciban pagos directos o ayudas de la PAC en general. Las exigencias son similares a las planteadas en etapas anteriores, y algunas tan criticadas por el sector como la prohibici&#243;n de quemar rastrojos.<\/p>\n<p style=\"margin-left: 36pt; text-align: justify;\">\n&#183;&#160;&#160;&#160;&#160;&#160;&#160;&#160; Tanto a trav&#233;s de la p&#225;gina web del FEGA como de la consejer&#237;a de Agricultura, se puede consultar los <strong>importes provisionales de los derechos de pago base y pago verde <\/strong>de cada uno de los beneficiarios de las ayudas, tanto para las ayudas que se cobran este a&#241;o como en a&#241;os sucesivos, aplic&#225;ndose el efecto de la convergencia. Estos importes son provisionales y no suponen una comunicaci&#243;n oficial, ya que esta se har&#225; en el mes de diciembre, ante la que caben alegaciones, y posteriormente habr&#225; otra definitiva antes del 1 de abril, ante la que cabe recurso si no se est&#225; conforme con la misma.<\/p>\n<p style=\"margin-left: 36pt; text-align: justify;\">\n&#183;&#160;&#160;&#160;&#160;&#160;&#160;&#160; La ministra de Agricultura y Ganader&#237;a, <strong>Isabel Garc&#237;a Tejerina<\/strong>, afirm&#243; el pasado mi&#233;rcoles en su comparecencia en el Senado que todos los ganaderos de vacuno de leche espa&#241;oles van a recibir ayudas para paliar la coyuntura del mercado. Este compromiso se asume con una partida de 20 millones de euros del presupuesto nacional y otra de 25,5 millones de presupuesto de la Uni&#243;n Europea. La ayuda nacional, seg&#250;n manifest&#243; la ministra, se ir&#225; en un 80% al sector vacuno de Galicia, debido a que es donde se han constatado las cotizaciones m&#225;s bajas de la leche.<\/p>\n<p style=\"margin-left: 36pt; text-align: justify;\">\n&#183;&#160;&#160;&#160;&#160;&#160;&#160;&#160; La organizaci&#243;n agraria ASAJA ha solicitado al ministerio de Hacienda una revisi&#243;n a la baja de los <strong>m&#243;dulos fiscales<\/strong> que se aplican a la producci&#243;n de la leche de vaca, respecto a las ventas de 2015 que se declarar&#225;n en el IRPF que se presentar&#225; ante Hacienda en la pr&#243;xima primavera. Adem&#225;s, la organizaci&#243;n agraria ha pedido medidas fiscalmente similares para los ganaderos que declaran por estimaci&#243;n directa o los que facturan a trav&#233;s de sociedades civiles o mercantiles, pidiendo en estos casos que se incremente el porcentaje de gastos de dif&#237;cil justificaci&#243;n.<\/p>\n<p style=\"margin-left: 36pt; text-align: justify;\">\n&#183;&#160;&#160;&#160;&#160;&#160;&#160;&#160; La subdelegada del Gobierno en Le&#243;n, <strong>Teresa Mata<\/strong>, inaugur&#243; el pasado martes en Hospital de &#211;rbigo el curso de formaci&#243;n para agricultores impartido por el Sindicato Central del Embalse de Barrios de Luna. Las ponencias se centraron sobre la eficiencia en los regad&#237;os, las alternativas de cultivo, o los contenidos del proyecto de Plan Hidrol&#243;gico de la Cuenca del Duero. El sindicato central viene desarrollando este tipo de cursos o jornadas, coincidiendo por estas fechas, desde hace 18 a&#241;os, y van dirigidas sobre todo a agricultores de la zona de influencia de estos regad&#237;os.<\/p>\n<p style=\"margin-left: 36pt; text-align: justify;\">\n&#183;&#160;&#160;&#160;&#160;&#160;&#160;&#160; El presidente de la Junta de Castilla y Le&#243;n, Juan Vicente Herrera, present&#243; el pasado mi&#233;rcoles los <strong>presupuestos del Gobierno regional<\/strong> para el a&#241;o 2016. En lo que respecta a la agricultura, excluyendo los fondos europeos el presupuesto se reduce hasta los 406,5 millones de euros, lo que supone una ca&#237;da del 25% respecto a los del a&#241;o anterior. Es la mayor ca&#237;da del presupuesto de un departamento del Gobierno regional a lo largo de toda la historia, lo que compromete seriamente los apoyos para el futuro de la agricultura y la ganader&#237;a. La consecuencia de estos ser&#225; la supresi&#243;n de l&#237;neas de ayudas, menos inversi&#243;n en infraestructuras, y retrasos generalizados en los pagos a los agricultores y ganaderos.<\/p>\n","protected":false},"excerpt":{"rendered":"<p>Normas de condicionalidad, importes provisionales pago base y verde, Isabel Garc&#237;a Tejerina, m&#243;dulos fiscales, Teresa Mata y presupuestos del Gobierno regional<\/p>\n","protected":false},"author":3,"featured_media":8174,"comment_status":"open","ping_status":"open","sticky":false,"template":"","format":"standard","meta":{"footnotes":""},"categories":[4,9],"tags":[],"yoast_head":"<!-- This site is optimized with the Yoast SEO plugin v24.5 - https:\/\/yoast.com\/wordpress\/plugins\/seo\/ -->\n<title>Las seis noticias agrarias de la semana - 16\/10\/2015 - ASAJA Le\u00f3n<\/title>\n<meta name=\"description\" content=\"Normas de condicionalidad, importes provisionales pago base y verde, Isabel Garc&#237;a Tejerina, m&#243;dulos fiscales, Teresa Mata y presupuestos del Gobierno regional\" \/>\n<meta name=\"robots\" content=\"index, follow, max-snippet:-1, max-image-preview:large, max-video-preview:-1\" \/>\n<link rel=\"canonical\" href=\"https:\/\/www.asajacyl.com\/leon\/asaja-leon-informa\/las-seis-noticias-agrarias-de-la-semana-16102015\" \/>\n<meta property=\"og:locale\" content=\"es_ES\" \/>\n<meta property=\"og:type\" content=\"article\" \/>\n<meta property=\"og:title\" content=\"Las seis noticias agrarias de la semana - 16\/10\/2015 - ASAJA Le\u00f3n\" \/>\n<meta property=\"og:description\" content=\"Normas de condicionalidad, importes provisionales pago base y verde, Isabel Garc&#237;a Tejerina, m&#243;dulos fiscales, Teresa Mata y presupuestos del Gobierno regional\" \/>\n<meta property=\"og:url\" content=\"https:\/\/www.asajacyl.com\/leon\/asaja-leon-informa\/las-seis-noticias-agrarias-de-la-semana-16102015\" \/>\n<meta property=\"og:site_name\" content=\"ASAJA Le\u00f3n\" \/>\n<meta property=\"article:published_time\" content=\"2015-10-15T22:00:00+00:00\" \/>\n<meta property=\"article:modified_time\" content=\"2017-11-14T17:28:47+00:00\" \/>\n<meta property=\"og:image\" content=\"https:\/\/www.asajacyl.com\/leon\/wp-content\/uploads\/sites\/6\/2017\/11\/im_predefinida_1920x1080.jpg\" \/>\n\t<meta property=\"og:image:width\" content=\"1920\" \/>\n\t<meta property=\"og:image:height\" content=\"1080\" \/>\n\t<meta property=\"og:image:type\" content=\"image\/jpeg\" \/>\n<meta name=\"author\" content=\"Editor\" \/>\n<meta name=\"twitter:card\" content=\"summary_large_image\" \/>\n<meta name=\"twitter:label1\" content=\"Escrito por\" \/>\n\t<meta name=\"twitter:data1\" content=\"Editor\" \/>\n\t<meta name=\"twitter:label2\" content=\"Tiempo de lectura\" \/>\n\t<meta name=\"twitter:data2\" content=\"3 minutos\" \/>\n<script type=\"application\/ld+json\" class=\"yoast-schema-graph\">{\"@context\":\"https:\/\/schema.org\",\"@graph\":[{\"@type\":\"WebPage\",\"@id\":\"https:\/\/www.asajacyl.com\/leon\/asaja-leon-informa\/las-seis-noticias-agrarias-de-la-semana-16102015\",\"url\":\"https:\/\/www.asajacyl.com\/leon\/asaja-leon-informa\/las-seis-noticias-agrarias-de-la-semana-16102015\",\"name\":\"Las seis noticias agrarias de la semana - 16\/10\/2015 - ASAJA Le\u00f3n\",\"isPartOf\":{\"@id\":\"https:\/\/www.asajacyl.com\/leon\/#website\"},\"primaryImageOfPage\":{\"@id\":\"https:\/\/www.asajacyl.com\/leon\/asaja-leon-informa\/las-seis-noticias-agrarias-de-la-semana-16102015#primaryimage\"},\"image\":{\"@id\":\"https:\/\/www.asajacyl.com\/leon\/asaja-leon-informa\/las-seis-noticias-agrarias-de-la-semana-16102015#primaryimage\"},\"thumbnailUrl\":\"https:\/\/www.asajacyl.com\/leon\/wp-content\/uploads\/sites\/6\/2017\/11\/im_predefinida_1920x1080.jpg\",\"datePublished\":\"2015-10-15T22:00:00+00:00\",\"dateModified\":\"2017-11-14T17:28:47+00:00\",\"author\":{\"@id\":\"https:\/\/www.asajacyl.com\/leon\/#\/schema\/person\/7e884476cee132331142e8ac9689f20c\"},\"description\":\"Normas de condicionalidad, importes provisionales pago base y verde, Isabel Garc&#237;a Tejerina, m&#243;dulos fiscales, Teresa Mata y presupuestos del Gobierno regional\",\"breadcrumb\":{\"@id\":\"https:\/\/www.asajacyl.com\/leon\/asaja-leon-informa\/las-seis-noticias-agrarias-de-la-semana-16102015#breadcrumb\"},\"inLanguage\":\"es\",\"potentialAction\":[{\"@type\":\"ReadAction\",\"target\":[\"https:\/\/www.asajacyl.com\/leon\/asaja-leon-informa\/las-seis-noticias-agrarias-de-la-semana-16102015\"]}]},{\"@type\":\"ImageObject\",\"inLanguage\":\"es\",\"@id\":\"https:\/\/www.asajacyl.com\/leon\/asaja-leon-informa\/las-seis-noticias-agrarias-de-la-semana-16102015#primaryimage\",\"url\":\"https:\/\/www.asajacyl.com\/leon\/wp-content\/uploads\/sites\/6\/2017\/11\/im_predefinida_1920x1080.jpg\",\"contentUrl\":\"https:\/\/www.asajacyl.com\/leon\/wp-content\/uploads\/sites\/6\/2017\/11\/im_predefinida_1920x1080.jpg\",\"width\":1920,\"height\":1080,\"caption\":\"Logotipo ASAJA Le\u00f3n\"},{\"@type\":\"BreadcrumbList\",\"@id\":\"https:\/\/www.asajacyl.com\/leon\/asaja-leon-informa\/las-seis-noticias-agrarias-de-la-semana-16102015#breadcrumb\",\"itemListElement\":[{\"@type\":\"ListItem\",\"position\":1,\"name\":\"Portada\",\"item\":\"https:\/\/www.asajacyl.com\/leon\/\"},{\"@type\":\"ListItem\",\"position\":2,\"name\":\"Las seis noticias agrarias de la semana &#8211; 16\/10\/2015\"}]},{\"@type\":\"WebSite\",\"@id\":\"https:\/\/www.asajacyl.com\/leon\/#website\",\"url\":\"https:\/\/www.asajacyl.com\/leon\/\",\"name\":\"ASAJA Le\u00f3n\",\"description\":\"Otro sitio m\u00e1s de Provincias ASAJA Castilla y Le\u00f3n\",\"potentialAction\":[{\"@type\":\"SearchAction\",\"target\":{\"@type\":\"EntryPoint\",\"urlTemplate\":\"https:\/\/www.asajacyl.com\/leon\/?s={search_term_string}\"},\"query-input\":{\"@type\":\"PropertyValueSpecification\",\"valueRequired\":true,\"valueName\":\"search_term_string\"}}],\"inLanguage\":\"es\"},{\"@type\":\"Person\",\"@id\":\"https:\/\/www.asajacyl.com\/leon\/#\/schema\/person\/7e884476cee132331142e8ac9689f20c\",\"name\":\"Editor\",\"image\":{\"@type\":\"ImageObject\",\"inLanguage\":\"es\",\"@id\":\"https:\/\/www.asajacyl.com\/leon\/#\/schema\/person\/image\/\",\"url\":\"https:\/\/secure.gravatar.com\/avatar\/a2ef43c165669686cfcfb0e1ffa59869?s=96&d=mm&r=g\",\"contentUrl\":\"https:\/\/secure.gravatar.com\/avatar\/a2ef43c165669686cfcfb0e1ffa59869?s=96&d=mm&r=g\",\"caption\":\"Editor\"},\"url\":\"https:\/\/www.asajacyl.com\/leon\/author\/oscargg\"}]}<\/script>\n<!-- \/ Yoast SEO plugin. -->","yoast_head_json":{"title":"Las seis noticias agrarias de la semana - 16\/10\/2015 - ASAJA Le\u00f3n","description":"Normas de condicionalidad, importes provisionales pago base y verde, Isabel Garc&#237;a Tejerina, m&#243;dulos fiscales, Teresa Mata y presupuestos del Gobierno regional","robots":{"index":"index","follow":"follow","max-snippet":"max-snippet:-1","max-image-preview":"max-image-preview:large","max-video-preview":"max-video-preview:-1"},"canonical":"https:\/\/www.asajacyl.com\/leon\/asaja-leon-informa\/las-seis-noticias-agrarias-de-la-semana-16102015","og_locale":"es_ES","og_type":"article","og_title":"Las seis noticias agrarias de la semana - 16\/10\/2015 - ASAJA Le\u00f3n","og_description":"Normas de condicionalidad, importes provisionales pago base y verde, Isabel Garc&#237;a Tejerina, m&#243;dulos fiscales, Teresa Mata y presupuestos del Gobierno regional","og_url":"https:\/\/www.asajacyl.com\/leon\/asaja-leon-informa\/las-seis-noticias-agrarias-de-la-semana-16102015","og_site_name":"ASAJA Le\u00f3n","article_published_time":"2015-10-15T22:00:00+00:00","article_modified_time":"2017-11-14T17:28:47+00:00","og_image":[{"width":1920,"height":1080,"url":"https:\/\/www.asajacyl.com\/leon\/wp-content\/uploads\/sites\/6\/2017\/11\/im_predefinida_1920x1080.jpg","type":"image\/jpeg"}],"author":"Editor","twitter_card":"summary_large_image","twitter_misc":{"Escrito por":"Editor","Tiempo de lectura":"3 minutos"},"schema":{"@context":"https:\/\/schema.org","@graph":[{"@type":"WebPage","@id":"https:\/\/www.asajacyl.com\/leon\/asaja-leon-informa\/las-seis-noticias-agrarias-de-la-semana-16102015","url":"https:\/\/www.asajacyl.com\/leon\/asaja-leon-informa\/las-seis-noticias-agrarias-de-la-semana-16102015","name":"Las seis noticias agrarias de la semana - 16\/10\/2015 - ASAJA Le\u00f3n","isPartOf":{"@id":"https:\/\/www.asajacyl.com\/leon\/#website"},"primaryImageOfPage":{"@id":"https:\/\/www.asajacyl.com\/leon\/asaja-leon-informa\/las-seis-noticias-agrarias-de-la-semana-16102015#primaryimage"},"image":{"@id":"https:\/\/www.asajacyl.com\/leon\/asaja-leon-informa\/las-seis-noticias-agrarias-de-la-semana-16102015#primaryimage"},"thumbnailUrl":"https:\/\/www.asajacyl.com\/leon\/wp-content\/uploads\/sites\/6\/2017\/11\/im_predefinida_1920x1080.jpg","datePublished":"2015-10-15T22:00:00+00:00","dateModified":"2017-11-14T17:28:47+00:00","author":{"@id":"https:\/\/www.asajacyl.com\/leon\/#\/schema\/person\/7e884476cee132331142e8ac9689f20c"},"description":"Normas de condicionalidad, importes provisionales pago base y verde, Isabel Garc&#237;a Tejerina, m&#243;dulos fiscales, Teresa Mata y presupuestos del Gobierno regional","breadcrumb":{"@id":"https:\/\/www.asajacyl.com\/leon\/asaja-leon-informa\/las-seis-noticias-agrarias-de-la-semana-16102015#breadcrumb"},"inLanguage":"es","potentialAction":[{"@type":"ReadAction","target":["https:\/\/www.asajacyl.com\/leon\/asaja-leon-informa\/las-seis-noticias-agrarias-de-la-semana-16102015"]}]},{"@type":"ImageObject","inLanguage":"es","@id":"https:\/\/www.asajacyl.com\/leon\/asaja-leon-informa\/las-seis-noticias-agrarias-de-la-semana-16102015#primaryimage","url":"https:\/\/www.asajacyl.com\/leon\/wp-content\/uploads\/sites\/6\/2017\/11\/im_predefinida_1920x1080.jpg","contentUrl":"https:\/\/www.asajacyl.com\/leon\/wp-content\/uploads\/sites\/6\/2017\/11\/im_predefinida_1920x1080.jpg","width":1920,"height":1080,"caption":"Logotipo ASAJA Le\u00f3n"},{"@type":"BreadcrumbList","@id":"https:\/\/www.asajacyl.com\/leon\/asaja-leon-informa\/las-seis-noticias-agrarias-de-la-semana-16102015#breadcrumb","itemListElement":[{"@type":"ListItem","position":1,"name":"Portada","item":"https:\/\/www.asajacyl.com\/leon\/"},{"@type":"ListItem","position":2,"name":"Las seis noticias agrarias de la semana &#8211; 16\/10\/2015"}]},{"@type":"WebSite","@id":"https:\/\/www.asajacyl.com\/leon\/#website","url":"https:\/\/www.asajacyl.com\/leon\/","name":"ASAJA Le\u00f3n","description":"Otro sitio m\u00e1s de Provincias ASAJA Castilla y Le\u00f3n","potentialAction":[{"@type":"SearchAction","target":{"@type":"EntryPoint","urlTemplate":"https:\/\/www.asajacyl.com\/leon\/?s={search_term_string}"},"query-input":{"@type":"PropertyValueSpecification","valueRequired":true,"valueName":"search_term_string"}}],"inLanguage":"es"},{"@type":"Person","@id":"https:\/\/www.asajacyl.com\/leon\/#\/schema\/person\/7e884476cee132331142e8ac9689f20c","name":"Editor","image":{"@type":"ImageObject","inLanguage":"es","@id":"https:\/\/www.asajacyl.com\/leon\/#\/schema\/person\/image\/","url":"https:\/\/secure.gravatar.com\/avatar\/a2ef43c165669686cfcfb0e1ffa59869?s=96&d=mm&r=g","contentUrl":"https:\/\/secure.gravatar.com\/avatar\/a2ef43c165669686cfcfb0e1ffa59869?s=96&d=mm&r=g","caption":"Editor"},"url":"https:\/\/www.asajacyl.com\/leon\/author\/oscargg"}]}},"_links":{"self":[{"href":"https:\/\/www.asajacyl.com\/leon\/wp-json\/wp\/v2\/posts\/355"}],"collection":[{"href":"https:\/\/www.asajacyl.com\/leon\/wp-json\/wp\/v2\/posts"}],"about":[{"href":"https:\/\/www.asajacyl.com\/leon\/wp-json\/wp\/v2\/types\/post"}],"author":[{"embeddable":true,"href":"https:\/\/www.asajacyl.com\/leon\/wp-json\/wp\/v2\/users\/3"}],"replies":[{"embeddable":true,"href":"https:\/\/www.asajacyl.com\/leon\/wp-json\/wp\/v2\/comments?post=355"}],"version-history":[{"count":2,"href":"https:\/\/www.asajacyl.com\/leon\/wp-json\/wp\/v2\/posts\/355\/revisions"}],"predecessor-version":[{"id":3920,"href":"https:\/\/www.asajacyl.com\/leon\/wp-json\/wp\/v2\/posts\/355\/revisions\/3920"}],"wp:featuredmedia":[{"embeddable":true,"href":"https:\/\/www.asajacyl.com\/leon\/wp-json\/wp\/v2\/media\/8174"}],"wp:attachment":[{"href":"https:\/\/www.asajacyl.com\/leon\/wp-json\/wp\/v2\/media?parent=355"}],"wp:term":[{"taxonomy":"category","embeddable":true,"href":"https:\/\/www.asajacyl.com\/leon\/wp-json\/wp\/v2\/categories?post=355"},{"taxonomy":"post_tag","embeddable":true,"href":"https:\/\/www.asajacyl.com\/leon\/wp-json\/wp\/v2\/tags?post=355"}],"curies":[{"name":"wp","href":"https:\/\/api.w.org\/{rel}","templated":true}]}}