{"id":4448,"date":"2017-09-20T00:00:00","date_gmt":"2017-09-19T22:00:00","guid":{"rendered":"https:\/\/www.asajacyl.com\/leon\/sin-categoria\/cotizaciones-de-la-lonja-agropecuaria-de-len-sesin-20092017"},"modified":"2017-11-14T17:37:07","modified_gmt":"2017-11-14T16:37:07","slug":"cotizaciones-de-la-lonja-agropecuaria-de-len-sesin-20092017","status":"publish","type":"post","link":"https:\/\/www.asajacyl.com\/leon\/servicios-socio\/cotizaciones-de-la-lonja-agropecuaria-de-len-sesin-20092017","title":{"rendered":"Cotizaciones de la Lonja Agropecuaria de Le&#243;n &#8211;  Sesi&#243;n 20\/09\/2017"},"content":{"rendered":"<h2><\/h2>\n<p align=\"center\">\n<strong><u>Comportamiento dispar de los cereales en la sesi&#243;n de hoy de la lonja de Le&#243;n<\/u><\/strong><\/p>\n<p>\n&#160;<\/p>\n<p style=\"text-align: justify;\">\n&#160;&#160;&#160;&#160;&#160;&#160;&#160;&#160;&#160;&#160;&#160; En la sesi&#243;n de la lonja de Le&#243;n celebrado hoy en Santa Maria del P&#225;ramo ha habido un comportamiento dispar en la cotizaci&#243;n de los diferentes cereales con bajadas del ma&#237;z, subidas de la cebada y repetici&#243;n del trigo.<\/p>\n<p style=\"text-align: justify;\">\n&#160;&#160;&#160;&#160;&#160;&#160;&#160;&#160;&#160;&#160;&#160; El ma&#237;z sigue presionado por los &#250;ltimos informes que indican una buena cosecha a nivel mundial y el principio de cosecha ya real en EEUU en el 7% del terreno cosechado hasta la fecha, se est&#225;n observando unos rendimientos un poco superiores a los estimados en un principio.<\/p>\n<p style=\"text-align: justify;\">\n&#160;&#160;&#160;&#160;&#160;&#160;&#160;&#160;&#160;&#160;&#160; En cuanto a la cebada subida de 2 euros\/t, principalmente debida a una fuerte demanda. El mercado nacional que este a&#241;o ser&#225; muy deficitario en este cereal est&#225; pendiente de los precios que se fijen en puerto.<\/p>\n<p style=\"text-align: justify;\">\n&#160;&#160;&#160;&#160;&#160;&#160;&#160;&#160;&#160;&#160;&#160; En cuanto al trigo repetici&#243;n de precio, parece que no est&#225; tan d&#233;bil como en fechas anteriores y los problemas que registra de inundaciones Argentina le est&#225;n dando un respiro, puesto que se teme que este mercado que a fecha de hoy tendr&#237;a ya que estar echando los fertilizantes y sobre todo tratamientos fitosanitarios para el o&#237;dio, al no poder entrar mermen mucho la cosecha, por tanto podemos decir que el mercado ya tiene puestos los ojos en la pr&#243;xima campa&#241;a y ha asumido los stocks de la presente.<\/p>\n<p style=\"text-align: justify;\">\n&#160;&#160;&#160;&#160;&#160;&#160;&#160;&#160;&#160;&#160;&#160; En cuanto a la alubia hoy ha empezado a cotizar la variedad Redonda, a 0.90 euros el kilo.<\/p>\n<p style=\"text-align: justify;\">\n&#160;&#160;&#160;&#160;&#160;&#160;&#160;&#160;&#160;&#160;&#160; Subida de 0,05 euros\/kg de la alubia Pinta, la buena calidad y la muy probable disminuci&#243;n de rendimientos respecto a lo esperado est&#225;n inclinando la balanza hacia una tendencia muy positiva de los mercados.<\/p>\n<p style=\"text-align: justify;\">\n&#160; &#160; &#160; &#160;<\/p>\n<p>\n&#160;<\/p>\n<p>\n&#160;<\/p>\n<p>\nEn Le&#243;n a 20 de septiembre de 2.017.<\/p>\n<p align=\"center\">\n&#160;<\/p>\n<p>\n&#160;<\/p>\n<p align=\"center\">\n<strong>COTIZACIONES DE LA MESA AGRICOLA DE CEREAL 20-09-17<\/strong><\/p>\n<p style=\"margin-left:70.8pt;\">\nPrecios Orientativos Euros\/Tonelada en <strong><u>Origen Almac&#233;n Agricultor<\/u><\/strong><\/p>\n<p align=\"center\">\n&#160;&#160;&#160;&#160;&#160;&#160;&#160;&#160;&#160;&#160;&#160;&#160;&#160;&#160; &#160;&#160;&#160;&#160;&#160;&#160;&#160;&#160; (Condiciones de Calidad O.C.M. Cereales-F.E.G.A. Campa&#241;a 2013\/2014)<\/p>\n<p align=\"center\">\n&#160;<\/p>\n<p align=\"center\">\n&#160;<\/p>\n<table border=\"1\" cellpadding=\"0\" cellspacing=\"0\">\n<tbody>\n<tr>\n<td style=\"width:158px;\">\n<p align=\"center\">\n<strong>CEREALES<\/strong><\/p>\n<\/td>\n<td style=\"width:170px;\">\n<p align=\"center\">\n<strong>COTIZACION<\/strong><\/p>\n<p align=\"center\">\n<strong>ANTERIOR<\/strong><\/p>\n<\/td>\n<td style=\"width:133px;\">\n<p align=\"center\">\n<strong>COTIZACION<\/strong><\/p>\n<p align=\"center\">\n<strong>ACTUAL<\/strong><\/p>\n<\/td>\n<td style=\"width:114px;\">\n<p align=\"center\">\n<strong>DIF.<\/strong><\/p>\n<\/td>\n<\/tr>\n<tr>\n<td style=\"width:158px;\">\n<p align=\"center\">\n&#160;<\/p>\n<\/td>\n<td style=\"width:170px;\">\n<p align=\"center\">\n<strong>&#8364;\/t<\/strong><\/p>\n<\/td>\n<td style=\"width:133px;\">\n<p align=\"center\">\n<strong>&#8364;\/t<\/strong><\/p>\n<\/td>\n<td style=\"width:114px;\">\n<p align=\"center\">\n&#160;<\/p>\n<\/td>\n<\/tr>\n<tr>\n<td style=\"width:158px;\">\n<p>\nTrigo Pienso<\/p>\n<\/td>\n<td style=\"width:170px;\">\n<p align=\"center\">\n173,00<\/p>\n<\/td>\n<td style=\"width:133px;\">\n<p align=\"center\">\n173,00<\/p>\n<\/td>\n<td style=\"width:114px;\">\n<p align=\"center\">\n=<\/p>\n<\/td>\n<\/tr>\n<tr>\n<td style=\"width:158px;\">\n<p>\nCebada<\/p>\n<\/td>\n<td style=\"width:170px;\">\n<p align=\"center\">\n165,00<\/p>\n<\/td>\n<td style=\"width:133px;\">\n<p align=\"center\">\n167,00<\/p>\n<\/td>\n<td style=\"width:114px;\">\n<p align=\"center\">\n&#9650;<\/p>\n<\/td>\n<\/tr>\n<tr>\n<td style=\"width:158px;\">\n<p>\nTriticale<\/p>\n<\/td>\n<td style=\"width:170px;\">\n<p align=\"center\">\n168,00<\/p>\n<\/td>\n<td style=\"width:133px;\">\n<p align=\"center\">\n169,00<\/p>\n<\/td>\n<td style=\"width:114px;\">\n<p align=\"center\">\n&#9650;<\/p>\n<\/td>\n<\/tr>\n<tr>\n<td style=\"width:158px;\">\n<p>\nCenteno<\/p>\n<\/td>\n<td style=\"width:170px;\">\n<p align=\"center\">\n156,00<\/p>\n<\/td>\n<td style=\"width:133px;\">\n<p align=\"center\">\n156,00<\/p>\n<\/td>\n<td style=\"width:114px;\">\n<p align=\"center\">\n=<\/p>\n<\/td>\n<\/tr>\n<tr>\n<td style=\"width:158px;\">\n<p>\nAvena<\/p>\n<\/td>\n<td style=\"width:170px;\">\n<p align=\"center\">\n150,00<\/p>\n<\/td>\n<td style=\"width:133px;\">\n<p align=\"center\">\n150,00<\/p>\n<\/td>\n<td style=\"width:114px;\">\n<p align=\"center\">\n=<\/p>\n<\/td>\n<\/tr>\n<tr>\n<td style=\"width:158px;\">\n<p>\nMa&#237;z<\/p>\n<\/td>\n<td style=\"width:170px;\">\n<p align=\"center\">\n&#160; 173,00*<\/p>\n<\/td>\n<td style=\"width:133px;\">\n<p align=\"center\">\n&#160; 170,00*<\/p>\n<\/td>\n<td style=\"width:114px;\">\n<p align=\"center\">\n&#9660;<\/p>\n<\/td>\n<\/tr>\n<\/tbody>\n<\/table>\n<p>\n&#160;<\/p>\n<p>\n*&#160; Ma&#237;z&#160; con menos del 15% de humedad&#160;<\/p>\n<p>\nActividad subvencionada por la Diputaci&#243;n Provincial de Le&#243;n. &#160;<\/p>\n<p>\n&#160;<\/p>\n<table border=\"1\" cellpadding=\"0\" cellspacing=\"0\">\n<tbody>\n<tr>\n<td style=\"width:158px;\">\n<p align=\"center\">\n<strong>GIRASOL<\/strong><\/p>\n<\/td>\n<td style=\"width:170px;\">\n<p align=\"center\">\n<strong>COTIZACION<\/strong><\/p>\n<p align=\"center\">\n<strong>ANTERIOR<\/strong><\/p>\n<\/td>\n<td style=\"width:133px;\">\n<p align=\"center\">\n<strong>COTIZACION<\/strong><\/p>\n<p align=\"center\">\n<strong>ACTUAL<\/strong><\/p>\n<\/td>\n<td style=\"width:114px;\">\n<p align=\"center\">\n<strong>DIF.<\/strong><\/p>\n<\/td>\n<\/tr>\n<tr>\n<td style=\"width:158px;\">\n<p align=\"center\">\n&#160;<\/p>\n<\/td>\n<td style=\"width:170px;\">\n<p align=\"center\">\n<strong>&#8364;\/t<\/strong><\/p>\n<\/td>\n<td style=\"width:133px;\">\n<p align=\"center\">\n<strong>&#8364;\/t<\/strong><\/p>\n<\/td>\n<td style=\"width:114px;\">\n<p align=\"center\">\n&#160;<\/p>\n<\/td>\n<\/tr>\n<tr>\n<td style=\"width:158px;\">\n<p>\nGirasol*<\/p>\n<\/td>\n<td style=\"width:170px;\">\n<p align=\"center\">\n320<\/p>\n<\/td>\n<td style=\"width:133px;\">\n<p align=\"center\">\n320<\/p>\n<\/td>\n<td style=\"width:114px;\">\n<p align=\"center\">\n=<\/p>\n<\/td>\n<\/tr>\n<tr>\n<td style=\"width:158px;\">\n<p>\nGirasol alto oleico**<\/p>\n<\/td>\n<td style=\"width:170px;\">\n<p align=\"center\">\n350<\/p>\n<\/td>\n<td style=\"width:133px;\">\n<p align=\"center\">\n350<\/p>\n<\/td>\n<td style=\"width:114px;\">\n<p align=\"center\">\n=<\/p>\n<\/td>\n<\/tr>\n<\/tbody>\n<\/table>\n<p>\n&#160; * Calidad Tipo 9-2-44<\/p>\n<p>\n** 80% m&#237;nimo de &#225;cido oleico<\/p>\n<p>\n&#160;<\/p>\n<p>\nActividad subvencionada por la Diputaci&#243;n Provincial de Le&#243;n.<\/p>\n<table border=\"1\" cellpadding=\"0\" cellspacing=\"0\">\n<tbody>\n<tr>\n<td style=\"width:158px;\">\n<p align=\"center\">\n<strong>ALUBIAS<\/strong><\/p>\n<\/td>\n<td style=\"width:170px;\">\n<p align=\"center\">\n<strong>COTIZACION<\/strong><\/p>\n<p align=\"center\">\n<strong>ANTERIOR<\/strong><\/p>\n<\/td>\n<td style=\"width:133px;\">\n<p align=\"center\">\n<strong>COTIZACION<\/strong><\/p>\n<p align=\"center\">\n<strong>ACTUAL<\/strong><\/p>\n<\/td>\n<td style=\"width:114px;\">\n<p align=\"center\">\n<strong>DIF.<\/strong><\/p>\n<\/td>\n<\/tr>\n<tr>\n<td style=\"width:158px;\">\n<p align=\"center\">\n&#160;<\/p>\n<\/td>\n<td style=\"width:170px;\">\n<p align=\"center\">\n<strong>&#8364;\/kg<\/strong><\/p>\n<\/td>\n<td style=\"width:133px;\">\n<p align=\"center\">\n<strong>&#8364;\/kg<\/strong><\/p>\n<\/td>\n<td style=\"width:114px;\">\n<p align=\"center\">\n&#160;<\/p>\n<\/td>\n<\/tr>\n<tr>\n<td style=\"width:158px;\">\n<p>\nCanela<\/p>\n<\/td>\n<td style=\"width:170px;\">\n<p align=\"center\">\n1,30<\/p>\n<\/td>\n<td style=\"width:133px;\">\n<p align=\"center\">\n1,30<\/p>\n<\/td>\n<td style=\"width:114px;\">\n<p align=\"center\">\n=<\/p>\n<\/td>\n<\/tr>\n<tr>\n<td style=\"width:158px;\">\n<p>\nNegra<\/p>\n<\/td>\n<td style=\"width:170px;\">\n<p align=\"center\">\nS\/C<\/p>\n<\/td>\n<td style=\"width:133px;\">\n<p align=\"center\">\nS\/C<\/p>\n<\/td>\n<td style=\"width:114px;\">\n<p align=\"center\">\n&#160;<\/p>\n<\/td>\n<\/tr>\n<tr>\n<td style=\"width:158px;\">\n<p>\nPalme&#241;a Redonda<\/p>\n<\/td>\n<td style=\"width:170px;\">\n<p align=\"center\">\nS\/C<\/p>\n<\/td>\n<td style=\"width:133px;\">\n<p align=\"center\">\nS\/C<\/p>\n<\/td>\n<td style=\"width:114px;\">\n<p align=\"center\">\n&#160;<\/p>\n<\/td>\n<\/tr>\n<tr>\n<td style=\"width:158px;\">\n<p>\nPlanchada<\/p>\n<\/td>\n<td style=\"width:170px;\">\n<p align=\"center\">\nS\/C<\/p>\n<\/td>\n<td style=\"width:133px;\">\n<p align=\"center\">\nS\/C<\/p>\n<\/td>\n<td style=\"width:114px;\">\n<p align=\"center\">\n&#160;<\/p>\n<\/td>\n<\/tr>\n<tr>\n<td style=\"width:158px;\">\n<p>\nPlancheta<\/p>\n<\/td>\n<td style=\"width:170px;\">\n<p align=\"center\">\nS\/C<\/p>\n<\/td>\n<td style=\"width:133px;\">\n<p align=\"center\">\nS\/C<\/p>\n<\/td>\n<td style=\"width:114px;\">\n<p align=\"center\">\n&#160;<\/p>\n<\/td>\n<\/tr>\n<tr>\n<td style=\"width:158px;\">\n<p>\nPinta<\/p>\n<\/td>\n<td style=\"width:170px;\">\n<p align=\"center\">\n0,80<\/p>\n<\/td>\n<td style=\"width:133px;\">\n<p align=\"center\">\n0,85<\/p>\n<\/td>\n<td style=\"width:114px;\">\n<p align=\"center\">\n&#9650;<\/p>\n<\/td>\n<\/tr>\n<tr>\n<td style=\"width:158px;\">\n<p>\nRi&#241;&#243;n de Le&#243;n<\/p>\n<\/td>\n<td style=\"width:170px;\">\n<p align=\"center\">\n0,90<\/p>\n<\/td>\n<td style=\"width:133px;\">\n<p align=\"center\">\n0,90<\/p>\n<\/td>\n<td style=\"width:114px;\">\n<p align=\"center\">\n=<\/p>\n<\/td>\n<\/tr>\n<tr>\n<td style=\"width:158px;\">\n<p>\nRedonda<\/p>\n<\/td>\n<td style=\"width:170px;\">\n<p align=\"center\">\nS\/C<\/p>\n<\/td>\n<td style=\"width:133px;\">\n<p align=\"center\">\n0,90<\/p>\n<\/td>\n<td style=\"width:114px;\">\n<p align=\"center\">\n&#160;<\/p>\n<\/td>\n<\/tr>\n<\/tbody>\n<\/table>\n<p>\n&#160;<\/p>\n<p>\nActividad subvencionada por la Diputaci&#243;n Provincial de Le&#243;n.<\/p>\n","protected":false},"excerpt":{"rendered":"<p>Comportamiento dispar de los cereales en la sesi&#243;n de hoy de la lonja de Le&#243;n &#160; &#160;&#160;&#160;&#160;&#160;&#160;&#160;&#160;&#160;&#160;&#160; En la sesi&#243;n de la lonja de Le&#243;n celebrado hoy en Santa Maria del P&#225;ramo ha habido un comportamiento dispar en la cotizaci&#243;n de los diferentes cereales con bajadas del ma&#237;z, subidas de la cebada y repetici&#243;n del [&hellip;]<\/p>\n","protected":false},"author":3,"featured_media":8174,"comment_status":"open","ping_status":"open","sticky":false,"template":"","format":"standard","meta":{"footnotes":""},"categories":[34,67,5],"tags":[],"yoast_head":"<!-- This site is optimized with the Yoast SEO plugin v24.5 - https:\/\/yoast.com\/wordpress\/plugins\/seo\/ -->\n<title>Cotizaciones de la Lonja Agropecuaria de Le&#243;n - Sesi&#243;n 20\/09\/2017 - ASAJA Le\u00f3n<\/title>\n<meta name=\"description\" content=\"Comportamiento dispar de los cereales en la sesi&#243;n de hoy de la lonja de Le&#243;n &#160;\" \/>\n<meta name=\"robots\" content=\"index, follow, max-snippet:-1, max-image-preview:large, max-video-preview:-1\" \/>\n<link rel=\"canonical\" href=\"https:\/\/www.asajacyl.com\/leon\/servicios-socio\/cotizaciones-de-la-lonja-agropecuaria-de-len-sesin-20092017\" \/>\n<meta property=\"og:locale\" content=\"es_ES\" \/>\n<meta property=\"og:type\" content=\"article\" \/>\n<meta property=\"og:title\" content=\"Cotizaciones de la Lonja Agropecuaria de Le&#243;n - Sesi&#243;n 20\/09\/2017 - ASAJA Le\u00f3n\" \/>\n<meta property=\"og:description\" content=\"Comportamiento dispar de los cereales en la sesi&#243;n de hoy de la lonja de Le&#243;n &#160;\" \/>\n<meta property=\"og:url\" content=\"https:\/\/www.asajacyl.com\/leon\/servicios-socio\/cotizaciones-de-la-lonja-agropecuaria-de-len-sesin-20092017\" \/>\n<meta property=\"og:site_name\" content=\"ASAJA Le\u00f3n\" \/>\n<meta property=\"article:published_time\" content=\"2017-09-19T22:00:00+00:00\" \/>\n<meta property=\"article:modified_time\" content=\"2017-11-14T16:37:07+00:00\" \/>\n<meta property=\"og:image\" content=\"https:\/\/www.asajacyl.com\/leon\/wp-content\/uploads\/sites\/6\/2017\/11\/im_predefinida_1920x1080.jpg\" \/>\n\t<meta property=\"og:image:width\" content=\"1920\" \/>\n\t<meta property=\"og:image:height\" content=\"1080\" \/>\n\t<meta property=\"og:image:type\" content=\"image\/jpeg\" \/>\n<meta name=\"author\" content=\"Editor\" \/>\n<meta name=\"twitter:card\" content=\"summary_large_image\" \/>\n<meta name=\"twitter:label1\" content=\"Escrito por\" \/>\n\t<meta name=\"twitter:data1\" content=\"Editor\" \/>\n\t<meta name=\"twitter:label2\" content=\"Tiempo de lectura\" \/>\n\t<meta name=\"twitter:data2\" content=\"2 minutos\" \/>\n<script type=\"application\/ld+json\" class=\"yoast-schema-graph\">{\"@context\":\"https:\/\/schema.org\",\"@graph\":[{\"@type\":\"WebPage\",\"@id\":\"https:\/\/www.asajacyl.com\/leon\/servicios-socio\/cotizaciones-de-la-lonja-agropecuaria-de-len-sesin-20092017\",\"url\":\"https:\/\/www.asajacyl.com\/leon\/servicios-socio\/cotizaciones-de-la-lonja-agropecuaria-de-len-sesin-20092017\",\"name\":\"Cotizaciones de la Lonja Agropecuaria de Le&#243;n - Sesi&#243;n 20\/09\/2017 - ASAJA Le\u00f3n\",\"isPartOf\":{\"@id\":\"https:\/\/www.asajacyl.com\/leon\/#website\"},\"primaryImageOfPage\":{\"@id\":\"https:\/\/www.asajacyl.com\/leon\/servicios-socio\/cotizaciones-de-la-lonja-agropecuaria-de-len-sesin-20092017#primaryimage\"},\"image\":{\"@id\":\"https:\/\/www.asajacyl.com\/leon\/servicios-socio\/cotizaciones-de-la-lonja-agropecuaria-de-len-sesin-20092017#primaryimage\"},\"thumbnailUrl\":\"https:\/\/www.asajacyl.com\/leon\/wp-content\/uploads\/sites\/6\/2017\/11\/im_predefinida_1920x1080.jpg\",\"datePublished\":\"2017-09-19T22:00:00+00:00\",\"dateModified\":\"2017-11-14T16:37:07+00:00\",\"author\":{\"@id\":\"https:\/\/www.asajacyl.com\/leon\/#\/schema\/person\/7e884476cee132331142e8ac9689f20c\"},\"description\":\"Comportamiento dispar de los cereales en la sesi&#243;n de hoy de la lonja de Le&#243;n &#160;\",\"breadcrumb\":{\"@id\":\"https:\/\/www.asajacyl.com\/leon\/servicios-socio\/cotizaciones-de-la-lonja-agropecuaria-de-len-sesin-20092017#breadcrumb\"},\"inLanguage\":\"es\",\"potentialAction\":[{\"@type\":\"ReadAction\",\"target\":[\"https:\/\/www.asajacyl.com\/leon\/servicios-socio\/cotizaciones-de-la-lonja-agropecuaria-de-len-sesin-20092017\"]}]},{\"@type\":\"ImageObject\",\"inLanguage\":\"es\",\"@id\":\"https:\/\/www.asajacyl.com\/leon\/servicios-socio\/cotizaciones-de-la-lonja-agropecuaria-de-len-sesin-20092017#primaryimage\",\"url\":\"https:\/\/www.asajacyl.com\/leon\/wp-content\/uploads\/sites\/6\/2017\/11\/im_predefinida_1920x1080.jpg\",\"contentUrl\":\"https:\/\/www.asajacyl.com\/leon\/wp-content\/uploads\/sites\/6\/2017\/11\/im_predefinida_1920x1080.jpg\",\"width\":1920,\"height\":1080,\"caption\":\"Logotipo ASAJA Le\u00f3n\"},{\"@type\":\"BreadcrumbList\",\"@id\":\"https:\/\/www.asajacyl.com\/leon\/servicios-socio\/cotizaciones-de-la-lonja-agropecuaria-de-len-sesin-20092017#breadcrumb\",\"itemListElement\":[{\"@type\":\"ListItem\",\"position\":1,\"name\":\"Portada\",\"item\":\"https:\/\/www.asajacyl.com\/leon\/\"},{\"@type\":\"ListItem\",\"position\":2,\"name\":\"Cotizaciones de la Lonja Agropecuaria de Le&#243;n &#8211; Sesi&#243;n 20\/09\/2017\"}]},{\"@type\":\"WebSite\",\"@id\":\"https:\/\/www.asajacyl.com\/leon\/#website\",\"url\":\"https:\/\/www.asajacyl.com\/leon\/\",\"name\":\"ASAJA Le\u00f3n\",\"description\":\"Otro sitio m\u00e1s de Provincias ASAJA Castilla y Le\u00f3n\",\"potentialAction\":[{\"@type\":\"SearchAction\",\"target\":{\"@type\":\"EntryPoint\",\"urlTemplate\":\"https:\/\/www.asajacyl.com\/leon\/?s={search_term_string}\"},\"query-input\":{\"@type\":\"PropertyValueSpecification\",\"valueRequired\":true,\"valueName\":\"search_term_string\"}}],\"inLanguage\":\"es\"},{\"@type\":\"Person\",\"@id\":\"https:\/\/www.asajacyl.com\/leon\/#\/schema\/person\/7e884476cee132331142e8ac9689f20c\",\"name\":\"Editor\",\"image\":{\"@type\":\"ImageObject\",\"inLanguage\":\"es\",\"@id\":\"https:\/\/www.asajacyl.com\/leon\/#\/schema\/person\/image\/\",\"url\":\"https:\/\/secure.gravatar.com\/avatar\/a2ef43c165669686cfcfb0e1ffa59869?s=96&d=mm&r=g\",\"contentUrl\":\"https:\/\/secure.gravatar.com\/avatar\/a2ef43c165669686cfcfb0e1ffa59869?s=96&d=mm&r=g\",\"caption\":\"Editor\"},\"url\":\"https:\/\/www.asajacyl.com\/leon\/author\/oscargg\"}]}<\/script>\n<!-- \/ Yoast SEO plugin. -->","yoast_head_json":{"title":"Cotizaciones de la Lonja Agropecuaria de Le&#243;n - Sesi&#243;n 20\/09\/2017 - ASAJA Le\u00f3n","description":"Comportamiento dispar de los cereales en la sesi&#243;n de hoy de la lonja de Le&#243;n &#160;","robots":{"index":"index","follow":"follow","max-snippet":"max-snippet:-1","max-image-preview":"max-image-preview:large","max-video-preview":"max-video-preview:-1"},"canonical":"https:\/\/www.asajacyl.com\/leon\/servicios-socio\/cotizaciones-de-la-lonja-agropecuaria-de-len-sesin-20092017","og_locale":"es_ES","og_type":"article","og_title":"Cotizaciones de la Lonja Agropecuaria de Le&#243;n - Sesi&#243;n 20\/09\/2017 - ASAJA Le\u00f3n","og_description":"Comportamiento dispar de los cereales en la sesi&#243;n de hoy de la lonja de Le&#243;n &#160;","og_url":"https:\/\/www.asajacyl.com\/leon\/servicios-socio\/cotizaciones-de-la-lonja-agropecuaria-de-len-sesin-20092017","og_site_name":"ASAJA Le\u00f3n","article_published_time":"2017-09-19T22:00:00+00:00","article_modified_time":"2017-11-14T16:37:07+00:00","og_image":[{"width":1920,"height":1080,"url":"https:\/\/www.asajacyl.com\/leon\/wp-content\/uploads\/sites\/6\/2017\/11\/im_predefinida_1920x1080.jpg","type":"image\/jpeg"}],"author":"Editor","twitter_card":"summary_large_image","twitter_misc":{"Escrito por":"Editor","Tiempo de lectura":"2 minutos"},"schema":{"@context":"https:\/\/schema.org","@graph":[{"@type":"WebPage","@id":"https:\/\/www.asajacyl.com\/leon\/servicios-socio\/cotizaciones-de-la-lonja-agropecuaria-de-len-sesin-20092017","url":"https:\/\/www.asajacyl.com\/leon\/servicios-socio\/cotizaciones-de-la-lonja-agropecuaria-de-len-sesin-20092017","name":"Cotizaciones de la Lonja Agropecuaria de Le&#243;n - Sesi&#243;n 20\/09\/2017 - ASAJA Le\u00f3n","isPartOf":{"@id":"https:\/\/www.asajacyl.com\/leon\/#website"},"primaryImageOfPage":{"@id":"https:\/\/www.asajacyl.com\/leon\/servicios-socio\/cotizaciones-de-la-lonja-agropecuaria-de-len-sesin-20092017#primaryimage"},"image":{"@id":"https:\/\/www.asajacyl.com\/leon\/servicios-socio\/cotizaciones-de-la-lonja-agropecuaria-de-len-sesin-20092017#primaryimage"},"thumbnailUrl":"https:\/\/www.asajacyl.com\/leon\/wp-content\/uploads\/sites\/6\/2017\/11\/im_predefinida_1920x1080.jpg","datePublished":"2017-09-19T22:00:00+00:00","dateModified":"2017-11-14T16:37:07+00:00","author":{"@id":"https:\/\/www.asajacyl.com\/leon\/#\/schema\/person\/7e884476cee132331142e8ac9689f20c"},"description":"Comportamiento dispar de los cereales en la sesi&#243;n de hoy de la lonja de Le&#243;n &#160;","breadcrumb":{"@id":"https:\/\/www.asajacyl.com\/leon\/servicios-socio\/cotizaciones-de-la-lonja-agropecuaria-de-len-sesin-20092017#breadcrumb"},"inLanguage":"es","potentialAction":[{"@type":"ReadAction","target":["https:\/\/www.asajacyl.com\/leon\/servicios-socio\/cotizaciones-de-la-lonja-agropecuaria-de-len-sesin-20092017"]}]},{"@type":"ImageObject","inLanguage":"es","@id":"https:\/\/www.asajacyl.com\/leon\/servicios-socio\/cotizaciones-de-la-lonja-agropecuaria-de-len-sesin-20092017#primaryimage","url":"https:\/\/www.asajacyl.com\/leon\/wp-content\/uploads\/sites\/6\/2017\/11\/im_predefinida_1920x1080.jpg","contentUrl":"https:\/\/www.asajacyl.com\/leon\/wp-content\/uploads\/sites\/6\/2017\/11\/im_predefinida_1920x1080.jpg","width":1920,"height":1080,"caption":"Logotipo ASAJA Le\u00f3n"},{"@type":"BreadcrumbList","@id":"https:\/\/www.asajacyl.com\/leon\/servicios-socio\/cotizaciones-de-la-lonja-agropecuaria-de-len-sesin-20092017#breadcrumb","itemListElement":[{"@type":"ListItem","position":1,"name":"Portada","item":"https:\/\/www.asajacyl.com\/leon\/"},{"@type":"ListItem","position":2,"name":"Cotizaciones de la Lonja Agropecuaria de Le&#243;n &#8211; Sesi&#243;n 20\/09\/2017"}]},{"@type":"WebSite","@id":"https:\/\/www.asajacyl.com\/leon\/#website","url":"https:\/\/www.asajacyl.com\/leon\/","name":"ASAJA Le\u00f3n","description":"Otro sitio m\u00e1s de Provincias ASAJA Castilla y Le\u00f3n","potentialAction":[{"@type":"SearchAction","target":{"@type":"EntryPoint","urlTemplate":"https:\/\/www.asajacyl.com\/leon\/?s={search_term_string}"},"query-input":{"@type":"PropertyValueSpecification","valueRequired":true,"valueName":"search_term_string"}}],"inLanguage":"es"},{"@type":"Person","@id":"https:\/\/www.asajacyl.com\/leon\/#\/schema\/person\/7e884476cee132331142e8ac9689f20c","name":"Editor","image":{"@type":"ImageObject","inLanguage":"es","@id":"https:\/\/www.asajacyl.com\/leon\/#\/schema\/person\/image\/","url":"https:\/\/secure.gravatar.com\/avatar\/a2ef43c165669686cfcfb0e1ffa59869?s=96&d=mm&r=g","contentUrl":"https:\/\/secure.gravatar.com\/avatar\/a2ef43c165669686cfcfb0e1ffa59869?s=96&d=mm&r=g","caption":"Editor"},"url":"https:\/\/www.asajacyl.com\/leon\/author\/oscargg"}]}},"_links":{"self":[{"href":"https:\/\/www.asajacyl.com\/leon\/wp-json\/wp\/v2\/posts\/4448"}],"collection":[{"href":"https:\/\/www.asajacyl.com\/leon\/wp-json\/wp\/v2\/posts"}],"about":[{"href":"https:\/\/www.asajacyl.com\/leon\/wp-json\/wp\/v2\/types\/post"}],"author":[{"embeddable":true,"href":"https:\/\/www.asajacyl.com\/leon\/wp-json\/wp\/v2\/users\/3"}],"replies":[{"embeddable":true,"href":"https:\/\/www.asajacyl.com\/leon\/wp-json\/wp\/v2\/comments?post=4448"}],"version-history":[{"count":1,"href":"https:\/\/www.asajacyl.com\/leon\/wp-json\/wp\/v2\/posts\/4448\/revisions"}],"predecessor-version":[{"id":5259,"href":"https:\/\/www.asajacyl.com\/leon\/wp-json\/wp\/v2\/posts\/4448\/revisions\/5259"}],"wp:featuredmedia":[{"embeddable":true,"href":"https:\/\/www.asajacyl.com\/leon\/wp-json\/wp\/v2\/media\/8174"}],"wp:attachment":[{"href":"https:\/\/www.asajacyl.com\/leon\/wp-json\/wp\/v2\/media?parent=4448"}],"wp:term":[{"taxonomy":"category","embeddable":true,"href":"https:\/\/www.asajacyl.com\/leon\/wp-json\/wp\/v2\/categories?post=4448"},{"taxonomy":"post_tag","embeddable":true,"href":"https:\/\/www.asajacyl.com\/leon\/wp-json\/wp\/v2\/tags?post=4448"}],"curies":[{"name":"wp","href":"https:\/\/api.w.org\/{rel}","templated":true}]}}