{"id":462,"date":"2015-03-02T00:00:00","date_gmt":"2015-03-01T23:00:00","guid":{"rendered":"https:\/\/www.asajacyl.com\/leon\/2015\/03\/02\/la-mitad-de-la-superficie-de-pastos-de-los-montes-de-la-provincia-de-len-no-servir-para-solicitar-ayudas-de-la-pac\/"},"modified":"2017-11-14T18:36:39","modified_gmt":"2017-11-14T17:36:39","slug":"la-mitad-de-la-superficie-de-pastos-de-los-montes-de-la-provincia-de-len-no-servir-para-solicitar-ayudas-de-la-pac","status":"publish","type":"post","link":"https:\/\/www.asajacyl.com\/leon\/asaja-leon-informa\/la-mitad-de-la-superficie-de-pastos-de-los-montes-de-la-provincia-de-len-no-servir-para-solicitar-ayudas-de-la-pac","title":{"rendered":"LA MITAD DE LA SUPERFICIE DE PASTOS DE LOS MONTES DE LA PROVINCIA DE LE&#211;N NO SERVIR&#193; PARA SOLICITAR AYUDAS DE LA PAC"},"content":{"rendered":"<h2>La mitad de la superficie de los montes arbolados de la provincia de Le&#243;n no servir&#225; para solicitar las ayudas de la PAC, ya que se aplicar&#225; un coeficiente de admisibilidad que reduce la utilizaci&#243;n en funci&#243;n de la pendiente y de la masa arb&#243;rea.<\/h2>\n<p style=\"text-align: center;\">\n<span style=\"color:#006400;\"><strong>LA MITAD DE LA SUPERFICIE DE PASTOS DE LOS MONTES DE LA PROVINCIA DE LE&#211;N NO SERVIR&#193; PARA SOLICITAR AYUDAS DE LA PAC<\/strong><\/span><\/p>\n<p style=\"text-align: justify;\">\nLa mitad de la superficie de los montes arbolados de la provincia de Le&#243;n no servir&#225; para solicitar las ayudas de la PAC, ya que se aplicar&#225; un coeficiente de admisibilidad que reduce la utilizaci&#243;n en funci&#243;n de la pendiente y de la masa arb&#243;rea. El coeficiente por pendiente ya se hab&#237;a utilizado en a&#241;os anteriores y salvo en casos muy concretos no hab&#237;a ocasionado mayores problemas ya que la reducci&#243;n por lo general no superaba el 10%. Con la entrada en vigor de la nueva PAC, el ministerio de Agricultura y la Junta de Castilla y Le&#243;n&#160; hab&#237;an&#160; anunciado que se iban a incorporar nuevos coeficientes de admisibilidad de pastos teniendo en cuenta sobre todo la densidad de &#225;rboles y arbustos, algo que se ha podido comprobar hoy consultado la aplicaci&#243;n del Sigpac (Sistema de Identificaci&#243;n Geogr&#225;fica de Parcelas) y el programa de gesti&#243;n de la PAC en la web de la Junta de Castilla y Le&#243;n.<\/p>\n<p style=\"text-align: justify;\">\nEn un primer rastreo que ha efectuado ASAJA, la organizaci&#243;n calcula que m&#225;s del 50 por ciento de la superficie de pastos en montes arbolados&#160; no se podr&#225; utilizar para solicitar ayudas ganaderas, encontr&#225;ndose para cada parcela coeficientes&#160; muy variados desde el cero hasta cifras pr&#243;ximas al cien. Muchos de estos montes tienen la catalogaci&#243;n de Montes de Utilidad P&#250;blica y las subastas las tutela la Junta de Castilla y Le&#243;n. Ahora el ganadero, al concurrir a las subastas o arrendamientos, tiene que saber que la superficie que realmente se puede pastar no se corresponde con la que va a poder declarar en su expediente de la PAC, siendo por lo general esta &#250;ltima mucho menor.<\/p>\n<p style=\"text-align: justify;\">\nASAJA critica que estos coeficientes se hayan implantado sin un periodo de exposici&#243;n p&#250;blica para presentar alegaciones por parte de los propietarios o arrendatarios de los montes, y teme que haya cantidad de errores que creen situaciones injustas y coloquen a muchos ganaderos de las zonas de monta&#241;a en desventaja competitiva. Adem&#225;s, al tener que arrendar m&#225;s hect&#225;reas de las que realmente necesitan para pasto, para justificar a efectos de las ayudas de la PAC, tendr&#225;n que hacer un mayor desembolso econ&#243;mico del que era habitual.<\/p>\n<p style=\"text-align: justify;\">\nLa provincia de Le&#243;n es una de las m&#225;s perjudicadas por esta medida de pol&#237;tica agraria habida cuenta de la gran superficie de pastos de monta&#241;a, la mayor&#237;a afectados por pendientes, por superficies rocosas que tambi&#233;n se descuentan, o por masas arb&#243;reas o arbustivas. Adem&#225;s, el abandono que desde hace d&#233;cadas se ha producido en fincas particulares que se han dejado de cultivar, en muchos casos por sus escasas dimensiones, y donde ha crecido el matorral, se suma a este problema que es sobre todo de montes titularidad de entidades locales menores y ayuntamientos.<\/p>\n<p style=\"text-align: justify;\">\nAl margen de esto, hay un cambio positivo en la nueva PAC que ASAJA valora porque destierra pr&#225;cticas especulativas de etapas anteriores consentidas por la legislaci&#243;n que estuvo vigentes. As&#237;, con car&#225;cter general, nadie podr&#225; recibir ayudas de la PAC declarando superficies en los montes si no dispone de carga ganadera y puede justificar el aprovechamiento real de los pastos.<\/p>\n<p style=\"text-align: justify;\">\nLe&#243;n, 2 de marzo de 2015.<\/p>\n<p>\n&#160;<\/p>\n","protected":false},"excerpt":{"rendered":"<p>La mitad de la superficie de los montes arbolados de la provincia de Le&#243;n no servir&#225; para solicitar las ayudas de la PAC, ya que se aplicar&#225; un coeficiente de admisibilidad que reduce la utilizaci&#243;n en funci&#243;n de la pendiente y de la masa arb&#243;rea.<\/p>\n","protected":false},"author":3,"featured_media":8174,"comment_status":"open","ping_status":"open","sticky":false,"template":"","format":"standard","meta":{"footnotes":""},"categories":[4,9],"tags":[],"yoast_head":"<!-- This site is optimized with the Yoast SEO plugin v24.5 - https:\/\/yoast.com\/wordpress\/plugins\/seo\/ -->\n<title>LA MITAD DE LA SUPERFICIE DE PASTOS DE LOS MONTES DE LA PROVINCIA DE LE&#211;N NO SERVIR&#193; PARA SOLICITAR AYUDAS DE LA PAC - ASAJA Le\u00f3n<\/title>\n<meta name=\"description\" content=\"La mitad de la superficie de los montes arbolados de la provincia de Le&#243;n no servir&#225; para solicitar las ayudas de la PAC, ya que se aplicar&#225; un coeficiente de admisibilidad que reduce la utilizaci&#243;n en funci&#243;n de la pendiente y de la masa arb&#243;rea.\" \/>\n<meta name=\"robots\" content=\"index, follow, max-snippet:-1, max-image-preview:large, max-video-preview:-1\" \/>\n<link rel=\"canonical\" href=\"https:\/\/www.asajacyl.com\/leon\/asaja-leon-informa\/la-mitad-de-la-superficie-de-pastos-de-los-montes-de-la-provincia-de-len-no-servir-para-solicitar-ayudas-de-la-pac\" \/>\n<meta property=\"og:locale\" content=\"es_ES\" \/>\n<meta property=\"og:type\" content=\"article\" \/>\n<meta property=\"og:title\" content=\"LA MITAD DE LA SUPERFICIE DE PASTOS DE LOS MONTES DE LA PROVINCIA DE LE&#211;N NO SERVIR&#193; PARA SOLICITAR AYUDAS DE LA PAC - ASAJA Le\u00f3n\" \/>\n<meta property=\"og:description\" content=\"La mitad de la superficie de los montes arbolados de la provincia de Le&#243;n no servir&#225; para solicitar las ayudas de la PAC, ya que se aplicar&#225; un coeficiente de admisibilidad que reduce la utilizaci&#243;n en funci&#243;n de la pendiente y de la masa arb&#243;rea.\" \/>\n<meta property=\"og:url\" content=\"https:\/\/www.asajacyl.com\/leon\/asaja-leon-informa\/la-mitad-de-la-superficie-de-pastos-de-los-montes-de-la-provincia-de-len-no-servir-para-solicitar-ayudas-de-la-pac\" \/>\n<meta property=\"og:site_name\" content=\"ASAJA Le\u00f3n\" \/>\n<meta property=\"article:published_time\" content=\"2015-03-01T23:00:00+00:00\" \/>\n<meta property=\"article:modified_time\" content=\"2017-11-14T17:36:39+00:00\" \/>\n<meta property=\"og:image\" content=\"https:\/\/www.asajacyl.com\/leon\/wp-content\/uploads\/sites\/6\/2017\/11\/im_predefinida_1920x1080.jpg\" \/>\n\t<meta property=\"og:image:width\" content=\"1920\" \/>\n\t<meta property=\"og:image:height\" content=\"1080\" \/>\n\t<meta property=\"og:image:type\" content=\"image\/jpeg\" \/>\n<meta name=\"author\" content=\"Editor\" \/>\n<meta name=\"twitter:card\" content=\"summary_large_image\" \/>\n<meta name=\"twitter:label1\" content=\"Escrito por\" \/>\n\t<meta name=\"twitter:data1\" content=\"Editor\" \/>\n\t<meta name=\"twitter:label2\" content=\"Tiempo de lectura\" \/>\n\t<meta name=\"twitter:data2\" content=\"3 minutos\" \/>\n<script type=\"application\/ld+json\" class=\"yoast-schema-graph\">{\"@context\":\"https:\/\/schema.org\",\"@graph\":[{\"@type\":\"WebPage\",\"@id\":\"https:\/\/www.asajacyl.com\/leon\/asaja-leon-informa\/la-mitad-de-la-superficie-de-pastos-de-los-montes-de-la-provincia-de-len-no-servir-para-solicitar-ayudas-de-la-pac\",\"url\":\"https:\/\/www.asajacyl.com\/leon\/asaja-leon-informa\/la-mitad-de-la-superficie-de-pastos-de-los-montes-de-la-provincia-de-len-no-servir-para-solicitar-ayudas-de-la-pac\",\"name\":\"LA MITAD DE LA SUPERFICIE DE PASTOS DE LOS MONTES DE LA PROVINCIA DE LE&#211;N NO SERVIR&#193; PARA SOLICITAR AYUDAS DE LA PAC - ASAJA Le\u00f3n\",\"isPartOf\":{\"@id\":\"https:\/\/www.asajacyl.com\/leon\/#website\"},\"primaryImageOfPage\":{\"@id\":\"https:\/\/www.asajacyl.com\/leon\/asaja-leon-informa\/la-mitad-de-la-superficie-de-pastos-de-los-montes-de-la-provincia-de-len-no-servir-para-solicitar-ayudas-de-la-pac#primaryimage\"},\"image\":{\"@id\":\"https:\/\/www.asajacyl.com\/leon\/asaja-leon-informa\/la-mitad-de-la-superficie-de-pastos-de-los-montes-de-la-provincia-de-len-no-servir-para-solicitar-ayudas-de-la-pac#primaryimage\"},\"thumbnailUrl\":\"https:\/\/www.asajacyl.com\/leon\/wp-content\/uploads\/sites\/6\/2017\/11\/im_predefinida_1920x1080.jpg\",\"datePublished\":\"2015-03-01T23:00:00+00:00\",\"dateModified\":\"2017-11-14T17:36:39+00:00\",\"author\":{\"@id\":\"https:\/\/www.asajacyl.com\/leon\/#\/schema\/person\/7e884476cee132331142e8ac9689f20c\"},\"description\":\"La mitad de la superficie de los montes arbolados de la provincia de Le&#243;n no servir&#225; para solicitar las ayudas de la PAC, ya que se aplicar&#225; un coeficiente de admisibilidad que reduce la utilizaci&#243;n en funci&#243;n de la pendiente y de la masa arb&#243;rea.\",\"breadcrumb\":{\"@id\":\"https:\/\/www.asajacyl.com\/leon\/asaja-leon-informa\/la-mitad-de-la-superficie-de-pastos-de-los-montes-de-la-provincia-de-len-no-servir-para-solicitar-ayudas-de-la-pac#breadcrumb\"},\"inLanguage\":\"es\",\"potentialAction\":[{\"@type\":\"ReadAction\",\"target\":[\"https:\/\/www.asajacyl.com\/leon\/asaja-leon-informa\/la-mitad-de-la-superficie-de-pastos-de-los-montes-de-la-provincia-de-len-no-servir-para-solicitar-ayudas-de-la-pac\"]}]},{\"@type\":\"ImageObject\",\"inLanguage\":\"es\",\"@id\":\"https:\/\/www.asajacyl.com\/leon\/asaja-leon-informa\/la-mitad-de-la-superficie-de-pastos-de-los-montes-de-la-provincia-de-len-no-servir-para-solicitar-ayudas-de-la-pac#primaryimage\",\"url\":\"https:\/\/www.asajacyl.com\/leon\/wp-content\/uploads\/sites\/6\/2017\/11\/im_predefinida_1920x1080.jpg\",\"contentUrl\":\"https:\/\/www.asajacyl.com\/leon\/wp-content\/uploads\/sites\/6\/2017\/11\/im_predefinida_1920x1080.jpg\",\"width\":1920,\"height\":1080,\"caption\":\"Logotipo ASAJA Le\u00f3n\"},{\"@type\":\"BreadcrumbList\",\"@id\":\"https:\/\/www.asajacyl.com\/leon\/asaja-leon-informa\/la-mitad-de-la-superficie-de-pastos-de-los-montes-de-la-provincia-de-len-no-servir-para-solicitar-ayudas-de-la-pac#breadcrumb\",\"itemListElement\":[{\"@type\":\"ListItem\",\"position\":1,\"name\":\"Portada\",\"item\":\"https:\/\/www.asajacyl.com\/leon\/\"},{\"@type\":\"ListItem\",\"position\":2,\"name\":\"LA MITAD DE LA SUPERFICIE DE PASTOS DE LOS MONTES DE LA PROVINCIA DE LE&#211;N NO SERVIR&#193; PARA SOLICITAR AYUDAS DE LA PAC\"}]},{\"@type\":\"WebSite\",\"@id\":\"https:\/\/www.asajacyl.com\/leon\/#website\",\"url\":\"https:\/\/www.asajacyl.com\/leon\/\",\"name\":\"ASAJA Le\u00f3n\",\"description\":\"Otro sitio m\u00e1s de Provincias ASAJA Castilla y Le\u00f3n\",\"potentialAction\":[{\"@type\":\"SearchAction\",\"target\":{\"@type\":\"EntryPoint\",\"urlTemplate\":\"https:\/\/www.asajacyl.com\/leon\/?s={search_term_string}\"},\"query-input\":{\"@type\":\"PropertyValueSpecification\",\"valueRequired\":true,\"valueName\":\"search_term_string\"}}],\"inLanguage\":\"es\"},{\"@type\":\"Person\",\"@id\":\"https:\/\/www.asajacyl.com\/leon\/#\/schema\/person\/7e884476cee132331142e8ac9689f20c\",\"name\":\"Editor\",\"image\":{\"@type\":\"ImageObject\",\"inLanguage\":\"es\",\"@id\":\"https:\/\/www.asajacyl.com\/leon\/#\/schema\/person\/image\/\",\"url\":\"https:\/\/secure.gravatar.com\/avatar\/a2ef43c165669686cfcfb0e1ffa59869?s=96&d=mm&r=g\",\"contentUrl\":\"https:\/\/secure.gravatar.com\/avatar\/a2ef43c165669686cfcfb0e1ffa59869?s=96&d=mm&r=g\",\"caption\":\"Editor\"},\"url\":\"https:\/\/www.asajacyl.com\/leon\/author\/oscargg\"}]}<\/script>\n<!-- \/ Yoast SEO plugin. -->","yoast_head_json":{"title":"LA MITAD DE LA SUPERFICIE DE PASTOS DE LOS MONTES DE LA PROVINCIA DE LE&#211;N NO SERVIR&#193; PARA SOLICITAR AYUDAS DE LA PAC - ASAJA Le\u00f3n","description":"La mitad de la superficie de los montes arbolados de la provincia de Le&#243;n no servir&#225; para solicitar las ayudas de la PAC, ya que se aplicar&#225; un coeficiente de admisibilidad que reduce la utilizaci&#243;n en funci&#243;n de la pendiente y de la masa arb&#243;rea.","robots":{"index":"index","follow":"follow","max-snippet":"max-snippet:-1","max-image-preview":"max-image-preview:large","max-video-preview":"max-video-preview:-1"},"canonical":"https:\/\/www.asajacyl.com\/leon\/asaja-leon-informa\/la-mitad-de-la-superficie-de-pastos-de-los-montes-de-la-provincia-de-len-no-servir-para-solicitar-ayudas-de-la-pac","og_locale":"es_ES","og_type":"article","og_title":"LA MITAD DE LA SUPERFICIE DE PASTOS DE LOS MONTES DE LA PROVINCIA DE LE&#211;N NO SERVIR&#193; PARA SOLICITAR AYUDAS DE LA PAC - ASAJA Le\u00f3n","og_description":"La mitad de la superficie de los montes arbolados de la provincia de Le&#243;n no servir&#225; para solicitar las ayudas de la PAC, ya que se aplicar&#225; un coeficiente de admisibilidad que reduce la utilizaci&#243;n en funci&#243;n de la pendiente y de la masa arb&#243;rea.","og_url":"https:\/\/www.asajacyl.com\/leon\/asaja-leon-informa\/la-mitad-de-la-superficie-de-pastos-de-los-montes-de-la-provincia-de-len-no-servir-para-solicitar-ayudas-de-la-pac","og_site_name":"ASAJA Le\u00f3n","article_published_time":"2015-03-01T23:00:00+00:00","article_modified_time":"2017-11-14T17:36:39+00:00","og_image":[{"width":1920,"height":1080,"url":"https:\/\/www.asajacyl.com\/leon\/wp-content\/uploads\/sites\/6\/2017\/11\/im_predefinida_1920x1080.jpg","type":"image\/jpeg"}],"author":"Editor","twitter_card":"summary_large_image","twitter_misc":{"Escrito por":"Editor","Tiempo de lectura":"3 minutos"},"schema":{"@context":"https:\/\/schema.org","@graph":[{"@type":"WebPage","@id":"https:\/\/www.asajacyl.com\/leon\/asaja-leon-informa\/la-mitad-de-la-superficie-de-pastos-de-los-montes-de-la-provincia-de-len-no-servir-para-solicitar-ayudas-de-la-pac","url":"https:\/\/www.asajacyl.com\/leon\/asaja-leon-informa\/la-mitad-de-la-superficie-de-pastos-de-los-montes-de-la-provincia-de-len-no-servir-para-solicitar-ayudas-de-la-pac","name":"LA MITAD DE LA SUPERFICIE DE PASTOS DE LOS MONTES DE LA PROVINCIA DE LE&#211;N NO SERVIR&#193; PARA SOLICITAR AYUDAS DE LA PAC - ASAJA Le\u00f3n","isPartOf":{"@id":"https:\/\/www.asajacyl.com\/leon\/#website"},"primaryImageOfPage":{"@id":"https:\/\/www.asajacyl.com\/leon\/asaja-leon-informa\/la-mitad-de-la-superficie-de-pastos-de-los-montes-de-la-provincia-de-len-no-servir-para-solicitar-ayudas-de-la-pac#primaryimage"},"image":{"@id":"https:\/\/www.asajacyl.com\/leon\/asaja-leon-informa\/la-mitad-de-la-superficie-de-pastos-de-los-montes-de-la-provincia-de-len-no-servir-para-solicitar-ayudas-de-la-pac#primaryimage"},"thumbnailUrl":"https:\/\/www.asajacyl.com\/leon\/wp-content\/uploads\/sites\/6\/2017\/11\/im_predefinida_1920x1080.jpg","datePublished":"2015-03-01T23:00:00+00:00","dateModified":"2017-11-14T17:36:39+00:00","author":{"@id":"https:\/\/www.asajacyl.com\/leon\/#\/schema\/person\/7e884476cee132331142e8ac9689f20c"},"description":"La mitad de la superficie de los montes arbolados de la provincia de Le&#243;n no servir&#225; para solicitar las ayudas de la PAC, ya que se aplicar&#225; un coeficiente de admisibilidad que reduce la utilizaci&#243;n en funci&#243;n de la pendiente y de la masa arb&#243;rea.","breadcrumb":{"@id":"https:\/\/www.asajacyl.com\/leon\/asaja-leon-informa\/la-mitad-de-la-superficie-de-pastos-de-los-montes-de-la-provincia-de-len-no-servir-para-solicitar-ayudas-de-la-pac#breadcrumb"},"inLanguage":"es","potentialAction":[{"@type":"ReadAction","target":["https:\/\/www.asajacyl.com\/leon\/asaja-leon-informa\/la-mitad-de-la-superficie-de-pastos-de-los-montes-de-la-provincia-de-len-no-servir-para-solicitar-ayudas-de-la-pac"]}]},{"@type":"ImageObject","inLanguage":"es","@id":"https:\/\/www.asajacyl.com\/leon\/asaja-leon-informa\/la-mitad-de-la-superficie-de-pastos-de-los-montes-de-la-provincia-de-len-no-servir-para-solicitar-ayudas-de-la-pac#primaryimage","url":"https:\/\/www.asajacyl.com\/leon\/wp-content\/uploads\/sites\/6\/2017\/11\/im_predefinida_1920x1080.jpg","contentUrl":"https:\/\/www.asajacyl.com\/leon\/wp-content\/uploads\/sites\/6\/2017\/11\/im_predefinida_1920x1080.jpg","width":1920,"height":1080,"caption":"Logotipo ASAJA Le\u00f3n"},{"@type":"BreadcrumbList","@id":"https:\/\/www.asajacyl.com\/leon\/asaja-leon-informa\/la-mitad-de-la-superficie-de-pastos-de-los-montes-de-la-provincia-de-len-no-servir-para-solicitar-ayudas-de-la-pac#breadcrumb","itemListElement":[{"@type":"ListItem","position":1,"name":"Portada","item":"https:\/\/www.asajacyl.com\/leon\/"},{"@type":"ListItem","position":2,"name":"LA MITAD DE LA SUPERFICIE DE PASTOS DE LOS MONTES DE LA PROVINCIA DE LE&#211;N NO SERVIR&#193; PARA SOLICITAR AYUDAS DE LA PAC"}]},{"@type":"WebSite","@id":"https:\/\/www.asajacyl.com\/leon\/#website","url":"https:\/\/www.asajacyl.com\/leon\/","name":"ASAJA Le\u00f3n","description":"Otro sitio m\u00e1s de Provincias ASAJA Castilla y Le\u00f3n","potentialAction":[{"@type":"SearchAction","target":{"@type":"EntryPoint","urlTemplate":"https:\/\/www.asajacyl.com\/leon\/?s={search_term_string}"},"query-input":{"@type":"PropertyValueSpecification","valueRequired":true,"valueName":"search_term_string"}}],"inLanguage":"es"},{"@type":"Person","@id":"https:\/\/www.asajacyl.com\/leon\/#\/schema\/person\/7e884476cee132331142e8ac9689f20c","name":"Editor","image":{"@type":"ImageObject","inLanguage":"es","@id":"https:\/\/www.asajacyl.com\/leon\/#\/schema\/person\/image\/","url":"https:\/\/secure.gravatar.com\/avatar\/a2ef43c165669686cfcfb0e1ffa59869?s=96&d=mm&r=g","contentUrl":"https:\/\/secure.gravatar.com\/avatar\/a2ef43c165669686cfcfb0e1ffa59869?s=96&d=mm&r=g","caption":"Editor"},"url":"https:\/\/www.asajacyl.com\/leon\/author\/oscargg"}]}},"_links":{"self":[{"href":"https:\/\/www.asajacyl.com\/leon\/wp-json\/wp\/v2\/posts\/462"}],"collection":[{"href":"https:\/\/www.asajacyl.com\/leon\/wp-json\/wp\/v2\/posts"}],"about":[{"href":"https:\/\/www.asajacyl.com\/leon\/wp-json\/wp\/v2\/types\/post"}],"author":[{"embeddable":true,"href":"https:\/\/www.asajacyl.com\/leon\/wp-json\/wp\/v2\/users\/3"}],"replies":[{"embeddable":true,"href":"https:\/\/www.asajacyl.com\/leon\/wp-json\/wp\/v2\/comments?post=462"}],"version-history":[{"count":2,"href":"https:\/\/www.asajacyl.com\/leon\/wp-json\/wp\/v2\/posts\/462\/revisions"}],"predecessor-version":[{"id":4027,"href":"https:\/\/www.asajacyl.com\/leon\/wp-json\/wp\/v2\/posts\/462\/revisions\/4027"}],"wp:featuredmedia":[{"embeddable":true,"href":"https:\/\/www.asajacyl.com\/leon\/wp-json\/wp\/v2\/media\/8174"}],"wp:attachment":[{"href":"https:\/\/www.asajacyl.com\/leon\/wp-json\/wp\/v2\/media?parent=462"}],"wp:term":[{"taxonomy":"category","embeddable":true,"href":"https:\/\/www.asajacyl.com\/leon\/wp-json\/wp\/v2\/categories?post=462"},{"taxonomy":"post_tag","embeddable":true,"href":"https:\/\/www.asajacyl.com\/leon\/wp-json\/wp\/v2\/tags?post=462"}],"curies":[{"name":"wp","href":"https:\/\/api.w.org\/{rel}","templated":true}]}}