{"id":464,"date":"2015-02-27T00:00:00","date_gmt":"2015-02-26T23:00:00","guid":{"rendered":"https:\/\/www.asajacyl.com\/leon\/2015\/02\/27\/asaja-pide-al-ministerio-que-mueva-ficha-para-que-la-rigidez-normativa-sobre-concesiones-de-agua-no-cierre-el-camino-a-los-emprendedores-rurales\/"},"modified":"2017-11-14T18:36:41","modified_gmt":"2017-11-14T17:36:41","slug":"asaja-pide-al-ministerio-que-mueva-ficha-para-que-la-rigidez-normativa-sobre-concesiones-de-agua-no-cierre-el-camino-a-los-emprendedores-rurales","status":"publish","type":"post","link":"https:\/\/www.asajacyl.com\/leon\/asaja-leon-informa\/asaja-pide-al-ministerio-que-mueva-ficha-para-que-la-rigidez-normativa-sobre-concesiones-de-agua-no-cierre-el-camino-a-los-emprendedores-rurales","title":{"rendered":"ASAJA PIDE AL MINISTERIO QUE &#147;MUEVA FICHA&#148; PARA QUE LA RIGIDEZ NORMATIVA SOBRE CONCESIONES DE AGUA NO  CIERRE EL CAMINO A LOS EMPRENDEDORES RURALES"},"content":{"rendered":"<h2>No es un problema de falta de agua, sino de encaje normativo, el que est&#225; paralizando los aprovechamientos de menos de 7.000 m3\/a&#241;o<\/h2>\n<div>\n<p style=\"text-align: center;\">\n<span style=\"color:#006400;\"><strong>ASAJA PIDE AL MINISTERIO QUE &#8220;MUEVA FICHA&#8221; PARA QUE&#160;<\/strong><strong>LA RIGIDEZ NORMATIVA SOBRE CONCESIONES DE AGUA NO&#160;<\/strong><strong>CIERRE EL CAMINO A LOS EMPRENDEDORES RURALES<\/strong><\/span><\/p>\n<p style=\"text-align: center;\">\n<strong>No es un problema de falta de agua, sino de encaje normativo, el que est&#225; paralizando los aprovechamientos de menos de 7.000 m3\/a&#241;o<\/strong><\/p>\n<\/div>\n<p>\nASAJA de Castilla y Le&#243;n ha pedido al Ministerio de Agricultura que &#8220;mueva ficha&#8221; para que la rigidez sobre las concesiones de agua para aprovechamientos de menos de 7.000 m3\/a&#241;o no cierre el camino a nuevos negocios de emprendedores rurales, principalmente granjas ganaderas o peque&#241;as industrias agroalimentarias. El problema, que afecta a buena parte de las aguas subterr&#225;neas del centro de la meseta, en concreto a las masas de agua de Tordesillas, Los Arenales, Medina del Campo y Tierra del Vino, ha paralizado ya cerca de un centenar de proyectos, &#8220;y muchos otros ni siquiera lo han intentado porque saben de antemano que no contar&#225;n con una concesi&#243;n de agua imprescindible para cualquier empresa que se ponga en marcha&#8221;, subraya ASAJA.<\/p>\n<p style=\"text-align: justify;\">\nEn la reuni&#243;n celebrada hoy por las organizaciones agrarias con el equipo de la Confederaci&#243;n Hidrogr&#225;fica del Duero, encabezado por su presidente, Juan&#160;Ignacio Diego Ruiz, &#8220;ha quedado claro que no se trata de un problema de falta de recursos h&#237;dricos, que har&#237;an comprensible la paralizaci&#243;n de concesiones. Se trata de un problema de falta de encaje legal, puesto que, tal como se redact&#243; el Plan Hidrol&#243;gico de la Cuenca del Duero no deja ninguna posibilidad para estas concesiones&#8221;. ASAJA critica la &#8220;torpeza del que redact&#243; y aprob&#243; con estas carencias el Plan Hidrol&#243;gico, y adem&#225;s hace cuatro d&#237;as, puesto que data de 2013&#8221;.<\/p>\n<p style=\"text-align: justify;\">\nASAJA califica de &#8220;quimeras&#8221; las alternativas propuestas desde la CHD, la primera de ellas ser&#237;a proponer modificaciones al Plan Hidrol&#243;gico, &#8220;cambios que seg&#250;n ellos estar&#237;an listos a finales de este a&#241;o, un plazo ya de por s&#237; largo y encima incre&#237;ble, cuando conocemos el procedimiento y siempre se ha demorado varios a&#241;os, y m&#225;s teniendo en cuenta que estamos en un a&#241;o convulso plagado de elecciones&#8221;. Tambi&#233;n rechaza ASAJA la idea de trasladar &#8220;la patata caliente&#8221; a estos peticionarios de concesiones&#160; para que sean ellos los que se pongan de acuerdo son alguien en su pueblo o zona que les ceda parte del agua que no necesite. &#8220;Un sistema delicado, porque primero depende de la voluntad de esos posibles cedentes, que encima no lo har&#237;an gratis, con lo cual se crear&#237;a un mercadeo entre particulares que va contra el derecho al uso del agua como bien p&#250;blico&#8221;, apunta la OPA.<\/p>\n<p style=\"text-align: justify;\">\nPara ASAJA, &#8220;la mejor y m&#225;s justa de las posibilidades de rectificaci&#243;n la tienen las mismas personas que crearon el problema al que hoy nos encontramos, es decir, el ministerio y el partido en el Gobierno. Esto no se arregla si no hay una decisi&#243;n pol&#237;tica de arreglarlo&#8221;.&#160;<\/p>\n","protected":false},"excerpt":{"rendered":"<p>No es un problema de falta de agua, sino de encaje normativo, el que est&#225; paralizando los aprovechamientos de menos de 7.000 m3\/a&#241;o<\/p>\n","protected":false},"author":3,"featured_media":8174,"comment_status":"open","ping_status":"open","sticky":false,"template":"","format":"standard","meta":{"footnotes":""},"categories":[4,9],"tags":[],"yoast_head":"<!-- This site is optimized with the Yoast SEO plugin v24.5 - https:\/\/yoast.com\/wordpress\/plugins\/seo\/ -->\n<title>ASAJA PIDE AL MINISTERIO QUE &#147;MUEVA FICHA&#148; PARA QUE LA RIGIDEZ NORMATIVA SOBRE CONCESIONES DE AGUA NO CIERRE EL CAMINO A LOS EMPRENDEDORES RURALES - ASAJA Le\u00f3n<\/title>\n<meta name=\"description\" content=\"No es un problema de falta de agua, sino de encaje normativo, el que est&#225; paralizando los aprovechamientos de menos de 7.000 m3\/a&#241;o\" \/>\n<meta name=\"robots\" content=\"index, follow, max-snippet:-1, max-image-preview:large, max-video-preview:-1\" \/>\n<link rel=\"canonical\" href=\"https:\/\/www.asajacyl.com\/leon\/asaja-leon-informa\/asaja-pide-al-ministerio-que-mueva-ficha-para-que-la-rigidez-normativa-sobre-concesiones-de-agua-no-cierre-el-camino-a-los-emprendedores-rurales\" \/>\n<meta property=\"og:locale\" content=\"es_ES\" \/>\n<meta property=\"og:type\" content=\"article\" \/>\n<meta property=\"og:title\" content=\"ASAJA PIDE AL MINISTERIO QUE &#147;MUEVA FICHA&#148; PARA QUE LA RIGIDEZ NORMATIVA SOBRE CONCESIONES DE AGUA NO CIERRE EL CAMINO A LOS EMPRENDEDORES RURALES - ASAJA Le\u00f3n\" \/>\n<meta property=\"og:description\" content=\"No es un problema de falta de agua, sino de encaje normativo, el que est&#225; paralizando los aprovechamientos de menos de 7.000 m3\/a&#241;o\" \/>\n<meta property=\"og:url\" content=\"https:\/\/www.asajacyl.com\/leon\/asaja-leon-informa\/asaja-pide-al-ministerio-que-mueva-ficha-para-que-la-rigidez-normativa-sobre-concesiones-de-agua-no-cierre-el-camino-a-los-emprendedores-rurales\" \/>\n<meta property=\"og:site_name\" content=\"ASAJA Le\u00f3n\" \/>\n<meta property=\"article:published_time\" content=\"2015-02-26T23:00:00+00:00\" \/>\n<meta property=\"article:modified_time\" content=\"2017-11-14T17:36:41+00:00\" \/>\n<meta property=\"og:image\" content=\"https:\/\/www.asajacyl.com\/leon\/wp-content\/uploads\/sites\/6\/2017\/11\/im_predefinida_1920x1080.jpg\" \/>\n\t<meta property=\"og:image:width\" content=\"1920\" \/>\n\t<meta property=\"og:image:height\" content=\"1080\" \/>\n\t<meta property=\"og:image:type\" content=\"image\/jpeg\" \/>\n<meta name=\"author\" content=\"Editor\" \/>\n<meta name=\"twitter:card\" content=\"summary_large_image\" \/>\n<meta name=\"twitter:label1\" content=\"Escrito por\" \/>\n\t<meta name=\"twitter:data1\" content=\"Editor\" \/>\n\t<meta name=\"twitter:label2\" content=\"Tiempo de lectura\" \/>\n\t<meta name=\"twitter:data2\" content=\"3 minutos\" \/>\n<script type=\"application\/ld+json\" class=\"yoast-schema-graph\">{\"@context\":\"https:\/\/schema.org\",\"@graph\":[{\"@type\":\"WebPage\",\"@id\":\"https:\/\/www.asajacyl.com\/leon\/asaja-leon-informa\/asaja-pide-al-ministerio-que-mueva-ficha-para-que-la-rigidez-normativa-sobre-concesiones-de-agua-no-cierre-el-camino-a-los-emprendedores-rurales\",\"url\":\"https:\/\/www.asajacyl.com\/leon\/asaja-leon-informa\/asaja-pide-al-ministerio-que-mueva-ficha-para-que-la-rigidez-normativa-sobre-concesiones-de-agua-no-cierre-el-camino-a-los-emprendedores-rurales\",\"name\":\"ASAJA PIDE AL MINISTERIO QUE &#147;MUEVA FICHA&#148; PARA QUE LA RIGIDEZ NORMATIVA SOBRE CONCESIONES DE AGUA NO CIERRE EL CAMINO A LOS EMPRENDEDORES RURALES - ASAJA Le\u00f3n\",\"isPartOf\":{\"@id\":\"https:\/\/www.asajacyl.com\/leon\/#website\"},\"primaryImageOfPage\":{\"@id\":\"https:\/\/www.asajacyl.com\/leon\/asaja-leon-informa\/asaja-pide-al-ministerio-que-mueva-ficha-para-que-la-rigidez-normativa-sobre-concesiones-de-agua-no-cierre-el-camino-a-los-emprendedores-rurales#primaryimage\"},\"image\":{\"@id\":\"https:\/\/www.asajacyl.com\/leon\/asaja-leon-informa\/asaja-pide-al-ministerio-que-mueva-ficha-para-que-la-rigidez-normativa-sobre-concesiones-de-agua-no-cierre-el-camino-a-los-emprendedores-rurales#primaryimage\"},\"thumbnailUrl\":\"https:\/\/www.asajacyl.com\/leon\/wp-content\/uploads\/sites\/6\/2017\/11\/im_predefinida_1920x1080.jpg\",\"datePublished\":\"2015-02-26T23:00:00+00:00\",\"dateModified\":\"2017-11-14T17:36:41+00:00\",\"author\":{\"@id\":\"https:\/\/www.asajacyl.com\/leon\/#\/schema\/person\/7e884476cee132331142e8ac9689f20c\"},\"description\":\"No es un problema de falta de agua, sino de encaje normativo, el que est&#225; paralizando los aprovechamientos de menos de 7.000 m3\/a&#241;o\",\"breadcrumb\":{\"@id\":\"https:\/\/www.asajacyl.com\/leon\/asaja-leon-informa\/asaja-pide-al-ministerio-que-mueva-ficha-para-que-la-rigidez-normativa-sobre-concesiones-de-agua-no-cierre-el-camino-a-los-emprendedores-rurales#breadcrumb\"},\"inLanguage\":\"es\",\"potentialAction\":[{\"@type\":\"ReadAction\",\"target\":[\"https:\/\/www.asajacyl.com\/leon\/asaja-leon-informa\/asaja-pide-al-ministerio-que-mueva-ficha-para-que-la-rigidez-normativa-sobre-concesiones-de-agua-no-cierre-el-camino-a-los-emprendedores-rurales\"]}]},{\"@type\":\"ImageObject\",\"inLanguage\":\"es\",\"@id\":\"https:\/\/www.asajacyl.com\/leon\/asaja-leon-informa\/asaja-pide-al-ministerio-que-mueva-ficha-para-que-la-rigidez-normativa-sobre-concesiones-de-agua-no-cierre-el-camino-a-los-emprendedores-rurales#primaryimage\",\"url\":\"https:\/\/www.asajacyl.com\/leon\/wp-content\/uploads\/sites\/6\/2017\/11\/im_predefinida_1920x1080.jpg\",\"contentUrl\":\"https:\/\/www.asajacyl.com\/leon\/wp-content\/uploads\/sites\/6\/2017\/11\/im_predefinida_1920x1080.jpg\",\"width\":1920,\"height\":1080,\"caption\":\"Logotipo ASAJA Le\u00f3n\"},{\"@type\":\"BreadcrumbList\",\"@id\":\"https:\/\/www.asajacyl.com\/leon\/asaja-leon-informa\/asaja-pide-al-ministerio-que-mueva-ficha-para-que-la-rigidez-normativa-sobre-concesiones-de-agua-no-cierre-el-camino-a-los-emprendedores-rurales#breadcrumb\",\"itemListElement\":[{\"@type\":\"ListItem\",\"position\":1,\"name\":\"Portada\",\"item\":\"https:\/\/www.asajacyl.com\/leon\/\"},{\"@type\":\"ListItem\",\"position\":2,\"name\":\"ASAJA PIDE AL MINISTERIO QUE &#147;MUEVA FICHA&#148; PARA QUE LA RIGIDEZ NORMATIVA SOBRE CONCESIONES DE AGUA NO CIERRE EL CAMINO A LOS EMPRENDEDORES RURALES\"}]},{\"@type\":\"WebSite\",\"@id\":\"https:\/\/www.asajacyl.com\/leon\/#website\",\"url\":\"https:\/\/www.asajacyl.com\/leon\/\",\"name\":\"ASAJA Le\u00f3n\",\"description\":\"Otro sitio m\u00e1s de Provincias ASAJA Castilla y Le\u00f3n\",\"potentialAction\":[{\"@type\":\"SearchAction\",\"target\":{\"@type\":\"EntryPoint\",\"urlTemplate\":\"https:\/\/www.asajacyl.com\/leon\/?s={search_term_string}\"},\"query-input\":{\"@type\":\"PropertyValueSpecification\",\"valueRequired\":true,\"valueName\":\"search_term_string\"}}],\"inLanguage\":\"es\"},{\"@type\":\"Person\",\"@id\":\"https:\/\/www.asajacyl.com\/leon\/#\/schema\/person\/7e884476cee132331142e8ac9689f20c\",\"name\":\"Editor\",\"image\":{\"@type\":\"ImageObject\",\"inLanguage\":\"es\",\"@id\":\"https:\/\/www.asajacyl.com\/leon\/#\/schema\/person\/image\/\",\"url\":\"https:\/\/secure.gravatar.com\/avatar\/a2ef43c165669686cfcfb0e1ffa59869?s=96&d=mm&r=g\",\"contentUrl\":\"https:\/\/secure.gravatar.com\/avatar\/a2ef43c165669686cfcfb0e1ffa59869?s=96&d=mm&r=g\",\"caption\":\"Editor\"},\"url\":\"https:\/\/www.asajacyl.com\/leon\/author\/oscargg\"}]}<\/script>\n<!-- \/ Yoast SEO plugin. -->","yoast_head_json":{"title":"ASAJA PIDE AL MINISTERIO QUE &#147;MUEVA FICHA&#148; PARA QUE LA RIGIDEZ NORMATIVA SOBRE CONCESIONES DE AGUA NO CIERRE EL CAMINO A LOS EMPRENDEDORES RURALES - ASAJA Le\u00f3n","description":"No es un problema de falta de agua, sino de encaje normativo, el que est&#225; paralizando los aprovechamientos de menos de 7.000 m3\/a&#241;o","robots":{"index":"index","follow":"follow","max-snippet":"max-snippet:-1","max-image-preview":"max-image-preview:large","max-video-preview":"max-video-preview:-1"},"canonical":"https:\/\/www.asajacyl.com\/leon\/asaja-leon-informa\/asaja-pide-al-ministerio-que-mueva-ficha-para-que-la-rigidez-normativa-sobre-concesiones-de-agua-no-cierre-el-camino-a-los-emprendedores-rurales","og_locale":"es_ES","og_type":"article","og_title":"ASAJA PIDE AL MINISTERIO QUE &#147;MUEVA FICHA&#148; PARA QUE LA RIGIDEZ NORMATIVA SOBRE CONCESIONES DE AGUA NO CIERRE EL CAMINO A LOS EMPRENDEDORES RURALES - ASAJA Le\u00f3n","og_description":"No es un problema de falta de agua, sino de encaje normativo, el que est&#225; paralizando los aprovechamientos de menos de 7.000 m3\/a&#241;o","og_url":"https:\/\/www.asajacyl.com\/leon\/asaja-leon-informa\/asaja-pide-al-ministerio-que-mueva-ficha-para-que-la-rigidez-normativa-sobre-concesiones-de-agua-no-cierre-el-camino-a-los-emprendedores-rurales","og_site_name":"ASAJA Le\u00f3n","article_published_time":"2015-02-26T23:00:00+00:00","article_modified_time":"2017-11-14T17:36:41+00:00","og_image":[{"width":1920,"height":1080,"url":"https:\/\/www.asajacyl.com\/leon\/wp-content\/uploads\/sites\/6\/2017\/11\/im_predefinida_1920x1080.jpg","type":"image\/jpeg"}],"author":"Editor","twitter_card":"summary_large_image","twitter_misc":{"Escrito por":"Editor","Tiempo de lectura":"3 minutos"},"schema":{"@context":"https:\/\/schema.org","@graph":[{"@type":"WebPage","@id":"https:\/\/www.asajacyl.com\/leon\/asaja-leon-informa\/asaja-pide-al-ministerio-que-mueva-ficha-para-que-la-rigidez-normativa-sobre-concesiones-de-agua-no-cierre-el-camino-a-los-emprendedores-rurales","url":"https:\/\/www.asajacyl.com\/leon\/asaja-leon-informa\/asaja-pide-al-ministerio-que-mueva-ficha-para-que-la-rigidez-normativa-sobre-concesiones-de-agua-no-cierre-el-camino-a-los-emprendedores-rurales","name":"ASAJA PIDE AL MINISTERIO QUE &#147;MUEVA FICHA&#148; PARA QUE LA RIGIDEZ NORMATIVA SOBRE CONCESIONES DE AGUA NO CIERRE EL CAMINO A LOS EMPRENDEDORES RURALES - ASAJA Le\u00f3n","isPartOf":{"@id":"https:\/\/www.asajacyl.com\/leon\/#website"},"primaryImageOfPage":{"@id":"https:\/\/www.asajacyl.com\/leon\/asaja-leon-informa\/asaja-pide-al-ministerio-que-mueva-ficha-para-que-la-rigidez-normativa-sobre-concesiones-de-agua-no-cierre-el-camino-a-los-emprendedores-rurales#primaryimage"},"image":{"@id":"https:\/\/www.asajacyl.com\/leon\/asaja-leon-informa\/asaja-pide-al-ministerio-que-mueva-ficha-para-que-la-rigidez-normativa-sobre-concesiones-de-agua-no-cierre-el-camino-a-los-emprendedores-rurales#primaryimage"},"thumbnailUrl":"https:\/\/www.asajacyl.com\/leon\/wp-content\/uploads\/sites\/6\/2017\/11\/im_predefinida_1920x1080.jpg","datePublished":"2015-02-26T23:00:00+00:00","dateModified":"2017-11-14T17:36:41+00:00","author":{"@id":"https:\/\/www.asajacyl.com\/leon\/#\/schema\/person\/7e884476cee132331142e8ac9689f20c"},"description":"No es un problema de falta de agua, sino de encaje normativo, el que est&#225; paralizando los aprovechamientos de menos de 7.000 m3\/a&#241;o","breadcrumb":{"@id":"https:\/\/www.asajacyl.com\/leon\/asaja-leon-informa\/asaja-pide-al-ministerio-que-mueva-ficha-para-que-la-rigidez-normativa-sobre-concesiones-de-agua-no-cierre-el-camino-a-los-emprendedores-rurales#breadcrumb"},"inLanguage":"es","potentialAction":[{"@type":"ReadAction","target":["https:\/\/www.asajacyl.com\/leon\/asaja-leon-informa\/asaja-pide-al-ministerio-que-mueva-ficha-para-que-la-rigidez-normativa-sobre-concesiones-de-agua-no-cierre-el-camino-a-los-emprendedores-rurales"]}]},{"@type":"ImageObject","inLanguage":"es","@id":"https:\/\/www.asajacyl.com\/leon\/asaja-leon-informa\/asaja-pide-al-ministerio-que-mueva-ficha-para-que-la-rigidez-normativa-sobre-concesiones-de-agua-no-cierre-el-camino-a-los-emprendedores-rurales#primaryimage","url":"https:\/\/www.asajacyl.com\/leon\/wp-content\/uploads\/sites\/6\/2017\/11\/im_predefinida_1920x1080.jpg","contentUrl":"https:\/\/www.asajacyl.com\/leon\/wp-content\/uploads\/sites\/6\/2017\/11\/im_predefinida_1920x1080.jpg","width":1920,"height":1080,"caption":"Logotipo ASAJA Le\u00f3n"},{"@type":"BreadcrumbList","@id":"https:\/\/www.asajacyl.com\/leon\/asaja-leon-informa\/asaja-pide-al-ministerio-que-mueva-ficha-para-que-la-rigidez-normativa-sobre-concesiones-de-agua-no-cierre-el-camino-a-los-emprendedores-rurales#breadcrumb","itemListElement":[{"@type":"ListItem","position":1,"name":"Portada","item":"https:\/\/www.asajacyl.com\/leon\/"},{"@type":"ListItem","position":2,"name":"ASAJA PIDE AL MINISTERIO QUE &#147;MUEVA FICHA&#148; PARA QUE LA RIGIDEZ NORMATIVA SOBRE CONCESIONES DE AGUA NO CIERRE EL CAMINO A LOS EMPRENDEDORES RURALES"}]},{"@type":"WebSite","@id":"https:\/\/www.asajacyl.com\/leon\/#website","url":"https:\/\/www.asajacyl.com\/leon\/","name":"ASAJA Le\u00f3n","description":"Otro sitio m\u00e1s de Provincias ASAJA Castilla y Le\u00f3n","potentialAction":[{"@type":"SearchAction","target":{"@type":"EntryPoint","urlTemplate":"https:\/\/www.asajacyl.com\/leon\/?s={search_term_string}"},"query-input":{"@type":"PropertyValueSpecification","valueRequired":true,"valueName":"search_term_string"}}],"inLanguage":"es"},{"@type":"Person","@id":"https:\/\/www.asajacyl.com\/leon\/#\/schema\/person\/7e884476cee132331142e8ac9689f20c","name":"Editor","image":{"@type":"ImageObject","inLanguage":"es","@id":"https:\/\/www.asajacyl.com\/leon\/#\/schema\/person\/image\/","url":"https:\/\/secure.gravatar.com\/avatar\/a2ef43c165669686cfcfb0e1ffa59869?s=96&d=mm&r=g","contentUrl":"https:\/\/secure.gravatar.com\/avatar\/a2ef43c165669686cfcfb0e1ffa59869?s=96&d=mm&r=g","caption":"Editor"},"url":"https:\/\/www.asajacyl.com\/leon\/author\/oscargg"}]}},"_links":{"self":[{"href":"https:\/\/www.asajacyl.com\/leon\/wp-json\/wp\/v2\/posts\/464"}],"collection":[{"href":"https:\/\/www.asajacyl.com\/leon\/wp-json\/wp\/v2\/posts"}],"about":[{"href":"https:\/\/www.asajacyl.com\/leon\/wp-json\/wp\/v2\/types\/post"}],"author":[{"embeddable":true,"href":"https:\/\/www.asajacyl.com\/leon\/wp-json\/wp\/v2\/users\/3"}],"replies":[{"embeddable":true,"href":"https:\/\/www.asajacyl.com\/leon\/wp-json\/wp\/v2\/comments?post=464"}],"version-history":[{"count":2,"href":"https:\/\/www.asajacyl.com\/leon\/wp-json\/wp\/v2\/posts\/464\/revisions"}],"predecessor-version":[{"id":4029,"href":"https:\/\/www.asajacyl.com\/leon\/wp-json\/wp\/v2\/posts\/464\/revisions\/4029"}],"wp:featuredmedia":[{"embeddable":true,"href":"https:\/\/www.asajacyl.com\/leon\/wp-json\/wp\/v2\/media\/8174"}],"wp:attachment":[{"href":"https:\/\/www.asajacyl.com\/leon\/wp-json\/wp\/v2\/media?parent=464"}],"wp:term":[{"taxonomy":"category","embeddable":true,"href":"https:\/\/www.asajacyl.com\/leon\/wp-json\/wp\/v2\/categories?post=464"},{"taxonomy":"post_tag","embeddable":true,"href":"https:\/\/www.asajacyl.com\/leon\/wp-json\/wp\/v2\/tags?post=464"}],"curies":[{"name":"wp","href":"https:\/\/api.w.org\/{rel}","templated":true}]}}