{"id":492,"date":"2015-01-05T00:00:00","date_gmt":"2015-01-04T23:00:00","guid":{"rendered":"https:\/\/www.asajacyl.com\/leon\/2015\/01\/05\/agricultores-de-toda-la-regin-reclaman-a-villanueva-una-solucin-para-cerca-de-15-000-tractores-pendientes-de-una-restrictiva-itv\/"},"modified":"2017-11-14T18:37:49","modified_gmt":"2017-11-14T17:37:49","slug":"agricultores-de-toda-la-regin-reclaman-a-villanueva-una-solucin-para-cerca-de-15-000-tractores-pendientes-de-una-restrictiva-itv","status":"publish","type":"post","link":"https:\/\/www.asajacyl.com\/leon\/asaja-leon-informa\/agricultores-de-toda-la-regin-reclaman-a-villanueva-una-solucin-para-cerca-de-15-000-tractores-pendientes-de-una-restrictiva-itv","title":{"rendered":"AGRICULTORES DE TODA LA REGI&#211;N RECLAMAN A VILLANUEVA UNA SOLUCI&#211;N PARA CERCA DE 15.000 TRACTORES PENDIENTES DE UNA RESTRICTIVA ITV"},"content":{"rendered":"<h2>Cerca de 300 agricultores de las provincias de Castilla y Le&#243;n han participado en la manifestaci&#243;n convocada hoy en Valladolid por ASAJA contra el consejero de Econom&#237;a y Hacienda, Tom&#225;s Villanueva, por la incapacidad de su departamento de hallar una soluci&#243;n para el problema de las ITV, que mantiene en el limbo a varios miles de tractores de Castilla y Le&#243;n.<\/h2>\n<div>\n<p style=\"text-align: center;\">\n<span style=\"color:#008000;\"><strong>AGRICULTORES DE TODA LA REGI&#211;N RECLAMAN A VILLANUEVA UNA SOLUCI&#211;N PARA CERCA DE 15.000 TRACTORES PENDIENTES DE UNA RESTRICTIVA ITV<\/strong><\/span><\/p>\n<\/div>\n<p style=\"text-align: justify;\">\nCerca de 300 agricultores de las provincias de Castilla y Le&#243;n han participado en la manifestaci&#243;n convocada hoy en Valladolid por ASAJA contra el consejero de Econom&#237;a y Hacienda, Tom&#225;s Villanueva, por la incapacidad de su departamento de hallar una soluci&#243;n para el problema de las ITV, que mantiene en el limbo a varios miles de tractores de Castilla y Le&#243;n.<\/p>\n<p style=\"text-align: justify;\">\n&#160;&#160;&#160;&#160;&#160;&#160;&#160;&#160;&#160;&#160;&#160; El recorrido del s&#233;quito de Sus Majestades los Reyes Magos de ASAJA, precedido por tres tractores, y acompa&#241;ado por pajes y agricultores y ganaderos de toda la Comunidad Aut&#243;noma, comenz&#243; a las 12 horas en la Plaza de Zorrilla de la capital pucelana, para seguir por la calle Mar&#237;a de Molina, Doctrinos, Avda. Jos&#233; Luis Arrese, Joaqu&#237;n Velasco Mart&#237;n y Francisco Scrimieri, hasta llegar a las puertas de la consejer&#237;a de Hacienda. Al frente, los responsables de la organizaci&#243;n en la regi&#243;n y en las diferentes provincias mostraban una pancarta con el mensaje: <strong>&#8220;ITV por seguridad, no por fastidiar&#8221;<\/strong>. Una vez frente a la Consejer&#237;a, se arroj&#243; un cargamento de carb&#243;n, y dentro el s&#233;quito real hizo entrega en el Registro de una cesta de navidad repleta de carb&#243;n, acompa&#241;ada por una carta dirigida al Sr. Consejero con las reclamaciones de la organizaci&#243;n profesional agraria.<\/p>\n<p style=\"text-align: center;\">\n<img decoding=\"async\" alt=\"\" src=\"\/leon\/wp-content\/uploads\/sites\/6\/2017\/11\/REYES_MAGOS_2015.jpg\" style=\"width: 480px; height: 360px;\"\/><\/p>\n<p style=\"text-align: justify;\">\nCon este acto, ASAJA quiere denunciar que, tras un a&#241;o de espera, la administraci&#243;n no se haya esforzado en encontrar una soluci&#243;n para el grave problema al que se enfrentan miles de tractores en la Comunidad Aut&#243;noma, cuyo permiso de circulaci&#243;n depende de que en las ITV les den paso seg&#250;n c&#243;mo se interprete una controvertida normativa nacional, que adem&#225;s no se est&#225; aplicando en otras comunidades aut&#243;nomas. El presidente de ASAJA de Castilla y Le&#243;n ha subrayado que el tema de las ITV a los tractores &#8220;es una cacicada m&#225;s a la que los agricultores estamos por desgracia acostumbrados, porque nos empapelan continuamente con tasas y requisitos absurdos&#8221; y ha apelado al consejero de Econom&#237;a a que &#8220;la administraci&#243;n recule en este tema y no se obceque en que se cumpla un requisito que no aporta nada m&#225;s que m&#225;s burocracia, m&#225;s papeles y m&#225;s coste econ&#243;mico para los agricultores&#8221;.&#160;<\/p>\n<p style=\"text-align: justify;\">\n&#160;<\/p>\n<p style=\"text-align:justify\">\n<i>Texto de la carta de Sus Majestades, le&#237;da a las puertas de la Consejer&#237;a por el Rey Gaspar: &#160; &#160;<\/i><i><a href=\"http:\/\/www.asajacyl.com\/extras\/cartaReyes_2015.doc\">http:\/\/www.asajacyl.com\/extras\/cartaReyes_2015.doc<\/a><\/i><\/p>\n","protected":false},"excerpt":{"rendered":"<p>Cerca de 300 agricultores de las provincias de Castilla y Le&#243;n han participado en la manifestaci&#243;n convocada hoy en Valladolid por ASAJA contra el consejero de Econom&#237;a y Hacienda, Tom&#225;s Villanueva, por la incapacidad de su departamento de hallar una soluci&#243;n para el problema de las ITV, que mantiene en el limbo a varios miles de tractores de Castilla y Le&#243;n.<\/p>\n","protected":false},"author":3,"featured_media":6314,"comment_status":"open","ping_status":"open","sticky":false,"template":"","format":"standard","meta":{"footnotes":""},"categories":[4,9],"tags":[],"yoast_head":"<!-- This site is optimized with the Yoast SEO plugin v24.5 - https:\/\/yoast.com\/wordpress\/plugins\/seo\/ -->\n<title>AGRICULTORES DE TODA LA REGI&#211;N RECLAMAN A VILLANUEVA UNA SOLUCI&#211;N PARA CERCA DE 15.000 TRACTORES PENDIENTES DE UNA RESTRICTIVA ITV - ASAJA Le\u00f3n<\/title>\n<meta name=\"description\" content=\"Cerca de 300 agricultores de las provincias de Castilla y Le&#243;n han participado en la manifestaci&#243;n convocada hoy en Valladolid por ASAJA contra el consejero de Econom&#237;a y Hacienda, Tom&#225;s Villanueva, por la incapacidad de su departamento de hallar una soluci&#243;n para el problema de las ITV, que mantiene en el limbo a varios miles de tractores de Castilla y Le&#243;n.\" \/>\n<meta name=\"robots\" content=\"index, follow, max-snippet:-1, max-image-preview:large, max-video-preview:-1\" \/>\n<link rel=\"canonical\" href=\"https:\/\/www.asajacyl.com\/leon\/asaja-leon-informa\/agricultores-de-toda-la-regin-reclaman-a-villanueva-una-solucin-para-cerca-de-15-000-tractores-pendientes-de-una-restrictiva-itv\" \/>\n<meta property=\"og:locale\" content=\"es_ES\" \/>\n<meta property=\"og:type\" content=\"article\" \/>\n<meta property=\"og:title\" content=\"AGRICULTORES DE TODA LA REGI&#211;N RECLAMAN A VILLANUEVA UNA SOLUCI&#211;N PARA CERCA DE 15.000 TRACTORES PENDIENTES DE UNA RESTRICTIVA ITV - ASAJA Le\u00f3n\" \/>\n<meta property=\"og:description\" content=\"Cerca de 300 agricultores de las provincias de Castilla y Le&#243;n han participado en la manifestaci&#243;n convocada hoy en Valladolid por ASAJA contra el consejero de Econom&#237;a y Hacienda, Tom&#225;s Villanueva, por la incapacidad de su departamento de hallar una soluci&#243;n para el problema de las ITV, que mantiene en el limbo a varios miles de tractores de Castilla y Le&#243;n.\" \/>\n<meta property=\"og:url\" content=\"https:\/\/www.asajacyl.com\/leon\/asaja-leon-informa\/agricultores-de-toda-la-regin-reclaman-a-villanueva-una-solucin-para-cerca-de-15-000-tractores-pendientes-de-una-restrictiva-itv\" \/>\n<meta property=\"og:site_name\" content=\"ASAJA Le\u00f3n\" \/>\n<meta property=\"article:published_time\" content=\"2015-01-04T23:00:00+00:00\" \/>\n<meta property=\"article:modified_time\" content=\"2017-11-14T17:37:49+00:00\" \/>\n<meta property=\"og:image\" content=\"https:\/\/www.asajacyl.com\/leon\/wp-content\/uploads\/sites\/6\/2017\/11\/REYES_MAGOS_2015-1024x768.jpg\" \/>\n\t<meta property=\"og:image:width\" content=\"1024\" \/>\n\t<meta property=\"og:image:height\" content=\"768\" \/>\n\t<meta property=\"og:image:type\" content=\"image\/jpeg\" \/>\n<meta name=\"author\" content=\"Editor\" \/>\n<meta name=\"twitter:card\" content=\"summary_large_image\" \/>\n<meta name=\"twitter:label1\" content=\"Escrito por\" \/>\n\t<meta name=\"twitter:data1\" content=\"Editor\" \/>\n\t<meta name=\"twitter:label2\" content=\"Tiempo de lectura\" \/>\n\t<meta name=\"twitter:data2\" content=\"3 minutos\" \/>\n<script type=\"application\/ld+json\" class=\"yoast-schema-graph\">{\"@context\":\"https:\/\/schema.org\",\"@graph\":[{\"@type\":\"WebPage\",\"@id\":\"https:\/\/www.asajacyl.com\/leon\/asaja-leon-informa\/agricultores-de-toda-la-regin-reclaman-a-villanueva-una-solucin-para-cerca-de-15-000-tractores-pendientes-de-una-restrictiva-itv\",\"url\":\"https:\/\/www.asajacyl.com\/leon\/asaja-leon-informa\/agricultores-de-toda-la-regin-reclaman-a-villanueva-una-solucin-para-cerca-de-15-000-tractores-pendientes-de-una-restrictiva-itv\",\"name\":\"AGRICULTORES DE TODA LA REGI&#211;N RECLAMAN A VILLANUEVA UNA SOLUCI&#211;N PARA CERCA DE 15.000 TRACTORES PENDIENTES DE UNA RESTRICTIVA ITV - ASAJA Le\u00f3n\",\"isPartOf\":{\"@id\":\"https:\/\/www.asajacyl.com\/leon\/#website\"},\"primaryImageOfPage\":{\"@id\":\"https:\/\/www.asajacyl.com\/leon\/asaja-leon-informa\/agricultores-de-toda-la-regin-reclaman-a-villanueva-una-solucin-para-cerca-de-15-000-tractores-pendientes-de-una-restrictiva-itv#primaryimage\"},\"image\":{\"@id\":\"https:\/\/www.asajacyl.com\/leon\/asaja-leon-informa\/agricultores-de-toda-la-regin-reclaman-a-villanueva-una-solucin-para-cerca-de-15-000-tractores-pendientes-de-una-restrictiva-itv#primaryimage\"},\"thumbnailUrl\":\"https:\/\/www.asajacyl.com\/leon\/wp-content\/uploads\/sites\/6\/2017\/11\/REYES_MAGOS_2015.jpg\",\"datePublished\":\"2015-01-04T23:00:00+00:00\",\"dateModified\":\"2017-11-14T17:37:49+00:00\",\"author\":{\"@id\":\"https:\/\/www.asajacyl.com\/leon\/#\/schema\/person\/7e884476cee132331142e8ac9689f20c\"},\"description\":\"Cerca de 300 agricultores de las provincias de Castilla y Le&#243;n han participado en la manifestaci&#243;n convocada hoy en Valladolid por ASAJA contra el consejero de Econom&#237;a y Hacienda, Tom&#225;s Villanueva, por la incapacidad de su departamento de hallar una soluci&#243;n para el problema de las ITV, que mantiene en el limbo a varios miles de tractores de Castilla y Le&#243;n.\",\"breadcrumb\":{\"@id\":\"https:\/\/www.asajacyl.com\/leon\/asaja-leon-informa\/agricultores-de-toda-la-regin-reclaman-a-villanueva-una-solucin-para-cerca-de-15-000-tractores-pendientes-de-una-restrictiva-itv#breadcrumb\"},\"inLanguage\":\"es\",\"potentialAction\":[{\"@type\":\"ReadAction\",\"target\":[\"https:\/\/www.asajacyl.com\/leon\/asaja-leon-informa\/agricultores-de-toda-la-regin-reclaman-a-villanueva-una-solucin-para-cerca-de-15-000-tractores-pendientes-de-una-restrictiva-itv\"]}]},{\"@type\":\"ImageObject\",\"inLanguage\":\"es\",\"@id\":\"https:\/\/www.asajacyl.com\/leon\/asaja-leon-informa\/agricultores-de-toda-la-regin-reclaman-a-villanueva-una-solucin-para-cerca-de-15-000-tractores-pendientes-de-una-restrictiva-itv#primaryimage\",\"url\":\"https:\/\/www.asajacyl.com\/leon\/wp-content\/uploads\/sites\/6\/2017\/11\/REYES_MAGOS_2015.jpg\",\"contentUrl\":\"https:\/\/www.asajacyl.com\/leon\/wp-content\/uploads\/sites\/6\/2017\/11\/REYES_MAGOS_2015.jpg\",\"width\":3264,\"height\":2448},{\"@type\":\"BreadcrumbList\",\"@id\":\"https:\/\/www.asajacyl.com\/leon\/asaja-leon-informa\/agricultores-de-toda-la-regin-reclaman-a-villanueva-una-solucin-para-cerca-de-15-000-tractores-pendientes-de-una-restrictiva-itv#breadcrumb\",\"itemListElement\":[{\"@type\":\"ListItem\",\"position\":1,\"name\":\"Portada\",\"item\":\"https:\/\/www.asajacyl.com\/leon\/\"},{\"@type\":\"ListItem\",\"position\":2,\"name\":\"AGRICULTORES DE TODA LA REGI&#211;N RECLAMAN A VILLANUEVA UNA SOLUCI&#211;N PARA CERCA DE 15.000 TRACTORES PENDIENTES DE UNA RESTRICTIVA ITV\"}]},{\"@type\":\"WebSite\",\"@id\":\"https:\/\/www.asajacyl.com\/leon\/#website\",\"url\":\"https:\/\/www.asajacyl.com\/leon\/\",\"name\":\"ASAJA Le\u00f3n\",\"description\":\"Otro sitio m\u00e1s de Provincias ASAJA Castilla y Le\u00f3n\",\"potentialAction\":[{\"@type\":\"SearchAction\",\"target\":{\"@type\":\"EntryPoint\",\"urlTemplate\":\"https:\/\/www.asajacyl.com\/leon\/?s={search_term_string}\"},\"query-input\":{\"@type\":\"PropertyValueSpecification\",\"valueRequired\":true,\"valueName\":\"search_term_string\"}}],\"inLanguage\":\"es\"},{\"@type\":\"Person\",\"@id\":\"https:\/\/www.asajacyl.com\/leon\/#\/schema\/person\/7e884476cee132331142e8ac9689f20c\",\"name\":\"Editor\",\"image\":{\"@type\":\"ImageObject\",\"inLanguage\":\"es\",\"@id\":\"https:\/\/www.asajacyl.com\/leon\/#\/schema\/person\/image\/\",\"url\":\"https:\/\/secure.gravatar.com\/avatar\/a2ef43c165669686cfcfb0e1ffa59869?s=96&d=mm&r=g\",\"contentUrl\":\"https:\/\/secure.gravatar.com\/avatar\/a2ef43c165669686cfcfb0e1ffa59869?s=96&d=mm&r=g\",\"caption\":\"Editor\"},\"url\":\"https:\/\/www.asajacyl.com\/leon\/author\/oscargg\"}]}<\/script>\n<!-- \/ Yoast SEO plugin. -->","yoast_head_json":{"title":"AGRICULTORES DE TODA LA REGI&#211;N RECLAMAN A VILLANUEVA UNA SOLUCI&#211;N PARA CERCA DE 15.000 TRACTORES PENDIENTES DE UNA RESTRICTIVA ITV - ASAJA Le\u00f3n","description":"Cerca de 300 agricultores de las provincias de Castilla y Le&#243;n han participado en la manifestaci&#243;n convocada hoy en Valladolid por ASAJA contra el consejero de Econom&#237;a y Hacienda, Tom&#225;s Villanueva, por la incapacidad de su departamento de hallar una soluci&#243;n para el problema de las ITV, que mantiene en el limbo a varios miles de tractores de Castilla y Le&#243;n.","robots":{"index":"index","follow":"follow","max-snippet":"max-snippet:-1","max-image-preview":"max-image-preview:large","max-video-preview":"max-video-preview:-1"},"canonical":"https:\/\/www.asajacyl.com\/leon\/asaja-leon-informa\/agricultores-de-toda-la-regin-reclaman-a-villanueva-una-solucin-para-cerca-de-15-000-tractores-pendientes-de-una-restrictiva-itv","og_locale":"es_ES","og_type":"article","og_title":"AGRICULTORES DE TODA LA REGI&#211;N RECLAMAN A VILLANUEVA UNA SOLUCI&#211;N PARA CERCA DE 15.000 TRACTORES PENDIENTES DE UNA RESTRICTIVA ITV - ASAJA Le\u00f3n","og_description":"Cerca de 300 agricultores de las provincias de Castilla y Le&#243;n han participado en la manifestaci&#243;n convocada hoy en Valladolid por ASAJA contra el consejero de Econom&#237;a y Hacienda, Tom&#225;s Villanueva, por la incapacidad de su departamento de hallar una soluci&#243;n para el problema de las ITV, que mantiene en el limbo a varios miles de tractores de Castilla y Le&#243;n.","og_url":"https:\/\/www.asajacyl.com\/leon\/asaja-leon-informa\/agricultores-de-toda-la-regin-reclaman-a-villanueva-una-solucin-para-cerca-de-15-000-tractores-pendientes-de-una-restrictiva-itv","og_site_name":"ASAJA Le\u00f3n","article_published_time":"2015-01-04T23:00:00+00:00","article_modified_time":"2017-11-14T17:37:49+00:00","og_image":[{"width":1024,"height":768,"url":"https:\/\/www.asajacyl.com\/leon\/wp-content\/uploads\/sites\/6\/2017\/11\/REYES_MAGOS_2015-1024x768.jpg","type":"image\/jpeg"}],"author":"Editor","twitter_card":"summary_large_image","twitter_misc":{"Escrito por":"Editor","Tiempo de lectura":"3 minutos"},"schema":{"@context":"https:\/\/schema.org","@graph":[{"@type":"WebPage","@id":"https:\/\/www.asajacyl.com\/leon\/asaja-leon-informa\/agricultores-de-toda-la-regin-reclaman-a-villanueva-una-solucin-para-cerca-de-15-000-tractores-pendientes-de-una-restrictiva-itv","url":"https:\/\/www.asajacyl.com\/leon\/asaja-leon-informa\/agricultores-de-toda-la-regin-reclaman-a-villanueva-una-solucin-para-cerca-de-15-000-tractores-pendientes-de-una-restrictiva-itv","name":"AGRICULTORES DE TODA LA REGI&#211;N RECLAMAN A VILLANUEVA UNA SOLUCI&#211;N PARA CERCA DE 15.000 TRACTORES PENDIENTES DE UNA RESTRICTIVA ITV - ASAJA Le\u00f3n","isPartOf":{"@id":"https:\/\/www.asajacyl.com\/leon\/#website"},"primaryImageOfPage":{"@id":"https:\/\/www.asajacyl.com\/leon\/asaja-leon-informa\/agricultores-de-toda-la-regin-reclaman-a-villanueva-una-solucin-para-cerca-de-15-000-tractores-pendientes-de-una-restrictiva-itv#primaryimage"},"image":{"@id":"https:\/\/www.asajacyl.com\/leon\/asaja-leon-informa\/agricultores-de-toda-la-regin-reclaman-a-villanueva-una-solucin-para-cerca-de-15-000-tractores-pendientes-de-una-restrictiva-itv#primaryimage"},"thumbnailUrl":"https:\/\/www.asajacyl.com\/leon\/wp-content\/uploads\/sites\/6\/2017\/11\/REYES_MAGOS_2015.jpg","datePublished":"2015-01-04T23:00:00+00:00","dateModified":"2017-11-14T17:37:49+00:00","author":{"@id":"https:\/\/www.asajacyl.com\/leon\/#\/schema\/person\/7e884476cee132331142e8ac9689f20c"},"description":"Cerca de 300 agricultores de las provincias de Castilla y Le&#243;n han participado en la manifestaci&#243;n convocada hoy en Valladolid por ASAJA contra el consejero de Econom&#237;a y Hacienda, Tom&#225;s Villanueva, por la incapacidad de su departamento de hallar una soluci&#243;n para el problema de las ITV, que mantiene en el limbo a varios miles de tractores de Castilla y Le&#243;n.","breadcrumb":{"@id":"https:\/\/www.asajacyl.com\/leon\/asaja-leon-informa\/agricultores-de-toda-la-regin-reclaman-a-villanueva-una-solucin-para-cerca-de-15-000-tractores-pendientes-de-una-restrictiva-itv#breadcrumb"},"inLanguage":"es","potentialAction":[{"@type":"ReadAction","target":["https:\/\/www.asajacyl.com\/leon\/asaja-leon-informa\/agricultores-de-toda-la-regin-reclaman-a-villanueva-una-solucin-para-cerca-de-15-000-tractores-pendientes-de-una-restrictiva-itv"]}]},{"@type":"ImageObject","inLanguage":"es","@id":"https:\/\/www.asajacyl.com\/leon\/asaja-leon-informa\/agricultores-de-toda-la-regin-reclaman-a-villanueva-una-solucin-para-cerca-de-15-000-tractores-pendientes-de-una-restrictiva-itv#primaryimage","url":"https:\/\/www.asajacyl.com\/leon\/wp-content\/uploads\/sites\/6\/2017\/11\/REYES_MAGOS_2015.jpg","contentUrl":"https:\/\/www.asajacyl.com\/leon\/wp-content\/uploads\/sites\/6\/2017\/11\/REYES_MAGOS_2015.jpg","width":3264,"height":2448},{"@type":"BreadcrumbList","@id":"https:\/\/www.asajacyl.com\/leon\/asaja-leon-informa\/agricultores-de-toda-la-regin-reclaman-a-villanueva-una-solucin-para-cerca-de-15-000-tractores-pendientes-de-una-restrictiva-itv#breadcrumb","itemListElement":[{"@type":"ListItem","position":1,"name":"Portada","item":"https:\/\/www.asajacyl.com\/leon\/"},{"@type":"ListItem","position":2,"name":"AGRICULTORES DE TODA LA REGI&#211;N RECLAMAN A VILLANUEVA UNA SOLUCI&#211;N PARA CERCA DE 15.000 TRACTORES PENDIENTES DE UNA RESTRICTIVA ITV"}]},{"@type":"WebSite","@id":"https:\/\/www.asajacyl.com\/leon\/#website","url":"https:\/\/www.asajacyl.com\/leon\/","name":"ASAJA Le\u00f3n","description":"Otro sitio m\u00e1s de Provincias ASAJA Castilla y Le\u00f3n","potentialAction":[{"@type":"SearchAction","target":{"@type":"EntryPoint","urlTemplate":"https:\/\/www.asajacyl.com\/leon\/?s={search_term_string}"},"query-input":{"@type":"PropertyValueSpecification","valueRequired":true,"valueName":"search_term_string"}}],"inLanguage":"es"},{"@type":"Person","@id":"https:\/\/www.asajacyl.com\/leon\/#\/schema\/person\/7e884476cee132331142e8ac9689f20c","name":"Editor","image":{"@type":"ImageObject","inLanguage":"es","@id":"https:\/\/www.asajacyl.com\/leon\/#\/schema\/person\/image\/","url":"https:\/\/secure.gravatar.com\/avatar\/a2ef43c165669686cfcfb0e1ffa59869?s=96&d=mm&r=g","contentUrl":"https:\/\/secure.gravatar.com\/avatar\/a2ef43c165669686cfcfb0e1ffa59869?s=96&d=mm&r=g","caption":"Editor"},"url":"https:\/\/www.asajacyl.com\/leon\/author\/oscargg"}]}},"_links":{"self":[{"href":"https:\/\/www.asajacyl.com\/leon\/wp-json\/wp\/v2\/posts\/492"}],"collection":[{"href":"https:\/\/www.asajacyl.com\/leon\/wp-json\/wp\/v2\/posts"}],"about":[{"href":"https:\/\/www.asajacyl.com\/leon\/wp-json\/wp\/v2\/types\/post"}],"author":[{"embeddable":true,"href":"https:\/\/www.asajacyl.com\/leon\/wp-json\/wp\/v2\/users\/3"}],"replies":[{"embeddable":true,"href":"https:\/\/www.asajacyl.com\/leon\/wp-json\/wp\/v2\/comments?post=492"}],"version-history":[{"count":3,"href":"https:\/\/www.asajacyl.com\/leon\/wp-json\/wp\/v2\/posts\/492\/revisions"}],"predecessor-version":[{"id":4391,"href":"https:\/\/www.asajacyl.com\/leon\/wp-json\/wp\/v2\/posts\/492\/revisions\/4391"}],"wp:featuredmedia":[{"embeddable":true,"href":"https:\/\/www.asajacyl.com\/leon\/wp-json\/wp\/v2\/media\/6314"}],"wp:attachment":[{"href":"https:\/\/www.asajacyl.com\/leon\/wp-json\/wp\/v2\/media?parent=492"}],"wp:term":[{"taxonomy":"category","embeddable":true,"href":"https:\/\/www.asajacyl.com\/leon\/wp-json\/wp\/v2\/categories?post=492"},{"taxonomy":"post_tag","embeddable":true,"href":"https:\/\/www.asajacyl.com\/leon\/wp-json\/wp\/v2\/tags?post=492"}],"curies":[{"name":"wp","href":"https:\/\/api.w.org\/{rel}","templated":true}]}}