{"id":5267,"date":"2017-07-12T00:00:00","date_gmt":"2017-07-11T22:00:00","guid":{"rendered":"https:\/\/www.asajacyl.com\/leon\/sin-categoria\/cotizaciones-de-la-lonja-agropecuaria-de-len-sesin-12072017"},"modified":"2017-11-14T17:37:23","modified_gmt":"2017-11-14T16:37:23","slug":"cotizaciones-de-la-lonja-agropecuaria-de-len-sesin-12072017","status":"publish","type":"post","link":"https:\/\/www.asajacyl.com\/leon\/servicios-socio\/cotizaciones-de-la-lonja-agropecuaria-de-len-sesin-12072017","title":{"rendered":"Cotizaciones de la Lonja Agropecuaria de Le&#243;n &#8211;  Sesi&#243;n 12\/07\/2017"},"content":{"rendered":"<h2><\/h2>\n<p align=\"center\">\n<span style=\"color:#006400;\"><strong>La cosecha de cereal de invierno en Le&#243;n no alcanzar&#225; las 150.000 toneladas, un 61% menos que en 2016<\/strong><\/span><\/p>\n<p style=\"text-align: justify;\">\n&#160;&#160;&#160;&#160;&#160;&#160;&#160;&#160;&#160;&#160;&#160; Seg&#250;n estimaciones de esta Lonja, la producci&#243;n total de cereales la presente campa&#241;a ser&#225; de 149.436 toneladas, con un descenso del 61% respecto de 2016 que fue de 383.340 toneladas.<\/p>\n<p style=\"text-align: justify;\">\n&#160;&#160;&#160;&#160;&#160;&#160;&#160;&#160;&#160;&#160;&#160; Los rendimientos medios se situar&#225;n en 1.473 kg\/ha. En secano trigo y cebada 600 kg\/ha, avena y centeno 800 kg\/ha&#160; y triticale 1000 kg\/ha; en regad&#237;o; trigo 2719 kg\/ha, cebada 3000 kg\/ha, avena 2.800 kg\/ha, centeno 1.700 kg\/ha y triticale 2.600 kg\/ha.<\/p>\n<p style=\"text-align: justify;\">\n&#160;&#160;&#160;&#160;&#160;&#160;&#160;&#160;&#160;&#160;&#160; Por lo tanto la ca&#237;da de rendimientos respecto de la pasada campa&#241;a ser&#225; de cerca de un 80% en secano y m&#225;s de un 53% en regad&#237;o.<\/p>\n<p style=\"text-align: justify;\">\n&#160;&#160;&#160;&#160;&#160;&#160;&#160;&#160;&#160;&#160;&#160; En nuestra provincia 39.025 ha de cereal son de regad&#237;o, casi un 40% del total.<\/p>\n<p>\n&#160;&#160;&#160;&#160;&#160;&#160;&#160;&#160;&#160;&#160;&#160; Seguidamente publicamos tabla de superficie, producci&#243;n y rendimientos.<\/p>\n<p>\n&#160;<\/p>\n<table border=\"0\" cellpadding=\"0\" cellspacing=\"0\" style=\"width:634px;\" width=\"793\">\n<tbody>\n<tr>\n<td nowrap=\"nowrap\" style=\"width:106px;height:38px;\">\n<p align=\"center\">\n<strong>LEON<\/strong><\/p>\n<\/td>\n<td nowrap=\"nowrap\" style=\"width:97px;height:38px;\">\n<p>\n<strong>TOTAL 2017<\/strong><\/p>\n<\/td>\n<td nowrap=\"nowrap\" style=\"width:112px;height:38px;\">\n<p>\n<strong>(Secano y regad&#237;o)<\/strong><\/p>\n<\/td>\n<td nowrap=\"nowrap\" style=\"width:70px;height:38px;\">\n<p>\n&#160;<\/p>\n<\/td>\n<td nowrap=\"nowrap\" style=\"width:82px;height:38px;\">\n<p>\n<strong>TOTAL 2016<\/strong><\/p>\n<\/td>\n<td nowrap=\"nowrap\" style=\"width:104px;height:38px;\">\n<p>\n<strong>(Secano y regad&#237;o)<\/strong><\/p>\n<\/td>\n<td nowrap=\"nowrap\" style=\"width:66px;height:38px;\">\n<p>\n&#160;<\/p>\n<\/td>\n<\/tr>\n<tr>\n<td nowrap=\"nowrap\" style=\"width:106px;height:32px;\">\n<p align=\"center\">\n&#160;<\/p>\n<\/td>\n<td nowrap=\"nowrap\" style=\"width:97px;height:32px;\">\n<p>\n<strong>Superficie (ha)<\/strong><\/p>\n<\/td>\n<td nowrap=\"nowrap\" style=\"width:112px;height:32px;\">\n<p>\n<strong>Producci&#243;n (ha)<\/strong><\/p>\n<\/td>\n<td nowrap=\"nowrap\" style=\"width:70px;height:32px;\">\n<p>\n<strong>Rto. Medio (kg\/ha)<\/strong><\/p>\n<\/td>\n<td nowrap=\"nowrap\" style=\"width:82px;height:32px;\">\n<p>\n<strong>Superficie (ha)<\/strong><\/p>\n<\/td>\n<td nowrap=\"nowrap\" style=\"width:104px;height:32px;\">\n<p>\n<strong>Producci&#243;n (ha)<\/strong><\/p>\n<\/td>\n<td nowrap=\"nowrap\" style=\"width:66px;height:32px;\">\n<p>\n<strong>Rto. Medio (kg\/ha)<\/strong><\/p>\n<\/td>\n<\/tr>\n<tr>\n<td nowrap=\"nowrap\" style=\"width:106px;height:32px;\">\n<p align=\"center\">\n<strong>TOTAL CEREALES INVIERNO<\/strong><\/p>\n<\/td>\n<td nowrap=\"nowrap\" style=\"width:97px;height:32px;\">\n<p align=\"center\">\n101.421<\/p>\n<\/td>\n<td nowrap=\"nowrap\" style=\"width:112px;height:32px;\">\n<p align=\"center\">\n149.436<\/p>\n<\/td>\n<td nowrap=\"nowrap\" style=\"width:70px;height:32px;\">\n<p align=\"center\">\n1.473<\/p>\n<\/td>\n<td nowrap=\"nowrap\" style=\"width:82px;height:32px;\">\n<p align=\"center\">\n102.984<\/p>\n<\/td>\n<td nowrap=\"nowrap\" style=\"width:104px;height:32px;\">\n<p align=\"center\">\n383.340<\/p>\n<\/td>\n<td nowrap=\"nowrap\" style=\"width:66px;height:32px;\">\n<p align=\"center\">\n3.722<\/p>\n<\/td>\n<\/tr>\n<tr>\n<td nowrap=\"nowrap\" style=\"width:106px;height:31px;\">\n<p align=\"center\">\nTRIGO<\/p>\n<\/td>\n<td nowrap=\"nowrap\" style=\"width:97px;height:31px;\">\n<p align=\"center\">\n62.564<\/p>\n<\/td>\n<td nowrap=\"nowrap\" style=\"width:112px;height:31px;\">\n<p align=\"center\">\n101.411<\/p>\n<\/td>\n<td nowrap=\"nowrap\" style=\"width:70px;height:31px;\">\n<p align=\"center\">\n1.620<\/p>\n<\/td>\n<td nowrap=\"nowrap\" style=\"width:82px;height:31px;\">\n<p align=\"center\">\n58.768<\/p>\n<\/td>\n<td nowrap=\"nowrap\" style=\"width:104px;height:31px;\">\n<p align=\"center\">\n255.783<\/p>\n<\/td>\n<td nowrap=\"nowrap\" style=\"width:66px;height:31px;\">\n<p align=\"center\">\n4.352<\/p>\n<\/td>\n<\/tr>\n<tr>\n<td nowrap=\"nowrap\" style=\"width:106px;height:36px;\">\n<p align=\"center\">\nCEBADA<\/p>\n<\/td>\n<td nowrap=\"nowrap\" style=\"width:97px;height:36px;\">\n<p align=\"center\">\n18.299<\/p>\n<\/td>\n<td nowrap=\"nowrap\" style=\"width:112px;height:36px;\">\n<p align=\"center\">\n22.534<\/p>\n<\/td>\n<td nowrap=\"nowrap\" style=\"width:70px;height:36px;\">\n<p align=\"center\">\n1.231<\/p>\n<\/td>\n<td nowrap=\"nowrap\" style=\"width:82px;height:36px;\">\n<p align=\"center\">\n19.666<\/p>\n<\/td>\n<td nowrap=\"nowrap\" style=\"width:104px;height:36px;\">\n<p align=\"center\">\n65.746<\/p>\n<\/td>\n<td nowrap=\"nowrap\" style=\"width:66px;height:36px;\">\n<p align=\"center\">\n3.343<\/p>\n<\/td>\n<\/tr>\n<tr>\n<td nowrap=\"nowrap\" style=\"width:106px;height:34px;\">\n<p align=\"center\">\nAVENA<\/p>\n<\/td>\n<td nowrap=\"nowrap\" style=\"width:97px;height:34px;\">\n<p align=\"center\">\n12.069<\/p>\n<\/td>\n<td nowrap=\"nowrap\" style=\"width:112px;height:34px;\">\n<p align=\"center\">\n16.620<\/p>\n<\/td>\n<td nowrap=\"nowrap\" style=\"width:70px;height:34px;\">\n<p align=\"center\">\n1.377<\/p>\n<\/td>\n<td nowrap=\"nowrap\" style=\"width:82px;height:34px;\">\n<p align=\"center\">\n13.143<\/p>\n<\/td>\n<td nowrap=\"nowrap\" style=\"width:104px;height:34px;\">\n<p align=\"center\">\n34.110<\/p>\n<\/td>\n<td nowrap=\"nowrap\" style=\"width:66px;height:34px;\">\n<p align=\"center\">\n2.595<\/p>\n<\/td>\n<\/tr>\n<tr>\n<td nowrap=\"nowrap\" style=\"width:106px;height:40px;\">\n<p align=\"center\">\nCENTENO<\/p>\n<\/td>\n<td nowrap=\"nowrap\" style=\"width:97px;height:40px;\">\n<p align=\"center\">\n6.164<\/p>\n<\/td>\n<td nowrap=\"nowrap\" style=\"width:112px;height:40px;\">\n<p align=\"center\">\n5.501<\/p>\n<\/td>\n<td nowrap=\"nowrap\" style=\"width:70px;height:40px;\">\n<p align=\"center\">\n892<\/p>\n<\/td>\n<td nowrap=\"nowrap\" style=\"width:82px;height:40px;\">\n<p align=\"center\">\n8.996<\/p>\n<\/td>\n<td nowrap=\"nowrap\" style=\"width:104px;height:40px;\">\n<p align=\"center\">\n19.574<\/p>\n<\/td>\n<td nowrap=\"nowrap\" style=\"width:66px;height:40px;\">\n<p align=\"center\">\n2.176<\/p>\n<\/td>\n<\/tr>\n<tr>\n<td nowrap=\"nowrap\" style=\"width:106px;height:39px;\">\n<p align=\"center\">\nTRITICALE<\/p>\n<\/td>\n<td nowrap=\"nowrap\" style=\"width:97px;height:39px;\">\n<p align=\"center\">\n2.325<\/p>\n<\/td>\n<td nowrap=\"nowrap\" style=\"width:112px;height:39px;\">\n<p align=\"center\">\n3.370<\/p>\n<\/td>\n<td nowrap=\"nowrap\" style=\"width:70px;height:39px;\">\n<p align=\"center\">\n1.449<\/p>\n<\/td>\n<td nowrap=\"nowrap\" style=\"width:82px;height:39px;\">\n<p align=\"center\">\n2.411<\/p>\n<\/td>\n<td nowrap=\"nowrap\" style=\"width:104px;height:39px;\">\n<p align=\"center\">\n8.127<\/p>\n<\/td>\n<td nowrap=\"nowrap\" style=\"width:66px;height:39px;\">\n<p align=\"center\">\n3.371<\/p>\n<\/td>\n<\/tr>\n<\/tbody>\n<\/table>\n<p>\n&#160;<\/p>\n<p>\n&#160;&#160;&#160;&#160;&#160;&#160;&#160;&#160;&#160;&#160;&#160;<\/p>\n<p>\n&#160;&#160;&#160;&#160;&#160;&#160;&#160;&#160;&#160;&#160;&#160; Repetici&#243;n en la sesi&#243;n de hoy de todos los cereales, estando a la espera de acontecimientos que pueda modificar la estabilidad que hoy refleja esta lonja.<\/p>\n<p>\n&#160;<\/p>\n<p>\nEn Le&#243;n a 12 de julio de 2.017.<\/p>\n<p>\n&#160;<\/p>\n<p align=\"center\">\n<strong>COTIZACIONES DE LA MESA AGRICOLA DE CEREAL 12-07-17<\/strong><\/p>\n<p style=\"margin-left:70.8pt;\">\nPrecios Orientativos Euros\/Tonelada en <strong><u>Origen Almac&#233;n Agricultor<\/u><\/strong><\/p>\n<p align=\"center\">\n&#160;&#160;&#160;&#160;&#160;&#160;&#160;&#160;&#160;&#160;&#160;&#160;&#160;&#160; &#160;&#160;&#160;&#160;&#160;&#160;&#160;&#160; (Condiciones de Calidad O.C.M. Cereales-F.E.G.A. Campa&#241;a 2013\/2014)<\/p>\n<p align=\"center\">\n&#160;<\/p>\n<p align=\"center\">\n&#160;<\/p>\n<table border=\"1\" cellpadding=\"0\" cellspacing=\"0\">\n<tbody>\n<tr>\n<td style=\"width:158px;\">\n<p align=\"center\">\n<strong>CEREALES<\/strong><\/p>\n<\/td>\n<td style=\"width:151px;\">\n<p align=\"center\">\n<strong>COTIZACION<\/strong><\/p>\n<p align=\"center\">\n<strong>ANTERIOR<\/strong><\/p>\n<\/td>\n<td style=\"width:151px;\">\n<p align=\"center\">\n<strong>COTIZACION<\/strong><\/p>\n<p align=\"center\">\n<strong>ACTUAL<\/strong><\/p>\n<\/td>\n<td style=\"width:114px;\">\n<p align=\"center\">\n<strong>DIF.<\/strong><\/p>\n<\/td>\n<\/tr>\n<tr>\n<td style=\"width:158px;\">\n<p align=\"center\">\n&#160;<\/p>\n<\/td>\n<td style=\"width:151px;\">\n<p align=\"center\">\n<strong>&#8364;\/t<\/strong><\/p>\n<\/td>\n<td style=\"width:151px;\">\n<p align=\"center\">\n<strong>&#8364;\/t<\/strong><\/p>\n<\/td>\n<td style=\"width:114px;\">\n<p align=\"center\">\n&#160;<\/p>\n<\/td>\n<\/tr>\n<tr>\n<td style=\"width:158px;\">\n<p>\nTrigo Pienso<\/p>\n<\/td>\n<td style=\"width:151px;\">\n<p align=\"center\">\n177,00<\/p>\n<\/td>\n<td style=\"width:151px;\">\n<p align=\"center\">\n177,00<\/p>\n<\/td>\n<td style=\"width:114px;\">\n<p align=\"center\">\n=<\/p>\n<\/td>\n<\/tr>\n<tr>\n<td style=\"width:158px;\">\n<p>\nCebada<\/p>\n<\/td>\n<td style=\"width:151px;\">\n<p align=\"center\">\n168,00<\/p>\n<\/td>\n<td style=\"width:151px;\">\n<p align=\"center\">\n168,00<\/p>\n<\/td>\n<td style=\"width:114px;\">\n<p align=\"center\">\n=<\/p>\n<\/td>\n<\/tr>\n<tr>\n<td style=\"width:158px;\">\n<p>\nTriticale<\/p>\n<\/td>\n<td style=\"width:151px;\">\n<p align=\"center\">\nS\/C<\/p>\n<\/td>\n<td style=\"width:151px;\">\n<p align=\"center\">\nS\/C<\/p>\n<\/td>\n<td style=\"width:114px;\">\n<p align=\"center\">\n&#160;<\/p>\n<\/td>\n<\/tr>\n<tr>\n<td style=\"width:158px;\">\n<p>\nCenteno<\/p>\n<\/td>\n<td style=\"width:151px;\">\n<p align=\"center\">\n156,00<\/p>\n<\/td>\n<td style=\"width:151px;\">\n<p align=\"center\">\n156,00<\/p>\n<\/td>\n<td style=\"width:114px;\">\n<p align=\"center\">\n=<\/p>\n<\/td>\n<\/tr>\n<tr>\n<td style=\"width:158px;\">\n<p>\nAvena<\/p>\n<\/td>\n<td style=\"width:151px;\">\n<p align=\"center\">\n150,00<\/p>\n<\/td>\n<td style=\"width:151px;\">\n<p align=\"center\">\n150,00<\/p>\n<\/td>\n<td style=\"width:114px;\">\n<p align=\"center\">\n=<\/p>\n<\/td>\n<\/tr>\n<tr>\n<td style=\"width:158px;\">\n<p>\nMa&#237;z<\/p>\n<\/td>\n<td style=\"width:151px;\">\n<p align=\"center\">\n&#160;177,00*<\/p>\n<\/td>\n<td style=\"width:151px;\">\n<p align=\"center\">\n&#160;177,00*<\/p>\n<\/td>\n<td style=\"width:114px;\">\n<p align=\"center\">\n=<\/p>\n<\/td>\n<\/tr>\n<\/tbody>\n<\/table>\n<p>\n&#160;<\/p>\n<p>\n*&#160; Ma&#237;z&#160; con menos del 15% de humedad<\/p>\n","protected":false},"excerpt":{"rendered":"<p>La cosecha de cereal de invierno en Le&#243;n no alcanzar&#225; las 150.000 toneladas, un 61% menos que en 2016 &#160;&#160;&#160;&#160;&#160;&#160;&#160;&#160;&#160;&#160;&#160; Seg&#250;n estimaciones de esta Lonja, la producci&#243;n total de cereales la presente campa&#241;a ser&#225; de 149.436 toneladas, con un descenso del 61% respecto de 2016 que fue de 383.340 toneladas. &#160;&#160;&#160;&#160;&#160;&#160;&#160;&#160;&#160;&#160;&#160; Los rendimientos medios se [&hellip;]<\/p>\n","protected":false},"author":3,"featured_media":8174,"comment_status":"open","ping_status":"open","sticky":false,"template":"","format":"standard","meta":{"footnotes":""},"categories":[34,67,5],"tags":[],"yoast_head":"<!-- This site is optimized with the Yoast SEO plugin v24.5 - https:\/\/yoast.com\/wordpress\/plugins\/seo\/ -->\n<title>Cotizaciones de la Lonja Agropecuaria de Le&#243;n - Sesi&#243;n 12\/07\/2017 - ASAJA Le\u00f3n<\/title>\n<meta name=\"description\" content=\"La cosecha de cereal de invierno en Le&#243;n no alcanzar&#225; las 150.000 toneladas, un 61% menos que en 2016\" \/>\n<meta name=\"robots\" content=\"index, follow, max-snippet:-1, max-image-preview:large, max-video-preview:-1\" \/>\n<link rel=\"canonical\" href=\"https:\/\/www.asajacyl.com\/leon\/servicios-socio\/cotizaciones-de-la-lonja-agropecuaria-de-len-sesin-12072017\" \/>\n<meta property=\"og:locale\" content=\"es_ES\" \/>\n<meta property=\"og:type\" content=\"article\" \/>\n<meta property=\"og:title\" content=\"Cotizaciones de la Lonja Agropecuaria de Le&#243;n - Sesi&#243;n 12\/07\/2017 - ASAJA Le\u00f3n\" \/>\n<meta property=\"og:description\" content=\"La cosecha de cereal de invierno en Le&#243;n no alcanzar&#225; las 150.000 toneladas, un 61% menos que en 2016\" \/>\n<meta property=\"og:url\" content=\"https:\/\/www.asajacyl.com\/leon\/servicios-socio\/cotizaciones-de-la-lonja-agropecuaria-de-len-sesin-12072017\" \/>\n<meta property=\"og:site_name\" content=\"ASAJA Le\u00f3n\" \/>\n<meta property=\"article:published_time\" content=\"2017-07-11T22:00:00+00:00\" \/>\n<meta property=\"article:modified_time\" content=\"2017-11-14T16:37:23+00:00\" \/>\n<meta property=\"og:image\" content=\"https:\/\/www.asajacyl.com\/leon\/wp-content\/uploads\/sites\/6\/2017\/11\/im_predefinida_1920x1080.jpg\" \/>\n\t<meta property=\"og:image:width\" content=\"1920\" \/>\n\t<meta property=\"og:image:height\" content=\"1080\" \/>\n\t<meta property=\"og:image:type\" content=\"image\/jpeg\" \/>\n<meta name=\"author\" content=\"Editor\" \/>\n<meta name=\"twitter:card\" content=\"summary_large_image\" \/>\n<meta name=\"twitter:label1\" content=\"Escrito por\" \/>\n\t<meta name=\"twitter:data1\" content=\"Editor\" \/>\n\t<meta name=\"twitter:label2\" content=\"Tiempo de lectura\" \/>\n\t<meta name=\"twitter:data2\" content=\"1 minuto\" \/>\n<script type=\"application\/ld+json\" class=\"yoast-schema-graph\">{\"@context\":\"https:\/\/schema.org\",\"@graph\":[{\"@type\":\"WebPage\",\"@id\":\"https:\/\/www.asajacyl.com\/leon\/servicios-socio\/cotizaciones-de-la-lonja-agropecuaria-de-len-sesin-12072017\",\"url\":\"https:\/\/www.asajacyl.com\/leon\/servicios-socio\/cotizaciones-de-la-lonja-agropecuaria-de-len-sesin-12072017\",\"name\":\"Cotizaciones de la Lonja Agropecuaria de Le&#243;n - Sesi&#243;n 12\/07\/2017 - ASAJA Le\u00f3n\",\"isPartOf\":{\"@id\":\"https:\/\/www.asajacyl.com\/leon\/#website\"},\"primaryImageOfPage\":{\"@id\":\"https:\/\/www.asajacyl.com\/leon\/servicios-socio\/cotizaciones-de-la-lonja-agropecuaria-de-len-sesin-12072017#primaryimage\"},\"image\":{\"@id\":\"https:\/\/www.asajacyl.com\/leon\/servicios-socio\/cotizaciones-de-la-lonja-agropecuaria-de-len-sesin-12072017#primaryimage\"},\"thumbnailUrl\":\"https:\/\/www.asajacyl.com\/leon\/wp-content\/uploads\/sites\/6\/2017\/11\/im_predefinida_1920x1080.jpg\",\"datePublished\":\"2017-07-11T22:00:00+00:00\",\"dateModified\":\"2017-11-14T16:37:23+00:00\",\"author\":{\"@id\":\"https:\/\/www.asajacyl.com\/leon\/#\/schema\/person\/7e884476cee132331142e8ac9689f20c\"},\"description\":\"La cosecha de cereal de invierno en Le&#243;n no alcanzar&#225; las 150.000 toneladas, un 61% menos que en 2016\",\"breadcrumb\":{\"@id\":\"https:\/\/www.asajacyl.com\/leon\/servicios-socio\/cotizaciones-de-la-lonja-agropecuaria-de-len-sesin-12072017#breadcrumb\"},\"inLanguage\":\"es\",\"potentialAction\":[{\"@type\":\"ReadAction\",\"target\":[\"https:\/\/www.asajacyl.com\/leon\/servicios-socio\/cotizaciones-de-la-lonja-agropecuaria-de-len-sesin-12072017\"]}]},{\"@type\":\"ImageObject\",\"inLanguage\":\"es\",\"@id\":\"https:\/\/www.asajacyl.com\/leon\/servicios-socio\/cotizaciones-de-la-lonja-agropecuaria-de-len-sesin-12072017#primaryimage\",\"url\":\"https:\/\/www.asajacyl.com\/leon\/wp-content\/uploads\/sites\/6\/2017\/11\/im_predefinida_1920x1080.jpg\",\"contentUrl\":\"https:\/\/www.asajacyl.com\/leon\/wp-content\/uploads\/sites\/6\/2017\/11\/im_predefinida_1920x1080.jpg\",\"width\":1920,\"height\":1080,\"caption\":\"Logotipo ASAJA Le\u00f3n\"},{\"@type\":\"BreadcrumbList\",\"@id\":\"https:\/\/www.asajacyl.com\/leon\/servicios-socio\/cotizaciones-de-la-lonja-agropecuaria-de-len-sesin-12072017#breadcrumb\",\"itemListElement\":[{\"@type\":\"ListItem\",\"position\":1,\"name\":\"Portada\",\"item\":\"https:\/\/www.asajacyl.com\/leon\/\"},{\"@type\":\"ListItem\",\"position\":2,\"name\":\"Cotizaciones de la Lonja Agropecuaria de Le&#243;n &#8211; Sesi&#243;n 12\/07\/2017\"}]},{\"@type\":\"WebSite\",\"@id\":\"https:\/\/www.asajacyl.com\/leon\/#website\",\"url\":\"https:\/\/www.asajacyl.com\/leon\/\",\"name\":\"ASAJA Le\u00f3n\",\"description\":\"Otro sitio m\u00e1s de Provincias ASAJA Castilla y Le\u00f3n\",\"potentialAction\":[{\"@type\":\"SearchAction\",\"target\":{\"@type\":\"EntryPoint\",\"urlTemplate\":\"https:\/\/www.asajacyl.com\/leon\/?s={search_term_string}\"},\"query-input\":{\"@type\":\"PropertyValueSpecification\",\"valueRequired\":true,\"valueName\":\"search_term_string\"}}],\"inLanguage\":\"es\"},{\"@type\":\"Person\",\"@id\":\"https:\/\/www.asajacyl.com\/leon\/#\/schema\/person\/7e884476cee132331142e8ac9689f20c\",\"name\":\"Editor\",\"image\":{\"@type\":\"ImageObject\",\"inLanguage\":\"es\",\"@id\":\"https:\/\/www.asajacyl.com\/leon\/#\/schema\/person\/image\/\",\"url\":\"https:\/\/secure.gravatar.com\/avatar\/a2ef43c165669686cfcfb0e1ffa59869?s=96&d=mm&r=g\",\"contentUrl\":\"https:\/\/secure.gravatar.com\/avatar\/a2ef43c165669686cfcfb0e1ffa59869?s=96&d=mm&r=g\",\"caption\":\"Editor\"},\"url\":\"https:\/\/www.asajacyl.com\/leon\/author\/oscargg\"}]}<\/script>\n<!-- \/ Yoast SEO plugin. -->","yoast_head_json":{"title":"Cotizaciones de la Lonja Agropecuaria de Le&#243;n - Sesi&#243;n 12\/07\/2017 - ASAJA Le\u00f3n","description":"La cosecha de cereal de invierno en Le&#243;n no alcanzar&#225; las 150.000 toneladas, un 61% menos que en 2016","robots":{"index":"index","follow":"follow","max-snippet":"max-snippet:-1","max-image-preview":"max-image-preview:large","max-video-preview":"max-video-preview:-1"},"canonical":"https:\/\/www.asajacyl.com\/leon\/servicios-socio\/cotizaciones-de-la-lonja-agropecuaria-de-len-sesin-12072017","og_locale":"es_ES","og_type":"article","og_title":"Cotizaciones de la Lonja Agropecuaria de Le&#243;n - Sesi&#243;n 12\/07\/2017 - ASAJA Le\u00f3n","og_description":"La cosecha de cereal de invierno en Le&#243;n no alcanzar&#225; las 150.000 toneladas, un 61% menos que en 2016","og_url":"https:\/\/www.asajacyl.com\/leon\/servicios-socio\/cotizaciones-de-la-lonja-agropecuaria-de-len-sesin-12072017","og_site_name":"ASAJA Le\u00f3n","article_published_time":"2017-07-11T22:00:00+00:00","article_modified_time":"2017-11-14T16:37:23+00:00","og_image":[{"width":1920,"height":1080,"url":"https:\/\/www.asajacyl.com\/leon\/wp-content\/uploads\/sites\/6\/2017\/11\/im_predefinida_1920x1080.jpg","type":"image\/jpeg"}],"author":"Editor","twitter_card":"summary_large_image","twitter_misc":{"Escrito por":"Editor","Tiempo de lectura":"1 minuto"},"schema":{"@context":"https:\/\/schema.org","@graph":[{"@type":"WebPage","@id":"https:\/\/www.asajacyl.com\/leon\/servicios-socio\/cotizaciones-de-la-lonja-agropecuaria-de-len-sesin-12072017","url":"https:\/\/www.asajacyl.com\/leon\/servicios-socio\/cotizaciones-de-la-lonja-agropecuaria-de-len-sesin-12072017","name":"Cotizaciones de la Lonja Agropecuaria de Le&#243;n - Sesi&#243;n 12\/07\/2017 - ASAJA Le\u00f3n","isPartOf":{"@id":"https:\/\/www.asajacyl.com\/leon\/#website"},"primaryImageOfPage":{"@id":"https:\/\/www.asajacyl.com\/leon\/servicios-socio\/cotizaciones-de-la-lonja-agropecuaria-de-len-sesin-12072017#primaryimage"},"image":{"@id":"https:\/\/www.asajacyl.com\/leon\/servicios-socio\/cotizaciones-de-la-lonja-agropecuaria-de-len-sesin-12072017#primaryimage"},"thumbnailUrl":"https:\/\/www.asajacyl.com\/leon\/wp-content\/uploads\/sites\/6\/2017\/11\/im_predefinida_1920x1080.jpg","datePublished":"2017-07-11T22:00:00+00:00","dateModified":"2017-11-14T16:37:23+00:00","author":{"@id":"https:\/\/www.asajacyl.com\/leon\/#\/schema\/person\/7e884476cee132331142e8ac9689f20c"},"description":"La cosecha de cereal de invierno en Le&#243;n no alcanzar&#225; las 150.000 toneladas, un 61% menos que en 2016","breadcrumb":{"@id":"https:\/\/www.asajacyl.com\/leon\/servicios-socio\/cotizaciones-de-la-lonja-agropecuaria-de-len-sesin-12072017#breadcrumb"},"inLanguage":"es","potentialAction":[{"@type":"ReadAction","target":["https:\/\/www.asajacyl.com\/leon\/servicios-socio\/cotizaciones-de-la-lonja-agropecuaria-de-len-sesin-12072017"]}]},{"@type":"ImageObject","inLanguage":"es","@id":"https:\/\/www.asajacyl.com\/leon\/servicios-socio\/cotizaciones-de-la-lonja-agropecuaria-de-len-sesin-12072017#primaryimage","url":"https:\/\/www.asajacyl.com\/leon\/wp-content\/uploads\/sites\/6\/2017\/11\/im_predefinida_1920x1080.jpg","contentUrl":"https:\/\/www.asajacyl.com\/leon\/wp-content\/uploads\/sites\/6\/2017\/11\/im_predefinida_1920x1080.jpg","width":1920,"height":1080,"caption":"Logotipo ASAJA Le\u00f3n"},{"@type":"BreadcrumbList","@id":"https:\/\/www.asajacyl.com\/leon\/servicios-socio\/cotizaciones-de-la-lonja-agropecuaria-de-len-sesin-12072017#breadcrumb","itemListElement":[{"@type":"ListItem","position":1,"name":"Portada","item":"https:\/\/www.asajacyl.com\/leon\/"},{"@type":"ListItem","position":2,"name":"Cotizaciones de la Lonja Agropecuaria de Le&#243;n &#8211; Sesi&#243;n 12\/07\/2017"}]},{"@type":"WebSite","@id":"https:\/\/www.asajacyl.com\/leon\/#website","url":"https:\/\/www.asajacyl.com\/leon\/","name":"ASAJA Le\u00f3n","description":"Otro sitio m\u00e1s de Provincias ASAJA Castilla y Le\u00f3n","potentialAction":[{"@type":"SearchAction","target":{"@type":"EntryPoint","urlTemplate":"https:\/\/www.asajacyl.com\/leon\/?s={search_term_string}"},"query-input":{"@type":"PropertyValueSpecification","valueRequired":true,"valueName":"search_term_string"}}],"inLanguage":"es"},{"@type":"Person","@id":"https:\/\/www.asajacyl.com\/leon\/#\/schema\/person\/7e884476cee132331142e8ac9689f20c","name":"Editor","image":{"@type":"ImageObject","inLanguage":"es","@id":"https:\/\/www.asajacyl.com\/leon\/#\/schema\/person\/image\/","url":"https:\/\/secure.gravatar.com\/avatar\/a2ef43c165669686cfcfb0e1ffa59869?s=96&d=mm&r=g","contentUrl":"https:\/\/secure.gravatar.com\/avatar\/a2ef43c165669686cfcfb0e1ffa59869?s=96&d=mm&r=g","caption":"Editor"},"url":"https:\/\/www.asajacyl.com\/leon\/author\/oscargg"}]}},"_links":{"self":[{"href":"https:\/\/www.asajacyl.com\/leon\/wp-json\/wp\/v2\/posts\/5267"}],"collection":[{"href":"https:\/\/www.asajacyl.com\/leon\/wp-json\/wp\/v2\/posts"}],"about":[{"href":"https:\/\/www.asajacyl.com\/leon\/wp-json\/wp\/v2\/types\/post"}],"author":[{"embeddable":true,"href":"https:\/\/www.asajacyl.com\/leon\/wp-json\/wp\/v2\/users\/3"}],"replies":[{"embeddable":true,"href":"https:\/\/www.asajacyl.com\/leon\/wp-json\/wp\/v2\/comments?post=5267"}],"version-history":[{"count":1,"href":"https:\/\/www.asajacyl.com\/leon\/wp-json\/wp\/v2\/posts\/5267\/revisions"}],"predecessor-version":[{"id":5841,"href":"https:\/\/www.asajacyl.com\/leon\/wp-json\/wp\/v2\/posts\/5267\/revisions\/5841"}],"wp:featuredmedia":[{"embeddable":true,"href":"https:\/\/www.asajacyl.com\/leon\/wp-json\/wp\/v2\/media\/8174"}],"wp:attachment":[{"href":"https:\/\/www.asajacyl.com\/leon\/wp-json\/wp\/v2\/media?parent=5267"}],"wp:term":[{"taxonomy":"category","embeddable":true,"href":"https:\/\/www.asajacyl.com\/leon\/wp-json\/wp\/v2\/categories?post=5267"},{"taxonomy":"post_tag","embeddable":true,"href":"https:\/\/www.asajacyl.com\/leon\/wp-json\/wp\/v2\/tags?post=5267"}],"curies":[{"name":"wp","href":"https:\/\/api.w.org\/{rel}","templated":true}]}}