{"id":5291,"date":"2017-03-08T00:00:00","date_gmt":"2017-03-07T23:00:00","guid":{"rendered":"https:\/\/www.asajacyl.com\/leon\/sin-categoria\/cotizaciones-de-la-lonja-agropecuaria-de-len-sesin-08032017"},"modified":"2017-11-14T17:38:16","modified_gmt":"2017-11-14T16:38:16","slug":"cotizaciones-de-la-lonja-agropecuaria-de-len-sesin-08032017","status":"publish","type":"post","link":"https:\/\/www.asajacyl.com\/leon\/servicios-socio\/cotizaciones-de-la-lonja-agropecuaria-de-len-sesin-08032017","title":{"rendered":"Cotizaciones de la Lonja Agropecuaria de Le&#243;n &#8211;  Sesi&#243;n 08\/03\/2017"},"content":{"rendered":"<h2><\/h2>\n<p align=\"center\">\n<span style=\"color:#006400;\"><strong>EL MA&#205;Z ENCARA LA RECTA FINAL<\/strong><\/span><\/p>\n<p style=\"text-align: justify;\">\n&#160;&#160;&#160;&#160;&#160;&#160;&#160;&#160;&#160;&#160;&#160; Con apenas el 5% de las 57.860 hect&#225;reas por cosechar y si el tiempo respeta, en los pr&#243;ximos 15 d&#237;as finalizar&#225; la cosecha de ma&#237;z en la provincia de Le&#243;n.<\/p>\n<p style=\"text-align: justify;\">\n&#160;&#160;&#160;&#160;&#160;&#160;&#160;&#160;&#160;&#160;&#160; Estas 2.800 hect&#225;reas que quedan a d&#237;a de hoy en el campo no pasar&#225;n ya por los secaderos y por tanto se vender&#225;n con una humedad por debajo del 15%.<\/p>\n<p style=\"text-align: justify;\">\n&#160;&#160;&#160;&#160;&#160;&#160;&#160;&#160;&#160;&#160;&#160; La at&#237;pica campa&#241;a 2016\/2017 nos deja un sabor agridulce, pues si bien no ha sido tan desastrosa como en un principio se preve&#237;a, alcanzando al final rendimientos medios&#160; de 9.700 kg\/ha (de grano de gran calidad), est&#225;n muy alejados de los 11.900 kilos de rendimientos obtenidos en la campa&#241;a 2015\/2016. Por lo tanto en la provincia de Le&#243;n, la producci&#243;n final de ma&#237;z alcanzar&#225; las 561.000 toneladas, muy por debajo de las 780.000 toneladas registradas en la pasada campa&#241;a, lo que supone una p&#233;rdida de m&#225;s de 200.000 toneladas.<\/p>\n<p>\n&#160;&#160;&#160;&#160;&#160;&#160;&#160;&#160;&#160;&#160;&#160; Ma&#241;ana se publica el informe USDA del mes de marzo, no se esperan grandes variaciones ni en previsi&#243;n de siembra ni en rendimientos en el cono sur, donde est&#225;n en plena campa&#241;a, si bien podr&#237;a aumentar un poco la estimaci&#243;n de cosecha para Brasil.<\/p>\n<p>\n&#160;<\/p>\n<p>\n&#160;&#160;&#160;&#160;&#160;&#160;&#160;&#160;&#160;&#160;&#160; Repetici&#243;n de los precios de todos los cereales en la sesi&#243;n de hoy celebrada en Santa Mar&#237;a del P&#225;ramo.&#160;&#160;&#160;&#160;&#160;&#160;<\/p>\n<p>\n&#160;<\/p>\n<p>\n&#160;<\/p>\n<p>\nEn Le&#243;n a 08 de marzo de 2017.<\/p>\n<p>\n&#160;<\/p>\n<p align=\"center\">\n<strong>COTIZACIONES DE LA MESA AGRICOLA DE CEREAL 08-03-17<\/strong><\/p>\n<p style=\"margin-left:70.8pt;\">\nPrecios Orientativos Euros\/Tonelada en <strong><u>Origen Almac&#233;n Agricultor<\/u><\/strong><\/p>\n<p align=\"center\">\n&#160;&#160;&#160;&#160;&#160;&#160;&#160;&#160;&#160;&#160;&#160;&#160;&#160;&#160; &#160;&#160;&#160;&#160;&#160;&#160;&#160;&#160; (Condiciones de Calidad O.C.M. Cereales-F.E.G.A. Campa&#241;a 2013\/2014)<\/p>\n<p align=\"center\">\n&#160;<\/p>\n<p align=\"center\">\n&#160;<\/p>\n<table border=\"1\" cellpadding=\"0\" cellspacing=\"0\">\n<tbody>\n<tr>\n<td style=\"width:158px;\">\n<p align=\"center\">\n<strong>CEREALES<\/strong><\/p>\n<\/td>\n<td style=\"width:151px;\">\n<p align=\"center\">\n<strong>COTIZACION<\/strong><\/p>\n<p align=\"center\">\n<strong>ANTERIOR<\/strong><\/p>\n<\/td>\n<td style=\"width:151px;\">\n<p align=\"center\">\n<strong>COTIZACION<\/strong><\/p>\n<p align=\"center\">\n<strong>ACTUAL<\/strong><\/p>\n<\/td>\n<td style=\"width:113px;\">\n<p align=\"center\">\n<strong>DIF.<\/strong><\/p>\n<\/td>\n<\/tr>\n<tr>\n<td style=\"width:158px;\">\n<p align=\"center\">\n&#160;<\/p>\n<\/td>\n<td style=\"width:151px;\">\n<p align=\"center\">\n<strong>&#8364;\/t<\/strong><\/p>\n<\/td>\n<td style=\"width:151px;\">\n<p align=\"center\">\n<strong>&#8364;\/t<\/strong><\/p>\n<\/td>\n<td style=\"width:113px;\">\n<p align=\"center\">\n&#160;<\/p>\n<\/td>\n<\/tr>\n<tr>\n<td style=\"width:158px;\">\n<p>\nTrigo Pienso<\/p>\n<\/td>\n<td style=\"width:151px;\">\n<p align=\"center\">\n152,00<\/p>\n<\/td>\n<td style=\"width:151px;\">\n<p align=\"center\">\n152,00<\/p>\n<\/td>\n<td style=\"width:113px;\">\n<p align=\"center\">\n=<\/p>\n<\/td>\n<\/tr>\n<tr>\n<td style=\"width:158px;\">\n<p>\nCebada<\/p>\n<\/td>\n<td style=\"width:151px;\">\n<p align=\"center\">\n140,00<\/p>\n<\/td>\n<td style=\"width:151px;\">\n<p align=\"center\">\n140,00<\/p>\n<\/td>\n<td style=\"width:113px;\">\n<p align=\"center\">\n=<\/p>\n<\/td>\n<\/tr>\n<tr>\n<td style=\"width:158px;\">\n<p>\nTriticale<\/p>\n<\/td>\n<td style=\"width:151px;\">\n<p align=\"center\">\nS\/C<\/p>\n<\/td>\n<td style=\"width:151px;\">\n<p align=\"center\">\nS\/C<\/p>\n<\/td>\n<td style=\"width:113px;\">\n<p align=\"center\">\n&#160;<\/p>\n<\/td>\n<\/tr>\n<tr>\n<td style=\"width:158px;\">\n<p>\nCenteno<\/p>\n<\/td>\n<td style=\"width:151px;\">\n<p align=\"center\">\n133,00<\/p>\n<\/td>\n<td style=\"width:151px;\">\n<p align=\"center\">\n133,00<\/p>\n<\/td>\n<td style=\"width:113px;\">\n<p align=\"center\">\n=<\/p>\n<\/td>\n<\/tr>\n<tr>\n<td style=\"width:158px;\">\n<p>\nAvena<\/p>\n<\/td>\n<td style=\"width:151px;\">\n<p align=\"center\">\n135,00<\/p>\n<\/td>\n<td style=\"width:151px;\">\n<p align=\"center\">\n135,00<\/p>\n<\/td>\n<td style=\"width:113px;\">\n<p align=\"center\">\n=<\/p>\n<\/td>\n<\/tr>\n<tr>\n<td style=\"width:158px;\">\n<p>\nMa&#237;z<\/p>\n<\/td>\n<td style=\"width:151px;\">\n<p align=\"center\">\n&#160;174,00*<\/p>\n<\/td>\n<td style=\"width:151px;\">\n<p align=\"center\">\n&#160;174,00*<\/p>\n<\/td>\n<td style=\"width:113px;\">\n<p align=\"center\">\n=<\/p>\n<\/td>\n<\/tr>\n<\/tbody>\n<\/table>\n<p>\n&#160;<\/p>\n<p>\n* Ma&#237;z h&#250;medo secadero<\/p>\n","protected":false},"excerpt":{"rendered":"<p>EL MA&#205;Z ENCARA LA RECTA FINAL &#160;&#160;&#160;&#160;&#160;&#160;&#160;&#160;&#160;&#160;&#160; Con apenas el 5% de las 57.860 hect&#225;reas por cosechar y si el tiempo respeta, en los pr&#243;ximos 15 d&#237;as finalizar&#225; la cosecha de ma&#237;z en la provincia de Le&#243;n. &#160;&#160;&#160;&#160;&#160;&#160;&#160;&#160;&#160;&#160;&#160; Estas 2.800 hect&#225;reas que quedan a d&#237;a de hoy en el campo no pasar&#225;n ya por los [&hellip;]<\/p>\n","protected":false},"author":3,"featured_media":8174,"comment_status":"open","ping_status":"open","sticky":false,"template":"","format":"standard","meta":{"footnotes":""},"categories":[34,67,5],"tags":[],"yoast_head":"<!-- This site is optimized with the Yoast SEO plugin v24.5 - https:\/\/yoast.com\/wordpress\/plugins\/seo\/ -->\n<title>Cotizaciones de la Lonja Agropecuaria de Le&#243;n - Sesi&#243;n 08\/03\/2017 - ASAJA Le\u00f3n<\/title>\n<meta name=\"description\" content=\"EL MA&#205;Z ENCARA LA RECTA FINAL &#160;&#160;&#160;&#160;&#160;&#160;&#160;&#160;&#160;&#160;&#160; Con apenas el 5% de las 57.860 hect&#225;reas por\" \/>\n<meta name=\"robots\" content=\"index, follow, max-snippet:-1, max-image-preview:large, max-video-preview:-1\" \/>\n<link rel=\"canonical\" href=\"https:\/\/www.asajacyl.com\/leon\/servicios-socio\/cotizaciones-de-la-lonja-agropecuaria-de-len-sesin-08032017\" \/>\n<meta property=\"og:locale\" content=\"es_ES\" \/>\n<meta property=\"og:type\" content=\"article\" \/>\n<meta property=\"og:title\" content=\"Cotizaciones de la Lonja Agropecuaria de Le&#243;n - Sesi&#243;n 08\/03\/2017 - ASAJA Le\u00f3n\" \/>\n<meta property=\"og:description\" content=\"EL MA&#205;Z ENCARA LA RECTA FINAL &#160;&#160;&#160;&#160;&#160;&#160;&#160;&#160;&#160;&#160;&#160; Con apenas el 5% de las 57.860 hect&#225;reas por\" \/>\n<meta property=\"og:url\" content=\"https:\/\/www.asajacyl.com\/leon\/servicios-socio\/cotizaciones-de-la-lonja-agropecuaria-de-len-sesin-08032017\" \/>\n<meta property=\"og:site_name\" content=\"ASAJA Le\u00f3n\" \/>\n<meta property=\"article:published_time\" content=\"2017-03-07T23:00:00+00:00\" \/>\n<meta property=\"article:modified_time\" content=\"2017-11-14T16:38:16+00:00\" \/>\n<meta property=\"og:image\" content=\"https:\/\/www.asajacyl.com\/leon\/wp-content\/uploads\/sites\/6\/2017\/11\/im_predefinida_1920x1080.jpg\" \/>\n\t<meta property=\"og:image:width\" content=\"1920\" \/>\n\t<meta property=\"og:image:height\" content=\"1080\" \/>\n\t<meta property=\"og:image:type\" content=\"image\/jpeg\" \/>\n<meta name=\"author\" content=\"Editor\" \/>\n<meta name=\"twitter:card\" content=\"summary_large_image\" \/>\n<meta name=\"twitter:label1\" content=\"Escrito por\" \/>\n\t<meta name=\"twitter:data1\" content=\"Editor\" \/>\n\t<meta name=\"twitter:label2\" content=\"Tiempo de lectura\" \/>\n\t<meta name=\"twitter:data2\" content=\"2 minutos\" \/>\n<script type=\"application\/ld+json\" class=\"yoast-schema-graph\">{\"@context\":\"https:\/\/schema.org\",\"@graph\":[{\"@type\":\"WebPage\",\"@id\":\"https:\/\/www.asajacyl.com\/leon\/servicios-socio\/cotizaciones-de-la-lonja-agropecuaria-de-len-sesin-08032017\",\"url\":\"https:\/\/www.asajacyl.com\/leon\/servicios-socio\/cotizaciones-de-la-lonja-agropecuaria-de-len-sesin-08032017\",\"name\":\"Cotizaciones de la Lonja Agropecuaria de Le&#243;n - Sesi&#243;n 08\/03\/2017 - ASAJA Le\u00f3n\",\"isPartOf\":{\"@id\":\"https:\/\/www.asajacyl.com\/leon\/#website\"},\"primaryImageOfPage\":{\"@id\":\"https:\/\/www.asajacyl.com\/leon\/servicios-socio\/cotizaciones-de-la-lonja-agropecuaria-de-len-sesin-08032017#primaryimage\"},\"image\":{\"@id\":\"https:\/\/www.asajacyl.com\/leon\/servicios-socio\/cotizaciones-de-la-lonja-agropecuaria-de-len-sesin-08032017#primaryimage\"},\"thumbnailUrl\":\"https:\/\/www.asajacyl.com\/leon\/wp-content\/uploads\/sites\/6\/2017\/11\/im_predefinida_1920x1080.jpg\",\"datePublished\":\"2017-03-07T23:00:00+00:00\",\"dateModified\":\"2017-11-14T16:38:16+00:00\",\"author\":{\"@id\":\"https:\/\/www.asajacyl.com\/leon\/#\/schema\/person\/7e884476cee132331142e8ac9689f20c\"},\"description\":\"EL MA&#205;Z ENCARA LA RECTA FINAL &#160;&#160;&#160;&#160;&#160;&#160;&#160;&#160;&#160;&#160;&#160; Con apenas el 5% de las 57.860 hect&#225;reas por\",\"breadcrumb\":{\"@id\":\"https:\/\/www.asajacyl.com\/leon\/servicios-socio\/cotizaciones-de-la-lonja-agropecuaria-de-len-sesin-08032017#breadcrumb\"},\"inLanguage\":\"es\",\"potentialAction\":[{\"@type\":\"ReadAction\",\"target\":[\"https:\/\/www.asajacyl.com\/leon\/servicios-socio\/cotizaciones-de-la-lonja-agropecuaria-de-len-sesin-08032017\"]}]},{\"@type\":\"ImageObject\",\"inLanguage\":\"es\",\"@id\":\"https:\/\/www.asajacyl.com\/leon\/servicios-socio\/cotizaciones-de-la-lonja-agropecuaria-de-len-sesin-08032017#primaryimage\",\"url\":\"https:\/\/www.asajacyl.com\/leon\/wp-content\/uploads\/sites\/6\/2017\/11\/im_predefinida_1920x1080.jpg\",\"contentUrl\":\"https:\/\/www.asajacyl.com\/leon\/wp-content\/uploads\/sites\/6\/2017\/11\/im_predefinida_1920x1080.jpg\",\"width\":1920,\"height\":1080,\"caption\":\"Logotipo ASAJA Le\u00f3n\"},{\"@type\":\"BreadcrumbList\",\"@id\":\"https:\/\/www.asajacyl.com\/leon\/servicios-socio\/cotizaciones-de-la-lonja-agropecuaria-de-len-sesin-08032017#breadcrumb\",\"itemListElement\":[{\"@type\":\"ListItem\",\"position\":1,\"name\":\"Portada\",\"item\":\"https:\/\/www.asajacyl.com\/leon\/\"},{\"@type\":\"ListItem\",\"position\":2,\"name\":\"Cotizaciones de la Lonja Agropecuaria de Le&#243;n &#8211; Sesi&#243;n 08\/03\/2017\"}]},{\"@type\":\"WebSite\",\"@id\":\"https:\/\/www.asajacyl.com\/leon\/#website\",\"url\":\"https:\/\/www.asajacyl.com\/leon\/\",\"name\":\"ASAJA Le\u00f3n\",\"description\":\"Otro sitio m\u00e1s de Provincias ASAJA Castilla y Le\u00f3n\",\"potentialAction\":[{\"@type\":\"SearchAction\",\"target\":{\"@type\":\"EntryPoint\",\"urlTemplate\":\"https:\/\/www.asajacyl.com\/leon\/?s={search_term_string}\"},\"query-input\":{\"@type\":\"PropertyValueSpecification\",\"valueRequired\":true,\"valueName\":\"search_term_string\"}}],\"inLanguage\":\"es\"},{\"@type\":\"Person\",\"@id\":\"https:\/\/www.asajacyl.com\/leon\/#\/schema\/person\/7e884476cee132331142e8ac9689f20c\",\"name\":\"Editor\",\"image\":{\"@type\":\"ImageObject\",\"inLanguage\":\"es\",\"@id\":\"https:\/\/www.asajacyl.com\/leon\/#\/schema\/person\/image\/\",\"url\":\"https:\/\/secure.gravatar.com\/avatar\/a2ef43c165669686cfcfb0e1ffa59869?s=96&d=mm&r=g\",\"contentUrl\":\"https:\/\/secure.gravatar.com\/avatar\/a2ef43c165669686cfcfb0e1ffa59869?s=96&d=mm&r=g\",\"caption\":\"Editor\"},\"url\":\"https:\/\/www.asajacyl.com\/leon\/author\/oscargg\"}]}<\/script>\n<!-- \/ Yoast SEO plugin. -->","yoast_head_json":{"title":"Cotizaciones de la Lonja Agropecuaria de Le&#243;n - Sesi&#243;n 08\/03\/2017 - ASAJA Le\u00f3n","description":"EL MA&#205;Z ENCARA LA RECTA FINAL &#160;&#160;&#160;&#160;&#160;&#160;&#160;&#160;&#160;&#160;&#160; Con apenas el 5% de las 57.860 hect&#225;reas por","robots":{"index":"index","follow":"follow","max-snippet":"max-snippet:-1","max-image-preview":"max-image-preview:large","max-video-preview":"max-video-preview:-1"},"canonical":"https:\/\/www.asajacyl.com\/leon\/servicios-socio\/cotizaciones-de-la-lonja-agropecuaria-de-len-sesin-08032017","og_locale":"es_ES","og_type":"article","og_title":"Cotizaciones de la Lonja Agropecuaria de Le&#243;n - Sesi&#243;n 08\/03\/2017 - ASAJA Le\u00f3n","og_description":"EL MA&#205;Z ENCARA LA RECTA FINAL &#160;&#160;&#160;&#160;&#160;&#160;&#160;&#160;&#160;&#160;&#160; Con apenas el 5% de las 57.860 hect&#225;reas por","og_url":"https:\/\/www.asajacyl.com\/leon\/servicios-socio\/cotizaciones-de-la-lonja-agropecuaria-de-len-sesin-08032017","og_site_name":"ASAJA Le\u00f3n","article_published_time":"2017-03-07T23:00:00+00:00","article_modified_time":"2017-11-14T16:38:16+00:00","og_image":[{"width":1920,"height":1080,"url":"https:\/\/www.asajacyl.com\/leon\/wp-content\/uploads\/sites\/6\/2017\/11\/im_predefinida_1920x1080.jpg","type":"image\/jpeg"}],"author":"Editor","twitter_card":"summary_large_image","twitter_misc":{"Escrito por":"Editor","Tiempo de lectura":"2 minutos"},"schema":{"@context":"https:\/\/schema.org","@graph":[{"@type":"WebPage","@id":"https:\/\/www.asajacyl.com\/leon\/servicios-socio\/cotizaciones-de-la-lonja-agropecuaria-de-len-sesin-08032017","url":"https:\/\/www.asajacyl.com\/leon\/servicios-socio\/cotizaciones-de-la-lonja-agropecuaria-de-len-sesin-08032017","name":"Cotizaciones de la Lonja Agropecuaria de Le&#243;n - Sesi&#243;n 08\/03\/2017 - ASAJA Le\u00f3n","isPartOf":{"@id":"https:\/\/www.asajacyl.com\/leon\/#website"},"primaryImageOfPage":{"@id":"https:\/\/www.asajacyl.com\/leon\/servicios-socio\/cotizaciones-de-la-lonja-agropecuaria-de-len-sesin-08032017#primaryimage"},"image":{"@id":"https:\/\/www.asajacyl.com\/leon\/servicios-socio\/cotizaciones-de-la-lonja-agropecuaria-de-len-sesin-08032017#primaryimage"},"thumbnailUrl":"https:\/\/www.asajacyl.com\/leon\/wp-content\/uploads\/sites\/6\/2017\/11\/im_predefinida_1920x1080.jpg","datePublished":"2017-03-07T23:00:00+00:00","dateModified":"2017-11-14T16:38:16+00:00","author":{"@id":"https:\/\/www.asajacyl.com\/leon\/#\/schema\/person\/7e884476cee132331142e8ac9689f20c"},"description":"EL MA&#205;Z ENCARA LA RECTA FINAL &#160;&#160;&#160;&#160;&#160;&#160;&#160;&#160;&#160;&#160;&#160; Con apenas el 5% de las 57.860 hect&#225;reas por","breadcrumb":{"@id":"https:\/\/www.asajacyl.com\/leon\/servicios-socio\/cotizaciones-de-la-lonja-agropecuaria-de-len-sesin-08032017#breadcrumb"},"inLanguage":"es","potentialAction":[{"@type":"ReadAction","target":["https:\/\/www.asajacyl.com\/leon\/servicios-socio\/cotizaciones-de-la-lonja-agropecuaria-de-len-sesin-08032017"]}]},{"@type":"ImageObject","inLanguage":"es","@id":"https:\/\/www.asajacyl.com\/leon\/servicios-socio\/cotizaciones-de-la-lonja-agropecuaria-de-len-sesin-08032017#primaryimage","url":"https:\/\/www.asajacyl.com\/leon\/wp-content\/uploads\/sites\/6\/2017\/11\/im_predefinida_1920x1080.jpg","contentUrl":"https:\/\/www.asajacyl.com\/leon\/wp-content\/uploads\/sites\/6\/2017\/11\/im_predefinida_1920x1080.jpg","width":1920,"height":1080,"caption":"Logotipo ASAJA Le\u00f3n"},{"@type":"BreadcrumbList","@id":"https:\/\/www.asajacyl.com\/leon\/servicios-socio\/cotizaciones-de-la-lonja-agropecuaria-de-len-sesin-08032017#breadcrumb","itemListElement":[{"@type":"ListItem","position":1,"name":"Portada","item":"https:\/\/www.asajacyl.com\/leon\/"},{"@type":"ListItem","position":2,"name":"Cotizaciones de la Lonja Agropecuaria de Le&#243;n &#8211; Sesi&#243;n 08\/03\/2017"}]},{"@type":"WebSite","@id":"https:\/\/www.asajacyl.com\/leon\/#website","url":"https:\/\/www.asajacyl.com\/leon\/","name":"ASAJA Le\u00f3n","description":"Otro sitio m\u00e1s de Provincias ASAJA Castilla y Le\u00f3n","potentialAction":[{"@type":"SearchAction","target":{"@type":"EntryPoint","urlTemplate":"https:\/\/www.asajacyl.com\/leon\/?s={search_term_string}"},"query-input":{"@type":"PropertyValueSpecification","valueRequired":true,"valueName":"search_term_string"}}],"inLanguage":"es"},{"@type":"Person","@id":"https:\/\/www.asajacyl.com\/leon\/#\/schema\/person\/7e884476cee132331142e8ac9689f20c","name":"Editor","image":{"@type":"ImageObject","inLanguage":"es","@id":"https:\/\/www.asajacyl.com\/leon\/#\/schema\/person\/image\/","url":"https:\/\/secure.gravatar.com\/avatar\/a2ef43c165669686cfcfb0e1ffa59869?s=96&d=mm&r=g","contentUrl":"https:\/\/secure.gravatar.com\/avatar\/a2ef43c165669686cfcfb0e1ffa59869?s=96&d=mm&r=g","caption":"Editor"},"url":"https:\/\/www.asajacyl.com\/leon\/author\/oscargg"}]}},"_links":{"self":[{"href":"https:\/\/www.asajacyl.com\/leon\/wp-json\/wp\/v2\/posts\/5291"}],"collection":[{"href":"https:\/\/www.asajacyl.com\/leon\/wp-json\/wp\/v2\/posts"}],"about":[{"href":"https:\/\/www.asajacyl.com\/leon\/wp-json\/wp\/v2\/types\/post"}],"author":[{"embeddable":true,"href":"https:\/\/www.asajacyl.com\/leon\/wp-json\/wp\/v2\/users\/3"}],"replies":[{"embeddable":true,"href":"https:\/\/www.asajacyl.com\/leon\/wp-json\/wp\/v2\/comments?post=5291"}],"version-history":[{"count":1,"href":"https:\/\/www.asajacyl.com\/leon\/wp-json\/wp\/v2\/posts\/5291\/revisions"}],"predecessor-version":[{"id":5862,"href":"https:\/\/www.asajacyl.com\/leon\/wp-json\/wp\/v2\/posts\/5291\/revisions\/5862"}],"wp:featuredmedia":[{"embeddable":true,"href":"https:\/\/www.asajacyl.com\/leon\/wp-json\/wp\/v2\/media\/8174"}],"wp:attachment":[{"href":"https:\/\/www.asajacyl.com\/leon\/wp-json\/wp\/v2\/media?parent=5291"}],"wp:term":[{"taxonomy":"category","embeddable":true,"href":"https:\/\/www.asajacyl.com\/leon\/wp-json\/wp\/v2\/categories?post=5291"},{"taxonomy":"post_tag","embeddable":true,"href":"https:\/\/www.asajacyl.com\/leon\/wp-json\/wp\/v2\/tags?post=5291"}],"curies":[{"name":"wp","href":"https:\/\/api.w.org\/{rel}","templated":true}]}}