{"id":5294,"date":"2017-02-22T00:00:00","date_gmt":"2017-02-21T23:00:00","guid":{"rendered":"https:\/\/www.asajacyl.com\/leon\/sin-categoria\/cotizaciones-de-la-lonja-agropecuaria-de-len-sesin-22022017"},"modified":"2017-11-14T17:38:23","modified_gmt":"2017-11-14T16:38:23","slug":"cotizaciones-de-la-lonja-agropecuaria-de-len-sesin-22022017","status":"publish","type":"post","link":"https:\/\/www.asajacyl.com\/leon\/servicios-socio\/cotizaciones-de-la-lonja-agropecuaria-de-len-sesin-22022017","title":{"rendered":"Cotizaciones de la Lonja Agropecuaria de Le&#243;n &#8211;  Sesi&#243;n 22\/02\/2017"},"content":{"rendered":"<h2><\/h2>\n<p align=\"center\">\n<span style=\"color:#006400;\"><strong>LA LONJA AGROPECUARIA DE LEON PARTICIPA EN LA PRIMERA LONJA NACIONAL DEL SECTOR L&#193;CTEO DE OVINO Y CAPRINO<\/strong><\/span><\/p>\n<p style=\"text-align: justify;\">\n&#160;&#160;&#160;&#160;&#160;&#160;&#160;&#160;&#160;&#160;&#160; Arsenio Garc&#237;a Vidal,&#160; presidente de la Asociaci&#243;n de Juntas Agropecuarias de Le&#243;n (AJAL), como entidad gestora de la Lonja Agropecuaria de Le&#243;n, asiste el pr&#243;ximo viernes como invitado a la sesi&#243;n de la I Lonja Nacional del Sector L&#225;cteo de Ovino y Caprino convocada por el Instituto T&#233;cnico Agron&#243;mico Provincial dependiente de la Diputaci&#243;n de Albacete, y que a su vez gestiona la Lonja Agropecuaria de La Mancha.&#160; Este acto que se celebra en el Palacio de Congresos de Albacete contar&#225;&#160; con un elenco de autoridades de las distintas administraciones, entre ellos el consejero de Agricultura, Medio Ambiente y Medio Rural de Castilla La Mancha, Francisco Mart&#237;nez Arroyo, as&#237;&#160; como representantes de empresas y asociaciones relacionadas con el sector del ovino y miembros de la Asociaci&#243;n Espa&#241;ola de Lonjas y Mercados en Origen.<\/p>\n<p style=\"text-align: justify;\">\n&#160;&#160;&#160;&#160;&#160;&#160;&#160;&#160;&#160;&#160;&#160; Los organizadores consideran a la Lonja Agropecuaria de Le&#243;n como una de las lonjas de referencia, una de las m&#225;s representativas del mercado de la leche de ovino y caprino de Castilla y Le&#243;n, principal regi&#243;n productora. La Lonja Agropecuaria de Le&#243;n cotiza la leche de ovino y caprino, as&#237; como los lechazos y cabritos, desde su constituci&#243;n en el a&#241;o 2007.<\/p>\n<p>\nEn Le&#243;n a 22 de febrero de 2017.<\/p>\n<p>\n&#160;<\/p>\n<p align=\"center\">\n<strong>COTIZACIONES DE LA MESA AGRICOLA DE CEREAL 22-02-17<\/strong><\/p>\n<p style=\"margin-left:70.8pt;\">\nPrecios Orientativos Euros\/Tonelada en <strong><u>Origen Almac&#233;n Agricultor<\/u><\/strong><\/p>\n<p align=\"center\">\n&#160;&#160;&#160;&#160;&#160;&#160;&#160;&#160;&#160;&#160;&#160;&#160;&#160;&#160; &#160;&#160;&#160;&#160;&#160;&#160;&#160;&#160; (Condiciones de Calidad O.C.M. Cereales-F.E.G.A. Campa&#241;a 2013\/2014)<\/p>\n<table border=\"1\" cellpadding=\"0\" cellspacing=\"0\">\n<tbody>\n<tr>\n<td style=\"width:158px;\">\n<p align=\"center\">\n<strong>CEREALES<\/strong><\/p>\n<\/td>\n<td style=\"width:151px;\">\n<p align=\"center\">\n<strong>COTIZACION<\/strong><\/p>\n<p align=\"center\">\n<strong>ANTERIOR<\/strong><\/p>\n<\/td>\n<td style=\"width:151px;\">\n<p align=\"center\">\n<strong>COTIZACION<\/strong><\/p>\n<p align=\"center\">\n<strong>ACTUAL<\/strong><\/p>\n<\/td>\n<td style=\"width:113px;\">\n<p align=\"center\">\n<strong>DIF.<\/strong><\/p>\n<\/td>\n<\/tr>\n<tr>\n<td style=\"width:158px;\">\n<p align=\"center\">\n&#160;<\/p>\n<\/td>\n<td style=\"width:151px;\">\n<p align=\"center\">\n<strong>&#8364;\/t<\/strong><\/p>\n<\/td>\n<td style=\"width:151px;\">\n<p align=\"center\">\n<strong>&#8364;\/t<\/strong><\/p>\n<\/td>\n<td style=\"width:113px;\">\n<p align=\"center\">\n&#160;<\/p>\n<\/td>\n<\/tr>\n<tr>\n<td style=\"width:158px;\">\n<p>\nTrigo Pienso<\/p>\n<\/td>\n<td style=\"width:151px;\">\n<p align=\"center\">\n152,00<\/p>\n<\/td>\n<td style=\"width:151px;\">\n<p align=\"center\">\n152,00<\/p>\n<\/td>\n<td style=\"width:113px;\">\n<p align=\"center\">\n=<\/p>\n<\/td>\n<\/tr>\n<tr>\n<td style=\"width:158px;\">\n<p>\nCebada<\/p>\n<\/td>\n<td style=\"width:151px;\">\n<p align=\"center\">\n141,00<\/p>\n<\/td>\n<td style=\"width:151px;\">\n<p align=\"center\">\n140,00<\/p>\n<\/td>\n<td style=\"width:113px;\">\n<p align=\"center\">\n&#9660;<\/p>\n<\/td>\n<\/tr>\n<tr>\n<td style=\"width:158px;\">\n<p>\nTriticale<\/p>\n<\/td>\n<td style=\"width:151px;\">\n<p align=\"center\">\nS\/C<\/p>\n<\/td>\n<td style=\"width:151px;\">\n<p align=\"center\">\nS\/C<\/p>\n<\/td>\n<td style=\"width:113px;\">\n<p align=\"center\">\n=<\/p>\n<\/td>\n<\/tr>\n<tr>\n<td style=\"width:158px;\">\n<p>\nCenteno<\/p>\n<\/td>\n<td style=\"width:151px;\">\n<p align=\"center\">\n133,00<\/p>\n<\/td>\n<td style=\"width:151px;\">\n<p align=\"center\">\n133,00<\/p>\n<\/td>\n<td style=\"width:113px;\">\n<p align=\"center\">\n=<\/p>\n<\/td>\n<\/tr>\n<tr>\n<td style=\"width:158px;\">\n<p>\nAvena<\/p>\n<\/td>\n<td style=\"width:151px;\">\n<p align=\"center\">\n135,00<\/p>\n<\/td>\n<td style=\"width:151px;\">\n<p align=\"center\">\n135,00<\/p>\n<\/td>\n<td style=\"width:113px;\">\n<p align=\"center\">\n=<\/p>\n<\/td>\n<\/tr>\n<tr>\n<td style=\"width:158px;\">\n<p>\nMa&#237;z<\/p>\n<\/td>\n<td style=\"width:151px;\">\n<p align=\"center\">\n&#160;174,00*<\/p>\n<\/td>\n<td style=\"width:151px;\">\n<p align=\"center\">\n&#160;174,00*<\/p>\n<\/td>\n<td style=\"width:113px;\">\n<p align=\"center\">\n=<\/p>\n<\/td>\n<\/tr>\n<\/tbody>\n<\/table>\n<p>\n* Ma&#237;z h&#250;medo secadero<\/p>\n<p>\nActividad subvencionada por la Diputaci&#243;n Provincial de Le&#243;n. &#160;<\/p>\n","protected":false},"excerpt":{"rendered":"<p>LA LONJA AGROPECUARIA DE LEON PARTICIPA EN LA PRIMERA LONJA NACIONAL DEL SECTOR L&#193;CTEO DE OVINO Y CAPRINO &#160;&#160;&#160;&#160;&#160;&#160;&#160;&#160;&#160;&#160;&#160; Arsenio Garc&#237;a Vidal,&#160; presidente de la Asociaci&#243;n de Juntas Agropecuarias de Le&#243;n (AJAL), como entidad gestora de la Lonja Agropecuaria de Le&#243;n, asiste el pr&#243;ximo viernes como invitado a la sesi&#243;n de la I Lonja Nacional [&hellip;]<\/p>\n","protected":false},"author":3,"featured_media":8174,"comment_status":"open","ping_status":"open","sticky":false,"template":"","format":"standard","meta":{"footnotes":""},"categories":[34,67,5],"tags":[],"yoast_head":"<!-- This site is optimized with the Yoast SEO plugin v24.5 - https:\/\/yoast.com\/wordpress\/plugins\/seo\/ -->\n<title>Cotizaciones de la Lonja Agropecuaria de Le&#243;n - Sesi&#243;n 22\/02\/2017 - ASAJA Le\u00f3n<\/title>\n<meta name=\"description\" content=\"LA LONJA AGROPECUARIA DE LEON PARTICIPA EN LA PRIMERA LONJA NACIONAL DEL SECTOR L&#193;CTEO DE OVINO Y CAPRINO\" \/>\n<meta name=\"robots\" content=\"index, follow, max-snippet:-1, max-image-preview:large, max-video-preview:-1\" \/>\n<link rel=\"canonical\" href=\"https:\/\/www.asajacyl.com\/leon\/servicios-socio\/cotizaciones-de-la-lonja-agropecuaria-de-len-sesin-22022017\" \/>\n<meta property=\"og:locale\" content=\"es_ES\" \/>\n<meta property=\"og:type\" content=\"article\" \/>\n<meta property=\"og:title\" content=\"Cotizaciones de la Lonja Agropecuaria de Le&#243;n - Sesi&#243;n 22\/02\/2017 - ASAJA Le\u00f3n\" \/>\n<meta property=\"og:description\" content=\"LA LONJA AGROPECUARIA DE LEON PARTICIPA EN LA PRIMERA LONJA NACIONAL DEL SECTOR L&#193;CTEO DE OVINO Y CAPRINO\" \/>\n<meta property=\"og:url\" content=\"https:\/\/www.asajacyl.com\/leon\/servicios-socio\/cotizaciones-de-la-lonja-agropecuaria-de-len-sesin-22022017\" \/>\n<meta property=\"og:site_name\" content=\"ASAJA Le\u00f3n\" \/>\n<meta property=\"article:published_time\" content=\"2017-02-21T23:00:00+00:00\" \/>\n<meta property=\"article:modified_time\" content=\"2017-11-14T16:38:23+00:00\" \/>\n<meta property=\"og:image\" content=\"https:\/\/www.asajacyl.com\/leon\/wp-content\/uploads\/sites\/6\/2017\/11\/im_predefinida_1920x1080.jpg\" \/>\n\t<meta property=\"og:image:width\" content=\"1920\" \/>\n\t<meta property=\"og:image:height\" content=\"1080\" \/>\n\t<meta property=\"og:image:type\" content=\"image\/jpeg\" \/>\n<meta name=\"author\" content=\"Editor\" \/>\n<meta name=\"twitter:card\" content=\"summary_large_image\" \/>\n<meta name=\"twitter:label1\" content=\"Escrito por\" \/>\n\t<meta name=\"twitter:data1\" content=\"Editor\" \/>\n\t<meta name=\"twitter:label2\" content=\"Tiempo de lectura\" \/>\n\t<meta name=\"twitter:data2\" content=\"2 minutos\" \/>\n<script type=\"application\/ld+json\" class=\"yoast-schema-graph\">{\"@context\":\"https:\/\/schema.org\",\"@graph\":[{\"@type\":\"WebPage\",\"@id\":\"https:\/\/www.asajacyl.com\/leon\/servicios-socio\/cotizaciones-de-la-lonja-agropecuaria-de-len-sesin-22022017\",\"url\":\"https:\/\/www.asajacyl.com\/leon\/servicios-socio\/cotizaciones-de-la-lonja-agropecuaria-de-len-sesin-22022017\",\"name\":\"Cotizaciones de la Lonja Agropecuaria de Le&#243;n - Sesi&#243;n 22\/02\/2017 - ASAJA Le\u00f3n\",\"isPartOf\":{\"@id\":\"https:\/\/www.asajacyl.com\/leon\/#website\"},\"primaryImageOfPage\":{\"@id\":\"https:\/\/www.asajacyl.com\/leon\/servicios-socio\/cotizaciones-de-la-lonja-agropecuaria-de-len-sesin-22022017#primaryimage\"},\"image\":{\"@id\":\"https:\/\/www.asajacyl.com\/leon\/servicios-socio\/cotizaciones-de-la-lonja-agropecuaria-de-len-sesin-22022017#primaryimage\"},\"thumbnailUrl\":\"https:\/\/www.asajacyl.com\/leon\/wp-content\/uploads\/sites\/6\/2017\/11\/im_predefinida_1920x1080.jpg\",\"datePublished\":\"2017-02-21T23:00:00+00:00\",\"dateModified\":\"2017-11-14T16:38:23+00:00\",\"author\":{\"@id\":\"https:\/\/www.asajacyl.com\/leon\/#\/schema\/person\/7e884476cee132331142e8ac9689f20c\"},\"description\":\"LA LONJA AGROPECUARIA DE LEON PARTICIPA EN LA PRIMERA LONJA NACIONAL DEL SECTOR L&#193;CTEO DE OVINO Y CAPRINO\",\"breadcrumb\":{\"@id\":\"https:\/\/www.asajacyl.com\/leon\/servicios-socio\/cotizaciones-de-la-lonja-agropecuaria-de-len-sesin-22022017#breadcrumb\"},\"inLanguage\":\"es\",\"potentialAction\":[{\"@type\":\"ReadAction\",\"target\":[\"https:\/\/www.asajacyl.com\/leon\/servicios-socio\/cotizaciones-de-la-lonja-agropecuaria-de-len-sesin-22022017\"]}]},{\"@type\":\"ImageObject\",\"inLanguage\":\"es\",\"@id\":\"https:\/\/www.asajacyl.com\/leon\/servicios-socio\/cotizaciones-de-la-lonja-agropecuaria-de-len-sesin-22022017#primaryimage\",\"url\":\"https:\/\/www.asajacyl.com\/leon\/wp-content\/uploads\/sites\/6\/2017\/11\/im_predefinida_1920x1080.jpg\",\"contentUrl\":\"https:\/\/www.asajacyl.com\/leon\/wp-content\/uploads\/sites\/6\/2017\/11\/im_predefinida_1920x1080.jpg\",\"width\":1920,\"height\":1080,\"caption\":\"Logotipo ASAJA Le\u00f3n\"},{\"@type\":\"BreadcrumbList\",\"@id\":\"https:\/\/www.asajacyl.com\/leon\/servicios-socio\/cotizaciones-de-la-lonja-agropecuaria-de-len-sesin-22022017#breadcrumb\",\"itemListElement\":[{\"@type\":\"ListItem\",\"position\":1,\"name\":\"Portada\",\"item\":\"https:\/\/www.asajacyl.com\/leon\/\"},{\"@type\":\"ListItem\",\"position\":2,\"name\":\"Cotizaciones de la Lonja Agropecuaria de Le&#243;n &#8211; Sesi&#243;n 22\/02\/2017\"}]},{\"@type\":\"WebSite\",\"@id\":\"https:\/\/www.asajacyl.com\/leon\/#website\",\"url\":\"https:\/\/www.asajacyl.com\/leon\/\",\"name\":\"ASAJA Le\u00f3n\",\"description\":\"Otro sitio m\u00e1s de Provincias ASAJA Castilla y Le\u00f3n\",\"potentialAction\":[{\"@type\":\"SearchAction\",\"target\":{\"@type\":\"EntryPoint\",\"urlTemplate\":\"https:\/\/www.asajacyl.com\/leon\/?s={search_term_string}\"},\"query-input\":{\"@type\":\"PropertyValueSpecification\",\"valueRequired\":true,\"valueName\":\"search_term_string\"}}],\"inLanguage\":\"es\"},{\"@type\":\"Person\",\"@id\":\"https:\/\/www.asajacyl.com\/leon\/#\/schema\/person\/7e884476cee132331142e8ac9689f20c\",\"name\":\"Editor\",\"image\":{\"@type\":\"ImageObject\",\"inLanguage\":\"es\",\"@id\":\"https:\/\/www.asajacyl.com\/leon\/#\/schema\/person\/image\/\",\"url\":\"https:\/\/secure.gravatar.com\/avatar\/a2ef43c165669686cfcfb0e1ffa59869?s=96&d=mm&r=g\",\"contentUrl\":\"https:\/\/secure.gravatar.com\/avatar\/a2ef43c165669686cfcfb0e1ffa59869?s=96&d=mm&r=g\",\"caption\":\"Editor\"},\"url\":\"https:\/\/www.asajacyl.com\/leon\/author\/oscargg\"}]}<\/script>\n<!-- \/ Yoast SEO plugin. -->","yoast_head_json":{"title":"Cotizaciones de la Lonja Agropecuaria de Le&#243;n - Sesi&#243;n 22\/02\/2017 - ASAJA Le\u00f3n","description":"LA LONJA AGROPECUARIA DE LEON PARTICIPA EN LA PRIMERA LONJA NACIONAL DEL SECTOR L&#193;CTEO DE OVINO Y CAPRINO","robots":{"index":"index","follow":"follow","max-snippet":"max-snippet:-1","max-image-preview":"max-image-preview:large","max-video-preview":"max-video-preview:-1"},"canonical":"https:\/\/www.asajacyl.com\/leon\/servicios-socio\/cotizaciones-de-la-lonja-agropecuaria-de-len-sesin-22022017","og_locale":"es_ES","og_type":"article","og_title":"Cotizaciones de la Lonja Agropecuaria de Le&#243;n - Sesi&#243;n 22\/02\/2017 - ASAJA Le\u00f3n","og_description":"LA LONJA AGROPECUARIA DE LEON PARTICIPA EN LA PRIMERA LONJA NACIONAL DEL SECTOR L&#193;CTEO DE OVINO Y CAPRINO","og_url":"https:\/\/www.asajacyl.com\/leon\/servicios-socio\/cotizaciones-de-la-lonja-agropecuaria-de-len-sesin-22022017","og_site_name":"ASAJA Le\u00f3n","article_published_time":"2017-02-21T23:00:00+00:00","article_modified_time":"2017-11-14T16:38:23+00:00","og_image":[{"width":1920,"height":1080,"url":"https:\/\/www.asajacyl.com\/leon\/wp-content\/uploads\/sites\/6\/2017\/11\/im_predefinida_1920x1080.jpg","type":"image\/jpeg"}],"author":"Editor","twitter_card":"summary_large_image","twitter_misc":{"Escrito por":"Editor","Tiempo de lectura":"2 minutos"},"schema":{"@context":"https:\/\/schema.org","@graph":[{"@type":"WebPage","@id":"https:\/\/www.asajacyl.com\/leon\/servicios-socio\/cotizaciones-de-la-lonja-agropecuaria-de-len-sesin-22022017","url":"https:\/\/www.asajacyl.com\/leon\/servicios-socio\/cotizaciones-de-la-lonja-agropecuaria-de-len-sesin-22022017","name":"Cotizaciones de la Lonja Agropecuaria de Le&#243;n - Sesi&#243;n 22\/02\/2017 - ASAJA Le\u00f3n","isPartOf":{"@id":"https:\/\/www.asajacyl.com\/leon\/#website"},"primaryImageOfPage":{"@id":"https:\/\/www.asajacyl.com\/leon\/servicios-socio\/cotizaciones-de-la-lonja-agropecuaria-de-len-sesin-22022017#primaryimage"},"image":{"@id":"https:\/\/www.asajacyl.com\/leon\/servicios-socio\/cotizaciones-de-la-lonja-agropecuaria-de-len-sesin-22022017#primaryimage"},"thumbnailUrl":"https:\/\/www.asajacyl.com\/leon\/wp-content\/uploads\/sites\/6\/2017\/11\/im_predefinida_1920x1080.jpg","datePublished":"2017-02-21T23:00:00+00:00","dateModified":"2017-11-14T16:38:23+00:00","author":{"@id":"https:\/\/www.asajacyl.com\/leon\/#\/schema\/person\/7e884476cee132331142e8ac9689f20c"},"description":"LA LONJA AGROPECUARIA DE LEON PARTICIPA EN LA PRIMERA LONJA NACIONAL DEL SECTOR L&#193;CTEO DE OVINO Y CAPRINO","breadcrumb":{"@id":"https:\/\/www.asajacyl.com\/leon\/servicios-socio\/cotizaciones-de-la-lonja-agropecuaria-de-len-sesin-22022017#breadcrumb"},"inLanguage":"es","potentialAction":[{"@type":"ReadAction","target":["https:\/\/www.asajacyl.com\/leon\/servicios-socio\/cotizaciones-de-la-lonja-agropecuaria-de-len-sesin-22022017"]}]},{"@type":"ImageObject","inLanguage":"es","@id":"https:\/\/www.asajacyl.com\/leon\/servicios-socio\/cotizaciones-de-la-lonja-agropecuaria-de-len-sesin-22022017#primaryimage","url":"https:\/\/www.asajacyl.com\/leon\/wp-content\/uploads\/sites\/6\/2017\/11\/im_predefinida_1920x1080.jpg","contentUrl":"https:\/\/www.asajacyl.com\/leon\/wp-content\/uploads\/sites\/6\/2017\/11\/im_predefinida_1920x1080.jpg","width":1920,"height":1080,"caption":"Logotipo ASAJA Le\u00f3n"},{"@type":"BreadcrumbList","@id":"https:\/\/www.asajacyl.com\/leon\/servicios-socio\/cotizaciones-de-la-lonja-agropecuaria-de-len-sesin-22022017#breadcrumb","itemListElement":[{"@type":"ListItem","position":1,"name":"Portada","item":"https:\/\/www.asajacyl.com\/leon\/"},{"@type":"ListItem","position":2,"name":"Cotizaciones de la Lonja Agropecuaria de Le&#243;n &#8211; Sesi&#243;n 22\/02\/2017"}]},{"@type":"WebSite","@id":"https:\/\/www.asajacyl.com\/leon\/#website","url":"https:\/\/www.asajacyl.com\/leon\/","name":"ASAJA Le\u00f3n","description":"Otro sitio m\u00e1s de Provincias ASAJA Castilla y Le\u00f3n","potentialAction":[{"@type":"SearchAction","target":{"@type":"EntryPoint","urlTemplate":"https:\/\/www.asajacyl.com\/leon\/?s={search_term_string}"},"query-input":{"@type":"PropertyValueSpecification","valueRequired":true,"valueName":"search_term_string"}}],"inLanguage":"es"},{"@type":"Person","@id":"https:\/\/www.asajacyl.com\/leon\/#\/schema\/person\/7e884476cee132331142e8ac9689f20c","name":"Editor","image":{"@type":"ImageObject","inLanguage":"es","@id":"https:\/\/www.asajacyl.com\/leon\/#\/schema\/person\/image\/","url":"https:\/\/secure.gravatar.com\/avatar\/a2ef43c165669686cfcfb0e1ffa59869?s=96&d=mm&r=g","contentUrl":"https:\/\/secure.gravatar.com\/avatar\/a2ef43c165669686cfcfb0e1ffa59869?s=96&d=mm&r=g","caption":"Editor"},"url":"https:\/\/www.asajacyl.com\/leon\/author\/oscargg"}]}},"_links":{"self":[{"href":"https:\/\/www.asajacyl.com\/leon\/wp-json\/wp\/v2\/posts\/5294"}],"collection":[{"href":"https:\/\/www.asajacyl.com\/leon\/wp-json\/wp\/v2\/posts"}],"about":[{"href":"https:\/\/www.asajacyl.com\/leon\/wp-json\/wp\/v2\/types\/post"}],"author":[{"embeddable":true,"href":"https:\/\/www.asajacyl.com\/leon\/wp-json\/wp\/v2\/users\/3"}],"replies":[{"embeddable":true,"href":"https:\/\/www.asajacyl.com\/leon\/wp-json\/wp\/v2\/comments?post=5294"}],"version-history":[{"count":1,"href":"https:\/\/www.asajacyl.com\/leon\/wp-json\/wp\/v2\/posts\/5294\/revisions"}],"predecessor-version":[{"id":5864,"href":"https:\/\/www.asajacyl.com\/leon\/wp-json\/wp\/v2\/posts\/5294\/revisions\/5864"}],"wp:featuredmedia":[{"embeddable":true,"href":"https:\/\/www.asajacyl.com\/leon\/wp-json\/wp\/v2\/media\/8174"}],"wp:attachment":[{"href":"https:\/\/www.asajacyl.com\/leon\/wp-json\/wp\/v2\/media?parent=5294"}],"wp:term":[{"taxonomy":"category","embeddable":true,"href":"https:\/\/www.asajacyl.com\/leon\/wp-json\/wp\/v2\/categories?post=5294"},{"taxonomy":"post_tag","embeddable":true,"href":"https:\/\/www.asajacyl.com\/leon\/wp-json\/wp\/v2\/tags?post=5294"}],"curies":[{"name":"wp","href":"https:\/\/api.w.org\/{rel}","templated":true}]}}