{"id":550,"date":"2014-08-29T00:00:00","date_gmt":"2014-08-28T22:00:00","guid":{"rendered":"https:\/\/www.asajacyl.com\/leon\/2014\/08\/29\/asaja-de-len-pide-a-carrefour-rectificacin-en-su-ltima-campaa-promocional\/"},"modified":"2017-11-15T09:03:03","modified_gmt":"2017-11-15T08:03:03","slug":"asaja-de-len-pide-a-carrefour-rectificacin-en-su-ltima-campaa-promocional","status":"publish","type":"post","link":"https:\/\/www.asajacyl.com\/leon\/asaja-leon-informa\/asaja-de-len-pide-a-carrefour-rectificacin-en-su-ltima-campaa-promocional","title":{"rendered":"ASAJA DE LE&#211;N PIDE A CARREFOUR RECTIFICACI&#211;N EN SU &#218;LTIMA CAMPA&#209;A PROMOCIONAL"},"content":{"rendered":"<h2>Promociona vino de Valladolid, de dos denominaciones, con motivo de la etapa de La VueltaCiclista del 6 de septiembre con llegada leonesa. La organizaci&#243;n agraria ASAJA de Le&#243;n le ha pedido a Carrefour una rectificaci&#243;n en su campa&#241;a de promoci&#243;n comercial denominada &#8220;Carrefour con La Vuelta, 21 etapas, 21 ofertas&#8221;, por suponer una afrenta para con los agricultores, la industria agroalimentaria y la sociedad leonesa en general<\/h2>\n<p style=\"text-align: center\">\n<span style=\"font-size: 14px\"><span style=\"color: #006400\"><strong>ASAJA DE LE&#211;N PIDE A CARREFOUR&#160;RECTIFICACI&#211;N EN SU &#218;LTIMA CAMPA&#209;A PROMOCIONAL<\/strong><\/span><\/span><\/p>\n<p style=\"text-align: center\">\n<u>Promociona vino de Valladolid, de dos denominaciones, con motivo de la etapa de <\/u><u>La Vuelta<\/u><u>Ciclista <\/u><u>del 6 de septiembre con llegada leonesa<\/u><\/p>\n<p style=\"text-align: justify\">\nLa organizaci&#243;n agraria ASAJA de Le&#243;n le ha pedido a Carrefour una rectificaci&#243;n en su campa&#241;a de promoci&#243;n comercial denominada &#8220;Carrefour con La Vuelta, 21 etapas, 21 ofertas&#8221;, por suponer una afrenta para con los agricultores, la industria agroalimentaria y la sociedad leonesa en general. La campa&#241;a, en la que se promocionan con ofertas especiales productos del lugar los d&#237;as que se celebra cada una de las etapas, se reserva la de los vinos de Ribera de Duero y los vinos de Rueda para el d&#237;a 6 de septiembre, cuando la etapa con salida de Santander concluye en el alto de La Camperona en la localidad leonesa de Sotillo de Sabero.<\/p>\n<p style=\"text-align: justify\">\nASAJA de Le&#243;n, que reconoce la excelente calidad de los vinos de Ribera y de Rueda, detr&#225;s de los cuales est&#225; el trabajo y la dedicaci&#243;n de viticultores y bodegueros, no comprende la torpeza de una gran firma de alimentaci&#243;n como Carrefour para no darse cuenta que en Le&#243;n existen dos excelentes denominaciones de origen de vinos, Tierra de Le&#243;n y Bierzo, con excelentes productos a precios muy competitivos. Es m&#225;s, en los lineales de las grandes firmas de alimentaci&#243;n se ofertan habitualmente otros productos agroalimentarios de calidad, como l&#225;cteos, derivados c&#225;rnicos, frutas y hortalizas y dulcer&#237;a, por poner algunos ejemplos, que podr&#237;an haber utilizado en la promoci&#243;n. No hay que olvidar que la presencia de La Vueltapor un territorio supone un escaparate promocional importante, que adem&#225;s cuesta dinero tanto de forma directa como indirecta, por lo que reforzar esa promoci&#243;n territorial desde cualquier empresa es algo loable, salvo que como el caso que nos ocupa sea equivocada fruto de un error,&#160; o intencionadamente equivocada. Si se trata de vincular un producto con su territorio, los vinos de Valladolid nada tienen que ver con la provincia de Le&#243;n, salvo algunos de sus municipios incluidos en la D.O.Tierrade Le&#243;n.<\/p>\n<p style=\"text-align: justify\">\nASAJA de Le&#243;n pide a Carrefour la inmediata retirada de la promoci&#243;n de los vinos de Valladolid con motivo de la presencia de La Vueltaen territorio leon&#233;s y la sustituci&#243;n por productos de nuestra tierra. En el caso contrario de que no se produzca una rectificaci&#243;n inmediata, la organizaci&#243;n agraria emprender&#225; una campa&#241;a para que el 6 de septiembre los leoneses no hagan sus compras en los centros Carrefour de Le&#243;n y Ponferrada ni otros establecimientos del grupo.<\/p>\n<p style=\"text-align: center\">\n&#160;<img decoding=\"async\" alt=\"\" src=\"\/leon\/wp-content\/uploads\/sites\/6\/2017\/11\/ANUNCIO_VINO.jpg\" style=\"width: 561px; height: 460px\"\/><\/p>\n<p style=\"text-align: right\">\nLe&#243;n, 29 de agosto de 2014.&#160;<\/p>\n","protected":false},"excerpt":{"rendered":"<p>Promociona vino de Valladolid, de dos denominaciones, con motivo de la etapa de La VueltaCiclista del 6 de septiembre con llegada leonesa. La organizaci&#243;n agraria ASAJA de Le&#243;n le ha pedido a Carrefour una rectificaci&#243;n en su campa&#241;a de promoci&#243;n comercial denominada &#8220;Carrefour con La Vuelta, 21 etapas, 21 ofertas&#8221;, por suponer una afrenta para con los agricultores, la industria agroalimentaria y la sociedad leonesa en general<\/p>\n","protected":false},"author":3,"featured_media":6370,"comment_status":"open","ping_status":"open","sticky":false,"template":"","format":"standard","meta":{"footnotes":""},"categories":[4,9],"tags":[],"yoast_head":"<!-- This site is optimized with the Yoast SEO plugin v24.5 - https:\/\/yoast.com\/wordpress\/plugins\/seo\/ -->\n<title>ASAJA DE LE&#211;N PIDE A CARREFOUR RECTIFICACI&#211;N EN SU &#218;LTIMA CAMPA&#209;A PROMOCIONAL - ASAJA Le\u00f3n<\/title>\n<meta name=\"description\" content=\"Promociona vino de Valladolid, de dos denominaciones, con motivo de la etapa de La VueltaCiclista del 6 de septiembre con llegada leonesa. La organizaci&#243;n agraria ASAJA de Le&#243;n le ha pedido a Carrefour una rectificaci&#243;n en su campa&#241;a de promoci&#243;n comercial denominada &#8220;Carrefour con La Vuelta, 21 etapas, 21 ofertas&#8221;, por suponer una afrenta para con los agricultores, la industria agroalimentaria y la sociedad leonesa en general\" \/>\n<meta name=\"robots\" content=\"index, follow, max-snippet:-1, max-image-preview:large, max-video-preview:-1\" \/>\n<link rel=\"canonical\" href=\"https:\/\/www.asajacyl.com\/leon\/asaja-leon-informa\/asaja-de-len-pide-a-carrefour-rectificacin-en-su-ltima-campaa-promocional\" \/>\n<meta property=\"og:locale\" content=\"es_ES\" \/>\n<meta property=\"og:type\" content=\"article\" \/>\n<meta property=\"og:title\" content=\"ASAJA DE LE&#211;N PIDE A CARREFOUR RECTIFICACI&#211;N EN SU &#218;LTIMA CAMPA&#209;A PROMOCIONAL - ASAJA Le\u00f3n\" \/>\n<meta property=\"og:description\" content=\"Promociona vino de Valladolid, de dos denominaciones, con motivo de la etapa de La VueltaCiclista del 6 de septiembre con llegada leonesa. La organizaci&#243;n agraria ASAJA de Le&#243;n le ha pedido a Carrefour una rectificaci&#243;n en su campa&#241;a de promoci&#243;n comercial denominada &#8220;Carrefour con La Vuelta, 21 etapas, 21 ofertas&#8221;, por suponer una afrenta para con los agricultores, la industria agroalimentaria y la sociedad leonesa en general\" \/>\n<meta property=\"og:url\" content=\"https:\/\/www.asajacyl.com\/leon\/asaja-leon-informa\/asaja-de-len-pide-a-carrefour-rectificacin-en-su-ltima-campaa-promocional\" \/>\n<meta property=\"og:site_name\" content=\"ASAJA Le\u00f3n\" \/>\n<meta property=\"article:published_time\" content=\"2014-08-28T22:00:00+00:00\" \/>\n<meta property=\"article:modified_time\" content=\"2017-11-15T08:03:03+00:00\" \/>\n<meta property=\"og:image\" content=\"https:\/\/www.asajacyl.com\/leon\/wp-content\/uploads\/sites\/6\/2017\/11\/ANUNCIO_VINO.jpg\" \/>\n\t<meta property=\"og:image:width\" content=\"3264\" \/>\n\t<meta property=\"og:image:height\" content=\"2448\" \/>\n\t<meta property=\"og:image:type\" content=\"image\/jpeg\" \/>\n<meta name=\"author\" content=\"Editor\" \/>\n<meta name=\"twitter:card\" content=\"summary_large_image\" \/>\n<meta name=\"twitter:label1\" content=\"Escrito por\" \/>\n\t<meta name=\"twitter:data1\" content=\"Editor\" \/>\n\t<meta name=\"twitter:label2\" content=\"Tiempo de lectura\" \/>\n\t<meta name=\"twitter:data2\" content=\"3 minutos\" \/>\n<script type=\"application\/ld+json\" class=\"yoast-schema-graph\">{\"@context\":\"https:\/\/schema.org\",\"@graph\":[{\"@type\":\"WebPage\",\"@id\":\"https:\/\/www.asajacyl.com\/leon\/asaja-leon-informa\/asaja-de-len-pide-a-carrefour-rectificacin-en-su-ltima-campaa-promocional\",\"url\":\"https:\/\/www.asajacyl.com\/leon\/asaja-leon-informa\/asaja-de-len-pide-a-carrefour-rectificacin-en-su-ltima-campaa-promocional\",\"name\":\"ASAJA DE LE&#211;N PIDE A CARREFOUR RECTIFICACI&#211;N EN SU &#218;LTIMA CAMPA&#209;A PROMOCIONAL - ASAJA Le\u00f3n\",\"isPartOf\":{\"@id\":\"https:\/\/www.asajacyl.com\/leon\/#website\"},\"primaryImageOfPage\":{\"@id\":\"https:\/\/www.asajacyl.com\/leon\/asaja-leon-informa\/asaja-de-len-pide-a-carrefour-rectificacin-en-su-ltima-campaa-promocional#primaryimage\"},\"image\":{\"@id\":\"https:\/\/www.asajacyl.com\/leon\/asaja-leon-informa\/asaja-de-len-pide-a-carrefour-rectificacin-en-su-ltima-campaa-promocional#primaryimage\"},\"thumbnailUrl\":\"https:\/\/www.asajacyl.com\/leon\/wp-content\/uploads\/sites\/6\/2017\/11\/ANUNCIO_VINO.jpg\",\"datePublished\":\"2014-08-28T22:00:00+00:00\",\"dateModified\":\"2017-11-15T08:03:03+00:00\",\"author\":{\"@id\":\"https:\/\/www.asajacyl.com\/leon\/#\/schema\/person\/7e884476cee132331142e8ac9689f20c\"},\"description\":\"Promociona vino de Valladolid, de dos denominaciones, con motivo de la etapa de La VueltaCiclista del 6 de septiembre con llegada leonesa. La organizaci&#243;n agraria ASAJA de Le&#243;n le ha pedido a Carrefour una rectificaci&#243;n en su campa&#241;a de promoci&#243;n comercial denominada &#8220;Carrefour con La Vuelta, 21 etapas, 21 ofertas&#8221;, por suponer una afrenta para con los agricultores, la industria agroalimentaria y la sociedad leonesa en general\",\"breadcrumb\":{\"@id\":\"https:\/\/www.asajacyl.com\/leon\/asaja-leon-informa\/asaja-de-len-pide-a-carrefour-rectificacin-en-su-ltima-campaa-promocional#breadcrumb\"},\"inLanguage\":\"es\",\"potentialAction\":[{\"@type\":\"ReadAction\",\"target\":[\"https:\/\/www.asajacyl.com\/leon\/asaja-leon-informa\/asaja-de-len-pide-a-carrefour-rectificacin-en-su-ltima-campaa-promocional\"]}]},{\"@type\":\"ImageObject\",\"inLanguage\":\"es\",\"@id\":\"https:\/\/www.asajacyl.com\/leon\/asaja-leon-informa\/asaja-de-len-pide-a-carrefour-rectificacin-en-su-ltima-campaa-promocional#primaryimage\",\"url\":\"https:\/\/www.asajacyl.com\/leon\/wp-content\/uploads\/sites\/6\/2017\/11\/ANUNCIO_VINO.jpg\",\"contentUrl\":\"https:\/\/www.asajacyl.com\/leon\/wp-content\/uploads\/sites\/6\/2017\/11\/ANUNCIO_VINO.jpg\",\"width\":3264,\"height\":2448},{\"@type\":\"BreadcrumbList\",\"@id\":\"https:\/\/www.asajacyl.com\/leon\/asaja-leon-informa\/asaja-de-len-pide-a-carrefour-rectificacin-en-su-ltima-campaa-promocional#breadcrumb\",\"itemListElement\":[{\"@type\":\"ListItem\",\"position\":1,\"name\":\"Portada\",\"item\":\"https:\/\/www.asajacyl.com\/leon\/\"},{\"@type\":\"ListItem\",\"position\":2,\"name\":\"ASAJA DE LE&#211;N PIDE A CARREFOUR RECTIFICACI&#211;N EN SU &#218;LTIMA CAMPA&#209;A PROMOCIONAL\"}]},{\"@type\":\"WebSite\",\"@id\":\"https:\/\/www.asajacyl.com\/leon\/#website\",\"url\":\"https:\/\/www.asajacyl.com\/leon\/\",\"name\":\"ASAJA Le\u00f3n\",\"description\":\"Otro sitio m\u00e1s de Provincias ASAJA Castilla y Le\u00f3n\",\"potentialAction\":[{\"@type\":\"SearchAction\",\"target\":{\"@type\":\"EntryPoint\",\"urlTemplate\":\"https:\/\/www.asajacyl.com\/leon\/?s={search_term_string}\"},\"query-input\":{\"@type\":\"PropertyValueSpecification\",\"valueRequired\":true,\"valueName\":\"search_term_string\"}}],\"inLanguage\":\"es\"},{\"@type\":\"Person\",\"@id\":\"https:\/\/www.asajacyl.com\/leon\/#\/schema\/person\/7e884476cee132331142e8ac9689f20c\",\"name\":\"Editor\",\"image\":{\"@type\":\"ImageObject\",\"inLanguage\":\"es\",\"@id\":\"https:\/\/www.asajacyl.com\/leon\/#\/schema\/person\/image\/\",\"url\":\"https:\/\/secure.gravatar.com\/avatar\/a2ef43c165669686cfcfb0e1ffa59869?s=96&d=mm&r=g\",\"contentUrl\":\"https:\/\/secure.gravatar.com\/avatar\/a2ef43c165669686cfcfb0e1ffa59869?s=96&d=mm&r=g\",\"caption\":\"Editor\"},\"url\":\"https:\/\/www.asajacyl.com\/leon\/author\/oscargg\"}]}<\/script>\n<!-- \/ Yoast SEO plugin. -->","yoast_head_json":{"title":"ASAJA DE LE&#211;N PIDE A CARREFOUR RECTIFICACI&#211;N EN SU &#218;LTIMA CAMPA&#209;A PROMOCIONAL - ASAJA Le\u00f3n","description":"Promociona vino de Valladolid, de dos denominaciones, con motivo de la etapa de La VueltaCiclista del 6 de septiembre con llegada leonesa. La organizaci&#243;n agraria ASAJA de Le&#243;n le ha pedido a Carrefour una rectificaci&#243;n en su campa&#241;a de promoci&#243;n comercial denominada &#8220;Carrefour con La Vuelta, 21 etapas, 21 ofertas&#8221;, por suponer una afrenta para con los agricultores, la industria agroalimentaria y la sociedad leonesa en general","robots":{"index":"index","follow":"follow","max-snippet":"max-snippet:-1","max-image-preview":"max-image-preview:large","max-video-preview":"max-video-preview:-1"},"canonical":"https:\/\/www.asajacyl.com\/leon\/asaja-leon-informa\/asaja-de-len-pide-a-carrefour-rectificacin-en-su-ltima-campaa-promocional","og_locale":"es_ES","og_type":"article","og_title":"ASAJA DE LE&#211;N PIDE A CARREFOUR RECTIFICACI&#211;N EN SU &#218;LTIMA CAMPA&#209;A PROMOCIONAL - ASAJA Le\u00f3n","og_description":"Promociona vino de Valladolid, de dos denominaciones, con motivo de la etapa de La VueltaCiclista del 6 de septiembre con llegada leonesa. La organizaci&#243;n agraria ASAJA de Le&#243;n le ha pedido a Carrefour una rectificaci&#243;n en su campa&#241;a de promoci&#243;n comercial denominada &#8220;Carrefour con La Vuelta, 21 etapas, 21 ofertas&#8221;, por suponer una afrenta para con los agricultores, la industria agroalimentaria y la sociedad leonesa en general","og_url":"https:\/\/www.asajacyl.com\/leon\/asaja-leon-informa\/asaja-de-len-pide-a-carrefour-rectificacin-en-su-ltima-campaa-promocional","og_site_name":"ASAJA Le\u00f3n","article_published_time":"2014-08-28T22:00:00+00:00","article_modified_time":"2017-11-15T08:03:03+00:00","og_image":[{"width":3264,"height":2448,"url":"https:\/\/www.asajacyl.com\/leon\/wp-content\/uploads\/sites\/6\/2017\/11\/ANUNCIO_VINO.jpg","type":"image\/jpeg"}],"author":"Editor","twitter_card":"summary_large_image","twitter_misc":{"Escrito por":"Editor","Tiempo de lectura":"3 minutos"},"schema":{"@context":"https:\/\/schema.org","@graph":[{"@type":"WebPage","@id":"https:\/\/www.asajacyl.com\/leon\/asaja-leon-informa\/asaja-de-len-pide-a-carrefour-rectificacin-en-su-ltima-campaa-promocional","url":"https:\/\/www.asajacyl.com\/leon\/asaja-leon-informa\/asaja-de-len-pide-a-carrefour-rectificacin-en-su-ltima-campaa-promocional","name":"ASAJA DE LE&#211;N PIDE A CARREFOUR RECTIFICACI&#211;N EN SU &#218;LTIMA CAMPA&#209;A PROMOCIONAL - ASAJA Le\u00f3n","isPartOf":{"@id":"https:\/\/www.asajacyl.com\/leon\/#website"},"primaryImageOfPage":{"@id":"https:\/\/www.asajacyl.com\/leon\/asaja-leon-informa\/asaja-de-len-pide-a-carrefour-rectificacin-en-su-ltima-campaa-promocional#primaryimage"},"image":{"@id":"https:\/\/www.asajacyl.com\/leon\/asaja-leon-informa\/asaja-de-len-pide-a-carrefour-rectificacin-en-su-ltima-campaa-promocional#primaryimage"},"thumbnailUrl":"https:\/\/www.asajacyl.com\/leon\/wp-content\/uploads\/sites\/6\/2017\/11\/ANUNCIO_VINO.jpg","datePublished":"2014-08-28T22:00:00+00:00","dateModified":"2017-11-15T08:03:03+00:00","author":{"@id":"https:\/\/www.asajacyl.com\/leon\/#\/schema\/person\/7e884476cee132331142e8ac9689f20c"},"description":"Promociona vino de Valladolid, de dos denominaciones, con motivo de la etapa de La VueltaCiclista del 6 de septiembre con llegada leonesa. La organizaci&#243;n agraria ASAJA de Le&#243;n le ha pedido a Carrefour una rectificaci&#243;n en su campa&#241;a de promoci&#243;n comercial denominada &#8220;Carrefour con La Vuelta, 21 etapas, 21 ofertas&#8221;, por suponer una afrenta para con los agricultores, la industria agroalimentaria y la sociedad leonesa en general","breadcrumb":{"@id":"https:\/\/www.asajacyl.com\/leon\/asaja-leon-informa\/asaja-de-len-pide-a-carrefour-rectificacin-en-su-ltima-campaa-promocional#breadcrumb"},"inLanguage":"es","potentialAction":[{"@type":"ReadAction","target":["https:\/\/www.asajacyl.com\/leon\/asaja-leon-informa\/asaja-de-len-pide-a-carrefour-rectificacin-en-su-ltima-campaa-promocional"]}]},{"@type":"ImageObject","inLanguage":"es","@id":"https:\/\/www.asajacyl.com\/leon\/asaja-leon-informa\/asaja-de-len-pide-a-carrefour-rectificacin-en-su-ltima-campaa-promocional#primaryimage","url":"https:\/\/www.asajacyl.com\/leon\/wp-content\/uploads\/sites\/6\/2017\/11\/ANUNCIO_VINO.jpg","contentUrl":"https:\/\/www.asajacyl.com\/leon\/wp-content\/uploads\/sites\/6\/2017\/11\/ANUNCIO_VINO.jpg","width":3264,"height":2448},{"@type":"BreadcrumbList","@id":"https:\/\/www.asajacyl.com\/leon\/asaja-leon-informa\/asaja-de-len-pide-a-carrefour-rectificacin-en-su-ltima-campaa-promocional#breadcrumb","itemListElement":[{"@type":"ListItem","position":1,"name":"Portada","item":"https:\/\/www.asajacyl.com\/leon\/"},{"@type":"ListItem","position":2,"name":"ASAJA DE LE&#211;N PIDE A CARREFOUR RECTIFICACI&#211;N EN SU &#218;LTIMA CAMPA&#209;A PROMOCIONAL"}]},{"@type":"WebSite","@id":"https:\/\/www.asajacyl.com\/leon\/#website","url":"https:\/\/www.asajacyl.com\/leon\/","name":"ASAJA Le\u00f3n","description":"Otro sitio m\u00e1s de Provincias ASAJA Castilla y Le\u00f3n","potentialAction":[{"@type":"SearchAction","target":{"@type":"EntryPoint","urlTemplate":"https:\/\/www.asajacyl.com\/leon\/?s={search_term_string}"},"query-input":{"@type":"PropertyValueSpecification","valueRequired":true,"valueName":"search_term_string"}}],"inLanguage":"es"},{"@type":"Person","@id":"https:\/\/www.asajacyl.com\/leon\/#\/schema\/person\/7e884476cee132331142e8ac9689f20c","name":"Editor","image":{"@type":"ImageObject","inLanguage":"es","@id":"https:\/\/www.asajacyl.com\/leon\/#\/schema\/person\/image\/","url":"https:\/\/secure.gravatar.com\/avatar\/a2ef43c165669686cfcfb0e1ffa59869?s=96&d=mm&r=g","contentUrl":"https:\/\/secure.gravatar.com\/avatar\/a2ef43c165669686cfcfb0e1ffa59869?s=96&d=mm&r=g","caption":"Editor"},"url":"https:\/\/www.asajacyl.com\/leon\/author\/oscargg"}]}},"_links":{"self":[{"href":"https:\/\/www.asajacyl.com\/leon\/wp-json\/wp\/v2\/posts\/550"}],"collection":[{"href":"https:\/\/www.asajacyl.com\/leon\/wp-json\/wp\/v2\/posts"}],"about":[{"href":"https:\/\/www.asajacyl.com\/leon\/wp-json\/wp\/v2\/types\/post"}],"author":[{"embeddable":true,"href":"https:\/\/www.asajacyl.com\/leon\/wp-json\/wp\/v2\/users\/3"}],"replies":[{"embeddable":true,"href":"https:\/\/www.asajacyl.com\/leon\/wp-json\/wp\/v2\/comments?post=550"}],"version-history":[{"count":3,"href":"https:\/\/www.asajacyl.com\/leon\/wp-json\/wp\/v2\/posts\/550\/revisions"}],"predecessor-version":[{"id":4403,"href":"https:\/\/www.asajacyl.com\/leon\/wp-json\/wp\/v2\/posts\/550\/revisions\/4403"}],"wp:featuredmedia":[{"embeddable":true,"href":"https:\/\/www.asajacyl.com\/leon\/wp-json\/wp\/v2\/media\/6370"}],"wp:attachment":[{"href":"https:\/\/www.asajacyl.com\/leon\/wp-json\/wp\/v2\/media?parent=550"}],"wp:term":[{"taxonomy":"category","embeddable":true,"href":"https:\/\/www.asajacyl.com\/leon\/wp-json\/wp\/v2\/categories?post=550"},{"taxonomy":"post_tag","embeddable":true,"href":"https:\/\/www.asajacyl.com\/leon\/wp-json\/wp\/v2\/tags?post=550"}],"curies":[{"name":"wp","href":"https:\/\/api.w.org\/{rel}","templated":true}]}}