{"id":595,"date":"2017-06-16T00:00:00","date_gmt":"2017-06-15T22:00:00","guid":{"rendered":"https:\/\/www.asajacyl.com\/leon\/2017\/06\/16\/adelanto-del-verano\/"},"modified":"2017-11-15T09:58:29","modified_gmt":"2017-11-15T08:58:29","slug":"adelanto-del-verano","status":"publish","type":"post","link":"https:\/\/www.asajacyl.com\/leon\/asaja-leon-informa\/adelanto-del-verano","title":{"rendered":"Adelanto del verano"},"content":{"rendered":"<h2>Las altas temperaturas de esta semana han adelantado una vez m&#225;s el verano y han forzado el ciclo de los cultivos<\/h2>\n<p style=\"text-align: center;\">\n<span style=\"color:#006400;\"><strong>Adelanto del verano<\/strong><\/span><\/p>\n<p style=\"text-align: justify;\">\nLas altas temperaturas de esta semana han adelantado una vez m&#225;s el verano y han forzado el ciclo de los cultivos. La agricultura de secano ha languidecido haciendo que lo poco que hab&#237;a parezca todav&#237;a menos, y si algo se ha sacado de positivo a la larga temporada de tiempo seco y soleado, es que ha permitido recoger los pocos forrajes&#160; que han dado las fincas de alfalfa, vezas y praderas. Poco da&#241;o se pod&#237;a hacer ya donde estaba todo hecho, pero desde luego nada bueno tiene eso de adelantarse las estaciones, de que en la primavera haga el calor que tiene que hacer en el verano, y de que el verano se prolongue hasta mediados del oto&#241;o. Pero en la provincia de Le&#243;n, por estas fechas, y en a&#241;os normales, lo que pedimos es tiempo estable, porque el agua de la lluvia no es necesaria y por lo general si cae suele ser en forma de tormentas. Pero este a&#241;o esa teor&#237;a no vale, porque el agua que damos a las plantas a trav&#233;s de distintos sistemas de riego, en nuestras amplias zonas regables, es escasa, yo dir&#237;a que muy escasa. Por esto esta semana, con temperaturas pr&#243;ximas a los treinta y cinco grados, nuestros agricultores se han puesto nerviosos, y con raz&#243;n, esperando la llegada del agua por las distintas acequias. Es duro ver unos campos de ma&#237;z, patatas, alubias o girasoles francamente esplendorosos, y no poder regarlos cuando la planta te est&#225; diciendo que tiene sed. Estamos acostumbrados a regar cuando la planta lo pide, y no cuando lo marcan las normas de las comunidades de regantes o de las confederaciones hidrogr&#225;ficas. Estos d&#237;as de calor, de excesivo calor para la &#233;poca del a&#241;o, son malos porque no tenemos agua para regar nuestros campos, porque estamos en una pol&#237;tica de ahorro para ver si el recurso llega al menos hasta finales de agosto, fecha en la que con un poco de suerte la mayor&#237;a de los cultivos tendr&#225;n cerrado su ciclo. Ayudar&#237;a mucho un tiempo menos caluroso, alguna lluvia que no sea de forma tormentosa, y sobre todo una buena gesti&#243;n por parte de las autoridades con competencias en esto.<\/p>\n<p>\n*Art&#237;culo de opini&#243;n de Jos&#233; Antonio Turrado publicado en&#160; La Nueva Cr&#243;nica del viernes16 de junio de 2017<\/p>\n","protected":false},"excerpt":{"rendered":"<p>Las altas temperaturas de esta semana han adelantado una vez m&#225;s el verano y han forzado el ciclo de los cultivos<\/p>\n","protected":false},"author":3,"featured_media":8174,"comment_status":"open","ping_status":"open","sticky":false,"template":"","format":"standard","meta":{"footnotes":""},"categories":[4,11],"tags":[],"yoast_head":"<!-- This site is optimized with the Yoast SEO plugin v24.5 - https:\/\/yoast.com\/wordpress\/plugins\/seo\/ -->\n<title>Adelanto del verano - ASAJA Le\u00f3n<\/title>\n<meta name=\"description\" content=\"Las altas temperaturas de esta semana han adelantado una vez m&#225;s el verano y han forzado el ciclo de los cultivos\" \/>\n<meta name=\"robots\" content=\"index, follow, max-snippet:-1, max-image-preview:large, max-video-preview:-1\" \/>\n<link rel=\"canonical\" href=\"https:\/\/www.asajacyl.com\/leon\/asaja-leon-informa\/adelanto-del-verano\" \/>\n<meta property=\"og:locale\" content=\"es_ES\" \/>\n<meta property=\"og:type\" content=\"article\" \/>\n<meta property=\"og:title\" content=\"Adelanto del verano - ASAJA Le\u00f3n\" \/>\n<meta property=\"og:description\" content=\"Las altas temperaturas de esta semana han adelantado una vez m&#225;s el verano y han forzado el ciclo de los cultivos\" \/>\n<meta property=\"og:url\" content=\"https:\/\/www.asajacyl.com\/leon\/asaja-leon-informa\/adelanto-del-verano\" \/>\n<meta property=\"og:site_name\" content=\"ASAJA Le\u00f3n\" \/>\n<meta property=\"article:published_time\" content=\"2017-06-15T22:00:00+00:00\" \/>\n<meta property=\"article:modified_time\" content=\"2017-11-15T08:58:29+00:00\" \/>\n<meta property=\"og:image\" content=\"https:\/\/www.asajacyl.com\/leon\/wp-content\/uploads\/sites\/6\/2017\/11\/im_predefinida_1920x1080.jpg\" \/>\n\t<meta property=\"og:image:width\" content=\"1920\" \/>\n\t<meta property=\"og:image:height\" content=\"1080\" \/>\n\t<meta property=\"og:image:type\" content=\"image\/jpeg\" \/>\n<meta name=\"author\" content=\"Editor\" \/>\n<meta name=\"twitter:card\" content=\"summary_large_image\" \/>\n<meta name=\"twitter:label1\" content=\"Escrito por\" \/>\n\t<meta name=\"twitter:data1\" content=\"Editor\" \/>\n\t<meta name=\"twitter:label2\" content=\"Tiempo de lectura\" \/>\n\t<meta name=\"twitter:data2\" content=\"2 minutos\" \/>\n<script type=\"application\/ld+json\" class=\"yoast-schema-graph\">{\"@context\":\"https:\/\/schema.org\",\"@graph\":[{\"@type\":\"WebPage\",\"@id\":\"https:\/\/www.asajacyl.com\/leon\/asaja-leon-informa\/adelanto-del-verano\",\"url\":\"https:\/\/www.asajacyl.com\/leon\/asaja-leon-informa\/adelanto-del-verano\",\"name\":\"Adelanto del verano - ASAJA Le\u00f3n\",\"isPartOf\":{\"@id\":\"https:\/\/www.asajacyl.com\/leon\/#website\"},\"primaryImageOfPage\":{\"@id\":\"https:\/\/www.asajacyl.com\/leon\/asaja-leon-informa\/adelanto-del-verano#primaryimage\"},\"image\":{\"@id\":\"https:\/\/www.asajacyl.com\/leon\/asaja-leon-informa\/adelanto-del-verano#primaryimage\"},\"thumbnailUrl\":\"https:\/\/www.asajacyl.com\/leon\/wp-content\/uploads\/sites\/6\/2017\/11\/im_predefinida_1920x1080.jpg\",\"datePublished\":\"2017-06-15T22:00:00+00:00\",\"dateModified\":\"2017-11-15T08:58:29+00:00\",\"author\":{\"@id\":\"https:\/\/www.asajacyl.com\/leon\/#\/schema\/person\/7e884476cee132331142e8ac9689f20c\"},\"description\":\"Las altas temperaturas de esta semana han adelantado una vez m&#225;s el verano y han forzado el ciclo de los cultivos\",\"breadcrumb\":{\"@id\":\"https:\/\/www.asajacyl.com\/leon\/asaja-leon-informa\/adelanto-del-verano#breadcrumb\"},\"inLanguage\":\"es\",\"potentialAction\":[{\"@type\":\"ReadAction\",\"target\":[\"https:\/\/www.asajacyl.com\/leon\/asaja-leon-informa\/adelanto-del-verano\"]}]},{\"@type\":\"ImageObject\",\"inLanguage\":\"es\",\"@id\":\"https:\/\/www.asajacyl.com\/leon\/asaja-leon-informa\/adelanto-del-verano#primaryimage\",\"url\":\"https:\/\/www.asajacyl.com\/leon\/wp-content\/uploads\/sites\/6\/2017\/11\/im_predefinida_1920x1080.jpg\",\"contentUrl\":\"https:\/\/www.asajacyl.com\/leon\/wp-content\/uploads\/sites\/6\/2017\/11\/im_predefinida_1920x1080.jpg\",\"width\":1920,\"height\":1080,\"caption\":\"Logotipo ASAJA Le\u00f3n\"},{\"@type\":\"BreadcrumbList\",\"@id\":\"https:\/\/www.asajacyl.com\/leon\/asaja-leon-informa\/adelanto-del-verano#breadcrumb\",\"itemListElement\":[{\"@type\":\"ListItem\",\"position\":1,\"name\":\"Portada\",\"item\":\"https:\/\/www.asajacyl.com\/leon\/\"},{\"@type\":\"ListItem\",\"position\":2,\"name\":\"Adelanto del verano\"}]},{\"@type\":\"WebSite\",\"@id\":\"https:\/\/www.asajacyl.com\/leon\/#website\",\"url\":\"https:\/\/www.asajacyl.com\/leon\/\",\"name\":\"ASAJA Le\u00f3n\",\"description\":\"Otro sitio m\u00e1s de Provincias ASAJA Castilla y Le\u00f3n\",\"potentialAction\":[{\"@type\":\"SearchAction\",\"target\":{\"@type\":\"EntryPoint\",\"urlTemplate\":\"https:\/\/www.asajacyl.com\/leon\/?s={search_term_string}\"},\"query-input\":{\"@type\":\"PropertyValueSpecification\",\"valueRequired\":true,\"valueName\":\"search_term_string\"}}],\"inLanguage\":\"es\"},{\"@type\":\"Person\",\"@id\":\"https:\/\/www.asajacyl.com\/leon\/#\/schema\/person\/7e884476cee132331142e8ac9689f20c\",\"name\":\"Editor\",\"image\":{\"@type\":\"ImageObject\",\"inLanguage\":\"es\",\"@id\":\"https:\/\/www.asajacyl.com\/leon\/#\/schema\/person\/image\/\",\"url\":\"https:\/\/secure.gravatar.com\/avatar\/a2ef43c165669686cfcfb0e1ffa59869?s=96&d=mm&r=g\",\"contentUrl\":\"https:\/\/secure.gravatar.com\/avatar\/a2ef43c165669686cfcfb0e1ffa59869?s=96&d=mm&r=g\",\"caption\":\"Editor\"},\"url\":\"https:\/\/www.asajacyl.com\/leon\/author\/oscargg\"}]}<\/script>\n<!-- \/ Yoast SEO plugin. -->","yoast_head_json":{"title":"Adelanto del verano - ASAJA Le\u00f3n","description":"Las altas temperaturas de esta semana han adelantado una vez m&#225;s el verano y han forzado el ciclo de los cultivos","robots":{"index":"index","follow":"follow","max-snippet":"max-snippet:-1","max-image-preview":"max-image-preview:large","max-video-preview":"max-video-preview:-1"},"canonical":"https:\/\/www.asajacyl.com\/leon\/asaja-leon-informa\/adelanto-del-verano","og_locale":"es_ES","og_type":"article","og_title":"Adelanto del verano - ASAJA Le\u00f3n","og_description":"Las altas temperaturas de esta semana han adelantado una vez m&#225;s el verano y han forzado el ciclo de los cultivos","og_url":"https:\/\/www.asajacyl.com\/leon\/asaja-leon-informa\/adelanto-del-verano","og_site_name":"ASAJA Le\u00f3n","article_published_time":"2017-06-15T22:00:00+00:00","article_modified_time":"2017-11-15T08:58:29+00:00","og_image":[{"width":1920,"height":1080,"url":"https:\/\/www.asajacyl.com\/leon\/wp-content\/uploads\/sites\/6\/2017\/11\/im_predefinida_1920x1080.jpg","type":"image\/jpeg"}],"author":"Editor","twitter_card":"summary_large_image","twitter_misc":{"Escrito por":"Editor","Tiempo de lectura":"2 minutos"},"schema":{"@context":"https:\/\/schema.org","@graph":[{"@type":"WebPage","@id":"https:\/\/www.asajacyl.com\/leon\/asaja-leon-informa\/adelanto-del-verano","url":"https:\/\/www.asajacyl.com\/leon\/asaja-leon-informa\/adelanto-del-verano","name":"Adelanto del verano - ASAJA Le\u00f3n","isPartOf":{"@id":"https:\/\/www.asajacyl.com\/leon\/#website"},"primaryImageOfPage":{"@id":"https:\/\/www.asajacyl.com\/leon\/asaja-leon-informa\/adelanto-del-verano#primaryimage"},"image":{"@id":"https:\/\/www.asajacyl.com\/leon\/asaja-leon-informa\/adelanto-del-verano#primaryimage"},"thumbnailUrl":"https:\/\/www.asajacyl.com\/leon\/wp-content\/uploads\/sites\/6\/2017\/11\/im_predefinida_1920x1080.jpg","datePublished":"2017-06-15T22:00:00+00:00","dateModified":"2017-11-15T08:58:29+00:00","author":{"@id":"https:\/\/www.asajacyl.com\/leon\/#\/schema\/person\/7e884476cee132331142e8ac9689f20c"},"description":"Las altas temperaturas de esta semana han adelantado una vez m&#225;s el verano y han forzado el ciclo de los cultivos","breadcrumb":{"@id":"https:\/\/www.asajacyl.com\/leon\/asaja-leon-informa\/adelanto-del-verano#breadcrumb"},"inLanguage":"es","potentialAction":[{"@type":"ReadAction","target":["https:\/\/www.asajacyl.com\/leon\/asaja-leon-informa\/adelanto-del-verano"]}]},{"@type":"ImageObject","inLanguage":"es","@id":"https:\/\/www.asajacyl.com\/leon\/asaja-leon-informa\/adelanto-del-verano#primaryimage","url":"https:\/\/www.asajacyl.com\/leon\/wp-content\/uploads\/sites\/6\/2017\/11\/im_predefinida_1920x1080.jpg","contentUrl":"https:\/\/www.asajacyl.com\/leon\/wp-content\/uploads\/sites\/6\/2017\/11\/im_predefinida_1920x1080.jpg","width":1920,"height":1080,"caption":"Logotipo ASAJA Le\u00f3n"},{"@type":"BreadcrumbList","@id":"https:\/\/www.asajacyl.com\/leon\/asaja-leon-informa\/adelanto-del-verano#breadcrumb","itemListElement":[{"@type":"ListItem","position":1,"name":"Portada","item":"https:\/\/www.asajacyl.com\/leon\/"},{"@type":"ListItem","position":2,"name":"Adelanto del verano"}]},{"@type":"WebSite","@id":"https:\/\/www.asajacyl.com\/leon\/#website","url":"https:\/\/www.asajacyl.com\/leon\/","name":"ASAJA Le\u00f3n","description":"Otro sitio m\u00e1s de Provincias ASAJA Castilla y Le\u00f3n","potentialAction":[{"@type":"SearchAction","target":{"@type":"EntryPoint","urlTemplate":"https:\/\/www.asajacyl.com\/leon\/?s={search_term_string}"},"query-input":{"@type":"PropertyValueSpecification","valueRequired":true,"valueName":"search_term_string"}}],"inLanguage":"es"},{"@type":"Person","@id":"https:\/\/www.asajacyl.com\/leon\/#\/schema\/person\/7e884476cee132331142e8ac9689f20c","name":"Editor","image":{"@type":"ImageObject","inLanguage":"es","@id":"https:\/\/www.asajacyl.com\/leon\/#\/schema\/person\/image\/","url":"https:\/\/secure.gravatar.com\/avatar\/a2ef43c165669686cfcfb0e1ffa59869?s=96&d=mm&r=g","contentUrl":"https:\/\/secure.gravatar.com\/avatar\/a2ef43c165669686cfcfb0e1ffa59869?s=96&d=mm&r=g","caption":"Editor"},"url":"https:\/\/www.asajacyl.com\/leon\/author\/oscargg"}]}},"_links":{"self":[{"href":"https:\/\/www.asajacyl.com\/leon\/wp-json\/wp\/v2\/posts\/595"}],"collection":[{"href":"https:\/\/www.asajacyl.com\/leon\/wp-json\/wp\/v2\/posts"}],"about":[{"href":"https:\/\/www.asajacyl.com\/leon\/wp-json\/wp\/v2\/types\/post"}],"author":[{"embeddable":true,"href":"https:\/\/www.asajacyl.com\/leon\/wp-json\/wp\/v2\/users\/3"}],"replies":[{"embeddable":true,"href":"https:\/\/www.asajacyl.com\/leon\/wp-json\/wp\/v2\/comments?post=595"}],"version-history":[{"count":1,"href":"https:\/\/www.asajacyl.com\/leon\/wp-json\/wp\/v2\/posts\/595\/revisions"}],"predecessor-version":[{"id":960,"href":"https:\/\/www.asajacyl.com\/leon\/wp-json\/wp\/v2\/posts\/595\/revisions\/960"}],"wp:featuredmedia":[{"embeddable":true,"href":"https:\/\/www.asajacyl.com\/leon\/wp-json\/wp\/v2\/media\/8174"}],"wp:attachment":[{"href":"https:\/\/www.asajacyl.com\/leon\/wp-json\/wp\/v2\/media?parent=595"}],"wp:term":[{"taxonomy":"category","embeddable":true,"href":"https:\/\/www.asajacyl.com\/leon\/wp-json\/wp\/v2\/categories?post=595"},{"taxonomy":"post_tag","embeddable":true,"href":"https:\/\/www.asajacyl.com\/leon\/wp-json\/wp\/v2\/tags?post=595"}],"curies":[{"name":"wp","href":"https:\/\/api.w.org\/{rel}","templated":true}]}}