{"id":601,"date":"2017-05-05T00:00:00","date_gmt":"2017-05-04T22:00:00","guid":{"rendered":"https:\/\/www.asajacyl.com\/leon\/2017\/05\/05\/encuentro-en-diputacin\/"},"modified":"2017-11-15T09:58:33","modified_gmt":"2017-11-15T08:58:33","slug":"encuentro-en-diputacin","status":"publish","type":"post","link":"https:\/\/www.asajacyl.com\/leon\/asaja-leon-informa\/encuentro-en-diputacin","title":{"rendered":"Encuentro en Diputaci&#243;n"},"content":{"rendered":"<h2>El pr&#243;ximo lunes est&#225; previsto un encuentro entre el presidente de la Diputaci&#243;n de Le&#243;n, Juan Mart&#237;nez Majo, y los representantes de las organizaciones profesionales agrarias, para abordar los problemas del campo leon&#233;s debido a las inclemencias clim&#225;ticas.<\/h2>\n<p style=\"text-align: center;\">\n<span style=\"color:#006400;\"><strong>Encuentro en Diputaci&#243;n<\/strong><\/span><\/p>\n<p style=\"text-align: justify;\">\nEl pr&#243;ximo lunes est&#225; previsto un encuentro entre el presidente de la Diputaci&#243;n de Le&#243;n, Juan Mart&#237;nez Majo, y los representantes de las organizaciones profesionales agrarias, para abordar los problemas del campo leon&#233;s debido a las inclemencias clim&#225;ticas. Tiene m&#225;s m&#233;rito que la reuni&#243;n se haya producido a instancias del propio presidente, lo que demuestra que no quiere vivir ajeno a la realidad de la provincia a la que se debe. Y llegado a este punto, es l&#243;gico pensar qu&#233; puede hacer el presidente de la Diputaci&#243;n para solventar la crisis econ&#243;mica que se va a vivir en la provincia por el desplome de los ingresos en las cuentas de los agricultores y ganaderos. De entrada, lo que puede hacer y har&#225; es empatizar con quienes tienen el problema, escucharles, ayudarles si est&#225; en sus competencias y posibilidades, y facilitar la interlocuci&#243;n con los gobiernos de la Junta y el Estado de su mismo signo pol&#237;tico. El encuentro va a servir para escenificar un problema que en principio puede resultar ajeno para una gran parte de la sociedad leonesa, va a servir para que los pol&#237;ticos, a distintos niveles, se enteren de lo que est&#225; pasando, que dudo que hasta ahora se hubieran enterado, y va a servir para que, cuando el campo pida ayuda, sean mayor&#237;a los que piensen que es merecida respecto a los que no van a entender que se destine m&#225;s dinero p&#250;blico al campo y al medio rural. En esta entrevista en Diputaci&#243;n, adem&#225;s de poner de manifest&#243; los problemas sobrevenidos a los que se enfrenta el sector primario por motivo de la caprichosa meteorolog&#237;a, habr&#225; que hablar de las industrias agroalimentarias que se van a quedar sin suministro, que no podr&#225;n atender sus compromisos comerciales, y que quiz&#225;s tampoco cubran costes en el a&#241;o 2017. Y habr&#225; que preguntarse, todos, qu&#233; se est&#225; haciendo mal para que el sistema de seguros agrarios, que impuls&#243; Su&#225;rez en los Pactos de la Moncloa, no resulte atractivo para m&#225;s de la mitad de los agricultores y ganaderos de la provincia. Porque, ante problemas como estos, la &#250;nica soluci&#243;n es contar con seguros eficaces.<\/p>\n<p style=\"text-align: justify;\">\nArt&#237;culo de opini&#243;n de Jos&#233; Antonio Turrado publicado en La Nueva Cr&#243;nica del viernes 5 de mayo de 2017.<\/p>\n","protected":false},"excerpt":{"rendered":"<p>El pr&#243;ximo lunes est&#225; previsto un encuentro entre el presidente de la Diputaci&#243;n de Le&#243;n, Juan Mart&#237;nez Majo, y los representantes de las organizaciones profesionales agrarias, para abordar los problemas del campo leon&#233;s debido a las inclemencias clim&#225;ticas.<\/p>\n","protected":false},"author":3,"featured_media":8174,"comment_status":"open","ping_status":"open","sticky":false,"template":"","format":"standard","meta":{"footnotes":""},"categories":[4,11],"tags":[],"yoast_head":"<!-- This site is optimized with the Yoast SEO plugin v24.5 - https:\/\/yoast.com\/wordpress\/plugins\/seo\/ -->\n<title>Encuentro en Diputaci&#243;n - ASAJA Le\u00f3n<\/title>\n<meta name=\"description\" content=\"El pr&#243;ximo lunes est&#225; previsto un encuentro entre el presidente de la Diputaci&#243;n de Le&#243;n, Juan Mart&#237;nez Majo, y los representantes de las organizaciones profesionales agrarias, para abordar los problemas del campo leon&#233;s debido a las inclemencias clim&#225;ticas.\" \/>\n<meta name=\"robots\" content=\"index, follow, max-snippet:-1, max-image-preview:large, max-video-preview:-1\" \/>\n<link rel=\"canonical\" href=\"https:\/\/www.asajacyl.com\/leon\/asaja-leon-informa\/encuentro-en-diputacin\" \/>\n<meta property=\"og:locale\" content=\"es_ES\" \/>\n<meta property=\"og:type\" content=\"article\" \/>\n<meta property=\"og:title\" content=\"Encuentro en Diputaci&#243;n - ASAJA Le\u00f3n\" \/>\n<meta property=\"og:description\" content=\"El pr&#243;ximo lunes est&#225; previsto un encuentro entre el presidente de la Diputaci&#243;n de Le&#243;n, Juan Mart&#237;nez Majo, y los representantes de las organizaciones profesionales agrarias, para abordar los problemas del campo leon&#233;s debido a las inclemencias clim&#225;ticas.\" \/>\n<meta property=\"og:url\" content=\"https:\/\/www.asajacyl.com\/leon\/asaja-leon-informa\/encuentro-en-diputacin\" \/>\n<meta property=\"og:site_name\" content=\"ASAJA Le\u00f3n\" \/>\n<meta property=\"article:published_time\" content=\"2017-05-04T22:00:00+00:00\" \/>\n<meta property=\"article:modified_time\" content=\"2017-11-15T08:58:33+00:00\" \/>\n<meta property=\"og:image\" content=\"https:\/\/www.asajacyl.com\/leon\/wp-content\/uploads\/sites\/6\/2017\/11\/im_predefinida_1920x1080.jpg\" \/>\n\t<meta property=\"og:image:width\" content=\"1920\" \/>\n\t<meta property=\"og:image:height\" content=\"1080\" \/>\n\t<meta property=\"og:image:type\" content=\"image\/jpeg\" \/>\n<meta name=\"author\" content=\"Editor\" \/>\n<meta name=\"twitter:card\" content=\"summary_large_image\" \/>\n<meta name=\"twitter:label1\" content=\"Escrito por\" \/>\n\t<meta name=\"twitter:data1\" content=\"Editor\" \/>\n\t<meta name=\"twitter:label2\" content=\"Tiempo de lectura\" \/>\n\t<meta name=\"twitter:data2\" content=\"2 minutos\" \/>\n<script type=\"application\/ld+json\" class=\"yoast-schema-graph\">{\"@context\":\"https:\/\/schema.org\",\"@graph\":[{\"@type\":\"WebPage\",\"@id\":\"https:\/\/www.asajacyl.com\/leon\/asaja-leon-informa\/encuentro-en-diputacin\",\"url\":\"https:\/\/www.asajacyl.com\/leon\/asaja-leon-informa\/encuentro-en-diputacin\",\"name\":\"Encuentro en Diputaci&#243;n - ASAJA Le\u00f3n\",\"isPartOf\":{\"@id\":\"https:\/\/www.asajacyl.com\/leon\/#website\"},\"primaryImageOfPage\":{\"@id\":\"https:\/\/www.asajacyl.com\/leon\/asaja-leon-informa\/encuentro-en-diputacin#primaryimage\"},\"image\":{\"@id\":\"https:\/\/www.asajacyl.com\/leon\/asaja-leon-informa\/encuentro-en-diputacin#primaryimage\"},\"thumbnailUrl\":\"https:\/\/www.asajacyl.com\/leon\/wp-content\/uploads\/sites\/6\/2017\/11\/im_predefinida_1920x1080.jpg\",\"datePublished\":\"2017-05-04T22:00:00+00:00\",\"dateModified\":\"2017-11-15T08:58:33+00:00\",\"author\":{\"@id\":\"https:\/\/www.asajacyl.com\/leon\/#\/schema\/person\/7e884476cee132331142e8ac9689f20c\"},\"description\":\"El pr&#243;ximo lunes est&#225; previsto un encuentro entre el presidente de la Diputaci&#243;n de Le&#243;n, Juan Mart&#237;nez Majo, y los representantes de las organizaciones profesionales agrarias, para abordar los problemas del campo leon&#233;s debido a las inclemencias clim&#225;ticas.\",\"breadcrumb\":{\"@id\":\"https:\/\/www.asajacyl.com\/leon\/asaja-leon-informa\/encuentro-en-diputacin#breadcrumb\"},\"inLanguage\":\"es\",\"potentialAction\":[{\"@type\":\"ReadAction\",\"target\":[\"https:\/\/www.asajacyl.com\/leon\/asaja-leon-informa\/encuentro-en-diputacin\"]}]},{\"@type\":\"ImageObject\",\"inLanguage\":\"es\",\"@id\":\"https:\/\/www.asajacyl.com\/leon\/asaja-leon-informa\/encuentro-en-diputacin#primaryimage\",\"url\":\"https:\/\/www.asajacyl.com\/leon\/wp-content\/uploads\/sites\/6\/2017\/11\/im_predefinida_1920x1080.jpg\",\"contentUrl\":\"https:\/\/www.asajacyl.com\/leon\/wp-content\/uploads\/sites\/6\/2017\/11\/im_predefinida_1920x1080.jpg\",\"width\":1920,\"height\":1080,\"caption\":\"Logotipo ASAJA Le\u00f3n\"},{\"@type\":\"BreadcrumbList\",\"@id\":\"https:\/\/www.asajacyl.com\/leon\/asaja-leon-informa\/encuentro-en-diputacin#breadcrumb\",\"itemListElement\":[{\"@type\":\"ListItem\",\"position\":1,\"name\":\"Portada\",\"item\":\"https:\/\/www.asajacyl.com\/leon\/\"},{\"@type\":\"ListItem\",\"position\":2,\"name\":\"Encuentro en Diputaci&#243;n\"}]},{\"@type\":\"WebSite\",\"@id\":\"https:\/\/www.asajacyl.com\/leon\/#website\",\"url\":\"https:\/\/www.asajacyl.com\/leon\/\",\"name\":\"ASAJA Le\u00f3n\",\"description\":\"Otro sitio m\u00e1s de Provincias ASAJA Castilla y Le\u00f3n\",\"potentialAction\":[{\"@type\":\"SearchAction\",\"target\":{\"@type\":\"EntryPoint\",\"urlTemplate\":\"https:\/\/www.asajacyl.com\/leon\/?s={search_term_string}\"},\"query-input\":{\"@type\":\"PropertyValueSpecification\",\"valueRequired\":true,\"valueName\":\"search_term_string\"}}],\"inLanguage\":\"es\"},{\"@type\":\"Person\",\"@id\":\"https:\/\/www.asajacyl.com\/leon\/#\/schema\/person\/7e884476cee132331142e8ac9689f20c\",\"name\":\"Editor\",\"image\":{\"@type\":\"ImageObject\",\"inLanguage\":\"es\",\"@id\":\"https:\/\/www.asajacyl.com\/leon\/#\/schema\/person\/image\/\",\"url\":\"https:\/\/secure.gravatar.com\/avatar\/a2ef43c165669686cfcfb0e1ffa59869?s=96&d=mm&r=g\",\"contentUrl\":\"https:\/\/secure.gravatar.com\/avatar\/a2ef43c165669686cfcfb0e1ffa59869?s=96&d=mm&r=g\",\"caption\":\"Editor\"},\"url\":\"https:\/\/www.asajacyl.com\/leon\/author\/oscargg\"}]}<\/script>\n<!-- \/ Yoast SEO plugin. -->","yoast_head_json":{"title":"Encuentro en Diputaci&#243;n - ASAJA Le\u00f3n","description":"El pr&#243;ximo lunes est&#225; previsto un encuentro entre el presidente de la Diputaci&#243;n de Le&#243;n, Juan Mart&#237;nez Majo, y los representantes de las organizaciones profesionales agrarias, para abordar los problemas del campo leon&#233;s debido a las inclemencias clim&#225;ticas.","robots":{"index":"index","follow":"follow","max-snippet":"max-snippet:-1","max-image-preview":"max-image-preview:large","max-video-preview":"max-video-preview:-1"},"canonical":"https:\/\/www.asajacyl.com\/leon\/asaja-leon-informa\/encuentro-en-diputacin","og_locale":"es_ES","og_type":"article","og_title":"Encuentro en Diputaci&#243;n - ASAJA Le\u00f3n","og_description":"El pr&#243;ximo lunes est&#225; previsto un encuentro entre el presidente de la Diputaci&#243;n de Le&#243;n, Juan Mart&#237;nez Majo, y los representantes de las organizaciones profesionales agrarias, para abordar los problemas del campo leon&#233;s debido a las inclemencias clim&#225;ticas.","og_url":"https:\/\/www.asajacyl.com\/leon\/asaja-leon-informa\/encuentro-en-diputacin","og_site_name":"ASAJA Le\u00f3n","article_published_time":"2017-05-04T22:00:00+00:00","article_modified_time":"2017-11-15T08:58:33+00:00","og_image":[{"width":1920,"height":1080,"url":"https:\/\/www.asajacyl.com\/leon\/wp-content\/uploads\/sites\/6\/2017\/11\/im_predefinida_1920x1080.jpg","type":"image\/jpeg"}],"author":"Editor","twitter_card":"summary_large_image","twitter_misc":{"Escrito por":"Editor","Tiempo de lectura":"2 minutos"},"schema":{"@context":"https:\/\/schema.org","@graph":[{"@type":"WebPage","@id":"https:\/\/www.asajacyl.com\/leon\/asaja-leon-informa\/encuentro-en-diputacin","url":"https:\/\/www.asajacyl.com\/leon\/asaja-leon-informa\/encuentro-en-diputacin","name":"Encuentro en Diputaci&#243;n - ASAJA Le\u00f3n","isPartOf":{"@id":"https:\/\/www.asajacyl.com\/leon\/#website"},"primaryImageOfPage":{"@id":"https:\/\/www.asajacyl.com\/leon\/asaja-leon-informa\/encuentro-en-diputacin#primaryimage"},"image":{"@id":"https:\/\/www.asajacyl.com\/leon\/asaja-leon-informa\/encuentro-en-diputacin#primaryimage"},"thumbnailUrl":"https:\/\/www.asajacyl.com\/leon\/wp-content\/uploads\/sites\/6\/2017\/11\/im_predefinida_1920x1080.jpg","datePublished":"2017-05-04T22:00:00+00:00","dateModified":"2017-11-15T08:58:33+00:00","author":{"@id":"https:\/\/www.asajacyl.com\/leon\/#\/schema\/person\/7e884476cee132331142e8ac9689f20c"},"description":"El pr&#243;ximo lunes est&#225; previsto un encuentro entre el presidente de la Diputaci&#243;n de Le&#243;n, Juan Mart&#237;nez Majo, y los representantes de las organizaciones profesionales agrarias, para abordar los problemas del campo leon&#233;s debido a las inclemencias clim&#225;ticas.","breadcrumb":{"@id":"https:\/\/www.asajacyl.com\/leon\/asaja-leon-informa\/encuentro-en-diputacin#breadcrumb"},"inLanguage":"es","potentialAction":[{"@type":"ReadAction","target":["https:\/\/www.asajacyl.com\/leon\/asaja-leon-informa\/encuentro-en-diputacin"]}]},{"@type":"ImageObject","inLanguage":"es","@id":"https:\/\/www.asajacyl.com\/leon\/asaja-leon-informa\/encuentro-en-diputacin#primaryimage","url":"https:\/\/www.asajacyl.com\/leon\/wp-content\/uploads\/sites\/6\/2017\/11\/im_predefinida_1920x1080.jpg","contentUrl":"https:\/\/www.asajacyl.com\/leon\/wp-content\/uploads\/sites\/6\/2017\/11\/im_predefinida_1920x1080.jpg","width":1920,"height":1080,"caption":"Logotipo ASAJA Le\u00f3n"},{"@type":"BreadcrumbList","@id":"https:\/\/www.asajacyl.com\/leon\/asaja-leon-informa\/encuentro-en-diputacin#breadcrumb","itemListElement":[{"@type":"ListItem","position":1,"name":"Portada","item":"https:\/\/www.asajacyl.com\/leon\/"},{"@type":"ListItem","position":2,"name":"Encuentro en Diputaci&#243;n"}]},{"@type":"WebSite","@id":"https:\/\/www.asajacyl.com\/leon\/#website","url":"https:\/\/www.asajacyl.com\/leon\/","name":"ASAJA Le\u00f3n","description":"Otro sitio m\u00e1s de Provincias ASAJA Castilla y Le\u00f3n","potentialAction":[{"@type":"SearchAction","target":{"@type":"EntryPoint","urlTemplate":"https:\/\/www.asajacyl.com\/leon\/?s={search_term_string}"},"query-input":{"@type":"PropertyValueSpecification","valueRequired":true,"valueName":"search_term_string"}}],"inLanguage":"es"},{"@type":"Person","@id":"https:\/\/www.asajacyl.com\/leon\/#\/schema\/person\/7e884476cee132331142e8ac9689f20c","name":"Editor","image":{"@type":"ImageObject","inLanguage":"es","@id":"https:\/\/www.asajacyl.com\/leon\/#\/schema\/person\/image\/","url":"https:\/\/secure.gravatar.com\/avatar\/a2ef43c165669686cfcfb0e1ffa59869?s=96&d=mm&r=g","contentUrl":"https:\/\/secure.gravatar.com\/avatar\/a2ef43c165669686cfcfb0e1ffa59869?s=96&d=mm&r=g","caption":"Editor"},"url":"https:\/\/www.asajacyl.com\/leon\/author\/oscargg"}]}},"_links":{"self":[{"href":"https:\/\/www.asajacyl.com\/leon\/wp-json\/wp\/v2\/posts\/601"}],"collection":[{"href":"https:\/\/www.asajacyl.com\/leon\/wp-json\/wp\/v2\/posts"}],"about":[{"href":"https:\/\/www.asajacyl.com\/leon\/wp-json\/wp\/v2\/types\/post"}],"author":[{"embeddable":true,"href":"https:\/\/www.asajacyl.com\/leon\/wp-json\/wp\/v2\/users\/3"}],"replies":[{"embeddable":true,"href":"https:\/\/www.asajacyl.com\/leon\/wp-json\/wp\/v2\/comments?post=601"}],"version-history":[{"count":1,"href":"https:\/\/www.asajacyl.com\/leon\/wp-json\/wp\/v2\/posts\/601\/revisions"}],"predecessor-version":[{"id":966,"href":"https:\/\/www.asajacyl.com\/leon\/wp-json\/wp\/v2\/posts\/601\/revisions\/966"}],"wp:featuredmedia":[{"embeddable":true,"href":"https:\/\/www.asajacyl.com\/leon\/wp-json\/wp\/v2\/media\/8174"}],"wp:attachment":[{"href":"https:\/\/www.asajacyl.com\/leon\/wp-json\/wp\/v2\/media?parent=601"}],"wp:term":[{"taxonomy":"category","embeddable":true,"href":"https:\/\/www.asajacyl.com\/leon\/wp-json\/wp\/v2\/categories?post=601"},{"taxonomy":"post_tag","embeddable":true,"href":"https:\/\/www.asajacyl.com\/leon\/wp-json\/wp\/v2\/tags?post=601"}],"curies":[{"name":"wp","href":"https:\/\/api.w.org\/{rel}","templated":true}]}}