{"id":6520,"date":"2017-11-14T00:00:00","date_gmt":"2017-11-13T23:00:00","guid":{"rendered":"https:\/\/www.asajacyl.com\/leon\/sin-categoria\/asaja-insta-a-la-junta-a-que-determine-las-prdidas-en-la-agricultura-para-que-se-aplique-la-exencin-de-la-tarifa-de-riego-y-del-canon-de-regulacin"},"modified":"2017-11-20T12:09:09","modified_gmt":"2017-11-20T11:09:09","slug":"asaja-insta-a-la-junta-a-que-determine-las-prdidas-en-la-agricultura-para-que-se-aplique-la-exencin-de-la-tarifa-de-riego-y-del-canon-de-regulacin","status":"publish","type":"post","link":"https:\/\/www.asajacyl.com\/leon\/asaja-leon-informa\/asaja-insta-a-la-junta-a-que-determine-las-prdidas-en-la-agricultura-para-que-se-aplique-la-exencin-de-la-tarifa-de-riego-y-del-canon-de-regulacin","title":{"rendered":"ASAJA insta a la Junta a que determine las p\u00e9rdidas en la agricultura, para que se aplique la exenci\u00f3n de la tarifa de riego y del canon de regulaci\u00f3n"},"content":{"rendered":"<h2 style=\"text-align: center;\">ASAJA de Le\u00f3n insta a la Junta de Castilla y Le\u00f3n a que se pronuncie de forma formal y definitiva sobre el porcentaje de da\u00f1os que sufri\u00f3 la agricultura de regad\u00edo en la provincia de Le\u00f3n en la campa\u00f1a 2017 que est\u00e1 finalizando<\/h2>\n<p style=\"text-align: justify;\">\nASAJA de Le&#243;n insta a la Junta de Castilla y Le&#243;n a que se pronuncie de forma formal y definitiva sobre el porcentaje de da&#241;os que sufri&#243; la agricultura de regad&#237;o en la provincia de Le&#243;n en la campa&#241;a 2017 que est&#225; finalizando. Ese pronunciamiento es imprescindible para que la Confederaci&#243;n Hidrogr&#225;fica del Duero aplique la exenci&#243;n en el pago de la tarifa de utilizaci&#243;n del agua y el canon de regulaci&#243;n, como establece el art&#237;culo 2 del Real Decreto Ley 10\/2017, de nueve de junio, por el que se adoptan medidas urgentes para paliar los efectos producidos por la sequ&#237;a. Esta medida entraba en vigor si la dotaci&#243;n de agua era inferior al cincuenta por ciento de la normal &#8211; circunstancia que en las zonas regables de la provincia de Le&#243;n no se produjo-, o bien si las p&#233;rdidas de producci&#243;n brutas en los cultivos superaban el 20 por ciento en zonas desfavorecidas o el 30 por ciento en el resto de las zonas.<\/p>\n<p style=\"text-align: justify;\">\nHa de ser la consejer&#237;a de Agricultura de la Junta de Castilla y Le&#243;n la que emita el preceptivo informe sobre el porcentaje de p&#233;rdidas ocasionadas en la agricultura de regad&#237;o de la provincia de Le&#243;n. Si el porcentaje es superior al 20 por ciento (toda la zona regable est&#225; catalogada como &#8220;zona desfavorecida&#8221;), se desencadena la aplicaci&#243;n del art&#237;culo 2 del Real Decreto- Ley y por lo tanto se exonera a los regantes y propietarios de tierra de pagar la tarifa de riego y el canon de regulaci&#243;n. Estos importes ya se publicaron en el Bolet&#237;n Oficial de la Provincia de Le&#243;n.<\/p>\n<p style=\"text-align: justify;\">\nRecordar que tanto la ministra de Agricultura, Isabel Garc&#237;a Tejerina, como la consejera de Agricultura y Ganader&#237;a, Milagros Marcos, llevan anunciando desde la pasada primavera &#233;sta y otras medidas para compensar a los agricultores por los da&#241;os de la sequ&#237;a, aunque desde la publicaci&#243;n del Real Decreto-Ley no se ha conocido ninguna gesti&#243;n de ambas administraciones para su puesta en marcha efectiva.<\/p>\n<p style=\"text-align: justify;\">\n<u>Revisi&#243;n de los m&#243;dulos fiscales<\/u><\/p>\n<p style=\"text-align: justify;\">\nASAJA pide a su vez a la consejer&#237;a de Agricultura que emita el informe sobre da&#241;os en los distintos cultivos por la sequ&#237;a y heladas, para trasladarlo al ministerio de Agricultura y al ministerio de Hacienda, con el fin de revisar a la baja los m&#243;dulos fiscales que se aplican al sector agroganadero. Para esto, ASAJA solicita que se elabore un informe por parte del Servicio Territorial de Agricultura y Ganader&#237;a y que se presente posteriormente en el Consejo Agrario Provincial.<\/p>\n<p style=\"text-align: justify;\">\nEl ministerio de Hacienda ya ha sometido a informaci&#243;n p&#250;blica el proyecto de orden que desarrolla para el a&#241;o 2018 el m&#233;todo de estimaci&#243;n objetiva del impuesto sobre la renta de las personas f&#237;sicas y el r&#233;gimen especial simplificado del impuesto sobre el valor a&#241;adido (IVA). No obstante, si bien es ahora el momento de proponer las reducciones que se estimen justas, en la pr&#225;ctica Hacienda suele publicar en abril o mayo las reducciones debidas a circunstancias clim&#225;ticas o de mercado en una orden espec&#237;fica.<\/p>\n<p style=\"text-align: justify;\">\nLe&#243;n, 14 de noviembre de 2017<\/p>\n","protected":false},"excerpt":{"rendered":"<p>ASAJA de Le&#243;n insta a la Junta de Castilla y Le&#243;n a que se pronuncie de forma formal y definitiva sobre el porcentaje de da&#241;os que sufri&#243; la agricultura de regad&#237;o en la provincia de Le&#243;n en la campa&#241;a 2017 que est&#225; finalizando<\/p>\n","protected":false},"author":3,"featured_media":6548,"comment_status":"open","ping_status":"open","sticky":false,"template":"","format":"standard","meta":{"footnotes":""},"categories":[4,9],"tags":[],"yoast_head":"<!-- This site is optimized with the Yoast SEO plugin v24.5 - https:\/\/yoast.com\/wordpress\/plugins\/seo\/ -->\n<title>ASAJA insta a la Junta a que determine las p\u00e9rdidas en la agricultura, para que se aplique la exenci\u00f3n de la tarifa de riego y del canon de regulaci\u00f3n - ASAJA Le\u00f3n<\/title>\n<meta name=\"description\" content=\"ASAJA de Le&#243;n insta a la Junta de Castilla y Le&#243;n a que se pronuncie de forma formal y definitiva sobre el porcentaje de da&#241;os que sufri&#243; la agricultura de regad&#237;o en la provincia de Le&#243;n en la campa&#241;a 2017 que est&#225; finalizando\" \/>\n<meta name=\"robots\" content=\"index, follow, max-snippet:-1, max-image-preview:large, max-video-preview:-1\" \/>\n<link rel=\"canonical\" href=\"https:\/\/www.asajacyl.com\/leon\/asaja-leon-informa\/asaja-insta-a-la-junta-a-que-determine-las-prdidas-en-la-agricultura-para-que-se-aplique-la-exencin-de-la-tarifa-de-riego-y-del-canon-de-regulacin\" \/>\n<meta property=\"og:locale\" content=\"es_ES\" \/>\n<meta property=\"og:type\" content=\"article\" \/>\n<meta property=\"og:title\" content=\"ASAJA insta a la Junta a que determine las p\u00e9rdidas en la agricultura, para que se aplique la exenci\u00f3n de la tarifa de riego y del canon de regulaci\u00f3n - ASAJA Le\u00f3n\" \/>\n<meta property=\"og:description\" content=\"ASAJA de Le&#243;n insta a la Junta de Castilla y Le&#243;n a que se pronuncie de forma formal y definitiva sobre el porcentaje de da&#241;os que sufri&#243; la agricultura de regad&#237;o en la provincia de Le&#243;n en la campa&#241;a 2017 que est&#225; finalizando\" \/>\n<meta property=\"og:url\" content=\"https:\/\/www.asajacyl.com\/leon\/asaja-leon-informa\/asaja-insta-a-la-junta-a-que-determine-las-prdidas-en-la-agricultura-para-que-se-aplique-la-exencin-de-la-tarifa-de-riego-y-del-canon-de-regulacin\" \/>\n<meta property=\"og:site_name\" content=\"ASAJA Le\u00f3n\" \/>\n<meta property=\"article:published_time\" content=\"2017-11-13T23:00:00+00:00\" \/>\n<meta property=\"article:modified_time\" content=\"2017-11-20T11:09:09+00:00\" \/>\n<meta property=\"og:image\" content=\"https:\/\/www.asajacyl.com\/leon\/wp-content\/uploads\/sites\/6\/2017\/11\/finca_centeno_siniestro_total_granizo.jpg\" \/>\n\t<meta property=\"og:image:width\" content=\"640\" \/>\n\t<meta property=\"og:image:height\" content=\"482\" \/>\n\t<meta property=\"og:image:type\" content=\"image\/jpeg\" \/>\n<meta name=\"author\" content=\"Editor\" \/>\n<meta name=\"twitter:card\" content=\"summary_large_image\" \/>\n<meta name=\"twitter:label1\" content=\"Escrito por\" \/>\n\t<meta name=\"twitter:data1\" content=\"Editor\" \/>\n\t<meta name=\"twitter:label2\" content=\"Tiempo de lectura\" \/>\n\t<meta name=\"twitter:data2\" content=\"3 minutos\" \/>\n<script type=\"application\/ld+json\" class=\"yoast-schema-graph\">{\"@context\":\"https:\/\/schema.org\",\"@graph\":[{\"@type\":\"WebPage\",\"@id\":\"https:\/\/www.asajacyl.com\/leon\/asaja-leon-informa\/asaja-insta-a-la-junta-a-que-determine-las-prdidas-en-la-agricultura-para-que-se-aplique-la-exencin-de-la-tarifa-de-riego-y-del-canon-de-regulacin\",\"url\":\"https:\/\/www.asajacyl.com\/leon\/asaja-leon-informa\/asaja-insta-a-la-junta-a-que-determine-las-prdidas-en-la-agricultura-para-que-se-aplique-la-exencin-de-la-tarifa-de-riego-y-del-canon-de-regulacin\",\"name\":\"ASAJA insta a la Junta a que determine las p\u00e9rdidas en la agricultura, para que se aplique la exenci\u00f3n de la tarifa de riego y del canon de regulaci\u00f3n - ASAJA Le\u00f3n\",\"isPartOf\":{\"@id\":\"https:\/\/www.asajacyl.com\/leon\/#website\"},\"primaryImageOfPage\":{\"@id\":\"https:\/\/www.asajacyl.com\/leon\/asaja-leon-informa\/asaja-insta-a-la-junta-a-que-determine-las-prdidas-en-la-agricultura-para-que-se-aplique-la-exencin-de-la-tarifa-de-riego-y-del-canon-de-regulacin#primaryimage\"},\"image\":{\"@id\":\"https:\/\/www.asajacyl.com\/leon\/asaja-leon-informa\/asaja-insta-a-la-junta-a-que-determine-las-prdidas-en-la-agricultura-para-que-se-aplique-la-exencin-de-la-tarifa-de-riego-y-del-canon-de-regulacin#primaryimage\"},\"thumbnailUrl\":\"https:\/\/www.asajacyl.com\/leon\/wp-content\/uploads\/sites\/6\/2017\/11\/finca_centeno_siniestro_total_granizo.jpg\",\"datePublished\":\"2017-11-13T23:00:00+00:00\",\"dateModified\":\"2017-11-20T11:09:09+00:00\",\"author\":{\"@id\":\"https:\/\/www.asajacyl.com\/leon\/#\/schema\/person\/7e884476cee132331142e8ac9689f20c\"},\"description\":\"ASAJA de Le&#243;n insta a la Junta de Castilla y Le&#243;n a que se pronuncie de forma formal y definitiva sobre el porcentaje de da&#241;os que sufri&#243; la agricultura de regad&#237;o en la provincia de Le&#243;n en la campa&#241;a 2017 que est&#225; finalizando\",\"breadcrumb\":{\"@id\":\"https:\/\/www.asajacyl.com\/leon\/asaja-leon-informa\/asaja-insta-a-la-junta-a-que-determine-las-prdidas-en-la-agricultura-para-que-se-aplique-la-exencin-de-la-tarifa-de-riego-y-del-canon-de-regulacin#breadcrumb\"},\"inLanguage\":\"es\",\"potentialAction\":[{\"@type\":\"ReadAction\",\"target\":[\"https:\/\/www.asajacyl.com\/leon\/asaja-leon-informa\/asaja-insta-a-la-junta-a-que-determine-las-prdidas-en-la-agricultura-para-que-se-aplique-la-exencin-de-la-tarifa-de-riego-y-del-canon-de-regulacin\"]}]},{\"@type\":\"ImageObject\",\"inLanguage\":\"es\",\"@id\":\"https:\/\/www.asajacyl.com\/leon\/asaja-leon-informa\/asaja-insta-a-la-junta-a-que-determine-las-prdidas-en-la-agricultura-para-que-se-aplique-la-exencin-de-la-tarifa-de-riego-y-del-canon-de-regulacin#primaryimage\",\"url\":\"https:\/\/www.asajacyl.com\/leon\/wp-content\/uploads\/sites\/6\/2017\/11\/finca_centeno_siniestro_total_granizo.jpg\",\"contentUrl\":\"https:\/\/www.asajacyl.com\/leon\/wp-content\/uploads\/sites\/6\/2017\/11\/finca_centeno_siniestro_total_granizo.jpg\",\"width\":640,\"height\":482},{\"@type\":\"BreadcrumbList\",\"@id\":\"https:\/\/www.asajacyl.com\/leon\/asaja-leon-informa\/asaja-insta-a-la-junta-a-que-determine-las-prdidas-en-la-agricultura-para-que-se-aplique-la-exencin-de-la-tarifa-de-riego-y-del-canon-de-regulacin#breadcrumb\",\"itemListElement\":[{\"@type\":\"ListItem\",\"position\":1,\"name\":\"Portada\",\"item\":\"https:\/\/www.asajacyl.com\/leon\/\"},{\"@type\":\"ListItem\",\"position\":2,\"name\":\"ASAJA insta a la Junta a que determine las p\u00e9rdidas en la agricultura, para que se aplique la exenci\u00f3n de la tarifa de riego y del canon de regulaci\u00f3n\"}]},{\"@type\":\"WebSite\",\"@id\":\"https:\/\/www.asajacyl.com\/leon\/#website\",\"url\":\"https:\/\/www.asajacyl.com\/leon\/\",\"name\":\"ASAJA Le\u00f3n\",\"description\":\"Otro sitio m\u00e1s de Provincias ASAJA Castilla y Le\u00f3n\",\"potentialAction\":[{\"@type\":\"SearchAction\",\"target\":{\"@type\":\"EntryPoint\",\"urlTemplate\":\"https:\/\/www.asajacyl.com\/leon\/?s={search_term_string}\"},\"query-input\":{\"@type\":\"PropertyValueSpecification\",\"valueRequired\":true,\"valueName\":\"search_term_string\"}}],\"inLanguage\":\"es\"},{\"@type\":\"Person\",\"@id\":\"https:\/\/www.asajacyl.com\/leon\/#\/schema\/person\/7e884476cee132331142e8ac9689f20c\",\"name\":\"Editor\",\"image\":{\"@type\":\"ImageObject\",\"inLanguage\":\"es\",\"@id\":\"https:\/\/www.asajacyl.com\/leon\/#\/schema\/person\/image\/\",\"url\":\"https:\/\/secure.gravatar.com\/avatar\/a2ef43c165669686cfcfb0e1ffa59869?s=96&d=mm&r=g\",\"contentUrl\":\"https:\/\/secure.gravatar.com\/avatar\/a2ef43c165669686cfcfb0e1ffa59869?s=96&d=mm&r=g\",\"caption\":\"Editor\"},\"url\":\"https:\/\/www.asajacyl.com\/leon\/author\/oscargg\"}]}<\/script>\n<!-- \/ Yoast SEO plugin. -->","yoast_head_json":{"title":"ASAJA insta a la Junta a que determine las p\u00e9rdidas en la agricultura, para que se aplique la exenci\u00f3n de la tarifa de riego y del canon de regulaci\u00f3n - ASAJA Le\u00f3n","description":"ASAJA de Le&#243;n insta a la Junta de Castilla y Le&#243;n a que se pronuncie de forma formal y definitiva sobre el porcentaje de da&#241;os que sufri&#243; la agricultura de regad&#237;o en la provincia de Le&#243;n en la campa&#241;a 2017 que est&#225; finalizando","robots":{"index":"index","follow":"follow","max-snippet":"max-snippet:-1","max-image-preview":"max-image-preview:large","max-video-preview":"max-video-preview:-1"},"canonical":"https:\/\/www.asajacyl.com\/leon\/asaja-leon-informa\/asaja-insta-a-la-junta-a-que-determine-las-prdidas-en-la-agricultura-para-que-se-aplique-la-exencin-de-la-tarifa-de-riego-y-del-canon-de-regulacin","og_locale":"es_ES","og_type":"article","og_title":"ASAJA insta a la Junta a que determine las p\u00e9rdidas en la agricultura, para que se aplique la exenci\u00f3n de la tarifa de riego y del canon de regulaci\u00f3n - ASAJA Le\u00f3n","og_description":"ASAJA de Le&#243;n insta a la Junta de Castilla y Le&#243;n a que se pronuncie de forma formal y definitiva sobre el porcentaje de da&#241;os que sufri&#243; la agricultura de regad&#237;o en la provincia de Le&#243;n en la campa&#241;a 2017 que est&#225; finalizando","og_url":"https:\/\/www.asajacyl.com\/leon\/asaja-leon-informa\/asaja-insta-a-la-junta-a-que-determine-las-prdidas-en-la-agricultura-para-que-se-aplique-la-exencin-de-la-tarifa-de-riego-y-del-canon-de-regulacin","og_site_name":"ASAJA Le\u00f3n","article_published_time":"2017-11-13T23:00:00+00:00","article_modified_time":"2017-11-20T11:09:09+00:00","og_image":[{"width":640,"height":482,"url":"https:\/\/www.asajacyl.com\/leon\/wp-content\/uploads\/sites\/6\/2017\/11\/finca_centeno_siniestro_total_granizo.jpg","type":"image\/jpeg"}],"author":"Editor","twitter_card":"summary_large_image","twitter_misc":{"Escrito por":"Editor","Tiempo de lectura":"3 minutos"},"schema":{"@context":"https:\/\/schema.org","@graph":[{"@type":"WebPage","@id":"https:\/\/www.asajacyl.com\/leon\/asaja-leon-informa\/asaja-insta-a-la-junta-a-que-determine-las-prdidas-en-la-agricultura-para-que-se-aplique-la-exencin-de-la-tarifa-de-riego-y-del-canon-de-regulacin","url":"https:\/\/www.asajacyl.com\/leon\/asaja-leon-informa\/asaja-insta-a-la-junta-a-que-determine-las-prdidas-en-la-agricultura-para-que-se-aplique-la-exencin-de-la-tarifa-de-riego-y-del-canon-de-regulacin","name":"ASAJA insta a la Junta a que determine las p\u00e9rdidas en la agricultura, para que se aplique la exenci\u00f3n de la tarifa de riego y del canon de regulaci\u00f3n - ASAJA Le\u00f3n","isPartOf":{"@id":"https:\/\/www.asajacyl.com\/leon\/#website"},"primaryImageOfPage":{"@id":"https:\/\/www.asajacyl.com\/leon\/asaja-leon-informa\/asaja-insta-a-la-junta-a-que-determine-las-prdidas-en-la-agricultura-para-que-se-aplique-la-exencin-de-la-tarifa-de-riego-y-del-canon-de-regulacin#primaryimage"},"image":{"@id":"https:\/\/www.asajacyl.com\/leon\/asaja-leon-informa\/asaja-insta-a-la-junta-a-que-determine-las-prdidas-en-la-agricultura-para-que-se-aplique-la-exencin-de-la-tarifa-de-riego-y-del-canon-de-regulacin#primaryimage"},"thumbnailUrl":"https:\/\/www.asajacyl.com\/leon\/wp-content\/uploads\/sites\/6\/2017\/11\/finca_centeno_siniestro_total_granizo.jpg","datePublished":"2017-11-13T23:00:00+00:00","dateModified":"2017-11-20T11:09:09+00:00","author":{"@id":"https:\/\/www.asajacyl.com\/leon\/#\/schema\/person\/7e884476cee132331142e8ac9689f20c"},"description":"ASAJA de Le&#243;n insta a la Junta de Castilla y Le&#243;n a que se pronuncie de forma formal y definitiva sobre el porcentaje de da&#241;os que sufri&#243; la agricultura de regad&#237;o en la provincia de Le&#243;n en la campa&#241;a 2017 que est&#225; finalizando","breadcrumb":{"@id":"https:\/\/www.asajacyl.com\/leon\/asaja-leon-informa\/asaja-insta-a-la-junta-a-que-determine-las-prdidas-en-la-agricultura-para-que-se-aplique-la-exencin-de-la-tarifa-de-riego-y-del-canon-de-regulacin#breadcrumb"},"inLanguage":"es","potentialAction":[{"@type":"ReadAction","target":["https:\/\/www.asajacyl.com\/leon\/asaja-leon-informa\/asaja-insta-a-la-junta-a-que-determine-las-prdidas-en-la-agricultura-para-que-se-aplique-la-exencin-de-la-tarifa-de-riego-y-del-canon-de-regulacin"]}]},{"@type":"ImageObject","inLanguage":"es","@id":"https:\/\/www.asajacyl.com\/leon\/asaja-leon-informa\/asaja-insta-a-la-junta-a-que-determine-las-prdidas-en-la-agricultura-para-que-se-aplique-la-exencin-de-la-tarifa-de-riego-y-del-canon-de-regulacin#primaryimage","url":"https:\/\/www.asajacyl.com\/leon\/wp-content\/uploads\/sites\/6\/2017\/11\/finca_centeno_siniestro_total_granizo.jpg","contentUrl":"https:\/\/www.asajacyl.com\/leon\/wp-content\/uploads\/sites\/6\/2017\/11\/finca_centeno_siniestro_total_granizo.jpg","width":640,"height":482},{"@type":"BreadcrumbList","@id":"https:\/\/www.asajacyl.com\/leon\/asaja-leon-informa\/asaja-insta-a-la-junta-a-que-determine-las-prdidas-en-la-agricultura-para-que-se-aplique-la-exencin-de-la-tarifa-de-riego-y-del-canon-de-regulacin#breadcrumb","itemListElement":[{"@type":"ListItem","position":1,"name":"Portada","item":"https:\/\/www.asajacyl.com\/leon\/"},{"@type":"ListItem","position":2,"name":"ASAJA insta a la Junta a que determine las p\u00e9rdidas en la agricultura, para que se aplique la exenci\u00f3n de la tarifa de riego y del canon de regulaci\u00f3n"}]},{"@type":"WebSite","@id":"https:\/\/www.asajacyl.com\/leon\/#website","url":"https:\/\/www.asajacyl.com\/leon\/","name":"ASAJA Le\u00f3n","description":"Otro sitio m\u00e1s de Provincias ASAJA Castilla y Le\u00f3n","potentialAction":[{"@type":"SearchAction","target":{"@type":"EntryPoint","urlTemplate":"https:\/\/www.asajacyl.com\/leon\/?s={search_term_string}"},"query-input":{"@type":"PropertyValueSpecification","valueRequired":true,"valueName":"search_term_string"}}],"inLanguage":"es"},{"@type":"Person","@id":"https:\/\/www.asajacyl.com\/leon\/#\/schema\/person\/7e884476cee132331142e8ac9689f20c","name":"Editor","image":{"@type":"ImageObject","inLanguage":"es","@id":"https:\/\/www.asajacyl.com\/leon\/#\/schema\/person\/image\/","url":"https:\/\/secure.gravatar.com\/avatar\/a2ef43c165669686cfcfb0e1ffa59869?s=96&d=mm&r=g","contentUrl":"https:\/\/secure.gravatar.com\/avatar\/a2ef43c165669686cfcfb0e1ffa59869?s=96&d=mm&r=g","caption":"Editor"},"url":"https:\/\/www.asajacyl.com\/leon\/author\/oscargg"}]}},"_links":{"self":[{"href":"https:\/\/www.asajacyl.com\/leon\/wp-json\/wp\/v2\/posts\/6520"}],"collection":[{"href":"https:\/\/www.asajacyl.com\/leon\/wp-json\/wp\/v2\/posts"}],"about":[{"href":"https:\/\/www.asajacyl.com\/leon\/wp-json\/wp\/v2\/types\/post"}],"author":[{"embeddable":true,"href":"https:\/\/www.asajacyl.com\/leon\/wp-json\/wp\/v2\/users\/3"}],"replies":[{"embeddable":true,"href":"https:\/\/www.asajacyl.com\/leon\/wp-json\/wp\/v2\/comments?post=6520"}],"version-history":[{"count":6,"href":"https:\/\/www.asajacyl.com\/leon\/wp-json\/wp\/v2\/posts\/6520\/revisions"}],"predecessor-version":[{"id":8152,"href":"https:\/\/www.asajacyl.com\/leon\/wp-json\/wp\/v2\/posts\/6520\/revisions\/8152"}],"wp:featuredmedia":[{"embeddable":true,"href":"https:\/\/www.asajacyl.com\/leon\/wp-json\/wp\/v2\/media\/6548"}],"wp:attachment":[{"href":"https:\/\/www.asajacyl.com\/leon\/wp-json\/wp\/v2\/media?parent=6520"}],"wp:term":[{"taxonomy":"category","embeddable":true,"href":"https:\/\/www.asajacyl.com\/leon\/wp-json\/wp\/v2\/categories?post=6520"},{"taxonomy":"post_tag","embeddable":true,"href":"https:\/\/www.asajacyl.com\/leon\/wp-json\/wp\/v2\/tags?post=6520"}],"curies":[{"name":"wp","href":"https:\/\/api.w.org\/{rel}","templated":true}]}}