{"id":6681,"date":"2014-02-03T00:00:00","date_gmt":"2014-02-02T23:00:00","guid":{"rendered":"http:\/\/www.asajacyl.com\/leon\/sin-categoria\/asaja-de-len-no-logr-representacin-en-el-consejo-regulador-de-la-denominacin-de-origen-bierzo"},"modified":"2014-02-03T00:00:00","modified_gmt":"2014-02-02T23:00:00","slug":"asaja-de-len-no-logr-representacin-en-el-consejo-regulador-de-la-denominacin-de-origen-bierzo","status":"publish","type":"post","link":"https:\/\/www.asajacyl.com\/leon\/asaja-leon-informa\/asaja-de-len-no-logr-representacin-en-el-consejo-regulador-de-la-denominacin-de-origen-bierzo","title":{"rendered":"ASAJA DE LE&#211;N NO LOGR&#211; REPRESENTACI&#211;N EN EL CONSEJO REGULADOR DE LA DENOMINACI&#211;N DE ORIGEN BIERZO"},"content":{"rendered":"<h2><\/h2>\n<div align=\"center\">Nota informativa de car&#225;cter interno para los socios<\/div>\n<div align=\"center\">&#160;<\/div>\n<div align=\"center\">&#160;<\/div>\n<div align=\"center\"><b><font color=\"#003300\">ASAJA DE LE&#211;N NO LOGR&#211; REPRESENTACI&#211;N EN EL CONSEJO REGULADOR DE LA DENOMINACI&#211;N DE ORIGEN BIERZO<\/font><\/b><\/div>\n<div align=\"justify\">&#160;<\/div>\n<div align=\"justify\">&#183;&#160;&#160;&#160;&#160;&#160;&#160;&#160;&#160; Nuestra organizaci&#243;n no logr&#243; obtener representaci&#243;n en el Consejo Regulador de la Denominaci&#243;n de Origen Bierzo tras las elecciones celebradas&#160; el domingo 2 de febrero. Dichas elecciones las gan&#243; &#8220;Aut&#243;ctona&#8221;,&#160; una asociaci&#243;n de bodegueros que se presentaba tambi&#233;n en los estratos de productores, ya que la mayor&#237;a de sus socios son tambi&#233;n propietarios de vi&#241;as y como tales ten&#237;an voto. ASAJA felicita al ganador y le desea muchos &#233;xitos en la nueva etapa que ahora se inicia.<\/div>\n<div align=\"justify\">&#160;<\/div>\n<div align=\"justify\">&#183;&#160;&#160;&#160;&#160;&#160;&#160;&#160;&#160; ASAJA ha valorado muy positivamente la experiencia de haber participado en este proceso electoral, que oblig&#243; a otras candidaturas a presentar un programa &#8211;a remolque de ASAJA- y que sobre todo propici&#243; una mayor competencia y consecuencia de ello una mayor participaci&#243;n electoral que en comicios anteriores.<\/div>\n<div align=\"justify\">&#160;<\/div>\n<div align=\"justify\">&#183;&#160;&#160;&#160;&#160;&#160;&#160;&#160;&#160; ASAJA lamenta la escasa presencia de los viticultores profesionales e independientes en el nuevo Consejo, pues la mayor&#237;a de los 5 vocales que representan al sector productor, est&#225;n puestos por las cooperativas o por bodegas, por lo que la mayor&#237;a de los 10 vocales representan la parte industrial y no la agraria. Es decir, los bodegueros accedieron al Consejo en los estratos que le correspond&#237;a, y en el estrato de los productores. Situaci&#243;n an&#243;mala que no se produce en otros consejos reguladores.<\/div>\n<div align=\"justify\">&#160;<\/div>\n<div align=\"justify\">&#183;&#160;&#160;&#160;&#160;&#160;&#160;&#160;&#160; ASAJA, principal organizaci&#243;n agraria de la provincia y en la comarca del Bierzo, mantendr&#225; una postura de colaboraci&#243;n y cr&#237;tica constructiva en las decisiones que se tomen en el &#243;rgano regulador, en l&#237;nea con los postulados del programa con el que se present&#243; al proceso electoral. Muy particularmente seguir&#225;&#160; defendiendo la calidad y el precio de la uva.<\/div>\n<div align=\"justify\">&#160;<\/div>\n<div align=\"justify\">&#183;&#160;&#160;&#160;&#160;&#160;&#160;&#160;&#160; Dada la implantaci&#243;n e importancia del sector vitivin&#237;cola en la comarca, la organizaci&#243;n agraria crear&#225;, como una sectorial del sindicato, una asociaci&#243;n sin personalidad jur&#237;dica que agrupe a los viticultores, a los que representar&#225; ante las bodegas y las administraciones p&#250;blicas.<\/div>\n<div align=\"justify\">&#160;<\/div>\n<div align=\"justify\">Le&#243;n, 3 de febrero de 2013.<\/div>\n","protected":false},"excerpt":{"rendered":"<p>Nota informativa de car&#225;cter interno para los socios &#160; &#160; ASAJA DE LE&#211;N NO LOGR&#211; REPRESENTACI&#211;N EN EL CONSEJO REGULADOR DE LA DENOMINACI&#211;N DE ORIGEN BIERZO &#160; &#183;&#160;&#160;&#160;&#160;&#160;&#160;&#160;&#160; Nuestra organizaci&#243;n no logr&#243; obtener representaci&#243;n en el Consejo Regulador de la Denominaci&#243;n de Origen Bierzo tras las elecciones celebradas&#160; el domingo 2 de febrero. Dichas elecciones [&hellip;]<\/p>\n","protected":false},"author":3,"featured_media":8174,"comment_status":"open","ping_status":"open","sticky":false,"template":"","format":"standard","meta":{"footnotes":""},"categories":[4,9],"tags":[],"yoast_head":"<!-- This site is optimized with the Yoast SEO plugin v24.5 - https:\/\/yoast.com\/wordpress\/plugins\/seo\/ -->\n<title>ASAJA DE LE&#211;N NO LOGR&#211; REPRESENTACI&#211;N EN EL CONSEJO REGULADOR DE LA DENOMINACI&#211;N DE ORIGEN BIERZO - ASAJA Le\u00f3n<\/title>\n<meta name=\"description\" content=\"Nota informativa de car&#225;cter interno para los socios &#160; &#160; ASAJA DE LE&#211;N NO LOGR&#211; REPRESENTACI&#211;N EN EL CONSEJO REGULADOR DE LA\" \/>\n<meta name=\"robots\" content=\"index, follow, max-snippet:-1, max-image-preview:large, max-video-preview:-1\" \/>\n<link rel=\"canonical\" href=\"https:\/\/www.asajacyl.com\/leon\/asaja-leon-informa\/asaja-de-len-no-logr-representacin-en-el-consejo-regulador-de-la-denominacin-de-origen-bierzo\" \/>\n<meta property=\"og:locale\" content=\"es_ES\" \/>\n<meta property=\"og:type\" content=\"article\" \/>\n<meta property=\"og:title\" content=\"ASAJA DE LE&#211;N NO LOGR&#211; REPRESENTACI&#211;N EN EL CONSEJO REGULADOR DE LA DENOMINACI&#211;N DE ORIGEN BIERZO - ASAJA Le\u00f3n\" \/>\n<meta property=\"og:description\" content=\"Nota informativa de car&#225;cter interno para los socios &#160; &#160; ASAJA DE LE&#211;N NO LOGR&#211; REPRESENTACI&#211;N EN EL CONSEJO REGULADOR DE LA\" \/>\n<meta property=\"og:url\" content=\"https:\/\/www.asajacyl.com\/leon\/asaja-leon-informa\/asaja-de-len-no-logr-representacin-en-el-consejo-regulador-de-la-denominacin-de-origen-bierzo\" \/>\n<meta property=\"og:site_name\" content=\"ASAJA Le\u00f3n\" \/>\n<meta property=\"article:published_time\" content=\"2014-02-02T23:00:00+00:00\" \/>\n<meta property=\"og:image\" content=\"https:\/\/www.asajacyl.com\/leon\/wp-content\/uploads\/sites\/6\/2017\/11\/im_predefinida_1920x1080.jpg\" \/>\n\t<meta property=\"og:image:width\" content=\"1920\" \/>\n\t<meta property=\"og:image:height\" content=\"1080\" \/>\n\t<meta property=\"og:image:type\" content=\"image\/jpeg\" \/>\n<meta name=\"author\" content=\"Editor\" \/>\n<meta name=\"twitter:card\" content=\"summary_large_image\" \/>\n<meta name=\"twitter:label1\" content=\"Escrito por\" \/>\n\t<meta name=\"twitter:data1\" content=\"Editor\" \/>\n\t<meta name=\"twitter:label2\" content=\"Tiempo de lectura\" \/>\n\t<meta name=\"twitter:data2\" content=\"2 minutos\" \/>\n<script type=\"application\/ld+json\" class=\"yoast-schema-graph\">{\"@context\":\"https:\/\/schema.org\",\"@graph\":[{\"@type\":\"WebPage\",\"@id\":\"https:\/\/www.asajacyl.com\/leon\/asaja-leon-informa\/asaja-de-len-no-logr-representacin-en-el-consejo-regulador-de-la-denominacin-de-origen-bierzo\",\"url\":\"https:\/\/www.asajacyl.com\/leon\/asaja-leon-informa\/asaja-de-len-no-logr-representacin-en-el-consejo-regulador-de-la-denominacin-de-origen-bierzo\",\"name\":\"ASAJA DE LE&#211;N NO LOGR&#211; REPRESENTACI&#211;N EN EL CONSEJO REGULADOR DE LA DENOMINACI&#211;N DE ORIGEN BIERZO - ASAJA Le\u00f3n\",\"isPartOf\":{\"@id\":\"https:\/\/www.asajacyl.com\/leon\/#website\"},\"primaryImageOfPage\":{\"@id\":\"https:\/\/www.asajacyl.com\/leon\/asaja-leon-informa\/asaja-de-len-no-logr-representacin-en-el-consejo-regulador-de-la-denominacin-de-origen-bierzo#primaryimage\"},\"image\":{\"@id\":\"https:\/\/www.asajacyl.com\/leon\/asaja-leon-informa\/asaja-de-len-no-logr-representacin-en-el-consejo-regulador-de-la-denominacin-de-origen-bierzo#primaryimage\"},\"thumbnailUrl\":\"https:\/\/www.asajacyl.com\/leon\/wp-content\/uploads\/sites\/6\/2017\/11\/im_predefinida_1920x1080.jpg\",\"datePublished\":\"2014-02-02T23:00:00+00:00\",\"author\":{\"@id\":\"https:\/\/www.asajacyl.com\/leon\/#\/schema\/person\/7e884476cee132331142e8ac9689f20c\"},\"description\":\"Nota informativa de car&#225;cter interno para los socios &#160; &#160; ASAJA DE LE&#211;N NO LOGR&#211; REPRESENTACI&#211;N EN EL CONSEJO REGULADOR DE LA\",\"breadcrumb\":{\"@id\":\"https:\/\/www.asajacyl.com\/leon\/asaja-leon-informa\/asaja-de-len-no-logr-representacin-en-el-consejo-regulador-de-la-denominacin-de-origen-bierzo#breadcrumb\"},\"inLanguage\":\"es\",\"potentialAction\":[{\"@type\":\"ReadAction\",\"target\":[\"https:\/\/www.asajacyl.com\/leon\/asaja-leon-informa\/asaja-de-len-no-logr-representacin-en-el-consejo-regulador-de-la-denominacin-de-origen-bierzo\"]}]},{\"@type\":\"ImageObject\",\"inLanguage\":\"es\",\"@id\":\"https:\/\/www.asajacyl.com\/leon\/asaja-leon-informa\/asaja-de-len-no-logr-representacin-en-el-consejo-regulador-de-la-denominacin-de-origen-bierzo#primaryimage\",\"url\":\"https:\/\/www.asajacyl.com\/leon\/wp-content\/uploads\/sites\/6\/2017\/11\/im_predefinida_1920x1080.jpg\",\"contentUrl\":\"https:\/\/www.asajacyl.com\/leon\/wp-content\/uploads\/sites\/6\/2017\/11\/im_predefinida_1920x1080.jpg\",\"width\":1920,\"height\":1080,\"caption\":\"Logotipo ASAJA Le\u00f3n\"},{\"@type\":\"BreadcrumbList\",\"@id\":\"https:\/\/www.asajacyl.com\/leon\/asaja-leon-informa\/asaja-de-len-no-logr-representacin-en-el-consejo-regulador-de-la-denominacin-de-origen-bierzo#breadcrumb\",\"itemListElement\":[{\"@type\":\"ListItem\",\"position\":1,\"name\":\"Portada\",\"item\":\"https:\/\/www.asajacyl.com\/leon\/\"},{\"@type\":\"ListItem\",\"position\":2,\"name\":\"ASAJA DE LE&#211;N NO LOGR&#211; REPRESENTACI&#211;N EN EL CONSEJO REGULADOR DE LA DENOMINACI&#211;N DE ORIGEN BIERZO\"}]},{\"@type\":\"WebSite\",\"@id\":\"https:\/\/www.asajacyl.com\/leon\/#website\",\"url\":\"https:\/\/www.asajacyl.com\/leon\/\",\"name\":\"ASAJA Le\u00f3n\",\"description\":\"Otro sitio m\u00e1s de Provincias ASAJA Castilla y Le\u00f3n\",\"potentialAction\":[{\"@type\":\"SearchAction\",\"target\":{\"@type\":\"EntryPoint\",\"urlTemplate\":\"https:\/\/www.asajacyl.com\/leon\/?s={search_term_string}\"},\"query-input\":{\"@type\":\"PropertyValueSpecification\",\"valueRequired\":true,\"valueName\":\"search_term_string\"}}],\"inLanguage\":\"es\"},{\"@type\":\"Person\",\"@id\":\"https:\/\/www.asajacyl.com\/leon\/#\/schema\/person\/7e884476cee132331142e8ac9689f20c\",\"name\":\"Editor\",\"image\":{\"@type\":\"ImageObject\",\"inLanguage\":\"es\",\"@id\":\"https:\/\/www.asajacyl.com\/leon\/#\/schema\/person\/image\/\",\"url\":\"https:\/\/secure.gravatar.com\/avatar\/a2ef43c165669686cfcfb0e1ffa59869?s=96&d=mm&r=g\",\"contentUrl\":\"https:\/\/secure.gravatar.com\/avatar\/a2ef43c165669686cfcfb0e1ffa59869?s=96&d=mm&r=g\",\"caption\":\"Editor\"},\"url\":\"https:\/\/www.asajacyl.com\/leon\/author\/oscargg\"}]}<\/script>\n<!-- \/ Yoast SEO plugin. -->","yoast_head_json":{"title":"ASAJA DE LE&#211;N NO LOGR&#211; REPRESENTACI&#211;N EN EL CONSEJO REGULADOR DE LA DENOMINACI&#211;N DE ORIGEN BIERZO - ASAJA Le\u00f3n","description":"Nota informativa de car&#225;cter interno para los socios &#160; &#160; ASAJA DE LE&#211;N NO LOGR&#211; REPRESENTACI&#211;N EN EL CONSEJO REGULADOR DE LA","robots":{"index":"index","follow":"follow","max-snippet":"max-snippet:-1","max-image-preview":"max-image-preview:large","max-video-preview":"max-video-preview:-1"},"canonical":"https:\/\/www.asajacyl.com\/leon\/asaja-leon-informa\/asaja-de-len-no-logr-representacin-en-el-consejo-regulador-de-la-denominacin-de-origen-bierzo","og_locale":"es_ES","og_type":"article","og_title":"ASAJA DE LE&#211;N NO LOGR&#211; REPRESENTACI&#211;N EN EL CONSEJO REGULADOR DE LA DENOMINACI&#211;N DE ORIGEN BIERZO - ASAJA Le\u00f3n","og_description":"Nota informativa de car&#225;cter interno para los socios &#160; &#160; ASAJA DE LE&#211;N NO LOGR&#211; REPRESENTACI&#211;N EN EL CONSEJO REGULADOR DE LA","og_url":"https:\/\/www.asajacyl.com\/leon\/asaja-leon-informa\/asaja-de-len-no-logr-representacin-en-el-consejo-regulador-de-la-denominacin-de-origen-bierzo","og_site_name":"ASAJA Le\u00f3n","article_published_time":"2014-02-02T23:00:00+00:00","og_image":[{"width":1920,"height":1080,"url":"https:\/\/www.asajacyl.com\/leon\/wp-content\/uploads\/sites\/6\/2017\/11\/im_predefinida_1920x1080.jpg","type":"image\/jpeg"}],"author":"Editor","twitter_card":"summary_large_image","twitter_misc":{"Escrito por":"Editor","Tiempo de lectura":"2 minutos"},"schema":{"@context":"https:\/\/schema.org","@graph":[{"@type":"WebPage","@id":"https:\/\/www.asajacyl.com\/leon\/asaja-leon-informa\/asaja-de-len-no-logr-representacin-en-el-consejo-regulador-de-la-denominacin-de-origen-bierzo","url":"https:\/\/www.asajacyl.com\/leon\/asaja-leon-informa\/asaja-de-len-no-logr-representacin-en-el-consejo-regulador-de-la-denominacin-de-origen-bierzo","name":"ASAJA DE LE&#211;N NO LOGR&#211; REPRESENTACI&#211;N EN EL CONSEJO REGULADOR DE LA DENOMINACI&#211;N DE ORIGEN BIERZO - ASAJA Le\u00f3n","isPartOf":{"@id":"https:\/\/www.asajacyl.com\/leon\/#website"},"primaryImageOfPage":{"@id":"https:\/\/www.asajacyl.com\/leon\/asaja-leon-informa\/asaja-de-len-no-logr-representacin-en-el-consejo-regulador-de-la-denominacin-de-origen-bierzo#primaryimage"},"image":{"@id":"https:\/\/www.asajacyl.com\/leon\/asaja-leon-informa\/asaja-de-len-no-logr-representacin-en-el-consejo-regulador-de-la-denominacin-de-origen-bierzo#primaryimage"},"thumbnailUrl":"https:\/\/www.asajacyl.com\/leon\/wp-content\/uploads\/sites\/6\/2017\/11\/im_predefinida_1920x1080.jpg","datePublished":"2014-02-02T23:00:00+00:00","author":{"@id":"https:\/\/www.asajacyl.com\/leon\/#\/schema\/person\/7e884476cee132331142e8ac9689f20c"},"description":"Nota informativa de car&#225;cter interno para los socios &#160; &#160; ASAJA DE LE&#211;N NO LOGR&#211; REPRESENTACI&#211;N EN EL CONSEJO REGULADOR DE LA","breadcrumb":{"@id":"https:\/\/www.asajacyl.com\/leon\/asaja-leon-informa\/asaja-de-len-no-logr-representacin-en-el-consejo-regulador-de-la-denominacin-de-origen-bierzo#breadcrumb"},"inLanguage":"es","potentialAction":[{"@type":"ReadAction","target":["https:\/\/www.asajacyl.com\/leon\/asaja-leon-informa\/asaja-de-len-no-logr-representacin-en-el-consejo-regulador-de-la-denominacin-de-origen-bierzo"]}]},{"@type":"ImageObject","inLanguage":"es","@id":"https:\/\/www.asajacyl.com\/leon\/asaja-leon-informa\/asaja-de-len-no-logr-representacin-en-el-consejo-regulador-de-la-denominacin-de-origen-bierzo#primaryimage","url":"https:\/\/www.asajacyl.com\/leon\/wp-content\/uploads\/sites\/6\/2017\/11\/im_predefinida_1920x1080.jpg","contentUrl":"https:\/\/www.asajacyl.com\/leon\/wp-content\/uploads\/sites\/6\/2017\/11\/im_predefinida_1920x1080.jpg","width":1920,"height":1080,"caption":"Logotipo ASAJA Le\u00f3n"},{"@type":"BreadcrumbList","@id":"https:\/\/www.asajacyl.com\/leon\/asaja-leon-informa\/asaja-de-len-no-logr-representacin-en-el-consejo-regulador-de-la-denominacin-de-origen-bierzo#breadcrumb","itemListElement":[{"@type":"ListItem","position":1,"name":"Portada","item":"https:\/\/www.asajacyl.com\/leon\/"},{"@type":"ListItem","position":2,"name":"ASAJA DE LE&#211;N NO LOGR&#211; REPRESENTACI&#211;N EN EL CONSEJO REGULADOR DE LA DENOMINACI&#211;N DE ORIGEN BIERZO"}]},{"@type":"WebSite","@id":"https:\/\/www.asajacyl.com\/leon\/#website","url":"https:\/\/www.asajacyl.com\/leon\/","name":"ASAJA Le\u00f3n","description":"Otro sitio m\u00e1s de Provincias ASAJA Castilla y Le\u00f3n","potentialAction":[{"@type":"SearchAction","target":{"@type":"EntryPoint","urlTemplate":"https:\/\/www.asajacyl.com\/leon\/?s={search_term_string}"},"query-input":{"@type":"PropertyValueSpecification","valueRequired":true,"valueName":"search_term_string"}}],"inLanguage":"es"},{"@type":"Person","@id":"https:\/\/www.asajacyl.com\/leon\/#\/schema\/person\/7e884476cee132331142e8ac9689f20c","name":"Editor","image":{"@type":"ImageObject","inLanguage":"es","@id":"https:\/\/www.asajacyl.com\/leon\/#\/schema\/person\/image\/","url":"https:\/\/secure.gravatar.com\/avatar\/a2ef43c165669686cfcfb0e1ffa59869?s=96&d=mm&r=g","contentUrl":"https:\/\/secure.gravatar.com\/avatar\/a2ef43c165669686cfcfb0e1ffa59869?s=96&d=mm&r=g","caption":"Editor"},"url":"https:\/\/www.asajacyl.com\/leon\/author\/oscargg"}]}},"_links":{"self":[{"href":"https:\/\/www.asajacyl.com\/leon\/wp-json\/wp\/v2\/posts\/6681"}],"collection":[{"href":"https:\/\/www.asajacyl.com\/leon\/wp-json\/wp\/v2\/posts"}],"about":[{"href":"https:\/\/www.asajacyl.com\/leon\/wp-json\/wp\/v2\/types\/post"}],"author":[{"embeddable":true,"href":"https:\/\/www.asajacyl.com\/leon\/wp-json\/wp\/v2\/users\/3"}],"replies":[{"embeddable":true,"href":"https:\/\/www.asajacyl.com\/leon\/wp-json\/wp\/v2\/comments?post=6681"}],"version-history":[{"count":0,"href":"https:\/\/www.asajacyl.com\/leon\/wp-json\/wp\/v2\/posts\/6681\/revisions"}],"wp:featuredmedia":[{"embeddable":true,"href":"https:\/\/www.asajacyl.com\/leon\/wp-json\/wp\/v2\/media\/8174"}],"wp:attachment":[{"href":"https:\/\/www.asajacyl.com\/leon\/wp-json\/wp\/v2\/media?parent=6681"}],"wp:term":[{"taxonomy":"category","embeddable":true,"href":"https:\/\/www.asajacyl.com\/leon\/wp-json\/wp\/v2\/categories?post=6681"},{"taxonomy":"post_tag","embeddable":true,"href":"https:\/\/www.asajacyl.com\/leon\/wp-json\/wp\/v2\/tags?post=6681"}],"curies":[{"name":"wp","href":"https:\/\/api.w.org\/{rel}","templated":true}]}}