{"id":6684,"date":"2014-01-31T00:00:00","date_gmt":"2014-01-30T23:00:00","guid":{"rendered":"http:\/\/www.asajacyl.com\/leon\/sin-categoria\/jos-manuel-lobato-folgueral-candidato-de-asaja-al-consejo-regulador-de-la-do-bierzo"},"modified":"2014-01-31T00:00:00","modified_gmt":"2014-01-30T23:00:00","slug":"jos-manuel-lobato-folgueral-candidato-de-asaja-al-consejo-regulador-de-la-do-bierzo","status":"publish","type":"post","link":"https:\/\/www.asajacyl.com\/leon\/asaja-leon-informa\/jos-manuel-lobato-folgueral-candidato-de-asaja-al-consejo-regulador-de-la-do-bierzo","title":{"rendered":"Jos&#233; Manuel Lobato Folgueral, candidato de ASAJA al Consejo Regulador de la DO Bierzo"},"content":{"rendered":"<h2>&#8220;Pido el voto para que se escuche la voz de los verdaderos viticultores, de los que vivimos de la vi&#241;a&#8221;<\/h2>\n<div align=\"center\"><font color=\"#003300\">Jos&#233; Manuel Lobato Folgueral, candidato de ASAJA al Consejo Regulador de la DO Bierzo<\/font><\/div>\n<div align=\"center\">&#160;<\/div>\n<div align=\"center\"><b><font color=\"#008080\">&#8220;Pido el voto para que se escuche la voz de los verdaderos viticultores, de los que vivimos de la vi&#241;a&#8221;<\/font><\/b>&#160;<\/div>\n<div align=\"justify\">&#160;<\/div>\n<div align=\"justify\"><b>El Bierzo es todo para Jos&#233; Manuel Lobato: su tierra de origen, el hogar de su familia, y tambi&#233;n el vi&#241;edo, su trabajo y su pasi&#243;n. Sus recuerdos de ni&#241;ez est&#225;n asociados a las antiguas cepas de menc&#237;a, atendidas por sus abuelos, por sus padres y ahora por &#233;l. Cree que <\/b><b>la Denominaci&#243;n<\/b><b> de Origen del Bierzo tiene lo fundamental para despegar y ser se&#241;a de identidad y motor de crecimiento para la comarca. Para ello, apuesta por el di&#225;logo en el que se escuchen por igual las voces de las cooperativas, las bodegas y tambi&#233;n de los viticultores.<\/b><b>&#160;<\/b><\/div>\n<div align=\"justify\"><b>&#160;<\/p>\n<p align=\"center\"><img loading=\"lazy\" decoding=\"async\" style=\"WIDTH: 430px; HEIGHT: 269px\" src=\"\/leon\/wp-content\/uploads\/sites\/6\/2017\/11\/JOSE_MANUEL_LOBATO.jpg\" width=\"400\" height=\"429\" alt=\"\"\/><\/p>\n<p><\/b><\/div>\n<div align=\"justify\"><b>La candidatura que encabeza est&#225; compuesta por viticultores profesionales. &#191;Qu&#233; cree que pueden aportar al Consejo Regulador?<\/b><\/div>\n<div align=\"justify\">En el origen de la Denominaci&#243;n de Origen el peso de los viticultores estaba muy claro, pero con los a&#241;os se fue diluyendo. Para que funcione de verdad es necesario que todas las partes est&#233;n presentes. Con nuestra alternativa, queremos que se escuche la voz de los verdaderos viticultores, de la gente que vive de la vi&#241;a. No perseguimos protagonismos, pero tampoco delegar en otros lo que los mismos viticultores tenemos que defender. No vale con criticar desde fuera, hay que dar la cara.<\/div>\n<div align=\"justify\">&#160;<\/div>\n<div align=\"justify\"><b>&#191;Cu&#225;les son los principales problemas a los que se enfrenta <\/b><b>la DO<\/b><b> Bierzo<\/b><b>?<\/b><\/div>\n<div align=\"justify\">El fundamental es lograr entre todos frenar el arranque de cepas. En el Bierzo tenemos unas cepas antiguas, muchas de ellas de m&#225;s de sesenta a&#241;os, que con los cuidados adecuados garantizan una excelente calidad de uva. Pero el terreno no es f&#225;cil y eso, sumado a la elevada edad de muchos viticultores, supone un riesgo real de abandono. Por eso hay que encontrar f&#243;rmulas que permitan su continuidad, no podemos perder ese potencial.<\/div>\n<div align=\"justify\">&#160;<\/div>\n<div align=\"justify\"><b>La viticultura berciana tiene una larga historia, &#191;c&#243;mo ha de afrontar el futuro?<\/b><\/div>\n<div align=\"justify\">Hay un sentimiento profundo hacia el vi&#241;edo de muchos de esos mayores que lo han mamado de peque&#241;os y que hoy, pese a que no tienen continuadores, se resisten a abandonarlo. No es un cultivo anual que se levanta un a&#241;o y al otro se vuelve a poner. Hay que propiciar y simplificar burocracia para que esos vi&#241;edos sigan siendo atendidos, y a la vez apostar en lo posible por esa profesionalizaci&#243;n de la viticultura, porque ejerce de motor para seguir manteniendo al resto del vi&#241;edo. Sean de 500 kilos o de 500.000, todas las cepas son importantes y tienen su hueco en El Bierzo. <\/div>\n<div align=\"justify\">&#160;<\/div>\n<div align=\"justify\"><b>Desde el Consejo, &#191;qu&#233; medidas pueden tomarse para potenciar el sector?<\/b><\/div>\n<div align=\"justify\">El Consejo Regulador tiene que ser la &#8220;casa de todos&#8221;, el lugar al que puedas acudir con la confianza de que se escucha y se tiene en cuenta tu opini&#243;n. Esto no es una cuesti&#243;n de unos contra otros: aqu&#237; o nos va bien a todos, o a ninguno. Para una Denominaci&#243;n como la nuestra, crecer&#160; es una garant&#237;a de estar m&#225;s presente y ampliar mercados, en definitiva, de ser m&#225;s fuertes y rentables. El Consejo debe propiciar ese crecimiento, dar todas las garant&#237;as de que cada botella que sale con la contraetiqueta del Bierzo ofrece la m&#225;xima calidad. Debe tambi&#233;n ser totalmente transparente en sus gestiones: las matem&#225;ticas son una ciencia exacta, y cada movimiento que se haga debe estar explicado y fundamentado.<\/div>\n<div align=\"justify\">&#160;<\/div>\n<div align=\"justify\"><b>&#191;Pueden hallarse puntos de acuerdo entre los viticultores, cuyo objetivo es l&#243;gicamente lograr el mayor precio por su uva, y los elaboradores, que tienen que ajustar costes?<\/b><\/div>\n<div align=\"justify\">Es necesario, y adem&#225;s perfectamente posible. Por un lado, un vino de calidad requiere de una uva mimada, bien trabajada, que debe valorarse de forma justa porque va a permitir que el producto final se venda bien. Si no funciona un lado, no funciona el otro. El precio siempre es un tema sensible, pero hay otras muchas f&#243;rmulas para mejorar la rentabilidad del sector, tanto desde la base, promoviendo una reordenaci&#243;n de parcelas, mejorar la viabilidad de las explotaciones, como desde la elaboraci&#243;n y muy especialmente, en la fase de la comercializaci&#243;n final. Por eso hay que pelear muy duro para atraer todas las ayudas y apoyos posibles desde las administraciones.<\/div>\n<div align=\"justify\">&#160;<\/div>\n<div align=\"justify\"><b>En un momento de crisis pero tambi&#233;n de continuos cambios como el actual &#191;qu&#233; futuro augura para <\/b><b>la Denominaci&#243;n<\/b><b> de Origen del Bierzo?<\/b><\/div>\n<div align=\"justify\">Estoy convencido de que tiene las mejores mimbres para tener un gran futuro. El Bierzo lo tiene todo, su nombre est&#225; ligado a la historia de una tierra bien identificada para cualquier espa&#241;ol. Tiene a su favor tambi&#233;n el factor diferenciador de sus variedades, la menc&#237;a y el godello, y el paisaje de la comarca, que ofrece muchas posibilidades de turismo y desarrollo. El Bierzo es especial, lo es su tierra, sus gentes, y tambi&#233;n su vi&#241;edo. Pedimos el voto para trabajar y poder demostrar a mucha m&#225;s gente de lo que en El Bierzo somos capaces. <\/div>\n<div align=\"justify\">&#160;<\/div>\n<div align=\"justify\">&#160;<\/div>\n<div align=\"center\"><b><i>&#8220;El Consejo Regulador tiene que ser la casa de todos, el lugar al que puedas acudir con la confianza de que se escucha&#8221;<\/i><\/b><\/div>\n<div align=\"center\"><b><i>&#160;<\/i><\/b><\/div>\n<div align=\"center\"><b><i>&#8220;Hay que pelear muy duro para atraer todas las ayudas y apoyos posibles desde las administraciones&#8221;<\/i><\/b><\/div>\n<div align=\"center\"><b><i>&#160;<\/i><\/b><\/div>\n<div align=\"center\"><b><i>&#8220;<\/i><\/b><b><i>La DO Bierzo<\/i><\/b><b><i> tiene lo fundamental para despegar y ser se&#241;a de identidad y motor de crecimiento para la comarca&#8221;<\/i><\/b><\/div>\n<div align=\"center\"><b><i>&#160;<\/i><\/b><\/div>\n<div align=\"center\"><b><i>&#160;<\/i><\/b><\/div>\n<div align=\"center\"><b>&#160;<\/b><\/div>\n<div align=\"justify\"><b>Candidatura de viticultores independientes de ASAJA<\/b><\/div>\n<div align=\"justify\"><b>&#160;<\/b><\/div>\n<div align=\"justify\"><b>Candidatos Estrato 1 Productores:<\/b><\/div>\n<div align=\"justify\">-&#160;&#160;&#160;&#160;&#160;&#160;&#160;&#160; <b>Jos&#233; Manuel Lobato Folgueral<\/b><\/div>\n<div align=\"justify\">-&#160;&#160;&#160;&#160;&#160;&#160;&#160;&#160; <b>Eladio Pousada Berm&#250;dez<\/b><\/div>\n<div align=\"justify\">-&#160;&#160;&#160;&#160;&#160;&#160;&#160;&#160; <b>Mar&#237;a Paz Baraga&#241;o Vidal<\/b><\/div>\n<div align=\"justify\"><b>&#160;<\/b><\/div>\n<div align=\"justify\"><b>Candidatos Estrato 2 Productores:<\/b><\/div>\n<div align=\"justify\">-&#160;&#160;&#160;&#160;&#160;&#160;&#160;&#160; <b>Miguel &#193;ngel de Bea Mor&#225;n<\/b><\/div>\n<div align=\"justify\">-&#160;&#160;&#160;&#160;&#160;&#160;&#160;&#160; <b>F&#233;lix Barrio Fern&#225;ndez<\/b><\/div>\n","protected":false},"excerpt":{"rendered":"<p>&#8220;Pido el voto para que se escuche la voz de los verdaderos viticultores, de los que vivimos de la vi&#241;a&#8221;<\/p>\n","protected":false},"author":3,"featured_media":6685,"comment_status":"open","ping_status":"open","sticky":false,"template":"","format":"standard","meta":{"footnotes":""},"categories":[4,9],"tags":[],"yoast_head":"<!-- This site is optimized with the Yoast SEO plugin v24.5 - https:\/\/yoast.com\/wordpress\/plugins\/seo\/ -->\n<title>Jos&#233; Manuel Lobato Folgueral, candidato de ASAJA al Consejo Regulador de la DO Bierzo - ASAJA Le\u00f3n<\/title>\n<meta name=\"description\" content=\"&#8220;Pido el voto para que se escuche la voz de los verdaderos viticultores, de los que vivimos de la vi&#241;a&#8221;\" \/>\n<meta name=\"robots\" content=\"index, follow, max-snippet:-1, max-image-preview:large, max-video-preview:-1\" \/>\n<link rel=\"canonical\" href=\"https:\/\/www.asajacyl.com\/leon\/asaja-leon-informa\/jos-manuel-lobato-folgueral-candidato-de-asaja-al-consejo-regulador-de-la-do-bierzo\" \/>\n<meta property=\"og:locale\" content=\"es_ES\" \/>\n<meta property=\"og:type\" content=\"article\" \/>\n<meta property=\"og:title\" content=\"Jos&#233; Manuel Lobato Folgueral, candidato de ASAJA al Consejo Regulador de la DO Bierzo - ASAJA Le\u00f3n\" \/>\n<meta property=\"og:description\" content=\"&#8220;Pido el voto para que se escuche la voz de los verdaderos viticultores, de los que vivimos de la vi&#241;a&#8221;\" \/>\n<meta property=\"og:url\" content=\"https:\/\/www.asajacyl.com\/leon\/asaja-leon-informa\/jos-manuel-lobato-folgueral-candidato-de-asaja-al-consejo-regulador-de-la-do-bierzo\" \/>\n<meta property=\"og:site_name\" content=\"ASAJA Le\u00f3n\" \/>\n<meta property=\"article:published_time\" content=\"2014-01-30T23:00:00+00:00\" \/>\n<meta property=\"og:image\" content=\"https:\/\/www.asajacyl.com\/leon\/wp-content\/uploads\/sites\/6\/2017\/11\/JOSE_MANUEL_LOBATO.jpg\" \/>\n\t<meta property=\"og:image:width\" content=\"640\" \/>\n\t<meta property=\"og:image:height\" content=\"360\" \/>\n\t<meta property=\"og:image:type\" content=\"image\/jpeg\" \/>\n<meta name=\"author\" content=\"Editor\" \/>\n<meta name=\"twitter:card\" content=\"summary_large_image\" \/>\n<meta name=\"twitter:label1\" content=\"Escrito por\" \/>\n\t<meta name=\"twitter:data1\" content=\"Editor\" \/>\n\t<meta name=\"twitter:label2\" content=\"Tiempo de lectura\" \/>\n\t<meta name=\"twitter:data2\" content=\"5 minutos\" \/>\n<script type=\"application\/ld+json\" class=\"yoast-schema-graph\">{\"@context\":\"https:\/\/schema.org\",\"@graph\":[{\"@type\":\"WebPage\",\"@id\":\"https:\/\/www.asajacyl.com\/leon\/asaja-leon-informa\/jos-manuel-lobato-folgueral-candidato-de-asaja-al-consejo-regulador-de-la-do-bierzo\",\"url\":\"https:\/\/www.asajacyl.com\/leon\/asaja-leon-informa\/jos-manuel-lobato-folgueral-candidato-de-asaja-al-consejo-regulador-de-la-do-bierzo\",\"name\":\"Jos&#233; Manuel Lobato Folgueral, candidato de ASAJA al Consejo Regulador de la DO Bierzo - ASAJA Le\u00f3n\",\"isPartOf\":{\"@id\":\"https:\/\/www.asajacyl.com\/leon\/#website\"},\"primaryImageOfPage\":{\"@id\":\"https:\/\/www.asajacyl.com\/leon\/asaja-leon-informa\/jos-manuel-lobato-folgueral-candidato-de-asaja-al-consejo-regulador-de-la-do-bierzo#primaryimage\"},\"image\":{\"@id\":\"https:\/\/www.asajacyl.com\/leon\/asaja-leon-informa\/jos-manuel-lobato-folgueral-candidato-de-asaja-al-consejo-regulador-de-la-do-bierzo#primaryimage\"},\"thumbnailUrl\":\"https:\/\/www.asajacyl.com\/leon\/wp-content\/uploads\/sites\/6\/2017\/11\/JOSE_MANUEL_LOBATO.jpg\",\"datePublished\":\"2014-01-30T23:00:00+00:00\",\"author\":{\"@id\":\"https:\/\/www.asajacyl.com\/leon\/#\/schema\/person\/7e884476cee132331142e8ac9689f20c\"},\"description\":\"&#8220;Pido el voto para que se escuche la voz de los verdaderos viticultores, de los que vivimos de la vi&#241;a&#8221;\",\"breadcrumb\":{\"@id\":\"https:\/\/www.asajacyl.com\/leon\/asaja-leon-informa\/jos-manuel-lobato-folgueral-candidato-de-asaja-al-consejo-regulador-de-la-do-bierzo#breadcrumb\"},\"inLanguage\":\"es\",\"potentialAction\":[{\"@type\":\"ReadAction\",\"target\":[\"https:\/\/www.asajacyl.com\/leon\/asaja-leon-informa\/jos-manuel-lobato-folgueral-candidato-de-asaja-al-consejo-regulador-de-la-do-bierzo\"]}]},{\"@type\":\"ImageObject\",\"inLanguage\":\"es\",\"@id\":\"https:\/\/www.asajacyl.com\/leon\/asaja-leon-informa\/jos-manuel-lobato-folgueral-candidato-de-asaja-al-consejo-regulador-de-la-do-bierzo#primaryimage\",\"url\":\"https:\/\/www.asajacyl.com\/leon\/wp-content\/uploads\/sites\/6\/2017\/11\/JOSE_MANUEL_LOBATO.jpg\",\"contentUrl\":\"https:\/\/www.asajacyl.com\/leon\/wp-content\/uploads\/sites\/6\/2017\/11\/JOSE_MANUEL_LOBATO.jpg\",\"width\":640,\"height\":360},{\"@type\":\"BreadcrumbList\",\"@id\":\"https:\/\/www.asajacyl.com\/leon\/asaja-leon-informa\/jos-manuel-lobato-folgueral-candidato-de-asaja-al-consejo-regulador-de-la-do-bierzo#breadcrumb\",\"itemListElement\":[{\"@type\":\"ListItem\",\"position\":1,\"name\":\"Portada\",\"item\":\"https:\/\/www.asajacyl.com\/leon\/\"},{\"@type\":\"ListItem\",\"position\":2,\"name\":\"Jos&#233; Manuel Lobato Folgueral, candidato de ASAJA al Consejo Regulador de la DO Bierzo\"}]},{\"@type\":\"WebSite\",\"@id\":\"https:\/\/www.asajacyl.com\/leon\/#website\",\"url\":\"https:\/\/www.asajacyl.com\/leon\/\",\"name\":\"ASAJA Le\u00f3n\",\"description\":\"Otro sitio m\u00e1s de Provincias ASAJA Castilla y Le\u00f3n\",\"potentialAction\":[{\"@type\":\"SearchAction\",\"target\":{\"@type\":\"EntryPoint\",\"urlTemplate\":\"https:\/\/www.asajacyl.com\/leon\/?s={search_term_string}\"},\"query-input\":{\"@type\":\"PropertyValueSpecification\",\"valueRequired\":true,\"valueName\":\"search_term_string\"}}],\"inLanguage\":\"es\"},{\"@type\":\"Person\",\"@id\":\"https:\/\/www.asajacyl.com\/leon\/#\/schema\/person\/7e884476cee132331142e8ac9689f20c\",\"name\":\"Editor\",\"image\":{\"@type\":\"ImageObject\",\"inLanguage\":\"es\",\"@id\":\"https:\/\/www.asajacyl.com\/leon\/#\/schema\/person\/image\/\",\"url\":\"https:\/\/secure.gravatar.com\/avatar\/a2ef43c165669686cfcfb0e1ffa59869?s=96&d=mm&r=g\",\"contentUrl\":\"https:\/\/secure.gravatar.com\/avatar\/a2ef43c165669686cfcfb0e1ffa59869?s=96&d=mm&r=g\",\"caption\":\"Editor\"},\"url\":\"https:\/\/www.asajacyl.com\/leon\/author\/oscargg\"}]}<\/script>\n<!-- \/ Yoast SEO plugin. -->","yoast_head_json":{"title":"Jos&#233; Manuel Lobato Folgueral, candidato de ASAJA al Consejo Regulador de la DO Bierzo - ASAJA Le\u00f3n","description":"&#8220;Pido el voto para que se escuche la voz de los verdaderos viticultores, de los que vivimos de la vi&#241;a&#8221;","robots":{"index":"index","follow":"follow","max-snippet":"max-snippet:-1","max-image-preview":"max-image-preview:large","max-video-preview":"max-video-preview:-1"},"canonical":"https:\/\/www.asajacyl.com\/leon\/asaja-leon-informa\/jos-manuel-lobato-folgueral-candidato-de-asaja-al-consejo-regulador-de-la-do-bierzo","og_locale":"es_ES","og_type":"article","og_title":"Jos&#233; Manuel Lobato Folgueral, candidato de ASAJA al Consejo Regulador de la DO Bierzo - ASAJA Le\u00f3n","og_description":"&#8220;Pido el voto para que se escuche la voz de los verdaderos viticultores, de los que vivimos de la vi&#241;a&#8221;","og_url":"https:\/\/www.asajacyl.com\/leon\/asaja-leon-informa\/jos-manuel-lobato-folgueral-candidato-de-asaja-al-consejo-regulador-de-la-do-bierzo","og_site_name":"ASAJA Le\u00f3n","article_published_time":"2014-01-30T23:00:00+00:00","og_image":[{"width":640,"height":360,"url":"https:\/\/www.asajacyl.com\/leon\/wp-content\/uploads\/sites\/6\/2017\/11\/JOSE_MANUEL_LOBATO.jpg","type":"image\/jpeg"}],"author":"Editor","twitter_card":"summary_large_image","twitter_misc":{"Escrito por":"Editor","Tiempo de lectura":"5 minutos"},"schema":{"@context":"https:\/\/schema.org","@graph":[{"@type":"WebPage","@id":"https:\/\/www.asajacyl.com\/leon\/asaja-leon-informa\/jos-manuel-lobato-folgueral-candidato-de-asaja-al-consejo-regulador-de-la-do-bierzo","url":"https:\/\/www.asajacyl.com\/leon\/asaja-leon-informa\/jos-manuel-lobato-folgueral-candidato-de-asaja-al-consejo-regulador-de-la-do-bierzo","name":"Jos&#233; Manuel Lobato Folgueral, candidato de ASAJA al Consejo Regulador de la DO Bierzo - ASAJA Le\u00f3n","isPartOf":{"@id":"https:\/\/www.asajacyl.com\/leon\/#website"},"primaryImageOfPage":{"@id":"https:\/\/www.asajacyl.com\/leon\/asaja-leon-informa\/jos-manuel-lobato-folgueral-candidato-de-asaja-al-consejo-regulador-de-la-do-bierzo#primaryimage"},"image":{"@id":"https:\/\/www.asajacyl.com\/leon\/asaja-leon-informa\/jos-manuel-lobato-folgueral-candidato-de-asaja-al-consejo-regulador-de-la-do-bierzo#primaryimage"},"thumbnailUrl":"https:\/\/www.asajacyl.com\/leon\/wp-content\/uploads\/sites\/6\/2017\/11\/JOSE_MANUEL_LOBATO.jpg","datePublished":"2014-01-30T23:00:00+00:00","author":{"@id":"https:\/\/www.asajacyl.com\/leon\/#\/schema\/person\/7e884476cee132331142e8ac9689f20c"},"description":"&#8220;Pido el voto para que se escuche la voz de los verdaderos viticultores, de los que vivimos de la vi&#241;a&#8221;","breadcrumb":{"@id":"https:\/\/www.asajacyl.com\/leon\/asaja-leon-informa\/jos-manuel-lobato-folgueral-candidato-de-asaja-al-consejo-regulador-de-la-do-bierzo#breadcrumb"},"inLanguage":"es","potentialAction":[{"@type":"ReadAction","target":["https:\/\/www.asajacyl.com\/leon\/asaja-leon-informa\/jos-manuel-lobato-folgueral-candidato-de-asaja-al-consejo-regulador-de-la-do-bierzo"]}]},{"@type":"ImageObject","inLanguage":"es","@id":"https:\/\/www.asajacyl.com\/leon\/asaja-leon-informa\/jos-manuel-lobato-folgueral-candidato-de-asaja-al-consejo-regulador-de-la-do-bierzo#primaryimage","url":"https:\/\/www.asajacyl.com\/leon\/wp-content\/uploads\/sites\/6\/2017\/11\/JOSE_MANUEL_LOBATO.jpg","contentUrl":"https:\/\/www.asajacyl.com\/leon\/wp-content\/uploads\/sites\/6\/2017\/11\/JOSE_MANUEL_LOBATO.jpg","width":640,"height":360},{"@type":"BreadcrumbList","@id":"https:\/\/www.asajacyl.com\/leon\/asaja-leon-informa\/jos-manuel-lobato-folgueral-candidato-de-asaja-al-consejo-regulador-de-la-do-bierzo#breadcrumb","itemListElement":[{"@type":"ListItem","position":1,"name":"Portada","item":"https:\/\/www.asajacyl.com\/leon\/"},{"@type":"ListItem","position":2,"name":"Jos&#233; Manuel Lobato Folgueral, candidato de ASAJA al Consejo Regulador de la DO Bierzo"}]},{"@type":"WebSite","@id":"https:\/\/www.asajacyl.com\/leon\/#website","url":"https:\/\/www.asajacyl.com\/leon\/","name":"ASAJA Le\u00f3n","description":"Otro sitio m\u00e1s de Provincias ASAJA Castilla y Le\u00f3n","potentialAction":[{"@type":"SearchAction","target":{"@type":"EntryPoint","urlTemplate":"https:\/\/www.asajacyl.com\/leon\/?s={search_term_string}"},"query-input":{"@type":"PropertyValueSpecification","valueRequired":true,"valueName":"search_term_string"}}],"inLanguage":"es"},{"@type":"Person","@id":"https:\/\/www.asajacyl.com\/leon\/#\/schema\/person\/7e884476cee132331142e8ac9689f20c","name":"Editor","image":{"@type":"ImageObject","inLanguage":"es","@id":"https:\/\/www.asajacyl.com\/leon\/#\/schema\/person\/image\/","url":"https:\/\/secure.gravatar.com\/avatar\/a2ef43c165669686cfcfb0e1ffa59869?s=96&d=mm&r=g","contentUrl":"https:\/\/secure.gravatar.com\/avatar\/a2ef43c165669686cfcfb0e1ffa59869?s=96&d=mm&r=g","caption":"Editor"},"url":"https:\/\/www.asajacyl.com\/leon\/author\/oscargg"}]}},"_links":{"self":[{"href":"https:\/\/www.asajacyl.com\/leon\/wp-json\/wp\/v2\/posts\/6684"}],"collection":[{"href":"https:\/\/www.asajacyl.com\/leon\/wp-json\/wp\/v2\/posts"}],"about":[{"href":"https:\/\/www.asajacyl.com\/leon\/wp-json\/wp\/v2\/types\/post"}],"author":[{"embeddable":true,"href":"https:\/\/www.asajacyl.com\/leon\/wp-json\/wp\/v2\/users\/3"}],"replies":[{"embeddable":true,"href":"https:\/\/www.asajacyl.com\/leon\/wp-json\/wp\/v2\/comments?post=6684"}],"version-history":[{"count":0,"href":"https:\/\/www.asajacyl.com\/leon\/wp-json\/wp\/v2\/posts\/6684\/revisions"}],"wp:featuredmedia":[{"embeddable":true,"href":"https:\/\/www.asajacyl.com\/leon\/wp-json\/wp\/v2\/media\/6685"}],"wp:attachment":[{"href":"https:\/\/www.asajacyl.com\/leon\/wp-json\/wp\/v2\/media?parent=6684"}],"wp:term":[{"taxonomy":"category","embeddable":true,"href":"https:\/\/www.asajacyl.com\/leon\/wp-json\/wp\/v2\/categories?post=6684"},{"taxonomy":"post_tag","embeddable":true,"href":"https:\/\/www.asajacyl.com\/leon\/wp-json\/wp\/v2\/tags?post=6684"}],"curies":[{"name":"wp","href":"https:\/\/api.w.org\/{rel}","templated":true}]}}