{"id":6692,"date":"2014-01-22T00:00:00","date_gmt":"2014-01-21T23:00:00","guid":{"rendered":"http:\/\/www.asajacyl.com\/leon\/sin-categoria\/pedro-barato-reelegido-presidente-de-asaja"},"modified":"2014-01-22T00:00:00","modified_gmt":"2014-01-21T23:00:00","slug":"pedro-barato-reelegido-presidente-de-asaja","status":"publish","type":"post","link":"https:\/\/www.asajacyl.com\/leon\/asaja-leon-informa\/pedro-barato-reelegido-presidente-de-asaja","title":{"rendered":"PEDRO BARATO, REELEGIDO PRESIDENTE DE ASAJA"},"content":{"rendered":"<h2>Madrid, 22 de enero de 2014.- La Asamblea General de ASAJA, celebrada hoy en el hotel Hesperia de Madrid, ha reelegido a Pedro Barato como presidente de la Organizaci&#243;n para liderar una nueva etapa durante los pr&#243;ximos cuatro a&#241;os. En este nuevo mandato, Barato apuesta por la renovaci&#243;n, la profesionalidad y la unidad del sector en un momento trascendente para el campo espa&#241;ol. Respecto al acuerdo alcanzado sobre la aplicaci&#243;n de la PAC, Barato considera que es equilibrado y que se han sentado las bases de lo que puede considerarse el modelo agrario para Espa&#241;a, que deber&#225; verse completado con otras medidas de car&#225;cter nacional<\/h2>\n<div align=\"center\"><b>En <\/b><b>la Asamblea &#160;General<\/b><b> de la Organizaci&#243;n celebrada hoy en Madrid<\/b><\/div>\n<div align=\"center\"><b>&#160;<\/b><\/div>\n<div align=\"center\"><font color=\"#006600\"><font size=\"2\"><b>PEDRO BARATO, REELEGIDO PRESIDENTE DE <\/b><b>ASAJA<\/b><b><\/b><\/font><\/font><\/div>\n<div align=\"center\"><i><font color=\"#006600\">&#160;<\/font><\/i><\/div>\n<div align=\"center\"><i>La Asamblea acuerda convocar y apoyar las manifestaciones contra el tarifazo el&#233;ctrico <\/i><\/div>\n<div align=\"justify\"><b>&#160;<\/b><\/div>\n<div align=\"justify\"><b>Madrid, 22 de enero de 2014.- <\/b><b>La Asamblea General<\/b><b> de <\/b><b>ASAJA<\/b><b>, celebrada hoy en el hotel Hesperia de Madrid, ha reelegido a Pedro Barato como presidente de la Organizaci&#243;n para liderar una nueva etapa durante los pr&#243;ximos cuatro a&#241;os. En este nuevo mandato, Barato apuesta por la renovaci&#243;n, la profesionalidad y la unidad del sector en un momento trascendente para el campo espa&#241;ol. Respecto al acuerdo alcanzado sobre la aplicaci&#243;n de la PAC, Barato considera que es equilibrado y que se han sentado las bases de lo que puede considerarse el modelo agrario para Espa&#241;a, que deber&#225; verse completado con otras medidas de car&#225;cter nacional.<\/b><\/div>\n<div align=\"justify\"><b>&#160;<\/b><\/div>\n<div align=\"justify\">Con las elecciones celebradazas en el d&#237;a de hoy, el m&#225;ximo &#243;rgano de direcci&#243;n de la Organizaci&#243;n ha revalidado la confianza depositada en el actual presidente y en su equipo directivo formado por el Comit&#233; Ejecutivo Nacional de la Organizaci&#243;n. <\/div>\n<div align=\"justify\">&#160;<\/div>\n<div align=\"justify\">Las primeras palabras del presidente tras ser elegido fueron para agradecer a los compromisarios <i>&#8220;la confianza depositada en la actual direcci&#243;n de la Organizaci&#243;n para afrontar esta nueva etapa, una etapa que emprendemos con ilusiones renovadas, nuevos proyectos y mucha confianza en poder consolidar a <\/i><i>ASAJA<\/i><i> como un referente de progreso y credibilidad&#8221;. <\/i>La candidatura votada mayoritariamente por los compromisarios presenta algunos cambios respecto a la composici&#243;n del Comit&#233; Ejecutivo anterior. El presidente Pedro Barato ha optado por la renovaci&#243;n y ha agradecido a los miembros salientes su generosidad y su trabajo a lo largo de todos estos a&#241;os.&#160; <\/div>\n<div align=\"justify\">&#160;<\/div>\n<div align=\"justify\">Durante su intervenci&#243;n, Barato ha hecho balance de lo que han supuesto los &#250;ltimos cuatro a&#241;os tanto para el sector agrario como para la Organizaci&#243;n. Ha recordado asuntos de calado como han sido las negociaciones sobre la reforma de la PAC, con un nuevo interlocutor relevante como es el Parlamento Europeo; el acuerdo sobre el nuevo Marco Financiero Plurianual de la UE o el &#250;ltimo Acuerdo de la OCM alcanzado en Bali. Todos ellos, asuntos que se han cerrado en el &#250;ltimo a&#241;o, pero como ha recordado Barato, <i>&#8220;las negociaciones han durado varios a&#241;os y ASAJA ha desarrollado un arduo trabajo, sobre todo en lo relacionado con las negociaciones de la PAC&#8221;<\/i>.<\/div>\n<div align=\"justify\">&#160;<\/div>\n<div align=\"justify\">El presidente Barato tambi&#233;n ha recordado los trabajos llevado a cabo por la Organizaci&#243;n a lo largo de los &#250;ltimos cuatro a&#241;os en asuntos de &#225;mbito nacional y con especial relevancia para el sector &#160;como han sido la reforma del C&#243;digo Penal para combatir la lacra de la inseguridad en el campo; las leyes de para mejorar en funcionamiento de la cadena y para la integraci&#243;n de cooperativas; la ordenaci&#243;n de los recursos h&#237;dricos a trav&#233;s de los planes de cuenca, las rebajas de m&#243;dulos del <\/div>\n<div align=\"justify\">&#160;<\/div>\n<div align=\"justify\">&#160;<\/div>\n<div align=\"justify\">IRPF para algunas producciones o la integraci&#243;n de los trabajadores por cuenta propia del REASS al r&#233;gimen de aut&#243;nomos y por cuenta ajena del REASS al r&#233;gimen general.<\/div>\n<div align=\"justify\">&#160;<\/div>\n<div align=\"justify\">Otra de las preocupaciones del sector ha sido el incremento de los coses de los insumos con especial incidencia en las tarifas el&#233;ctricas para riego. Precisamente, en la&#160; asamblea de ASAJA se ha aprobado apoyar las manifestaciones que los agricultores y ganaderos regantes llevar&#225;n a cabo a finales de febrero para solicitar medidas contra la brutal y desproporcionada subida de las tarifas el&#233;ctricas que afectan a los regantes. De no conseguirse la rebaja de estas tarifas, gran parte del regad&#237;o espa&#241;ol puede verse abocado a la desaparici&#243;n. <\/div>\n<div align=\"justify\">&#160;<\/div>\n<div align=\"justify\">Pero sin duda, el asunto que m&#225;s ha preocupado y ocupado a ASAJA en los &#250;ltimos meses ha sido la aplicaci&#243;n de la reforma de la PAC en Espa&#241;a. Tras meses de negociaciones y reuniones la Conferencia Sectorial de Agricultura acaba de alcanza un acuerdo al respecto y, &#8220;<i>m&#225;s all&#225; de las valoraciones de car&#225;cter territorial, cabe destacar que se da un paso importante en la culminaci&#243;n de algunos de los objetivos principales de Espa&#241;a en la negociaci&#243;n de la Reforma de la PAC, mediante la puesta en marcha de un Plan de Regionalizaci&#243;n basado en la intensidad de los pagos, con 22-24 regiones, que evita el establecimiento de una tasa plana o de una convergencia de pagos que generar&#237;a grandes desequilibrios, a la vez que permite el normal desarrollo de transferencias de derechos dentro de una regi&#243;n&#8221;. <\/i><\/div>\n<div align=\"justify\">&#160;<\/div>\n<div align=\"justify\">La ganader&#237;a, que hab&#237;a sido mal tratada en la reforma, encuentra una respuesta a sus necesidades en los llamados pagos acoplados, &#8211; ha precisado Barato-, con casi 500 millones de euros de los 585 que se detraen del montante nacional de pagos directos para los sectores que han sufrido agravios como consecuencia de la aplicaci&#243;n del modelo de regionalizaci&#243;n, o se encuentren en riesgo de abandono o reducci&#243;n de la producci&#243;n con importantes consecuencias socioecon&#243;micas o medioambientales y se encuentren dentro de la categor&#237;a de derechos sin disponibilidad de tierra (Derechos especiales). Entre estos sectores se encuentran la remolacha, el arroz, los frutos con cascara, el tomate de industria, los cultivos proteicos o las legumbres de calidad.<\/div>\n<div align=\"justify\">&#160;<\/div>\n<div align=\"justify\">Por otra parte, la definici&#243;n del agricultor activo ligado a la exigencia de una actividad agr&#237;cola y ganadera responde a la necesidad de legitimar los pagos de la PAC ante el contribuyente y la sociedad en su conjunto, dando garant&#237;as de que el dinero de la PAC se destina a aquellos que realizan una actividad productiva en el medio rural.<\/div>\n<div align=\"justify\">&#160;<\/div>\n<div align=\"justify\">En definitiva, ha concluido Pedro Barato &#8220;<i>ASAJA considera que la Conferencia Sectorial ha sentado las bases de lo que puede considerarse un modelo agrario parta Espa&#241;a, que necesariamente debe verse completado con otras medidas de car&#225;cter nacional, como las ya aprobadas en materia de cadena alimentaria o integraci&#243;n cooperativa, que deber&#237;an situar al agricultor y ganadero en una posici&#243;n negociadora m&#225;s favorable a la hora de obtener buenos precios en el mercado, que, hay que recordar, supone el 70% de sus ingresos.&#8221;<\/i><\/div>\n","protected":false},"excerpt":{"rendered":"<p>Madrid, 22 de enero de 2014.- La Asamblea General de ASAJA, celebrada hoy en el hotel Hesperia de Madrid, ha reelegido a Pedro Barato como presidente de la Organizaci&#243;n para liderar una nueva etapa durante los pr&#243;ximos cuatro a&#241;os. En este nuevo mandato, Barato apuesta por la renovaci&#243;n, la profesionalidad y la unidad del sector en un momento trascendente para el campo espa&#241;ol. Respecto al acuerdo alcanzado sobre la aplicaci&#243;n de la PAC, Barato considera que es equilibrado y que se han sentado las bases de lo que puede considerarse el modelo agrario para Espa&#241;a, que deber&#225; verse completado con otras medidas de car&#225;cter nacional<\/p>\n","protected":false},"author":3,"featured_media":8174,"comment_status":"open","ping_status":"open","sticky":false,"template":"","format":"standard","meta":{"footnotes":""},"categories":[4,9],"tags":[],"yoast_head":"<!-- This site is optimized with the Yoast SEO plugin v24.5 - https:\/\/yoast.com\/wordpress\/plugins\/seo\/ -->\n<title>PEDRO BARATO, REELEGIDO PRESIDENTE DE ASAJA - ASAJA Le\u00f3n<\/title>\n<meta name=\"description\" content=\"Madrid, 22 de enero de 2014.- La Asamblea General de ASAJA, celebrada hoy en el hotel Hesperia de Madrid, ha reelegido a Pedro Barato como presidente de la Organizaci&#243;n para liderar una nueva etapa durante los pr&#243;ximos cuatro a&#241;os. En este nuevo mandato, Barato apuesta por la renovaci&#243;n, la profesionalidad y la unidad del sector en un momento trascendente para el campo espa&#241;ol. Respecto al acuerdo alcanzado sobre la aplicaci&#243;n de la PAC, Barato considera que es equilibrado y que se han sentado las bases de lo que puede considerarse el modelo agrario para Espa&#241;a, que deber&#225; verse completado con otras medidas de car&#225;cter nacional\" \/>\n<meta name=\"robots\" content=\"index, follow, max-snippet:-1, max-image-preview:large, max-video-preview:-1\" \/>\n<link rel=\"canonical\" href=\"https:\/\/www.asajacyl.com\/leon\/asaja-leon-informa\/pedro-barato-reelegido-presidente-de-asaja\" \/>\n<meta property=\"og:locale\" content=\"es_ES\" \/>\n<meta property=\"og:type\" content=\"article\" \/>\n<meta property=\"og:title\" content=\"PEDRO BARATO, REELEGIDO PRESIDENTE DE ASAJA - ASAJA Le\u00f3n\" \/>\n<meta property=\"og:description\" content=\"Madrid, 22 de enero de 2014.- La Asamblea General de ASAJA, celebrada hoy en el hotel Hesperia de Madrid, ha reelegido a Pedro Barato como presidente de la Organizaci&#243;n para liderar una nueva etapa durante los pr&#243;ximos cuatro a&#241;os. En este nuevo mandato, Barato apuesta por la renovaci&#243;n, la profesionalidad y la unidad del sector en un momento trascendente para el campo espa&#241;ol. Respecto al acuerdo alcanzado sobre la aplicaci&#243;n de la PAC, Barato considera que es equilibrado y que se han sentado las bases de lo que puede considerarse el modelo agrario para Espa&#241;a, que deber&#225; verse completado con otras medidas de car&#225;cter nacional\" \/>\n<meta property=\"og:url\" content=\"https:\/\/www.asajacyl.com\/leon\/asaja-leon-informa\/pedro-barato-reelegido-presidente-de-asaja\" \/>\n<meta property=\"og:site_name\" content=\"ASAJA Le\u00f3n\" \/>\n<meta property=\"article:published_time\" content=\"2014-01-21T23:00:00+00:00\" \/>\n<meta property=\"og:image\" content=\"https:\/\/www.asajacyl.com\/leon\/wp-content\/uploads\/sites\/6\/2017\/11\/im_predefinida_1920x1080.jpg\" \/>\n\t<meta property=\"og:image:width\" content=\"1920\" \/>\n\t<meta property=\"og:image:height\" content=\"1080\" \/>\n\t<meta property=\"og:image:type\" content=\"image\/jpeg\" \/>\n<meta name=\"author\" content=\"Editor\" \/>\n<meta name=\"twitter:card\" content=\"summary_large_image\" \/>\n<meta name=\"twitter:label1\" content=\"Escrito por\" \/>\n\t<meta name=\"twitter:data1\" content=\"Editor\" \/>\n\t<meta name=\"twitter:label2\" content=\"Tiempo de lectura\" \/>\n\t<meta name=\"twitter:data2\" content=\"6 minutos\" \/>\n<script type=\"application\/ld+json\" class=\"yoast-schema-graph\">{\"@context\":\"https:\/\/schema.org\",\"@graph\":[{\"@type\":\"WebPage\",\"@id\":\"https:\/\/www.asajacyl.com\/leon\/asaja-leon-informa\/pedro-barato-reelegido-presidente-de-asaja\",\"url\":\"https:\/\/www.asajacyl.com\/leon\/asaja-leon-informa\/pedro-barato-reelegido-presidente-de-asaja\",\"name\":\"PEDRO BARATO, REELEGIDO PRESIDENTE DE ASAJA - ASAJA Le\u00f3n\",\"isPartOf\":{\"@id\":\"https:\/\/www.asajacyl.com\/leon\/#website\"},\"primaryImageOfPage\":{\"@id\":\"https:\/\/www.asajacyl.com\/leon\/asaja-leon-informa\/pedro-barato-reelegido-presidente-de-asaja#primaryimage\"},\"image\":{\"@id\":\"https:\/\/www.asajacyl.com\/leon\/asaja-leon-informa\/pedro-barato-reelegido-presidente-de-asaja#primaryimage\"},\"thumbnailUrl\":\"https:\/\/www.asajacyl.com\/leon\/wp-content\/uploads\/sites\/6\/2017\/11\/im_predefinida_1920x1080.jpg\",\"datePublished\":\"2014-01-21T23:00:00+00:00\",\"author\":{\"@id\":\"https:\/\/www.asajacyl.com\/leon\/#\/schema\/person\/7e884476cee132331142e8ac9689f20c\"},\"description\":\"Madrid, 22 de enero de 2014.- La Asamblea General de ASAJA, celebrada hoy en el hotel Hesperia de Madrid, ha reelegido a Pedro Barato como presidente de la Organizaci&#243;n para liderar una nueva etapa durante los pr&#243;ximos cuatro a&#241;os. En este nuevo mandato, Barato apuesta por la renovaci&#243;n, la profesionalidad y la unidad del sector en un momento trascendente para el campo espa&#241;ol. Respecto al acuerdo alcanzado sobre la aplicaci&#243;n de la PAC, Barato considera que es equilibrado y que se han sentado las bases de lo que puede considerarse el modelo agrario para Espa&#241;a, que deber&#225; verse completado con otras medidas de car&#225;cter nacional\",\"breadcrumb\":{\"@id\":\"https:\/\/www.asajacyl.com\/leon\/asaja-leon-informa\/pedro-barato-reelegido-presidente-de-asaja#breadcrumb\"},\"inLanguage\":\"es\",\"potentialAction\":[{\"@type\":\"ReadAction\",\"target\":[\"https:\/\/www.asajacyl.com\/leon\/asaja-leon-informa\/pedro-barato-reelegido-presidente-de-asaja\"]}]},{\"@type\":\"ImageObject\",\"inLanguage\":\"es\",\"@id\":\"https:\/\/www.asajacyl.com\/leon\/asaja-leon-informa\/pedro-barato-reelegido-presidente-de-asaja#primaryimage\",\"url\":\"https:\/\/www.asajacyl.com\/leon\/wp-content\/uploads\/sites\/6\/2017\/11\/im_predefinida_1920x1080.jpg\",\"contentUrl\":\"https:\/\/www.asajacyl.com\/leon\/wp-content\/uploads\/sites\/6\/2017\/11\/im_predefinida_1920x1080.jpg\",\"width\":1920,\"height\":1080,\"caption\":\"Logotipo ASAJA Le\u00f3n\"},{\"@type\":\"BreadcrumbList\",\"@id\":\"https:\/\/www.asajacyl.com\/leon\/asaja-leon-informa\/pedro-barato-reelegido-presidente-de-asaja#breadcrumb\",\"itemListElement\":[{\"@type\":\"ListItem\",\"position\":1,\"name\":\"Portada\",\"item\":\"https:\/\/www.asajacyl.com\/leon\/\"},{\"@type\":\"ListItem\",\"position\":2,\"name\":\"PEDRO BARATO, REELEGIDO PRESIDENTE DE ASAJA\"}]},{\"@type\":\"WebSite\",\"@id\":\"https:\/\/www.asajacyl.com\/leon\/#website\",\"url\":\"https:\/\/www.asajacyl.com\/leon\/\",\"name\":\"ASAJA Le\u00f3n\",\"description\":\"Otro sitio m\u00e1s de Provincias ASAJA Castilla y Le\u00f3n\",\"potentialAction\":[{\"@type\":\"SearchAction\",\"target\":{\"@type\":\"EntryPoint\",\"urlTemplate\":\"https:\/\/www.asajacyl.com\/leon\/?s={search_term_string}\"},\"query-input\":{\"@type\":\"PropertyValueSpecification\",\"valueRequired\":true,\"valueName\":\"search_term_string\"}}],\"inLanguage\":\"es\"},{\"@type\":\"Person\",\"@id\":\"https:\/\/www.asajacyl.com\/leon\/#\/schema\/person\/7e884476cee132331142e8ac9689f20c\",\"name\":\"Editor\",\"image\":{\"@type\":\"ImageObject\",\"inLanguage\":\"es\",\"@id\":\"https:\/\/www.asajacyl.com\/leon\/#\/schema\/person\/image\/\",\"url\":\"https:\/\/secure.gravatar.com\/avatar\/a2ef43c165669686cfcfb0e1ffa59869?s=96&d=mm&r=g\",\"contentUrl\":\"https:\/\/secure.gravatar.com\/avatar\/a2ef43c165669686cfcfb0e1ffa59869?s=96&d=mm&r=g\",\"caption\":\"Editor\"},\"url\":\"https:\/\/www.asajacyl.com\/leon\/author\/oscargg\"}]}<\/script>\n<!-- \/ Yoast SEO plugin. -->","yoast_head_json":{"title":"PEDRO BARATO, REELEGIDO PRESIDENTE DE ASAJA - ASAJA Le\u00f3n","description":"Madrid, 22 de enero de 2014.- La Asamblea General de ASAJA, celebrada hoy en el hotel Hesperia de Madrid, ha reelegido a Pedro Barato como presidente de la Organizaci&#243;n para liderar una nueva etapa durante los pr&#243;ximos cuatro a&#241;os. En este nuevo mandato, Barato apuesta por la renovaci&#243;n, la profesionalidad y la unidad del sector en un momento trascendente para el campo espa&#241;ol. Respecto al acuerdo alcanzado sobre la aplicaci&#243;n de la PAC, Barato considera que es equilibrado y que se han sentado las bases de lo que puede considerarse el modelo agrario para Espa&#241;a, que deber&#225; verse completado con otras medidas de car&#225;cter nacional","robots":{"index":"index","follow":"follow","max-snippet":"max-snippet:-1","max-image-preview":"max-image-preview:large","max-video-preview":"max-video-preview:-1"},"canonical":"https:\/\/www.asajacyl.com\/leon\/asaja-leon-informa\/pedro-barato-reelegido-presidente-de-asaja","og_locale":"es_ES","og_type":"article","og_title":"PEDRO BARATO, REELEGIDO PRESIDENTE DE ASAJA - ASAJA Le\u00f3n","og_description":"Madrid, 22 de enero de 2014.- La Asamblea General de ASAJA, celebrada hoy en el hotel Hesperia de Madrid, ha reelegido a Pedro Barato como presidente de la Organizaci&#243;n para liderar una nueva etapa durante los pr&#243;ximos cuatro a&#241;os. En este nuevo mandato, Barato apuesta por la renovaci&#243;n, la profesionalidad y la unidad del sector en un momento trascendente para el campo espa&#241;ol. Respecto al acuerdo alcanzado sobre la aplicaci&#243;n de la PAC, Barato considera que es equilibrado y que se han sentado las bases de lo que puede considerarse el modelo agrario para Espa&#241;a, que deber&#225; verse completado con otras medidas de car&#225;cter nacional","og_url":"https:\/\/www.asajacyl.com\/leon\/asaja-leon-informa\/pedro-barato-reelegido-presidente-de-asaja","og_site_name":"ASAJA Le\u00f3n","article_published_time":"2014-01-21T23:00:00+00:00","og_image":[{"width":1920,"height":1080,"url":"https:\/\/www.asajacyl.com\/leon\/wp-content\/uploads\/sites\/6\/2017\/11\/im_predefinida_1920x1080.jpg","type":"image\/jpeg"}],"author":"Editor","twitter_card":"summary_large_image","twitter_misc":{"Escrito por":"Editor","Tiempo de lectura":"6 minutos"},"schema":{"@context":"https:\/\/schema.org","@graph":[{"@type":"WebPage","@id":"https:\/\/www.asajacyl.com\/leon\/asaja-leon-informa\/pedro-barato-reelegido-presidente-de-asaja","url":"https:\/\/www.asajacyl.com\/leon\/asaja-leon-informa\/pedro-barato-reelegido-presidente-de-asaja","name":"PEDRO BARATO, REELEGIDO PRESIDENTE DE ASAJA - ASAJA Le\u00f3n","isPartOf":{"@id":"https:\/\/www.asajacyl.com\/leon\/#website"},"primaryImageOfPage":{"@id":"https:\/\/www.asajacyl.com\/leon\/asaja-leon-informa\/pedro-barato-reelegido-presidente-de-asaja#primaryimage"},"image":{"@id":"https:\/\/www.asajacyl.com\/leon\/asaja-leon-informa\/pedro-barato-reelegido-presidente-de-asaja#primaryimage"},"thumbnailUrl":"https:\/\/www.asajacyl.com\/leon\/wp-content\/uploads\/sites\/6\/2017\/11\/im_predefinida_1920x1080.jpg","datePublished":"2014-01-21T23:00:00+00:00","author":{"@id":"https:\/\/www.asajacyl.com\/leon\/#\/schema\/person\/7e884476cee132331142e8ac9689f20c"},"description":"Madrid, 22 de enero de 2014.- La Asamblea General de ASAJA, celebrada hoy en el hotel Hesperia de Madrid, ha reelegido a Pedro Barato como presidente de la Organizaci&#243;n para liderar una nueva etapa durante los pr&#243;ximos cuatro a&#241;os. En este nuevo mandato, Barato apuesta por la renovaci&#243;n, la profesionalidad y la unidad del sector en un momento trascendente para el campo espa&#241;ol. Respecto al acuerdo alcanzado sobre la aplicaci&#243;n de la PAC, Barato considera que es equilibrado y que se han sentado las bases de lo que puede considerarse el modelo agrario para Espa&#241;a, que deber&#225; verse completado con otras medidas de car&#225;cter nacional","breadcrumb":{"@id":"https:\/\/www.asajacyl.com\/leon\/asaja-leon-informa\/pedro-barato-reelegido-presidente-de-asaja#breadcrumb"},"inLanguage":"es","potentialAction":[{"@type":"ReadAction","target":["https:\/\/www.asajacyl.com\/leon\/asaja-leon-informa\/pedro-barato-reelegido-presidente-de-asaja"]}]},{"@type":"ImageObject","inLanguage":"es","@id":"https:\/\/www.asajacyl.com\/leon\/asaja-leon-informa\/pedro-barato-reelegido-presidente-de-asaja#primaryimage","url":"https:\/\/www.asajacyl.com\/leon\/wp-content\/uploads\/sites\/6\/2017\/11\/im_predefinida_1920x1080.jpg","contentUrl":"https:\/\/www.asajacyl.com\/leon\/wp-content\/uploads\/sites\/6\/2017\/11\/im_predefinida_1920x1080.jpg","width":1920,"height":1080,"caption":"Logotipo ASAJA Le\u00f3n"},{"@type":"BreadcrumbList","@id":"https:\/\/www.asajacyl.com\/leon\/asaja-leon-informa\/pedro-barato-reelegido-presidente-de-asaja#breadcrumb","itemListElement":[{"@type":"ListItem","position":1,"name":"Portada","item":"https:\/\/www.asajacyl.com\/leon\/"},{"@type":"ListItem","position":2,"name":"PEDRO BARATO, REELEGIDO PRESIDENTE DE ASAJA"}]},{"@type":"WebSite","@id":"https:\/\/www.asajacyl.com\/leon\/#website","url":"https:\/\/www.asajacyl.com\/leon\/","name":"ASAJA Le\u00f3n","description":"Otro sitio m\u00e1s de Provincias ASAJA Castilla y Le\u00f3n","potentialAction":[{"@type":"SearchAction","target":{"@type":"EntryPoint","urlTemplate":"https:\/\/www.asajacyl.com\/leon\/?s={search_term_string}"},"query-input":{"@type":"PropertyValueSpecification","valueRequired":true,"valueName":"search_term_string"}}],"inLanguage":"es"},{"@type":"Person","@id":"https:\/\/www.asajacyl.com\/leon\/#\/schema\/person\/7e884476cee132331142e8ac9689f20c","name":"Editor","image":{"@type":"ImageObject","inLanguage":"es","@id":"https:\/\/www.asajacyl.com\/leon\/#\/schema\/person\/image\/","url":"https:\/\/secure.gravatar.com\/avatar\/a2ef43c165669686cfcfb0e1ffa59869?s=96&d=mm&r=g","contentUrl":"https:\/\/secure.gravatar.com\/avatar\/a2ef43c165669686cfcfb0e1ffa59869?s=96&d=mm&r=g","caption":"Editor"},"url":"https:\/\/www.asajacyl.com\/leon\/author\/oscargg"}]}},"_links":{"self":[{"href":"https:\/\/www.asajacyl.com\/leon\/wp-json\/wp\/v2\/posts\/6692"}],"collection":[{"href":"https:\/\/www.asajacyl.com\/leon\/wp-json\/wp\/v2\/posts"}],"about":[{"href":"https:\/\/www.asajacyl.com\/leon\/wp-json\/wp\/v2\/types\/post"}],"author":[{"embeddable":true,"href":"https:\/\/www.asajacyl.com\/leon\/wp-json\/wp\/v2\/users\/3"}],"replies":[{"embeddable":true,"href":"https:\/\/www.asajacyl.com\/leon\/wp-json\/wp\/v2\/comments?post=6692"}],"version-history":[{"count":0,"href":"https:\/\/www.asajacyl.com\/leon\/wp-json\/wp\/v2\/posts\/6692\/revisions"}],"wp:featuredmedia":[{"embeddable":true,"href":"https:\/\/www.asajacyl.com\/leon\/wp-json\/wp\/v2\/media\/8174"}],"wp:attachment":[{"href":"https:\/\/www.asajacyl.com\/leon\/wp-json\/wp\/v2\/media?parent=6692"}],"wp:term":[{"taxonomy":"category","embeddable":true,"href":"https:\/\/www.asajacyl.com\/leon\/wp-json\/wp\/v2\/categories?post=6692"},{"taxonomy":"post_tag","embeddable":true,"href":"https:\/\/www.asajacyl.com\/leon\/wp-json\/wp\/v2\/tags?post=6692"}],"curies":[{"name":"wp","href":"https:\/\/api.w.org\/{rel}","templated":true}]}}