{"id":6734,"date":"2013-12-02T00:00:00","date_gmt":"2013-12-01T23:00:00","guid":{"rendered":"http:\/\/www.asajacyl.com\/leon\/sin-categoria\/asaja-considera-acertados-los-cambios-en-la-normativa-que-regula-las-elecciones-al-c-r-d-o-bierzo"},"modified":"2013-12-02T00:00:00","modified_gmt":"2013-12-01T23:00:00","slug":"asaja-considera-acertados-los-cambios-en-la-normativa-que-regula-las-elecciones-al-c-r-d-o-bierzo","status":"publish","type":"post","link":"https:\/\/www.asajacyl.com\/leon\/asaja-leon-informa\/asaja-considera-acertados-los-cambios-en-la-normativa-que-regula-las-elecciones-al-c-r-d-o-bierzo","title":{"rendered":"ASAJA CONSIDERA ACERTADOS LOS CAMBIOS EN LA NORMATIVA QUE REGULA LAS ELECCIONES AL C.R.D.O. BIERZO"},"content":{"rendered":"<h2>La organizaci&#243;n agraria ASAJA considera acertados los cambios que se han introducido en los censos de operadores de cara a las elecciones al C.R. de la D.O. Bierzo, convocadas mediante la Orden AYG\/996\/2013 de 21 de noviembre, publicada en el BOCYL de hoy lunes 2 de diciembre.<\/h2>\n<div align=\"center\"><b><font color=\"#003300\">ASAJA CONSIDERA ACERTADOS LOS CAMBIOS EN LA NORMATIVA QUE REGULA LAS ELECCIONES AL C.R.D.O. BIERZO<\/font><\/b><\/div>\n<div align=\"justify\">&#160;<\/div>\n<div align=\"justify\">La organizaci&#243;n agraria ASAJA considera acertados los cambios que se han introducido en los censos de operadores de cara a las elecciones al C.R. de la D.O. Bierzo, convocadas mediante la Orden AYG\/996\/2013 de 21 de noviembre, publicada en el BOCYL de hoy lunes 2 de diciembre. La nueva distribuci&#243;n por estratos seg&#250;n el tama&#241;o de las bodegas y la superficie de vi&#241;edo del sector productor, hace que se d&#233; m&#225;s protagonismo a los profesionales, a los viticultores que tienen en el vi&#241;edo la &#250;nica o principal fuente de ingresos. ASAJA considera que en el Consejo Regulador deben de estar los viticultores y bodegueros que de verdad est&#233;n comprometidos con la calidad de la uva y el vino, quienes desempe&#241;en la vitivinicultura como actividad profesional, y quienes consideren que el Consejo debe de ser una herramienta clave de apoyo a la promoci&#243;n y la comercializaci&#243;n del vino, as&#237; como para &#160;la internacionalizaci&#243;n de las empresas.<\/div>\n<div align=\"justify\">&#160;<\/div>\n<div align=\"justify\">ASAJA espera que tras el proceso electoral que se celebrar&#225; el 2 de febrero se pueda constituir un nuevo Consejo que goce de un amplio respaldo social adem&#225;s de la legitimidad democr&#225;tica, y que&#160; sepa tomar las decisiones m&#225;s acertadas para fortalecer la propia instituci&#243;n y ser una herramienta de gran utilidad para el sector vitivin&#237;cola. La organizaci&#243;n agraria ASAJA, que como ya hab&#237;a anunciado promueve una candidatura de productores, manifiesta su voluntad de llegar a un consenso con todas las partes implicadas para promover una candidatura &#250;nica que una vez proclamada, por ser &#250;nica, no requiera concurrir al proceso electoral.<\/div>\n<div align=\"justify\">&#160;<\/div>\n<div align=\"justify\">Ponferrada, a 2 de diciembre de 2013.<\/div>\n","protected":false},"excerpt":{"rendered":"<p>La organizaci&#243;n agraria ASAJA considera acertados los cambios que se han introducido en los censos de operadores de cara a las elecciones al C.R. de la D.O. Bierzo, convocadas mediante la Orden AYG\/996\/2013 de 21 de noviembre, publicada en el BOCYL de hoy lunes 2 de diciembre.<\/p>\n","protected":false},"author":3,"featured_media":8174,"comment_status":"open","ping_status":"open","sticky":false,"template":"","format":"standard","meta":{"footnotes":""},"categories":[4,9],"tags":[],"yoast_head":"<!-- This site is optimized with the Yoast SEO plugin v24.5 - https:\/\/yoast.com\/wordpress\/plugins\/seo\/ -->\n<title>ASAJA CONSIDERA ACERTADOS LOS CAMBIOS EN LA NORMATIVA QUE REGULA LAS ELECCIONES AL C.R.D.O. BIERZO - ASAJA Le\u00f3n<\/title>\n<meta name=\"description\" content=\"La organizaci&#243;n agraria ASAJA considera acertados los cambios que se han introducido en los censos de operadores de cara a las elecciones al C.R. de la D.O. Bierzo, convocadas mediante la Orden AYG\/996\/2013 de 21 de noviembre, publicada en el BOCYL de hoy lunes 2 de diciembre.\" \/>\n<meta name=\"robots\" content=\"index, follow, max-snippet:-1, max-image-preview:large, max-video-preview:-1\" \/>\n<link rel=\"canonical\" href=\"https:\/\/www.asajacyl.com\/leon\/asaja-leon-informa\/asaja-considera-acertados-los-cambios-en-la-normativa-que-regula-las-elecciones-al-c-r-d-o-bierzo\" \/>\n<meta property=\"og:locale\" content=\"es_ES\" \/>\n<meta property=\"og:type\" content=\"article\" \/>\n<meta property=\"og:title\" content=\"ASAJA CONSIDERA ACERTADOS LOS CAMBIOS EN LA NORMATIVA QUE REGULA LAS ELECCIONES AL C.R.D.O. BIERZO - ASAJA Le\u00f3n\" \/>\n<meta property=\"og:description\" content=\"La organizaci&#243;n agraria ASAJA considera acertados los cambios que se han introducido en los censos de operadores de cara a las elecciones al C.R. de la D.O. Bierzo, convocadas mediante la Orden AYG\/996\/2013 de 21 de noviembre, publicada en el BOCYL de hoy lunes 2 de diciembre.\" \/>\n<meta property=\"og:url\" content=\"https:\/\/www.asajacyl.com\/leon\/asaja-leon-informa\/asaja-considera-acertados-los-cambios-en-la-normativa-que-regula-las-elecciones-al-c-r-d-o-bierzo\" \/>\n<meta property=\"og:site_name\" content=\"ASAJA Le\u00f3n\" \/>\n<meta property=\"article:published_time\" content=\"2013-12-01T23:00:00+00:00\" \/>\n<meta property=\"og:image\" content=\"https:\/\/www.asajacyl.com\/leon\/wp-content\/uploads\/sites\/6\/2017\/11\/im_predefinida_1920x1080.jpg\" \/>\n\t<meta property=\"og:image:width\" content=\"1920\" \/>\n\t<meta property=\"og:image:height\" content=\"1080\" \/>\n\t<meta property=\"og:image:type\" content=\"image\/jpeg\" \/>\n<meta name=\"author\" content=\"Editor\" \/>\n<meta name=\"twitter:card\" content=\"summary_large_image\" \/>\n<meta name=\"twitter:label1\" content=\"Escrito por\" \/>\n\t<meta name=\"twitter:data1\" content=\"Editor\" \/>\n\t<meta name=\"twitter:label2\" content=\"Tiempo de lectura\" \/>\n\t<meta name=\"twitter:data2\" content=\"2 minutos\" \/>\n<script type=\"application\/ld+json\" class=\"yoast-schema-graph\">{\"@context\":\"https:\/\/schema.org\",\"@graph\":[{\"@type\":\"WebPage\",\"@id\":\"https:\/\/www.asajacyl.com\/leon\/asaja-leon-informa\/asaja-considera-acertados-los-cambios-en-la-normativa-que-regula-las-elecciones-al-c-r-d-o-bierzo\",\"url\":\"https:\/\/www.asajacyl.com\/leon\/asaja-leon-informa\/asaja-considera-acertados-los-cambios-en-la-normativa-que-regula-las-elecciones-al-c-r-d-o-bierzo\",\"name\":\"ASAJA CONSIDERA ACERTADOS LOS CAMBIOS EN LA NORMATIVA QUE REGULA LAS ELECCIONES AL C.R.D.O. BIERZO - ASAJA Le\u00f3n\",\"isPartOf\":{\"@id\":\"https:\/\/www.asajacyl.com\/leon\/#website\"},\"primaryImageOfPage\":{\"@id\":\"https:\/\/www.asajacyl.com\/leon\/asaja-leon-informa\/asaja-considera-acertados-los-cambios-en-la-normativa-que-regula-las-elecciones-al-c-r-d-o-bierzo#primaryimage\"},\"image\":{\"@id\":\"https:\/\/www.asajacyl.com\/leon\/asaja-leon-informa\/asaja-considera-acertados-los-cambios-en-la-normativa-que-regula-las-elecciones-al-c-r-d-o-bierzo#primaryimage\"},\"thumbnailUrl\":\"https:\/\/www.asajacyl.com\/leon\/wp-content\/uploads\/sites\/6\/2017\/11\/im_predefinida_1920x1080.jpg\",\"datePublished\":\"2013-12-01T23:00:00+00:00\",\"author\":{\"@id\":\"https:\/\/www.asajacyl.com\/leon\/#\/schema\/person\/7e884476cee132331142e8ac9689f20c\"},\"description\":\"La organizaci&#243;n agraria ASAJA considera acertados los cambios que se han introducido en los censos de operadores de cara a las elecciones al C.R. de la D.O. Bierzo, convocadas mediante la Orden AYG\/996\/2013 de 21 de noviembre, publicada en el BOCYL de hoy lunes 2 de diciembre.\",\"breadcrumb\":{\"@id\":\"https:\/\/www.asajacyl.com\/leon\/asaja-leon-informa\/asaja-considera-acertados-los-cambios-en-la-normativa-que-regula-las-elecciones-al-c-r-d-o-bierzo#breadcrumb\"},\"inLanguage\":\"es\",\"potentialAction\":[{\"@type\":\"ReadAction\",\"target\":[\"https:\/\/www.asajacyl.com\/leon\/asaja-leon-informa\/asaja-considera-acertados-los-cambios-en-la-normativa-que-regula-las-elecciones-al-c-r-d-o-bierzo\"]}]},{\"@type\":\"ImageObject\",\"inLanguage\":\"es\",\"@id\":\"https:\/\/www.asajacyl.com\/leon\/asaja-leon-informa\/asaja-considera-acertados-los-cambios-en-la-normativa-que-regula-las-elecciones-al-c-r-d-o-bierzo#primaryimage\",\"url\":\"https:\/\/www.asajacyl.com\/leon\/wp-content\/uploads\/sites\/6\/2017\/11\/im_predefinida_1920x1080.jpg\",\"contentUrl\":\"https:\/\/www.asajacyl.com\/leon\/wp-content\/uploads\/sites\/6\/2017\/11\/im_predefinida_1920x1080.jpg\",\"width\":1920,\"height\":1080,\"caption\":\"Logotipo ASAJA Le\u00f3n\"},{\"@type\":\"BreadcrumbList\",\"@id\":\"https:\/\/www.asajacyl.com\/leon\/asaja-leon-informa\/asaja-considera-acertados-los-cambios-en-la-normativa-que-regula-las-elecciones-al-c-r-d-o-bierzo#breadcrumb\",\"itemListElement\":[{\"@type\":\"ListItem\",\"position\":1,\"name\":\"Portada\",\"item\":\"https:\/\/www.asajacyl.com\/leon\/\"},{\"@type\":\"ListItem\",\"position\":2,\"name\":\"ASAJA CONSIDERA ACERTADOS LOS CAMBIOS EN LA NORMATIVA QUE REGULA LAS ELECCIONES AL C.R.D.O. BIERZO\"}]},{\"@type\":\"WebSite\",\"@id\":\"https:\/\/www.asajacyl.com\/leon\/#website\",\"url\":\"https:\/\/www.asajacyl.com\/leon\/\",\"name\":\"ASAJA Le\u00f3n\",\"description\":\"Otro sitio m\u00e1s de Provincias ASAJA Castilla y Le\u00f3n\",\"potentialAction\":[{\"@type\":\"SearchAction\",\"target\":{\"@type\":\"EntryPoint\",\"urlTemplate\":\"https:\/\/www.asajacyl.com\/leon\/?s={search_term_string}\"},\"query-input\":{\"@type\":\"PropertyValueSpecification\",\"valueRequired\":true,\"valueName\":\"search_term_string\"}}],\"inLanguage\":\"es\"},{\"@type\":\"Person\",\"@id\":\"https:\/\/www.asajacyl.com\/leon\/#\/schema\/person\/7e884476cee132331142e8ac9689f20c\",\"name\":\"Editor\",\"image\":{\"@type\":\"ImageObject\",\"inLanguage\":\"es\",\"@id\":\"https:\/\/www.asajacyl.com\/leon\/#\/schema\/person\/image\/\",\"url\":\"https:\/\/secure.gravatar.com\/avatar\/a2ef43c165669686cfcfb0e1ffa59869?s=96&d=mm&r=g\",\"contentUrl\":\"https:\/\/secure.gravatar.com\/avatar\/a2ef43c165669686cfcfb0e1ffa59869?s=96&d=mm&r=g\",\"caption\":\"Editor\"},\"url\":\"https:\/\/www.asajacyl.com\/leon\/author\/oscargg\"}]}<\/script>\n<!-- \/ Yoast SEO plugin. -->","yoast_head_json":{"title":"ASAJA CONSIDERA ACERTADOS LOS CAMBIOS EN LA NORMATIVA QUE REGULA LAS ELECCIONES AL C.R.D.O. BIERZO - ASAJA Le\u00f3n","description":"La organizaci&#243;n agraria ASAJA considera acertados los cambios que se han introducido en los censos de operadores de cara a las elecciones al C.R. de la D.O. Bierzo, convocadas mediante la Orden AYG\/996\/2013 de 21 de noviembre, publicada en el BOCYL de hoy lunes 2 de diciembre.","robots":{"index":"index","follow":"follow","max-snippet":"max-snippet:-1","max-image-preview":"max-image-preview:large","max-video-preview":"max-video-preview:-1"},"canonical":"https:\/\/www.asajacyl.com\/leon\/asaja-leon-informa\/asaja-considera-acertados-los-cambios-en-la-normativa-que-regula-las-elecciones-al-c-r-d-o-bierzo","og_locale":"es_ES","og_type":"article","og_title":"ASAJA CONSIDERA ACERTADOS LOS CAMBIOS EN LA NORMATIVA QUE REGULA LAS ELECCIONES AL C.R.D.O. BIERZO - ASAJA Le\u00f3n","og_description":"La organizaci&#243;n agraria ASAJA considera acertados los cambios que se han introducido en los censos de operadores de cara a las elecciones al C.R. de la D.O. Bierzo, convocadas mediante la Orden AYG\/996\/2013 de 21 de noviembre, publicada en el BOCYL de hoy lunes 2 de diciembre.","og_url":"https:\/\/www.asajacyl.com\/leon\/asaja-leon-informa\/asaja-considera-acertados-los-cambios-en-la-normativa-que-regula-las-elecciones-al-c-r-d-o-bierzo","og_site_name":"ASAJA Le\u00f3n","article_published_time":"2013-12-01T23:00:00+00:00","og_image":[{"width":1920,"height":1080,"url":"https:\/\/www.asajacyl.com\/leon\/wp-content\/uploads\/sites\/6\/2017\/11\/im_predefinida_1920x1080.jpg","type":"image\/jpeg"}],"author":"Editor","twitter_card":"summary_large_image","twitter_misc":{"Escrito por":"Editor","Tiempo de lectura":"2 minutos"},"schema":{"@context":"https:\/\/schema.org","@graph":[{"@type":"WebPage","@id":"https:\/\/www.asajacyl.com\/leon\/asaja-leon-informa\/asaja-considera-acertados-los-cambios-en-la-normativa-que-regula-las-elecciones-al-c-r-d-o-bierzo","url":"https:\/\/www.asajacyl.com\/leon\/asaja-leon-informa\/asaja-considera-acertados-los-cambios-en-la-normativa-que-regula-las-elecciones-al-c-r-d-o-bierzo","name":"ASAJA CONSIDERA ACERTADOS LOS CAMBIOS EN LA NORMATIVA QUE REGULA LAS ELECCIONES AL C.R.D.O. BIERZO - ASAJA Le\u00f3n","isPartOf":{"@id":"https:\/\/www.asajacyl.com\/leon\/#website"},"primaryImageOfPage":{"@id":"https:\/\/www.asajacyl.com\/leon\/asaja-leon-informa\/asaja-considera-acertados-los-cambios-en-la-normativa-que-regula-las-elecciones-al-c-r-d-o-bierzo#primaryimage"},"image":{"@id":"https:\/\/www.asajacyl.com\/leon\/asaja-leon-informa\/asaja-considera-acertados-los-cambios-en-la-normativa-que-regula-las-elecciones-al-c-r-d-o-bierzo#primaryimage"},"thumbnailUrl":"https:\/\/www.asajacyl.com\/leon\/wp-content\/uploads\/sites\/6\/2017\/11\/im_predefinida_1920x1080.jpg","datePublished":"2013-12-01T23:00:00+00:00","author":{"@id":"https:\/\/www.asajacyl.com\/leon\/#\/schema\/person\/7e884476cee132331142e8ac9689f20c"},"description":"La organizaci&#243;n agraria ASAJA considera acertados los cambios que se han introducido en los censos de operadores de cara a las elecciones al C.R. de la D.O. Bierzo, convocadas mediante la Orden AYG\/996\/2013 de 21 de noviembre, publicada en el BOCYL de hoy lunes 2 de diciembre.","breadcrumb":{"@id":"https:\/\/www.asajacyl.com\/leon\/asaja-leon-informa\/asaja-considera-acertados-los-cambios-en-la-normativa-que-regula-las-elecciones-al-c-r-d-o-bierzo#breadcrumb"},"inLanguage":"es","potentialAction":[{"@type":"ReadAction","target":["https:\/\/www.asajacyl.com\/leon\/asaja-leon-informa\/asaja-considera-acertados-los-cambios-en-la-normativa-que-regula-las-elecciones-al-c-r-d-o-bierzo"]}]},{"@type":"ImageObject","inLanguage":"es","@id":"https:\/\/www.asajacyl.com\/leon\/asaja-leon-informa\/asaja-considera-acertados-los-cambios-en-la-normativa-que-regula-las-elecciones-al-c-r-d-o-bierzo#primaryimage","url":"https:\/\/www.asajacyl.com\/leon\/wp-content\/uploads\/sites\/6\/2017\/11\/im_predefinida_1920x1080.jpg","contentUrl":"https:\/\/www.asajacyl.com\/leon\/wp-content\/uploads\/sites\/6\/2017\/11\/im_predefinida_1920x1080.jpg","width":1920,"height":1080,"caption":"Logotipo ASAJA Le\u00f3n"},{"@type":"BreadcrumbList","@id":"https:\/\/www.asajacyl.com\/leon\/asaja-leon-informa\/asaja-considera-acertados-los-cambios-en-la-normativa-que-regula-las-elecciones-al-c-r-d-o-bierzo#breadcrumb","itemListElement":[{"@type":"ListItem","position":1,"name":"Portada","item":"https:\/\/www.asajacyl.com\/leon\/"},{"@type":"ListItem","position":2,"name":"ASAJA CONSIDERA ACERTADOS LOS CAMBIOS EN LA NORMATIVA QUE REGULA LAS ELECCIONES AL C.R.D.O. BIERZO"}]},{"@type":"WebSite","@id":"https:\/\/www.asajacyl.com\/leon\/#website","url":"https:\/\/www.asajacyl.com\/leon\/","name":"ASAJA Le\u00f3n","description":"Otro sitio m\u00e1s de Provincias ASAJA Castilla y Le\u00f3n","potentialAction":[{"@type":"SearchAction","target":{"@type":"EntryPoint","urlTemplate":"https:\/\/www.asajacyl.com\/leon\/?s={search_term_string}"},"query-input":{"@type":"PropertyValueSpecification","valueRequired":true,"valueName":"search_term_string"}}],"inLanguage":"es"},{"@type":"Person","@id":"https:\/\/www.asajacyl.com\/leon\/#\/schema\/person\/7e884476cee132331142e8ac9689f20c","name":"Editor","image":{"@type":"ImageObject","inLanguage":"es","@id":"https:\/\/www.asajacyl.com\/leon\/#\/schema\/person\/image\/","url":"https:\/\/secure.gravatar.com\/avatar\/a2ef43c165669686cfcfb0e1ffa59869?s=96&d=mm&r=g","contentUrl":"https:\/\/secure.gravatar.com\/avatar\/a2ef43c165669686cfcfb0e1ffa59869?s=96&d=mm&r=g","caption":"Editor"},"url":"https:\/\/www.asajacyl.com\/leon\/author\/oscargg"}]}},"_links":{"self":[{"href":"https:\/\/www.asajacyl.com\/leon\/wp-json\/wp\/v2\/posts\/6734"}],"collection":[{"href":"https:\/\/www.asajacyl.com\/leon\/wp-json\/wp\/v2\/posts"}],"about":[{"href":"https:\/\/www.asajacyl.com\/leon\/wp-json\/wp\/v2\/types\/post"}],"author":[{"embeddable":true,"href":"https:\/\/www.asajacyl.com\/leon\/wp-json\/wp\/v2\/users\/3"}],"replies":[{"embeddable":true,"href":"https:\/\/www.asajacyl.com\/leon\/wp-json\/wp\/v2\/comments?post=6734"}],"version-history":[{"count":0,"href":"https:\/\/www.asajacyl.com\/leon\/wp-json\/wp\/v2\/posts\/6734\/revisions"}],"wp:featuredmedia":[{"embeddable":true,"href":"https:\/\/www.asajacyl.com\/leon\/wp-json\/wp\/v2\/media\/8174"}],"wp:attachment":[{"href":"https:\/\/www.asajacyl.com\/leon\/wp-json\/wp\/v2\/media?parent=6734"}],"wp:term":[{"taxonomy":"category","embeddable":true,"href":"https:\/\/www.asajacyl.com\/leon\/wp-json\/wp\/v2\/categories?post=6734"},{"taxonomy":"post_tag","embeddable":true,"href":"https:\/\/www.asajacyl.com\/leon\/wp-json\/wp\/v2\/tags?post=6734"}],"curies":[{"name":"wp","href":"https:\/\/api.w.org\/{rel}","templated":true}]}}