{"id":6736,"date":"2013-11-14T00:00:00","date_gmt":"2013-11-13T23:00:00","guid":{"rendered":"http:\/\/www.asajacyl.com\/leon\/sin-categoria\/el-subdelegado-del-gobierno-presenta-a-las-organizaciones-agrarias-de-la-provincia-el-equipo-roca-que-opera-en-len"},"modified":"2013-11-14T00:00:00","modified_gmt":"2013-11-13T23:00:00","slug":"el-subdelegado-del-gobierno-presenta-a-las-organizaciones-agrarias-de-la-provincia-el-equipo-roca-que-opera-en-len","status":"publish","type":"post","link":"https:\/\/www.asajacyl.com\/leon\/asaja-leon-informa\/el-subdelegado-del-gobierno-presenta-a-las-organizaciones-agrarias-de-la-provincia-el-equipo-roca-que-opera-en-len","title":{"rendered":"EL SUBDELEGADO DEL GOBIERNO PRESENTA A LAS ORGANIZACIONES AGRARIAS DE LA PROVINCIA EL EQUIPO ROCA QUE OPERA EN LE&#211;N"},"content":{"rendered":"<h2>Se insiste en la necesidad de denunciar todos los robos en explotaciones agropecuarias, incluyendo la valoraci&#243;n de lo robado y los da&#241;os producidos, para que los efectivos policiales puedan investigar los hechos<\/h2>\n<div align=\"center\"><font color=\"#008080\"><b><u>Est&#225; integrado por cinco componentes de <\/u><\/b><b><u>la Guardia<\/u><\/b><b><u> Civil<\/u><\/b><\/font><\/div>\n<div align=\"center\"><strong><u><\/u><\/strong><b><u><\/u><\/b><\/div>\n<div align=\"center\"><b><font color=\"#003300\">EL SUBDELEGADO DEL GOBIERNO PRESENTA A LAS ORGANIZACIONES AGRARIAS DE LA PROVINCIA EL EQUIPO ROCA QUE OPERA EN LE&#211;N<\/font><\/b><\/div>\n<div align=\"justify\"><strong><\/strong><\/div>\n<div align=\"justify\">&#183;&#160;&#160;&#160;&#160;&#160;&#160;&#160; <b>Se insiste en la necesidad de denunciar todos los robos en explotaciones agropecuarias, incluyendo la valoraci&#243;n de lo robado y los da&#241;os producidos, para que los efectivos policiales puedan investigar los hechos.<\/b><\/div>\n<div align=\"justify\">&#183;&#160;&#160;&#160;&#160;&#160;&#160;&#160; <b>En la p&#225;gina de web de <\/b><b>la Guardia Civil<\/b><b> (<a href=\"http:\/\/www.guardiacivil.es\/\">www.guardiacivil.es<\/a>) se facilitar&#225; en breve una aplicaci&#243;n para hacer m&#225;s sencilla la presentaci&#243;n de denuncias desde el medio rural a trav&#233;s del tel&#233;fono m&#243;vil.<\/b><\/div>\n<div align=\"justify\">&#160;<\/div>\n<div align=\"justify\"><u>&#160;(Le&#243;n, <\/u><u>14 de noviembre de 2013<\/u><u>)<\/u> El Subdelegado del Gobierno en Le&#243;n, Juan Carlos Su&#225;rez-Qui&#241;ones y Fern&#225;ndez, acompa&#241;ado por el Coronel jefe interino de la Comandancia de Guardia Civil de Le&#243;n, Clemente Garc&#237;a Barrios, y el Comandante Julio Guti&#233;rrez Hern&#225;ndez, mantuvo esta ma&#241;ana una reuni&#243;n con los representantes de las organizaciones agrarias de la provincia, Asaja, Uni&#243;n de Campesinos de Le&#243;n (UCCL), la Asociaci&#243;n Berciana de Agricultores y la Alianza UPA-COAG, para presentar las medidas que contempla el Plan contra las Sustracciones en Instalaciones Agr&#237;colas y Ganaderas (ROCA), puestas en marcha por el Gobierno, y que cuenta con un equipo especializado en la provincia de Le&#243;n.<\/div>\n<div align=\"justify\">&#160;<\/div>\n<div align=\"justify\">En el encuentro han estado presentes por parte de las organizaciones agrarias: Jos&#233; Antonio Turrado y Arsenio Garc&#237;a Vidal de Asaja, Juan Antonio Rodr&#237;guez Ferrero y Julio Carnero San Jos&#233; de UCCL, Humberto Merayo Arias y Jos&#233; Luis Prada Merayo de la Asociaci&#243;n Berciana de Agricultores, Miguel &#193;ngel Mart&#237;nez del R&#237;o de UGAL-UPA, y V&#237;ctor Gonz&#225;lez Casado Luis Mart&#237;nez Rom&#225;n de UCALE-COAG.<\/div>\n<div align=\"justify\">&#160;<\/div>\n<p align=\"center\"><img loading=\"lazy\" decoding=\"async\" style=\"WIDTH: 564px; HEIGHT: 429px\" src=\"\/leon\/wp-content\/uploads\/sites\/6\/2017\/11\/PRESENTACION_EQUIPO_ROCA.jpg\" width=\"400\" height=\"429\" alt=\"\"\/><\/p>\n<div align=\"justify\">&#160;<\/div>\n<div align=\"justify\">El Plan contra las Sustracciones en Instalaciones Agr&#237;colas y Ganaderas (ROCA) arranc&#243; en el a&#241;o 2011 y las nuevas medidas introducidas tratan de revitalizarlo con la experiencia de su desarrollo hasta el momento, que va en paralelo con la intenci&#243;n del Gobierno de modificar el C&#243;digo Penal, y su aplicaci&#243;n es pr&#225;cticamente competencia exclusiva de la Guardia Civil, pues el 90% de las explotaciones agrarias y ganaderas se ubican en zonas rurales.<\/div>\n<div align=\"justify\">&#160;<\/div>\n<div align=\"justify\">En el transcurso de la reuni&#243;n el Subdelegado del Gobierno, Juan Carlos Su&#225;rez-Qui&#241;ones y Fern&#225;ndez, analiz&#243; la situaci&#243;n de la seguridad ciudadana en el &#225;mbito rural, que al igual que el resto de la provincia, mantiene unos niveles seguros y unas tasas de infracciones penales muy inferiores a la media nacional.<\/div>\n<div align=\"justify\">&#160;<\/div>\n<div align=\"justify\">El representante del Gobierno explic&#243; que los robos en explotaciones agrarias y ganaderas representan un porcentaje muy peque&#241;o sobre el total de infracciones penales que se registran, concretamente un 1,1%, aunque admiti&#243; que en este &#250;ltimo a&#241;o se ha producido un peque&#241;o incremento de este tipo de delitos, concretamente se han registrado en lo que va de a&#241;o 155 infracciones penales, 26 m&#225;s que el a&#241;o anterior, y se han detenido a 8 personas e imputado a otras tres personas.<\/div>\n<div align=\"justify\">&#160;<\/div>\n<div align=\"justify\">El Equipo ROCA de la provincial de Le&#243;n, uno de los diez que el Ministerio del Interior ha implantado en la Comunidad, estar&#225; compuesto por un m&#225;ximo de cinco miembros, con misi&#243;n espec&#237;fica sobre esta actividad delictiva y que cuenta con los siguientes cometidos, entre otros:<\/div>\n<div align=\"justify\">&#160;<\/div>\n<div align=\"justify\">&#183;&#160;&#160;&#160;&#160;&#160;&#160;&#160; Mantener contacto diario con&#160; colectivos de agr&#237;colas y ganaderos.<\/div>\n<div align=\"justify\">&#183;&#160;&#160;&#160;&#160;&#160;&#160;&#160; Obtener informaci&#243;n sobre este fen&#243;meno delictivo.<\/div>\n<div align=\"justify\">&#183;&#160;&#160;&#160;&#160;&#160;&#160;&#160; Investigaci&#243;n de este tipo de delitos.<\/div>\n<div align=\"justify\">&#183;&#160;&#160;&#160;&#160;&#160;&#160;&#160; Explicar a los colectivos medidas para mejorar la seguridad,<\/div>\n<div align=\"justify\">&#183;&#160;&#160;&#160;&#160;&#160;&#160;&#160; Identificar a los delincuentes.<\/div>\n<div align=\"justify\">&#183;&#160;&#160;&#160;&#160;&#160;&#160;&#160; Dise&#241;ar dispositivos para la detenci&#243;n de los delincuentes.<\/div>\n<div align=\"justify\">&#183;&#160;&#160;&#160;&#160;&#160;&#160;&#160; Mayor&#160; control de chatarrer&#237;as, mercadillos de segunda mano (&#8216;no se &#160;&#160;roba lo que no se vende&#8217;).<\/div>\n<div align=\"justify\">&#160;<\/div>\n<div align=\"justify\">En el transcurso de la reuni&#243;n se analizaron los factores, medidas y actuaciones que se van a llevar a cabo, adem&#225;s de recordar una serie de consejos que la Guardia Civil recomienda para prevenir y evitar robos, as&#237; como denunciar los hechos delictivos, recogidos en el DEC&#193;LOGO DE MEDIDAS DE SEGURIDAD DEL AGRICULTOR Y GANADERO que se relacionan a continuaci&#243;n: <\/div>\n<div align=\"justify\">&#160;<\/div>\n<div align=\"justify\">&#183;&#160;&#160;&#160;&#160;&#160;&#160;&#160; La colaboraci&#243;n entre la Guardia Civil y el sector agr&#237;cola es una pieza clave. VENGA Y CU&#201;NTENOS SUS PROBLEMAS.<\/div>\n<div align=\"justify\">&#183;&#160;&#160;&#160;&#160;&#160;&#160;&#160; En caso de observar movimientos o personas extra&#241;as pr&#243;ximos a las zonas de explotaci&#243;n, anote los datos (matr&#237;cula, descripci&#243;n, etc) y comunique esa INFORMACI&#211;N.<\/div>\n<div align=\"justify\">&#183;&#160;&#160;&#160;&#160;&#160;&#160;&#160; CAMBIE LA RUTINA de trabajo en la explotaci&#243;n agr&#237;cola al menos una vez por semana.<\/div>\n<div align=\"justify\">&#183;&#160;&#160;&#160;&#160;&#160;&#160;&#160; En la medida de lo posible habilite LUGARES DE SEGURIDAD para la custodia del material agr&#237;cola e instale o simule alg&#250;n sistema de vigilancia.<\/div>\n<div align=\"justify\">&#183;&#160;&#160;&#160;&#160;&#160;&#160;&#160; COMPRUEBE las cerraduras de ventanas y puertas cuando salga de la instalaci&#243;n agr&#237;cola.<\/div>\n<div align=\"justify\">&#183;&#160;&#160;&#160;&#160;&#160;&#160;&#160; Anote y guarde la NUMERACI&#211;N&#160; de la maquinaria o herramienta m&#225;s valiosa. Una FOTOGRAF&#205;A de ese material puede ser muy &#250;til en una investigaci&#243;n en caso de robo.<\/div>\n<div align=\"justify\">&#183;&#160;&#160;&#160;&#160;&#160;&#160;&#160; No deje nada visible de valor. Dificulte LA ACCI&#211;N DEL DELINCUENTE.<\/div>\n<div align=\"justify\">&#183;&#160;&#160;&#160;&#160;&#160;&#160;&#160; Si est&#225; presente durante el robo en la instalaci&#243;n PROT&#201;JASE en un lugar seguro y no se enfrente a los intrusos.<\/div>\n<div align=\"justify\">&#183;&#160;&#160;&#160;&#160;&#160;&#160;&#160; Tras un robo u otra actividad delictiva, LLAME INMEDIATAMENTE al 062 y no toque nada.<\/div>\n<div align=\"justify\">&#183;&#160;&#160;&#160;&#160;&#160;&#160;&#160; Una DENUNCIA no formulada es una posibilidad m&#225;s para el delincuente.<\/div>\n<div align=\"justify\">&#160;<\/div>\n<div align=\"justify\">Adem&#225;s, las dificultades que en algunos casos conlleva la presentaci&#243;n de la denuncia en el medio rural van a quedar solventadas en breve, con una aplicaci&#243;n para el tel&#233;fono m&#243;vil, que se pondr&#225; a disposici&#243;n de agricultores y ganaderos a trav&#233;s de la p&#225;gina web de la Guardia Civil &#160;(<a href=\"http:\/\/www.guardiacivil.es\/\">www.guardiacivil.es<\/a>), y que se comunicar&#225; cuando sea efectiva.<\/div>\n","protected":false},"excerpt":{"rendered":"<p>Se insiste en la necesidad de denunciar todos los robos en explotaciones agropecuarias, incluyendo la valoraci&#243;n de lo robado y los da&#241;os producidos, para que los efectivos policiales puedan investigar los hechos<\/p>\n","protected":false},"author":3,"featured_media":6737,"comment_status":"open","ping_status":"open","sticky":false,"template":"","format":"standard","meta":{"footnotes":""},"categories":[4,9],"tags":[],"yoast_head":"<!-- This site is optimized with the Yoast SEO plugin v24.5 - https:\/\/yoast.com\/wordpress\/plugins\/seo\/ -->\n<title>EL SUBDELEGADO DEL GOBIERNO PRESENTA A LAS ORGANIZACIONES AGRARIAS DE LA PROVINCIA EL EQUIPO ROCA QUE OPERA EN LE&#211;N - ASAJA Le\u00f3n<\/title>\n<meta name=\"description\" content=\"Se insiste en la necesidad de denunciar todos los robos en explotaciones agropecuarias, incluyendo la valoraci&#243;n de lo robado y los da&#241;os producidos, para que los efectivos policiales puedan investigar los hechos\" \/>\n<meta name=\"robots\" content=\"index, follow, max-snippet:-1, max-image-preview:large, max-video-preview:-1\" \/>\n<link rel=\"canonical\" href=\"https:\/\/www.asajacyl.com\/leon\/asaja-leon-informa\/el-subdelegado-del-gobierno-presenta-a-las-organizaciones-agrarias-de-la-provincia-el-equipo-roca-que-opera-en-len\" \/>\n<meta property=\"og:locale\" content=\"es_ES\" \/>\n<meta property=\"og:type\" content=\"article\" \/>\n<meta property=\"og:title\" content=\"EL SUBDELEGADO DEL GOBIERNO PRESENTA A LAS ORGANIZACIONES AGRARIAS DE LA PROVINCIA EL EQUIPO ROCA QUE OPERA EN LE&#211;N - ASAJA Le\u00f3n\" \/>\n<meta property=\"og:description\" content=\"Se insiste en la necesidad de denunciar todos los robos en explotaciones agropecuarias, incluyendo la valoraci&#243;n de lo robado y los da&#241;os producidos, para que los efectivos policiales puedan investigar los hechos\" \/>\n<meta property=\"og:url\" content=\"https:\/\/www.asajacyl.com\/leon\/asaja-leon-informa\/el-subdelegado-del-gobierno-presenta-a-las-organizaciones-agrarias-de-la-provincia-el-equipo-roca-que-opera-en-len\" \/>\n<meta property=\"og:site_name\" content=\"ASAJA Le\u00f3n\" \/>\n<meta property=\"article:published_time\" content=\"2013-11-13T23:00:00+00:00\" \/>\n<meta property=\"og:image\" content=\"https:\/\/www.asajacyl.com\/leon\/wp-content\/uploads\/sites\/6\/2017\/11\/PRESENTACION_EQUIPO_ROCA.jpg\" \/>\n\t<meta property=\"og:image:width\" content=\"640\" \/>\n\t<meta property=\"og:image:height\" content=\"426\" \/>\n\t<meta property=\"og:image:type\" content=\"image\/jpeg\" \/>\n<meta name=\"author\" content=\"Editor\" \/>\n<meta name=\"twitter:card\" content=\"summary_large_image\" \/>\n<meta name=\"twitter:label1\" content=\"Escrito por\" \/>\n\t<meta name=\"twitter:data1\" content=\"Editor\" \/>\n\t<meta name=\"twitter:label2\" content=\"Tiempo de lectura\" \/>\n\t<meta name=\"twitter:data2\" content=\"5 minutos\" \/>\n<script type=\"application\/ld+json\" class=\"yoast-schema-graph\">{\"@context\":\"https:\/\/schema.org\",\"@graph\":[{\"@type\":\"WebPage\",\"@id\":\"https:\/\/www.asajacyl.com\/leon\/asaja-leon-informa\/el-subdelegado-del-gobierno-presenta-a-las-organizaciones-agrarias-de-la-provincia-el-equipo-roca-que-opera-en-len\",\"url\":\"https:\/\/www.asajacyl.com\/leon\/asaja-leon-informa\/el-subdelegado-del-gobierno-presenta-a-las-organizaciones-agrarias-de-la-provincia-el-equipo-roca-que-opera-en-len\",\"name\":\"EL SUBDELEGADO DEL GOBIERNO PRESENTA A LAS ORGANIZACIONES AGRARIAS DE LA PROVINCIA EL EQUIPO ROCA QUE OPERA EN LE&#211;N - ASAJA Le\u00f3n\",\"isPartOf\":{\"@id\":\"https:\/\/www.asajacyl.com\/leon\/#website\"},\"primaryImageOfPage\":{\"@id\":\"https:\/\/www.asajacyl.com\/leon\/asaja-leon-informa\/el-subdelegado-del-gobierno-presenta-a-las-organizaciones-agrarias-de-la-provincia-el-equipo-roca-que-opera-en-len#primaryimage\"},\"image\":{\"@id\":\"https:\/\/www.asajacyl.com\/leon\/asaja-leon-informa\/el-subdelegado-del-gobierno-presenta-a-las-organizaciones-agrarias-de-la-provincia-el-equipo-roca-que-opera-en-len#primaryimage\"},\"thumbnailUrl\":\"https:\/\/www.asajacyl.com\/leon\/wp-content\/uploads\/sites\/6\/2017\/11\/PRESENTACION_EQUIPO_ROCA.jpg\",\"datePublished\":\"2013-11-13T23:00:00+00:00\",\"author\":{\"@id\":\"https:\/\/www.asajacyl.com\/leon\/#\/schema\/person\/7e884476cee132331142e8ac9689f20c\"},\"description\":\"Se insiste en la necesidad de denunciar todos los robos en explotaciones agropecuarias, incluyendo la valoraci&#243;n de lo robado y los da&#241;os producidos, para que los efectivos policiales puedan investigar los hechos\",\"breadcrumb\":{\"@id\":\"https:\/\/www.asajacyl.com\/leon\/asaja-leon-informa\/el-subdelegado-del-gobierno-presenta-a-las-organizaciones-agrarias-de-la-provincia-el-equipo-roca-que-opera-en-len#breadcrumb\"},\"inLanguage\":\"es\",\"potentialAction\":[{\"@type\":\"ReadAction\",\"target\":[\"https:\/\/www.asajacyl.com\/leon\/asaja-leon-informa\/el-subdelegado-del-gobierno-presenta-a-las-organizaciones-agrarias-de-la-provincia-el-equipo-roca-que-opera-en-len\"]}]},{\"@type\":\"ImageObject\",\"inLanguage\":\"es\",\"@id\":\"https:\/\/www.asajacyl.com\/leon\/asaja-leon-informa\/el-subdelegado-del-gobierno-presenta-a-las-organizaciones-agrarias-de-la-provincia-el-equipo-roca-que-opera-en-len#primaryimage\",\"url\":\"https:\/\/www.asajacyl.com\/leon\/wp-content\/uploads\/sites\/6\/2017\/11\/PRESENTACION_EQUIPO_ROCA.jpg\",\"contentUrl\":\"https:\/\/www.asajacyl.com\/leon\/wp-content\/uploads\/sites\/6\/2017\/11\/PRESENTACION_EQUIPO_ROCA.jpg\",\"width\":640,\"height\":426},{\"@type\":\"BreadcrumbList\",\"@id\":\"https:\/\/www.asajacyl.com\/leon\/asaja-leon-informa\/el-subdelegado-del-gobierno-presenta-a-las-organizaciones-agrarias-de-la-provincia-el-equipo-roca-que-opera-en-len#breadcrumb\",\"itemListElement\":[{\"@type\":\"ListItem\",\"position\":1,\"name\":\"Portada\",\"item\":\"https:\/\/www.asajacyl.com\/leon\/\"},{\"@type\":\"ListItem\",\"position\":2,\"name\":\"EL SUBDELEGADO DEL GOBIERNO PRESENTA A LAS ORGANIZACIONES AGRARIAS DE LA PROVINCIA EL EQUIPO ROCA QUE OPERA EN LE&#211;N\"}]},{\"@type\":\"WebSite\",\"@id\":\"https:\/\/www.asajacyl.com\/leon\/#website\",\"url\":\"https:\/\/www.asajacyl.com\/leon\/\",\"name\":\"ASAJA Le\u00f3n\",\"description\":\"Otro sitio m\u00e1s de Provincias ASAJA Castilla y Le\u00f3n\",\"potentialAction\":[{\"@type\":\"SearchAction\",\"target\":{\"@type\":\"EntryPoint\",\"urlTemplate\":\"https:\/\/www.asajacyl.com\/leon\/?s={search_term_string}\"},\"query-input\":{\"@type\":\"PropertyValueSpecification\",\"valueRequired\":true,\"valueName\":\"search_term_string\"}}],\"inLanguage\":\"es\"},{\"@type\":\"Person\",\"@id\":\"https:\/\/www.asajacyl.com\/leon\/#\/schema\/person\/7e884476cee132331142e8ac9689f20c\",\"name\":\"Editor\",\"image\":{\"@type\":\"ImageObject\",\"inLanguage\":\"es\",\"@id\":\"https:\/\/www.asajacyl.com\/leon\/#\/schema\/person\/image\/\",\"url\":\"https:\/\/secure.gravatar.com\/avatar\/a2ef43c165669686cfcfb0e1ffa59869?s=96&d=mm&r=g\",\"contentUrl\":\"https:\/\/secure.gravatar.com\/avatar\/a2ef43c165669686cfcfb0e1ffa59869?s=96&d=mm&r=g\",\"caption\":\"Editor\"},\"url\":\"https:\/\/www.asajacyl.com\/leon\/author\/oscargg\"}]}<\/script>\n<!-- \/ Yoast SEO plugin. -->","yoast_head_json":{"title":"EL SUBDELEGADO DEL GOBIERNO PRESENTA A LAS ORGANIZACIONES AGRARIAS DE LA PROVINCIA EL EQUIPO ROCA QUE OPERA EN LE&#211;N - ASAJA Le\u00f3n","description":"Se insiste en la necesidad de denunciar todos los robos en explotaciones agropecuarias, incluyendo la valoraci&#243;n de lo robado y los da&#241;os producidos, para que los efectivos policiales puedan investigar los hechos","robots":{"index":"index","follow":"follow","max-snippet":"max-snippet:-1","max-image-preview":"max-image-preview:large","max-video-preview":"max-video-preview:-1"},"canonical":"https:\/\/www.asajacyl.com\/leon\/asaja-leon-informa\/el-subdelegado-del-gobierno-presenta-a-las-organizaciones-agrarias-de-la-provincia-el-equipo-roca-que-opera-en-len","og_locale":"es_ES","og_type":"article","og_title":"EL SUBDELEGADO DEL GOBIERNO PRESENTA A LAS ORGANIZACIONES AGRARIAS DE LA PROVINCIA EL EQUIPO ROCA QUE OPERA EN LE&#211;N - ASAJA Le\u00f3n","og_description":"Se insiste en la necesidad de denunciar todos los robos en explotaciones agropecuarias, incluyendo la valoraci&#243;n de lo robado y los da&#241;os producidos, para que los efectivos policiales puedan investigar los hechos","og_url":"https:\/\/www.asajacyl.com\/leon\/asaja-leon-informa\/el-subdelegado-del-gobierno-presenta-a-las-organizaciones-agrarias-de-la-provincia-el-equipo-roca-que-opera-en-len","og_site_name":"ASAJA Le\u00f3n","article_published_time":"2013-11-13T23:00:00+00:00","og_image":[{"width":640,"height":426,"url":"https:\/\/www.asajacyl.com\/leon\/wp-content\/uploads\/sites\/6\/2017\/11\/PRESENTACION_EQUIPO_ROCA.jpg","type":"image\/jpeg"}],"author":"Editor","twitter_card":"summary_large_image","twitter_misc":{"Escrito por":"Editor","Tiempo de lectura":"5 minutos"},"schema":{"@context":"https:\/\/schema.org","@graph":[{"@type":"WebPage","@id":"https:\/\/www.asajacyl.com\/leon\/asaja-leon-informa\/el-subdelegado-del-gobierno-presenta-a-las-organizaciones-agrarias-de-la-provincia-el-equipo-roca-que-opera-en-len","url":"https:\/\/www.asajacyl.com\/leon\/asaja-leon-informa\/el-subdelegado-del-gobierno-presenta-a-las-organizaciones-agrarias-de-la-provincia-el-equipo-roca-que-opera-en-len","name":"EL SUBDELEGADO DEL GOBIERNO PRESENTA A LAS ORGANIZACIONES AGRARIAS DE LA PROVINCIA EL EQUIPO ROCA QUE OPERA EN LE&#211;N - ASAJA Le\u00f3n","isPartOf":{"@id":"https:\/\/www.asajacyl.com\/leon\/#website"},"primaryImageOfPage":{"@id":"https:\/\/www.asajacyl.com\/leon\/asaja-leon-informa\/el-subdelegado-del-gobierno-presenta-a-las-organizaciones-agrarias-de-la-provincia-el-equipo-roca-que-opera-en-len#primaryimage"},"image":{"@id":"https:\/\/www.asajacyl.com\/leon\/asaja-leon-informa\/el-subdelegado-del-gobierno-presenta-a-las-organizaciones-agrarias-de-la-provincia-el-equipo-roca-que-opera-en-len#primaryimage"},"thumbnailUrl":"https:\/\/www.asajacyl.com\/leon\/wp-content\/uploads\/sites\/6\/2017\/11\/PRESENTACION_EQUIPO_ROCA.jpg","datePublished":"2013-11-13T23:00:00+00:00","author":{"@id":"https:\/\/www.asajacyl.com\/leon\/#\/schema\/person\/7e884476cee132331142e8ac9689f20c"},"description":"Se insiste en la necesidad de denunciar todos los robos en explotaciones agropecuarias, incluyendo la valoraci&#243;n de lo robado y los da&#241;os producidos, para que los efectivos policiales puedan investigar los hechos","breadcrumb":{"@id":"https:\/\/www.asajacyl.com\/leon\/asaja-leon-informa\/el-subdelegado-del-gobierno-presenta-a-las-organizaciones-agrarias-de-la-provincia-el-equipo-roca-que-opera-en-len#breadcrumb"},"inLanguage":"es","potentialAction":[{"@type":"ReadAction","target":["https:\/\/www.asajacyl.com\/leon\/asaja-leon-informa\/el-subdelegado-del-gobierno-presenta-a-las-organizaciones-agrarias-de-la-provincia-el-equipo-roca-que-opera-en-len"]}]},{"@type":"ImageObject","inLanguage":"es","@id":"https:\/\/www.asajacyl.com\/leon\/asaja-leon-informa\/el-subdelegado-del-gobierno-presenta-a-las-organizaciones-agrarias-de-la-provincia-el-equipo-roca-que-opera-en-len#primaryimage","url":"https:\/\/www.asajacyl.com\/leon\/wp-content\/uploads\/sites\/6\/2017\/11\/PRESENTACION_EQUIPO_ROCA.jpg","contentUrl":"https:\/\/www.asajacyl.com\/leon\/wp-content\/uploads\/sites\/6\/2017\/11\/PRESENTACION_EQUIPO_ROCA.jpg","width":640,"height":426},{"@type":"BreadcrumbList","@id":"https:\/\/www.asajacyl.com\/leon\/asaja-leon-informa\/el-subdelegado-del-gobierno-presenta-a-las-organizaciones-agrarias-de-la-provincia-el-equipo-roca-que-opera-en-len#breadcrumb","itemListElement":[{"@type":"ListItem","position":1,"name":"Portada","item":"https:\/\/www.asajacyl.com\/leon\/"},{"@type":"ListItem","position":2,"name":"EL SUBDELEGADO DEL GOBIERNO PRESENTA A LAS ORGANIZACIONES AGRARIAS DE LA PROVINCIA EL EQUIPO ROCA QUE OPERA EN LE&#211;N"}]},{"@type":"WebSite","@id":"https:\/\/www.asajacyl.com\/leon\/#website","url":"https:\/\/www.asajacyl.com\/leon\/","name":"ASAJA Le\u00f3n","description":"Otro sitio m\u00e1s de Provincias ASAJA Castilla y Le\u00f3n","potentialAction":[{"@type":"SearchAction","target":{"@type":"EntryPoint","urlTemplate":"https:\/\/www.asajacyl.com\/leon\/?s={search_term_string}"},"query-input":{"@type":"PropertyValueSpecification","valueRequired":true,"valueName":"search_term_string"}}],"inLanguage":"es"},{"@type":"Person","@id":"https:\/\/www.asajacyl.com\/leon\/#\/schema\/person\/7e884476cee132331142e8ac9689f20c","name":"Editor","image":{"@type":"ImageObject","inLanguage":"es","@id":"https:\/\/www.asajacyl.com\/leon\/#\/schema\/person\/image\/","url":"https:\/\/secure.gravatar.com\/avatar\/a2ef43c165669686cfcfb0e1ffa59869?s=96&d=mm&r=g","contentUrl":"https:\/\/secure.gravatar.com\/avatar\/a2ef43c165669686cfcfb0e1ffa59869?s=96&d=mm&r=g","caption":"Editor"},"url":"https:\/\/www.asajacyl.com\/leon\/author\/oscargg"}]}},"_links":{"self":[{"href":"https:\/\/www.asajacyl.com\/leon\/wp-json\/wp\/v2\/posts\/6736"}],"collection":[{"href":"https:\/\/www.asajacyl.com\/leon\/wp-json\/wp\/v2\/posts"}],"about":[{"href":"https:\/\/www.asajacyl.com\/leon\/wp-json\/wp\/v2\/types\/post"}],"author":[{"embeddable":true,"href":"https:\/\/www.asajacyl.com\/leon\/wp-json\/wp\/v2\/users\/3"}],"replies":[{"embeddable":true,"href":"https:\/\/www.asajacyl.com\/leon\/wp-json\/wp\/v2\/comments?post=6736"}],"version-history":[{"count":0,"href":"https:\/\/www.asajacyl.com\/leon\/wp-json\/wp\/v2\/posts\/6736\/revisions"}],"wp:featuredmedia":[{"embeddable":true,"href":"https:\/\/www.asajacyl.com\/leon\/wp-json\/wp\/v2\/media\/6737"}],"wp:attachment":[{"href":"https:\/\/www.asajacyl.com\/leon\/wp-json\/wp\/v2\/media?parent=6736"}],"wp:term":[{"taxonomy":"category","embeddable":true,"href":"https:\/\/www.asajacyl.com\/leon\/wp-json\/wp\/v2\/categories?post=6736"},{"taxonomy":"post_tag","embeddable":true,"href":"https:\/\/www.asajacyl.com\/leon\/wp-json\/wp\/v2\/tags?post=6736"}],"curies":[{"name":"wp","href":"https:\/\/api.w.org\/{rel}","templated":true}]}}