{"id":6762,"date":"2013-10-02T00:00:00","date_gmt":"2013-10-01T22:00:00","guid":{"rendered":"http:\/\/www.asajacyl.com\/leon\/sin-categoria\/asaja-felicita-al-ayuntamiento-de-san-justo-de-la-vega-por-su-sensibilidad-poltica-para-con-los-ganaderos"},"modified":"2013-10-02T00:00:00","modified_gmt":"2013-10-01T22:00:00","slug":"asaja-felicita-al-ayuntamiento-de-san-justo-de-la-vega-por-su-sensibilidad-poltica-para-con-los-ganaderos","status":"publish","type":"post","link":"https:\/\/www.asajacyl.com\/leon\/asaja-leon-informa\/asaja-felicita-al-ayuntamiento-de-san-justo-de-la-vega-por-su-sensibilidad-poltica-para-con-los-ganaderos","title":{"rendered":"ASAJA FELICITA AL AYUNTAMIENTO DE SAN JUSTO DE LA VEGA POR SU SENSIBILIDAD POL&#205;TICA PARA CON LOS GANADEROS"},"content":{"rendered":"<h2><\/h2>\n<div align=\"center\"><b><font color=\"#003300\">ASAJA FELICITA AL AYUNTAMIENTO DE SAN JUSTO DE LA VEGA POR SU SENSIBILIDAD POL&#205;TICA PARA CON LOS GANADEROS<\/font><\/b><\/div>\n<div><font color=\"#003300\">&#160;<\/font><font color=\"#003300\">&#160;<\/font><\/div>\n<div>&#160;<\/div>\n<div><b><i>Sr. D. Avelino V&#225;zquez Alonso<\/i><\/b><\/div>\n<div><b><i>Alcalde del Excmo. Ayuntamiento<\/i><\/b><\/div>\n<div><b><i>San Justo de la Vega (Le&#243;n)<\/i><\/b><\/div>\n<div>&#160;<\/div>\n<div>&#160;<\/div>\n<div>&#160;<\/div>\n<div align=\"right\">Le&#243;n, 1 de octubre de 2013.<\/div>\n<div>&#160;<\/div>\n<div>&#160;<\/div>\n<div align=\"justify\">Estimado Alcalde:<\/div>\n<div align=\"justify\">&#160;<\/div>\n<div align=\"justify\">Hemos seguido por los medios de comunicaci&#243;n la pol&#233;mica surgida en ese municipio, alentada por la oposici&#243;n pol&#237;tica, a ra&#237;z de la decisi&#243;n de ese equipo de gobierno de reducir en el 80% el coste del agua de la red general que se consume en las explotaciones ganaderas. Desde hace tiempo conoc&#237;amos la queja de los ganaderos de San Justo por el alto coste que le supon&#237;a&#160; la tasa del agua, por lo que nos congratulamos de la decisi&#243;n adoptada por esa corporaci&#243;n.<\/div>\n<div align=\"justify\">&#160;<\/div>\n<div align=\"justify\">Le felicitamos a Usted y a su equipo de gobierno por la sensibilidad que ha tenido con el sector ganadero, un sector clave en el desarrollo rural, en la ocupaci&#243;n del territorio y en el desarrollo socioecon&#243;mico de nuestra provincia.<\/div>\n<div align=\"justify\">&#160;<\/div>\n<div align=\"justify\">Reciba un afectuoso saludo.<\/div>\n<div align=\"justify\">&#160;<\/div>\n<div align=\"justify\">&#160;<\/div>\n<div>&#160;<\/div>\n<div align=\"center\">Jos&#233; Antonio Turrado Fernandez<\/div>\n<div align=\"center\">Secretario general de ASAJA de Le&#243;n<\/div>\n","protected":false},"excerpt":{"rendered":"<p>ASAJA FELICITA AL AYUNTAMIENTO DE SAN JUSTO DE LA VEGA POR SU SENSIBILIDAD POL&#205;TICA PARA CON LOS GANADEROS &#160;&#160; &#160; Sr. D. Avelino V&#225;zquez Alonso Alcalde del Excmo. Ayuntamiento San Justo de la Vega (Le&#243;n) &#160; &#160; &#160; Le&#243;n, 1 de octubre de 2013. &#160; &#160; Estimado Alcalde: &#160; Hemos seguido por los medios de [&hellip;]<\/p>\n","protected":false},"author":3,"featured_media":8174,"comment_status":"open","ping_status":"open","sticky":false,"template":"","format":"standard","meta":{"footnotes":""},"categories":[4,9],"tags":[],"yoast_head":"<!-- This site is optimized with the Yoast SEO plugin v24.5 - https:\/\/yoast.com\/wordpress\/plugins\/seo\/ -->\n<title>ASAJA FELICITA AL AYUNTAMIENTO DE SAN JUSTO DE LA VEGA POR SU SENSIBILIDAD POL&#205;TICA PARA CON LOS GANADEROS - ASAJA Le\u00f3n<\/title>\n<meta name=\"description\" content=\"ASAJA FELICITA AL AYUNTAMIENTO DE SAN JUSTO DE LA VEGA POR SU SENSIBILIDAD POL&#205;TICA PARA CON LOS GANADEROS &#160;&#160; &#160; Sr. D. Avelino\" \/>\n<meta name=\"robots\" content=\"index, follow, max-snippet:-1, max-image-preview:large, max-video-preview:-1\" \/>\n<link rel=\"canonical\" href=\"https:\/\/www.asajacyl.com\/leon\/asaja-leon-informa\/asaja-felicita-al-ayuntamiento-de-san-justo-de-la-vega-por-su-sensibilidad-poltica-para-con-los-ganaderos\" \/>\n<meta property=\"og:locale\" content=\"es_ES\" \/>\n<meta property=\"og:type\" content=\"article\" \/>\n<meta property=\"og:title\" content=\"ASAJA FELICITA AL AYUNTAMIENTO DE SAN JUSTO DE LA VEGA POR SU SENSIBILIDAD POL&#205;TICA PARA CON LOS GANADEROS - ASAJA Le\u00f3n\" \/>\n<meta property=\"og:description\" content=\"ASAJA FELICITA AL AYUNTAMIENTO DE SAN JUSTO DE LA VEGA POR SU SENSIBILIDAD POL&#205;TICA PARA CON LOS GANADEROS &#160;&#160; &#160; Sr. D. Avelino\" \/>\n<meta property=\"og:url\" content=\"https:\/\/www.asajacyl.com\/leon\/asaja-leon-informa\/asaja-felicita-al-ayuntamiento-de-san-justo-de-la-vega-por-su-sensibilidad-poltica-para-con-los-ganaderos\" \/>\n<meta property=\"og:site_name\" content=\"ASAJA Le\u00f3n\" \/>\n<meta property=\"article:published_time\" content=\"2013-10-01T22:00:00+00:00\" \/>\n<meta property=\"og:image\" content=\"https:\/\/www.asajacyl.com\/leon\/wp-content\/uploads\/sites\/6\/2017\/11\/im_predefinida_1920x1080.jpg\" \/>\n\t<meta property=\"og:image:width\" content=\"1920\" \/>\n\t<meta property=\"og:image:height\" content=\"1080\" \/>\n\t<meta property=\"og:image:type\" content=\"image\/jpeg\" \/>\n<meta name=\"author\" content=\"Editor\" \/>\n<meta name=\"twitter:card\" content=\"summary_large_image\" \/>\n<meta name=\"twitter:label1\" content=\"Escrito por\" \/>\n\t<meta name=\"twitter:data1\" content=\"Editor\" \/>\n\t<meta name=\"twitter:label2\" content=\"Tiempo de lectura\" \/>\n\t<meta name=\"twitter:data2\" content=\"1 minuto\" \/>\n<script type=\"application\/ld+json\" class=\"yoast-schema-graph\">{\"@context\":\"https:\/\/schema.org\",\"@graph\":[{\"@type\":\"WebPage\",\"@id\":\"https:\/\/www.asajacyl.com\/leon\/asaja-leon-informa\/asaja-felicita-al-ayuntamiento-de-san-justo-de-la-vega-por-su-sensibilidad-poltica-para-con-los-ganaderos\",\"url\":\"https:\/\/www.asajacyl.com\/leon\/asaja-leon-informa\/asaja-felicita-al-ayuntamiento-de-san-justo-de-la-vega-por-su-sensibilidad-poltica-para-con-los-ganaderos\",\"name\":\"ASAJA FELICITA AL AYUNTAMIENTO DE SAN JUSTO DE LA VEGA POR SU SENSIBILIDAD POL&#205;TICA PARA CON LOS GANADEROS - ASAJA Le\u00f3n\",\"isPartOf\":{\"@id\":\"https:\/\/www.asajacyl.com\/leon\/#website\"},\"primaryImageOfPage\":{\"@id\":\"https:\/\/www.asajacyl.com\/leon\/asaja-leon-informa\/asaja-felicita-al-ayuntamiento-de-san-justo-de-la-vega-por-su-sensibilidad-poltica-para-con-los-ganaderos#primaryimage\"},\"image\":{\"@id\":\"https:\/\/www.asajacyl.com\/leon\/asaja-leon-informa\/asaja-felicita-al-ayuntamiento-de-san-justo-de-la-vega-por-su-sensibilidad-poltica-para-con-los-ganaderos#primaryimage\"},\"thumbnailUrl\":\"https:\/\/www.asajacyl.com\/leon\/wp-content\/uploads\/sites\/6\/2017\/11\/im_predefinida_1920x1080.jpg\",\"datePublished\":\"2013-10-01T22:00:00+00:00\",\"author\":{\"@id\":\"https:\/\/www.asajacyl.com\/leon\/#\/schema\/person\/7e884476cee132331142e8ac9689f20c\"},\"description\":\"ASAJA FELICITA AL AYUNTAMIENTO DE SAN JUSTO DE LA VEGA POR SU SENSIBILIDAD POL&#205;TICA PARA CON LOS GANADEROS &#160;&#160; &#160; Sr. D. Avelino\",\"breadcrumb\":{\"@id\":\"https:\/\/www.asajacyl.com\/leon\/asaja-leon-informa\/asaja-felicita-al-ayuntamiento-de-san-justo-de-la-vega-por-su-sensibilidad-poltica-para-con-los-ganaderos#breadcrumb\"},\"inLanguage\":\"es\",\"potentialAction\":[{\"@type\":\"ReadAction\",\"target\":[\"https:\/\/www.asajacyl.com\/leon\/asaja-leon-informa\/asaja-felicita-al-ayuntamiento-de-san-justo-de-la-vega-por-su-sensibilidad-poltica-para-con-los-ganaderos\"]}]},{\"@type\":\"ImageObject\",\"inLanguage\":\"es\",\"@id\":\"https:\/\/www.asajacyl.com\/leon\/asaja-leon-informa\/asaja-felicita-al-ayuntamiento-de-san-justo-de-la-vega-por-su-sensibilidad-poltica-para-con-los-ganaderos#primaryimage\",\"url\":\"https:\/\/www.asajacyl.com\/leon\/wp-content\/uploads\/sites\/6\/2017\/11\/im_predefinida_1920x1080.jpg\",\"contentUrl\":\"https:\/\/www.asajacyl.com\/leon\/wp-content\/uploads\/sites\/6\/2017\/11\/im_predefinida_1920x1080.jpg\",\"width\":1920,\"height\":1080,\"caption\":\"Logotipo ASAJA Le\u00f3n\"},{\"@type\":\"BreadcrumbList\",\"@id\":\"https:\/\/www.asajacyl.com\/leon\/asaja-leon-informa\/asaja-felicita-al-ayuntamiento-de-san-justo-de-la-vega-por-su-sensibilidad-poltica-para-con-los-ganaderos#breadcrumb\",\"itemListElement\":[{\"@type\":\"ListItem\",\"position\":1,\"name\":\"Portada\",\"item\":\"https:\/\/www.asajacyl.com\/leon\/\"},{\"@type\":\"ListItem\",\"position\":2,\"name\":\"ASAJA FELICITA AL AYUNTAMIENTO DE SAN JUSTO DE LA VEGA POR SU SENSIBILIDAD POL&#205;TICA PARA CON LOS GANADEROS\"}]},{\"@type\":\"WebSite\",\"@id\":\"https:\/\/www.asajacyl.com\/leon\/#website\",\"url\":\"https:\/\/www.asajacyl.com\/leon\/\",\"name\":\"ASAJA Le\u00f3n\",\"description\":\"Otro sitio m\u00e1s de Provincias ASAJA Castilla y Le\u00f3n\",\"potentialAction\":[{\"@type\":\"SearchAction\",\"target\":{\"@type\":\"EntryPoint\",\"urlTemplate\":\"https:\/\/www.asajacyl.com\/leon\/?s={search_term_string}\"},\"query-input\":{\"@type\":\"PropertyValueSpecification\",\"valueRequired\":true,\"valueName\":\"search_term_string\"}}],\"inLanguage\":\"es\"},{\"@type\":\"Person\",\"@id\":\"https:\/\/www.asajacyl.com\/leon\/#\/schema\/person\/7e884476cee132331142e8ac9689f20c\",\"name\":\"Editor\",\"image\":{\"@type\":\"ImageObject\",\"inLanguage\":\"es\",\"@id\":\"https:\/\/www.asajacyl.com\/leon\/#\/schema\/person\/image\/\",\"url\":\"https:\/\/secure.gravatar.com\/avatar\/a2ef43c165669686cfcfb0e1ffa59869?s=96&d=mm&r=g\",\"contentUrl\":\"https:\/\/secure.gravatar.com\/avatar\/a2ef43c165669686cfcfb0e1ffa59869?s=96&d=mm&r=g\",\"caption\":\"Editor\"},\"url\":\"https:\/\/www.asajacyl.com\/leon\/author\/oscargg\"}]}<\/script>\n<!-- \/ Yoast SEO plugin. -->","yoast_head_json":{"title":"ASAJA FELICITA AL AYUNTAMIENTO DE SAN JUSTO DE LA VEGA POR SU SENSIBILIDAD POL&#205;TICA PARA CON LOS GANADEROS - ASAJA Le\u00f3n","description":"ASAJA FELICITA AL AYUNTAMIENTO DE SAN JUSTO DE LA VEGA POR SU SENSIBILIDAD POL&#205;TICA PARA CON LOS GANADEROS &#160;&#160; &#160; Sr. D. Avelino","robots":{"index":"index","follow":"follow","max-snippet":"max-snippet:-1","max-image-preview":"max-image-preview:large","max-video-preview":"max-video-preview:-1"},"canonical":"https:\/\/www.asajacyl.com\/leon\/asaja-leon-informa\/asaja-felicita-al-ayuntamiento-de-san-justo-de-la-vega-por-su-sensibilidad-poltica-para-con-los-ganaderos","og_locale":"es_ES","og_type":"article","og_title":"ASAJA FELICITA AL AYUNTAMIENTO DE SAN JUSTO DE LA VEGA POR SU SENSIBILIDAD POL&#205;TICA PARA CON LOS GANADEROS - ASAJA Le\u00f3n","og_description":"ASAJA FELICITA AL AYUNTAMIENTO DE SAN JUSTO DE LA VEGA POR SU SENSIBILIDAD POL&#205;TICA PARA CON LOS GANADEROS &#160;&#160; &#160; Sr. D. Avelino","og_url":"https:\/\/www.asajacyl.com\/leon\/asaja-leon-informa\/asaja-felicita-al-ayuntamiento-de-san-justo-de-la-vega-por-su-sensibilidad-poltica-para-con-los-ganaderos","og_site_name":"ASAJA Le\u00f3n","article_published_time":"2013-10-01T22:00:00+00:00","og_image":[{"width":1920,"height":1080,"url":"https:\/\/www.asajacyl.com\/leon\/wp-content\/uploads\/sites\/6\/2017\/11\/im_predefinida_1920x1080.jpg","type":"image\/jpeg"}],"author":"Editor","twitter_card":"summary_large_image","twitter_misc":{"Escrito por":"Editor","Tiempo de lectura":"1 minuto"},"schema":{"@context":"https:\/\/schema.org","@graph":[{"@type":"WebPage","@id":"https:\/\/www.asajacyl.com\/leon\/asaja-leon-informa\/asaja-felicita-al-ayuntamiento-de-san-justo-de-la-vega-por-su-sensibilidad-poltica-para-con-los-ganaderos","url":"https:\/\/www.asajacyl.com\/leon\/asaja-leon-informa\/asaja-felicita-al-ayuntamiento-de-san-justo-de-la-vega-por-su-sensibilidad-poltica-para-con-los-ganaderos","name":"ASAJA FELICITA AL AYUNTAMIENTO DE SAN JUSTO DE LA VEGA POR SU SENSIBILIDAD POL&#205;TICA PARA CON LOS GANADEROS - ASAJA Le\u00f3n","isPartOf":{"@id":"https:\/\/www.asajacyl.com\/leon\/#website"},"primaryImageOfPage":{"@id":"https:\/\/www.asajacyl.com\/leon\/asaja-leon-informa\/asaja-felicita-al-ayuntamiento-de-san-justo-de-la-vega-por-su-sensibilidad-poltica-para-con-los-ganaderos#primaryimage"},"image":{"@id":"https:\/\/www.asajacyl.com\/leon\/asaja-leon-informa\/asaja-felicita-al-ayuntamiento-de-san-justo-de-la-vega-por-su-sensibilidad-poltica-para-con-los-ganaderos#primaryimage"},"thumbnailUrl":"https:\/\/www.asajacyl.com\/leon\/wp-content\/uploads\/sites\/6\/2017\/11\/im_predefinida_1920x1080.jpg","datePublished":"2013-10-01T22:00:00+00:00","author":{"@id":"https:\/\/www.asajacyl.com\/leon\/#\/schema\/person\/7e884476cee132331142e8ac9689f20c"},"description":"ASAJA FELICITA AL AYUNTAMIENTO DE SAN JUSTO DE LA VEGA POR SU SENSIBILIDAD POL&#205;TICA PARA CON LOS GANADEROS &#160;&#160; &#160; Sr. D. Avelino","breadcrumb":{"@id":"https:\/\/www.asajacyl.com\/leon\/asaja-leon-informa\/asaja-felicita-al-ayuntamiento-de-san-justo-de-la-vega-por-su-sensibilidad-poltica-para-con-los-ganaderos#breadcrumb"},"inLanguage":"es","potentialAction":[{"@type":"ReadAction","target":["https:\/\/www.asajacyl.com\/leon\/asaja-leon-informa\/asaja-felicita-al-ayuntamiento-de-san-justo-de-la-vega-por-su-sensibilidad-poltica-para-con-los-ganaderos"]}]},{"@type":"ImageObject","inLanguage":"es","@id":"https:\/\/www.asajacyl.com\/leon\/asaja-leon-informa\/asaja-felicita-al-ayuntamiento-de-san-justo-de-la-vega-por-su-sensibilidad-poltica-para-con-los-ganaderos#primaryimage","url":"https:\/\/www.asajacyl.com\/leon\/wp-content\/uploads\/sites\/6\/2017\/11\/im_predefinida_1920x1080.jpg","contentUrl":"https:\/\/www.asajacyl.com\/leon\/wp-content\/uploads\/sites\/6\/2017\/11\/im_predefinida_1920x1080.jpg","width":1920,"height":1080,"caption":"Logotipo ASAJA Le\u00f3n"},{"@type":"BreadcrumbList","@id":"https:\/\/www.asajacyl.com\/leon\/asaja-leon-informa\/asaja-felicita-al-ayuntamiento-de-san-justo-de-la-vega-por-su-sensibilidad-poltica-para-con-los-ganaderos#breadcrumb","itemListElement":[{"@type":"ListItem","position":1,"name":"Portada","item":"https:\/\/www.asajacyl.com\/leon\/"},{"@type":"ListItem","position":2,"name":"ASAJA FELICITA AL AYUNTAMIENTO DE SAN JUSTO DE LA VEGA POR SU SENSIBILIDAD POL&#205;TICA PARA CON LOS GANADEROS"}]},{"@type":"WebSite","@id":"https:\/\/www.asajacyl.com\/leon\/#website","url":"https:\/\/www.asajacyl.com\/leon\/","name":"ASAJA Le\u00f3n","description":"Otro sitio m\u00e1s de Provincias ASAJA Castilla y Le\u00f3n","potentialAction":[{"@type":"SearchAction","target":{"@type":"EntryPoint","urlTemplate":"https:\/\/www.asajacyl.com\/leon\/?s={search_term_string}"},"query-input":{"@type":"PropertyValueSpecification","valueRequired":true,"valueName":"search_term_string"}}],"inLanguage":"es"},{"@type":"Person","@id":"https:\/\/www.asajacyl.com\/leon\/#\/schema\/person\/7e884476cee132331142e8ac9689f20c","name":"Editor","image":{"@type":"ImageObject","inLanguage":"es","@id":"https:\/\/www.asajacyl.com\/leon\/#\/schema\/person\/image\/","url":"https:\/\/secure.gravatar.com\/avatar\/a2ef43c165669686cfcfb0e1ffa59869?s=96&d=mm&r=g","contentUrl":"https:\/\/secure.gravatar.com\/avatar\/a2ef43c165669686cfcfb0e1ffa59869?s=96&d=mm&r=g","caption":"Editor"},"url":"https:\/\/www.asajacyl.com\/leon\/author\/oscargg"}]}},"_links":{"self":[{"href":"https:\/\/www.asajacyl.com\/leon\/wp-json\/wp\/v2\/posts\/6762"}],"collection":[{"href":"https:\/\/www.asajacyl.com\/leon\/wp-json\/wp\/v2\/posts"}],"about":[{"href":"https:\/\/www.asajacyl.com\/leon\/wp-json\/wp\/v2\/types\/post"}],"author":[{"embeddable":true,"href":"https:\/\/www.asajacyl.com\/leon\/wp-json\/wp\/v2\/users\/3"}],"replies":[{"embeddable":true,"href":"https:\/\/www.asajacyl.com\/leon\/wp-json\/wp\/v2\/comments?post=6762"}],"version-history":[{"count":0,"href":"https:\/\/www.asajacyl.com\/leon\/wp-json\/wp\/v2\/posts\/6762\/revisions"}],"wp:featuredmedia":[{"embeddable":true,"href":"https:\/\/www.asajacyl.com\/leon\/wp-json\/wp\/v2\/media\/8174"}],"wp:attachment":[{"href":"https:\/\/www.asajacyl.com\/leon\/wp-json\/wp\/v2\/media?parent=6762"}],"wp:term":[{"taxonomy":"category","embeddable":true,"href":"https:\/\/www.asajacyl.com\/leon\/wp-json\/wp\/v2\/categories?post=6762"},{"taxonomy":"post_tag","embeddable":true,"href":"https:\/\/www.asajacyl.com\/leon\/wp-json\/wp\/v2\/tags?post=6762"}],"curies":[{"name":"wp","href":"https:\/\/api.w.org\/{rel}","templated":true}]}}