{"id":6773,"date":"2013-09-24T00:00:00","date_gmt":"2013-09-23T22:00:00","guid":{"rendered":"http:\/\/www.asajacyl.com\/leon\/sin-categoria\/asaja-de-castilla-y-len-se-rene-con-el-presidente-de-agroseguro-para-sumar-apoyos-a-favor-del-seguro-agrario-y-ganadero"},"modified":"2013-09-24T00:00:00","modified_gmt":"2013-09-23T22:00:00","slug":"asaja-de-castilla-y-len-se-rene-con-el-presidente-de-agroseguro-para-sumar-apoyos-a-favor-del-seguro-agrario-y-ganadero","status":"publish","type":"post","link":"https:\/\/www.asajacyl.com\/leon\/asaja-leon-informa\/asaja-de-castilla-y-len-se-rene-con-el-presidente-de-agroseguro-para-sumar-apoyos-a-favor-del-seguro-agrario-y-ganadero","title":{"rendered":"ASAJA DE CASTILLA Y LE&#211;N SE RE&#218;NE CON EL PRESIDENTE DE AGROSEGURO PARA SUMAR APOYOS A FAVOR DEL SEGURO AGRARIO Y GANADERO"},"content":{"rendered":"<h2>Los responsables de ASAJA de Castilla y Le&#243;n han transmitido hoy al presidente de Agroseguro, la entidad que gestiona el seguro agrario y ganadero en Espa&#241;a, su preocupaci&#243;n por el &#8220;delicado momento&#8221; que vive hoy el sistema de aseguramiento en el campo, principalmente por la reducci&#243;n del apoyo institucional a estas l&#237;neas en un contexto de crisis econ&#243;mica<\/h2>\n<div align=\"center\"><font color=\"#003300\">&#160;<b>ASAJA DE CASTILLA Y LE&#211;N SE RE&#218;NE CON EL PRESIDENTE DE AGROSEGURO PARA SUMAR APOYOS A FAVOR <\/b><b>DEL SEGURO AGRARIO Y GANADERO<\/b><\/font><\/div>\n<div align=\"justify\">&#160;<\/div>\n<div align=\"justify\">&#160;<\/div>\n<div align=\"justify\">Los responsables de ASAJA de Castilla y Le&#243;n han transmitido hoy al presidente de Agroseguro, la entidad que gestiona el seguro agrario y ganadero en Espa&#241;a, su preocupaci&#243;n por el &#8220;delicado momento&#8221; que vive hoy el sistema de aseguramiento en el campo, principalmente por la reducci&#243;n del apoyo institucional a estas l&#237;neas en un contexto de crisis econ&#243;mica.<\/div>\n<div align=\"justify\">&#160;<\/div>\n<div align=\"justify\">Esta ma&#241;ana se reun&#237;an en Madrid los responsables de la principal OPA de Castilla y Le&#243;n, Donaciano Dujo, presidente, y Jos&#233; Antonio Turrado, secretario general, con el equipo directivo de Agroseguro, encabezado por su presidente, Jos&#233; Ignacio Machetti, acompa&#241;ado por Inmaculada Poveda, directora general; Jos&#233; Carlos S&#225;nchez, director del &#193;rea de Siniestros, y Juan S&#225;ez, consejero delegado. Aunque la relaci&#243;n de ASAJA con los representantes territoriales de la entidad en Castilla y Le&#243;n es &#8220;constante y fluida&#8221;, se trataba de la primera ocasi&#243;n en la que la OPA se reun&#237;a con la c&#250;pula directiva de Agroseguro, en un momento clave para el aseguramiento en el sector primario, &#8220;muy golpeado por la reducci&#243;n presupuestaria de las administraciones, tanto nacional como auton&#243;mica, que han mermado brutalmente su apoyo a estas p&#243;lizas&#8221;, tal como ha indicado Donaciano Dujo.<\/div>\n<p align=\"justify\">Los responsables de ASAJA han expresado su &#8220;total convicci&#243;n de que el seguro es una cobertura necesaria e imprescindible para el sector, puesto que sin &#233;l la agricultura est&#225; expuesta al capricho del tiempo, tan extremo y variable en nuestra comunidad aut&#243;noma, y la ganader&#237;a a cualquier problema sanitario que arruine sin remedio la explotaci&#243;n&#8221;. Sin embargo, Donaciano Dujo ha puntualizado que &#8220;el coste de las p&#243;lizas debe ser asumible por los agricultores y ganaderos, porque de lo contrario hay un riesgo real de que abandonen el aseguramiento, un sistema que ha tardado en consolidarse muchos a&#241;os y que se puede hundir en muy poco tiempo&#8221;.<\/p>\n<div align=\"justify\">&#160;<\/div>\n<div align=\"justify\">Por otra parte, en la reuni&#243;n se tratado el problema espec&#237;fico del seguro de recogida de cad&#225;veres de las explotaciones, que ha adquirido un coste desproporcionado desde que Enesa acord&#243; recortar de forma muy significativa su subvenci&#243;n. ASAJA ha reiterado la necesidad de que las empresas autorizadas para efectuar ese servicio de recogida, y que operan en condiciones de oligopolio y sin competencia posible, &#8220;reduzcan y ya&#8221; lo que est&#225;n cobrando al ganadero, que est&#225; creando problemas de liquidez especialmente graves en las granjas ganaderas de intensivo, de porcino y aves. <\/div>\n<div align=\"justify\">&#160;<\/div>\n<div align=\"justify\">Por ello, ASAJA seguir&#225; insistiendo tanto ante los responsables nacionales, a trav&#233;s de Enesa, como de la Junta de Castilla y Le&#243;n, para que &#8220;lo antes posible, se recupere el apoyo presupuestario al seguro, para que sea asequible para todos los profesionales del campo&#8221;.<\/div>\n<div align=\"justify\">&#160;<\/div>\n<div align=\"justify\">Precisamente en este mes de septiembre, con el comienzo de la nueva campa&#241;a agr&#237;cola, se ha abierto el nuevo periodo de suscripci&#243;n del seguro de herb&#225;ceos extensivos. Una l&#237;nea fundamental para proteger al cereal de las por desgracia frecuentes eventualidades y en la que Castilla y Le&#243;n ha logrado un porcentaje muy alto de aseguramiento, cercano al 70 por ciento, cuando la media nacional ronda el 50 por ciento. &#8220;Ese compromiso del sector con el seguro se ha trabajado a&#241;o tras a&#241;o, y ese esfuerzo no puede dejarse perder. Pero para que el seguro funcione hace falta sumar apoyos y lograr el compromiso de todos, tanto de los agricultores y ganaderos, como de sus mismas organizaciones y, por supuesto, de las administraciones competentes, que no deben olvidar este tema a la hora de dise&#241;ar el presupuesto del pr&#243;ximo ejercicio&#8221;, ha subrayado el presidente de ASAJA.<\/div>\n<div align=\"justify\">&#160;<\/div>\n<p align=\"center\"><img loading=\"lazy\" decoding=\"async\" style=\"WIDTH: 412px; HEIGHT: 231px\" src=\"\/leon\/wp-content\/uploads\/sites\/6\/2017\/11\/Agroseguro1.jpg\" width=\"400\" height=\"429\" alt=\"\"\/><\/p>\n<div align=\"justify\">&#160;<\/div>\n<div align=\"justify\">Pie de foto: El primero a la izquierda es Jos&#233; Ignacio Machetti, presidente de Agroseguro, con miembros de su equipo. A la derecha, los responsables de ASAJA de Castilla y Le&#243;n. <\/div>\n","protected":false},"excerpt":{"rendered":"<p>Los responsables de ASAJA de Castilla y Le&#243;n han transmitido hoy al presidente de Agroseguro, la entidad que gestiona el seguro agrario y ganadero en Espa&#241;a, su preocupaci&#243;n por el &#8220;delicado momento&#8221; que vive hoy el sistema de aseguramiento en el campo, principalmente por la reducci&#243;n del apoyo institucional a estas l&#237;neas en un contexto de crisis econ&#243;mica<\/p>\n","protected":false},"author":3,"featured_media":6774,"comment_status":"open","ping_status":"open","sticky":false,"template":"","format":"standard","meta":{"footnotes":""},"categories":[4,9],"tags":[],"yoast_head":"<!-- This site is optimized with the Yoast SEO plugin v24.5 - https:\/\/yoast.com\/wordpress\/plugins\/seo\/ -->\n<title>ASAJA DE CASTILLA Y LE&#211;N SE RE&#218;NE CON EL PRESIDENTE DE AGROSEGURO PARA SUMAR APOYOS A FAVOR DEL SEGURO AGRARIO Y GANADERO - ASAJA Le\u00f3n<\/title>\n<meta name=\"description\" content=\"Los responsables de ASAJA de Castilla y Le&#243;n han transmitido hoy al presidente de Agroseguro, la entidad que gestiona el seguro agrario y ganadero en Espa&#241;a, su preocupaci&#243;n por el &#8220;delicado momento&#8221; que vive hoy el sistema de aseguramiento en el campo, principalmente por la reducci&#243;n del apoyo institucional a estas l&#237;neas en un contexto de crisis econ&#243;mica\" \/>\n<meta name=\"robots\" content=\"index, follow, max-snippet:-1, max-image-preview:large, max-video-preview:-1\" \/>\n<link rel=\"canonical\" href=\"https:\/\/www.asajacyl.com\/leon\/asaja-leon-informa\/asaja-de-castilla-y-len-se-rene-con-el-presidente-de-agroseguro-para-sumar-apoyos-a-favor-del-seguro-agrario-y-ganadero\" \/>\n<meta property=\"og:locale\" content=\"es_ES\" \/>\n<meta property=\"og:type\" content=\"article\" \/>\n<meta property=\"og:title\" content=\"ASAJA DE CASTILLA Y LE&#211;N SE RE&#218;NE CON EL PRESIDENTE DE AGROSEGURO PARA SUMAR APOYOS A FAVOR DEL SEGURO AGRARIO Y GANADERO - ASAJA Le\u00f3n\" \/>\n<meta property=\"og:description\" content=\"Los responsables de ASAJA de Castilla y Le&#243;n han transmitido hoy al presidente de Agroseguro, la entidad que gestiona el seguro agrario y ganadero en Espa&#241;a, su preocupaci&#243;n por el &#8220;delicado momento&#8221; que vive hoy el sistema de aseguramiento en el campo, principalmente por la reducci&#243;n del apoyo institucional a estas l&#237;neas en un contexto de crisis econ&#243;mica\" \/>\n<meta property=\"og:url\" content=\"https:\/\/www.asajacyl.com\/leon\/asaja-leon-informa\/asaja-de-castilla-y-len-se-rene-con-el-presidente-de-agroseguro-para-sumar-apoyos-a-favor-del-seguro-agrario-y-ganadero\" \/>\n<meta property=\"og:site_name\" content=\"ASAJA Le\u00f3n\" \/>\n<meta property=\"article:published_time\" content=\"2013-09-23T22:00:00+00:00\" \/>\n<meta property=\"og:image\" content=\"https:\/\/www.asajacyl.com\/leon\/wp-content\/uploads\/sites\/6\/2017\/11\/Agroseguro1.jpg\" \/>\n\t<meta property=\"og:image:width\" content=\"1600\" \/>\n\t<meta property=\"og:image:height\" content=\"1200\" \/>\n\t<meta property=\"og:image:type\" content=\"image\/jpeg\" \/>\n<meta name=\"author\" content=\"Editor\" \/>\n<meta name=\"twitter:card\" content=\"summary_large_image\" \/>\n<meta name=\"twitter:label1\" content=\"Escrito por\" \/>\n\t<meta name=\"twitter:data1\" content=\"Editor\" \/>\n\t<meta name=\"twitter:label2\" content=\"Tiempo de lectura\" \/>\n\t<meta name=\"twitter:data2\" content=\"4 minutos\" \/>\n<script type=\"application\/ld+json\" class=\"yoast-schema-graph\">{\"@context\":\"https:\/\/schema.org\",\"@graph\":[{\"@type\":\"WebPage\",\"@id\":\"https:\/\/www.asajacyl.com\/leon\/asaja-leon-informa\/asaja-de-castilla-y-len-se-rene-con-el-presidente-de-agroseguro-para-sumar-apoyos-a-favor-del-seguro-agrario-y-ganadero\",\"url\":\"https:\/\/www.asajacyl.com\/leon\/asaja-leon-informa\/asaja-de-castilla-y-len-se-rene-con-el-presidente-de-agroseguro-para-sumar-apoyos-a-favor-del-seguro-agrario-y-ganadero\",\"name\":\"ASAJA DE CASTILLA Y LE&#211;N SE RE&#218;NE CON EL PRESIDENTE DE AGROSEGURO PARA SUMAR APOYOS A FAVOR DEL SEGURO AGRARIO Y GANADERO - ASAJA Le\u00f3n\",\"isPartOf\":{\"@id\":\"https:\/\/www.asajacyl.com\/leon\/#website\"},\"primaryImageOfPage\":{\"@id\":\"https:\/\/www.asajacyl.com\/leon\/asaja-leon-informa\/asaja-de-castilla-y-len-se-rene-con-el-presidente-de-agroseguro-para-sumar-apoyos-a-favor-del-seguro-agrario-y-ganadero#primaryimage\"},\"image\":{\"@id\":\"https:\/\/www.asajacyl.com\/leon\/asaja-leon-informa\/asaja-de-castilla-y-len-se-rene-con-el-presidente-de-agroseguro-para-sumar-apoyos-a-favor-del-seguro-agrario-y-ganadero#primaryimage\"},\"thumbnailUrl\":\"https:\/\/www.asajacyl.com\/leon\/wp-content\/uploads\/sites\/6\/2017\/11\/Agroseguro1.jpg\",\"datePublished\":\"2013-09-23T22:00:00+00:00\",\"author\":{\"@id\":\"https:\/\/www.asajacyl.com\/leon\/#\/schema\/person\/7e884476cee132331142e8ac9689f20c\"},\"description\":\"Los responsables de ASAJA de Castilla y Le&#243;n han transmitido hoy al presidente de Agroseguro, la entidad que gestiona el seguro agrario y ganadero en Espa&#241;a, su preocupaci&#243;n por el &#8220;delicado momento&#8221; que vive hoy el sistema de aseguramiento en el campo, principalmente por la reducci&#243;n del apoyo institucional a estas l&#237;neas en un contexto de crisis econ&#243;mica\",\"breadcrumb\":{\"@id\":\"https:\/\/www.asajacyl.com\/leon\/asaja-leon-informa\/asaja-de-castilla-y-len-se-rene-con-el-presidente-de-agroseguro-para-sumar-apoyos-a-favor-del-seguro-agrario-y-ganadero#breadcrumb\"},\"inLanguage\":\"es\",\"potentialAction\":[{\"@type\":\"ReadAction\",\"target\":[\"https:\/\/www.asajacyl.com\/leon\/asaja-leon-informa\/asaja-de-castilla-y-len-se-rene-con-el-presidente-de-agroseguro-para-sumar-apoyos-a-favor-del-seguro-agrario-y-ganadero\"]}]},{\"@type\":\"ImageObject\",\"inLanguage\":\"es\",\"@id\":\"https:\/\/www.asajacyl.com\/leon\/asaja-leon-informa\/asaja-de-castilla-y-len-se-rene-con-el-presidente-de-agroseguro-para-sumar-apoyos-a-favor-del-seguro-agrario-y-ganadero#primaryimage\",\"url\":\"https:\/\/www.asajacyl.com\/leon\/wp-content\/uploads\/sites\/6\/2017\/11\/Agroseguro1.jpg\",\"contentUrl\":\"https:\/\/www.asajacyl.com\/leon\/wp-content\/uploads\/sites\/6\/2017\/11\/Agroseguro1.jpg\",\"width\":1600,\"height\":1200},{\"@type\":\"BreadcrumbList\",\"@id\":\"https:\/\/www.asajacyl.com\/leon\/asaja-leon-informa\/asaja-de-castilla-y-len-se-rene-con-el-presidente-de-agroseguro-para-sumar-apoyos-a-favor-del-seguro-agrario-y-ganadero#breadcrumb\",\"itemListElement\":[{\"@type\":\"ListItem\",\"position\":1,\"name\":\"Portada\",\"item\":\"https:\/\/www.asajacyl.com\/leon\/\"},{\"@type\":\"ListItem\",\"position\":2,\"name\":\"ASAJA DE CASTILLA Y LE&#211;N SE RE&#218;NE CON EL PRESIDENTE DE AGROSEGURO PARA SUMAR APOYOS A FAVOR DEL SEGURO AGRARIO Y GANADERO\"}]},{\"@type\":\"WebSite\",\"@id\":\"https:\/\/www.asajacyl.com\/leon\/#website\",\"url\":\"https:\/\/www.asajacyl.com\/leon\/\",\"name\":\"ASAJA Le\u00f3n\",\"description\":\"Otro sitio m\u00e1s de Provincias ASAJA Castilla y Le\u00f3n\",\"potentialAction\":[{\"@type\":\"SearchAction\",\"target\":{\"@type\":\"EntryPoint\",\"urlTemplate\":\"https:\/\/www.asajacyl.com\/leon\/?s={search_term_string}\"},\"query-input\":{\"@type\":\"PropertyValueSpecification\",\"valueRequired\":true,\"valueName\":\"search_term_string\"}}],\"inLanguage\":\"es\"},{\"@type\":\"Person\",\"@id\":\"https:\/\/www.asajacyl.com\/leon\/#\/schema\/person\/7e884476cee132331142e8ac9689f20c\",\"name\":\"Editor\",\"image\":{\"@type\":\"ImageObject\",\"inLanguage\":\"es\",\"@id\":\"https:\/\/www.asajacyl.com\/leon\/#\/schema\/person\/image\/\",\"url\":\"https:\/\/secure.gravatar.com\/avatar\/a2ef43c165669686cfcfb0e1ffa59869?s=96&d=mm&r=g\",\"contentUrl\":\"https:\/\/secure.gravatar.com\/avatar\/a2ef43c165669686cfcfb0e1ffa59869?s=96&d=mm&r=g\",\"caption\":\"Editor\"},\"url\":\"https:\/\/www.asajacyl.com\/leon\/author\/oscargg\"}]}<\/script>\n<!-- \/ Yoast SEO plugin. -->","yoast_head_json":{"title":"ASAJA DE CASTILLA Y LE&#211;N SE RE&#218;NE CON EL PRESIDENTE DE AGROSEGURO PARA SUMAR APOYOS A FAVOR DEL SEGURO AGRARIO Y GANADERO - ASAJA Le\u00f3n","description":"Los responsables de ASAJA de Castilla y Le&#243;n han transmitido hoy al presidente de Agroseguro, la entidad que gestiona el seguro agrario y ganadero en Espa&#241;a, su preocupaci&#243;n por el &#8220;delicado momento&#8221; que vive hoy el sistema de aseguramiento en el campo, principalmente por la reducci&#243;n del apoyo institucional a estas l&#237;neas en un contexto de crisis econ&#243;mica","robots":{"index":"index","follow":"follow","max-snippet":"max-snippet:-1","max-image-preview":"max-image-preview:large","max-video-preview":"max-video-preview:-1"},"canonical":"https:\/\/www.asajacyl.com\/leon\/asaja-leon-informa\/asaja-de-castilla-y-len-se-rene-con-el-presidente-de-agroseguro-para-sumar-apoyos-a-favor-del-seguro-agrario-y-ganadero","og_locale":"es_ES","og_type":"article","og_title":"ASAJA DE CASTILLA Y LE&#211;N SE RE&#218;NE CON EL PRESIDENTE DE AGROSEGURO PARA SUMAR APOYOS A FAVOR DEL SEGURO AGRARIO Y GANADERO - ASAJA Le\u00f3n","og_description":"Los responsables de ASAJA de Castilla y Le&#243;n han transmitido hoy al presidente de Agroseguro, la entidad que gestiona el seguro agrario y ganadero en Espa&#241;a, su preocupaci&#243;n por el &#8220;delicado momento&#8221; que vive hoy el sistema de aseguramiento en el campo, principalmente por la reducci&#243;n del apoyo institucional a estas l&#237;neas en un contexto de crisis econ&#243;mica","og_url":"https:\/\/www.asajacyl.com\/leon\/asaja-leon-informa\/asaja-de-castilla-y-len-se-rene-con-el-presidente-de-agroseguro-para-sumar-apoyos-a-favor-del-seguro-agrario-y-ganadero","og_site_name":"ASAJA Le\u00f3n","article_published_time":"2013-09-23T22:00:00+00:00","og_image":[{"width":1600,"height":1200,"url":"https:\/\/www.asajacyl.com\/leon\/wp-content\/uploads\/sites\/6\/2017\/11\/Agroseguro1.jpg","type":"image\/jpeg"}],"author":"Editor","twitter_card":"summary_large_image","twitter_misc":{"Escrito por":"Editor","Tiempo de lectura":"4 minutos"},"schema":{"@context":"https:\/\/schema.org","@graph":[{"@type":"WebPage","@id":"https:\/\/www.asajacyl.com\/leon\/asaja-leon-informa\/asaja-de-castilla-y-len-se-rene-con-el-presidente-de-agroseguro-para-sumar-apoyos-a-favor-del-seguro-agrario-y-ganadero","url":"https:\/\/www.asajacyl.com\/leon\/asaja-leon-informa\/asaja-de-castilla-y-len-se-rene-con-el-presidente-de-agroseguro-para-sumar-apoyos-a-favor-del-seguro-agrario-y-ganadero","name":"ASAJA DE CASTILLA Y LE&#211;N SE RE&#218;NE CON EL PRESIDENTE DE AGROSEGURO PARA SUMAR APOYOS A FAVOR DEL SEGURO AGRARIO Y GANADERO - ASAJA Le\u00f3n","isPartOf":{"@id":"https:\/\/www.asajacyl.com\/leon\/#website"},"primaryImageOfPage":{"@id":"https:\/\/www.asajacyl.com\/leon\/asaja-leon-informa\/asaja-de-castilla-y-len-se-rene-con-el-presidente-de-agroseguro-para-sumar-apoyos-a-favor-del-seguro-agrario-y-ganadero#primaryimage"},"image":{"@id":"https:\/\/www.asajacyl.com\/leon\/asaja-leon-informa\/asaja-de-castilla-y-len-se-rene-con-el-presidente-de-agroseguro-para-sumar-apoyos-a-favor-del-seguro-agrario-y-ganadero#primaryimage"},"thumbnailUrl":"https:\/\/www.asajacyl.com\/leon\/wp-content\/uploads\/sites\/6\/2017\/11\/Agroseguro1.jpg","datePublished":"2013-09-23T22:00:00+00:00","author":{"@id":"https:\/\/www.asajacyl.com\/leon\/#\/schema\/person\/7e884476cee132331142e8ac9689f20c"},"description":"Los responsables de ASAJA de Castilla y Le&#243;n han transmitido hoy al presidente de Agroseguro, la entidad que gestiona el seguro agrario y ganadero en Espa&#241;a, su preocupaci&#243;n por el &#8220;delicado momento&#8221; que vive hoy el sistema de aseguramiento en el campo, principalmente por la reducci&#243;n del apoyo institucional a estas l&#237;neas en un contexto de crisis econ&#243;mica","breadcrumb":{"@id":"https:\/\/www.asajacyl.com\/leon\/asaja-leon-informa\/asaja-de-castilla-y-len-se-rene-con-el-presidente-de-agroseguro-para-sumar-apoyos-a-favor-del-seguro-agrario-y-ganadero#breadcrumb"},"inLanguage":"es","potentialAction":[{"@type":"ReadAction","target":["https:\/\/www.asajacyl.com\/leon\/asaja-leon-informa\/asaja-de-castilla-y-len-se-rene-con-el-presidente-de-agroseguro-para-sumar-apoyos-a-favor-del-seguro-agrario-y-ganadero"]}]},{"@type":"ImageObject","inLanguage":"es","@id":"https:\/\/www.asajacyl.com\/leon\/asaja-leon-informa\/asaja-de-castilla-y-len-se-rene-con-el-presidente-de-agroseguro-para-sumar-apoyos-a-favor-del-seguro-agrario-y-ganadero#primaryimage","url":"https:\/\/www.asajacyl.com\/leon\/wp-content\/uploads\/sites\/6\/2017\/11\/Agroseguro1.jpg","contentUrl":"https:\/\/www.asajacyl.com\/leon\/wp-content\/uploads\/sites\/6\/2017\/11\/Agroseguro1.jpg","width":1600,"height":1200},{"@type":"BreadcrumbList","@id":"https:\/\/www.asajacyl.com\/leon\/asaja-leon-informa\/asaja-de-castilla-y-len-se-rene-con-el-presidente-de-agroseguro-para-sumar-apoyos-a-favor-del-seguro-agrario-y-ganadero#breadcrumb","itemListElement":[{"@type":"ListItem","position":1,"name":"Portada","item":"https:\/\/www.asajacyl.com\/leon\/"},{"@type":"ListItem","position":2,"name":"ASAJA DE CASTILLA Y LE&#211;N SE RE&#218;NE CON EL PRESIDENTE DE AGROSEGURO PARA SUMAR APOYOS A FAVOR DEL SEGURO AGRARIO Y GANADERO"}]},{"@type":"WebSite","@id":"https:\/\/www.asajacyl.com\/leon\/#website","url":"https:\/\/www.asajacyl.com\/leon\/","name":"ASAJA Le\u00f3n","description":"Otro sitio m\u00e1s de Provincias ASAJA Castilla y Le\u00f3n","potentialAction":[{"@type":"SearchAction","target":{"@type":"EntryPoint","urlTemplate":"https:\/\/www.asajacyl.com\/leon\/?s={search_term_string}"},"query-input":{"@type":"PropertyValueSpecification","valueRequired":true,"valueName":"search_term_string"}}],"inLanguage":"es"},{"@type":"Person","@id":"https:\/\/www.asajacyl.com\/leon\/#\/schema\/person\/7e884476cee132331142e8ac9689f20c","name":"Editor","image":{"@type":"ImageObject","inLanguage":"es","@id":"https:\/\/www.asajacyl.com\/leon\/#\/schema\/person\/image\/","url":"https:\/\/secure.gravatar.com\/avatar\/a2ef43c165669686cfcfb0e1ffa59869?s=96&d=mm&r=g","contentUrl":"https:\/\/secure.gravatar.com\/avatar\/a2ef43c165669686cfcfb0e1ffa59869?s=96&d=mm&r=g","caption":"Editor"},"url":"https:\/\/www.asajacyl.com\/leon\/author\/oscargg"}]}},"_links":{"self":[{"href":"https:\/\/www.asajacyl.com\/leon\/wp-json\/wp\/v2\/posts\/6773"}],"collection":[{"href":"https:\/\/www.asajacyl.com\/leon\/wp-json\/wp\/v2\/posts"}],"about":[{"href":"https:\/\/www.asajacyl.com\/leon\/wp-json\/wp\/v2\/types\/post"}],"author":[{"embeddable":true,"href":"https:\/\/www.asajacyl.com\/leon\/wp-json\/wp\/v2\/users\/3"}],"replies":[{"embeddable":true,"href":"https:\/\/www.asajacyl.com\/leon\/wp-json\/wp\/v2\/comments?post=6773"}],"version-history":[{"count":0,"href":"https:\/\/www.asajacyl.com\/leon\/wp-json\/wp\/v2\/posts\/6773\/revisions"}],"wp:featuredmedia":[{"embeddable":true,"href":"https:\/\/www.asajacyl.com\/leon\/wp-json\/wp\/v2\/media\/6774"}],"wp:attachment":[{"href":"https:\/\/www.asajacyl.com\/leon\/wp-json\/wp\/v2\/media?parent=6773"}],"wp:term":[{"taxonomy":"category","embeddable":true,"href":"https:\/\/www.asajacyl.com\/leon\/wp-json\/wp\/v2\/categories?post=6773"},{"taxonomy":"post_tag","embeddable":true,"href":"https:\/\/www.asajacyl.com\/leon\/wp-json\/wp\/v2\/tags?post=6773"}],"curies":[{"name":"wp","href":"https:\/\/api.w.org\/{rel}","templated":true}]}}