{"id":6821,"date":"2013-05-31T00:00:00","date_gmt":"2013-05-30T22:00:00","guid":{"rendered":"http:\/\/www.asajacyl.com\/leon\/sin-categoria\/asaja-seala-que-la-junta-relega-a-segunda-divisin-la-formacin-agraria"},"modified":"2013-05-31T00:00:00","modified_gmt":"2013-05-30T22:00:00","slug":"asaja-seala-que-la-junta-relega-a-segunda-divisin-la-formacin-agraria","status":"publish","type":"post","link":"https:\/\/www.asajacyl.com\/leon\/asaja-leon-informa\/asaja-seala-que-la-junta-relega-a-segunda-divisin-la-formacin-agraria","title":{"rendered":"ASAJA SE&#209;ALA QUE LA JUNTA RELEGA A &#147;SEGUNDA DIVISI&#211;N&#148; LA FORMACI&#211;N AGRARIA"},"content":{"rendered":"<h2>Esta ma&#241;ana se re&#250;nen en Valladolid los responsables de formaci&#243;n de ASAJA en las diferentes provincias de Castilla y Le&#243;n, en un momento especialmente complicado para que las organizaciones agrarias mantengan este servicio imprescindible para sus asociados.<\/h2>\n<div align=\"center\"><font color=\"#003300\"><b>ASAJA SE&#209;ALA QUE <\/b><b>LA JUNTA<\/b><b> RELEGA<\/b><b> A <\/b><b>&#8220;SEGUNDA DIVISI&#211;N&#8221; <\/b><b>LA FORMACI&#211;N AGRARIA<\/b><b><\/b><\/font><\/div>\n<div align=\"justify\">&#160;<\/div>\n<div align=\"justify\">Esta ma&#241;ana se re&#250;nen en Valladolid los responsables de formaci&#243;n de ASAJA en las diferentes provincias de Castilla y Le&#243;n, en un momento especialmente complicado para que las organizaciones agrarias mantengan este servicio imprescindible para sus asociados. Tal como denuncia ASAJA, por segundo a&#241;o consecutivo la Junta de Castilla y Le&#243;n ha relegado a la &#8220;segunda divisi&#243;n&#8221; la formaci&#243;n de los profesionales de la agricultura y la ganader&#237;a, destinando cero euros a la financiaci&#243;n de estos cursos, punto que contrasta con la partida, conocida hace pocos d&#237;as, de casi cuatro millones de euros que la Consejer&#237;a de Econom&#237;a conceder&#225; para este cap&#237;tulo a los firmantes del conocido como &#8220;Di&#225;logo Social&#8221; &#8211;Cecale, CC OO y UGT&#8211;.<\/div>\n<div align=\"justify\">&#160;<\/div>\n<div align=\"justify\">ASAJA subraya la importancia de la formaci&#243;n para los profesionales del campo, especialmente cuando estamos hablando de una formaci&#243;n que exige la propia normativa europea o que est&#225; ligada a la recepci&#243;n de las ayudas de la PAC, como son los cursos sobre bienestar animal o manipulaci&#243;n de fitosanitarios y zoosanitarios, y muy particularmente la formaci&#243;n para j&#243;venes que se incorporan al sector, que necesariamente tienen que cursar para acceder a la ayuda correspondiente. Estos son solo parte de los cursos que se han desarrollado y desarrollan, pese a las dificultades, en ASAJA, siempre vinculados a lograr una formaci&#243;n que permita a los profesionales del campo estar al d&#237;a y dirigir sus explotaciones de la forma m&#225;s competitiva, sostenible y eficaz posible. Por ello siempre se ha prestado especial atenci&#243;n las nuevas tecnolog&#237;as de maquinaria, sistemas de producci&#243;n y tambi&#233;n de comunicaci&#243;n: de hecho, la inmensa mayor&#237;a de las generaciones m&#225;s j&#243;venes del campo han dado sus primeros pasos como usuarios de la inform&#225;tica e Internet en cursos impartidos por las organizaciones agrarias.<\/div>\n<div align=\"justify\">&#160;<\/div>\n<div align=\"justify\">Hasta el a&#241;o 2011, con el apoyo recibido a trav&#233;s de la Consejer&#237;a de Agricultura y Ganader&#237;a y de los fondos europeos, las organizaciones agrarias pod&#237;an, ajustando el presupuesto, ofrecer formaci&#243;n gratuita a sus socios. &#8220;Desde el a&#241;o 2012 esto es imposible, y a ASAJA, como el resto de OPAS, no le ha quedado m&#225;s alternativa que tirar de fondos propios y derivar una peque&#241;a matr&#237;cula a los agricultores y ganaderos que asisten a los cursos, con el objeto de sufragarlos&#8221;, indica la organizaci&#243;n, que a&#241;ade que &#8220;ASAJA no puede dejar de atender a ning&#250;n agricultor que demande formaci&#243;n, porque forma parte de nuestros compromisos con los socios&#8221;.<\/div>\n","protected":false},"excerpt":{"rendered":"<p>Esta ma&#241;ana se re&#250;nen en Valladolid los responsables de formaci&#243;n de ASAJA en las diferentes provincias de Castilla y Le&#243;n, en un momento especialmente complicado para que las organizaciones agrarias mantengan este servicio imprescindible para sus asociados.<\/p>\n","protected":false},"author":3,"featured_media":8174,"comment_status":"open","ping_status":"open","sticky":false,"template":"","format":"standard","meta":{"footnotes":""},"categories":[4,9],"tags":[],"yoast_head":"<!-- This site is optimized with the Yoast SEO plugin v24.5 - https:\/\/yoast.com\/wordpress\/plugins\/seo\/ -->\n<title>ASAJA SE&#209;ALA QUE LA JUNTA RELEGA A &#147;SEGUNDA DIVISI&#211;N&#148; LA FORMACI&#211;N AGRARIA - ASAJA Le\u00f3n<\/title>\n<meta name=\"description\" content=\"Esta ma&#241;ana se re&#250;nen en Valladolid los responsables de formaci&#243;n de ASAJA en las diferentes provincias de Castilla y Le&#243;n, en un momento especialmente complicado para que las organizaciones agrarias mantengan este servicio imprescindible para sus asociados.\" \/>\n<meta name=\"robots\" content=\"index, follow, max-snippet:-1, max-image-preview:large, max-video-preview:-1\" \/>\n<link rel=\"canonical\" href=\"https:\/\/www.asajacyl.com\/leon\/asaja-leon-informa\/asaja-seala-que-la-junta-relega-a-segunda-divisin-la-formacin-agraria\" \/>\n<meta property=\"og:locale\" content=\"es_ES\" \/>\n<meta property=\"og:type\" content=\"article\" \/>\n<meta property=\"og:title\" content=\"ASAJA SE&#209;ALA QUE LA JUNTA RELEGA A &#147;SEGUNDA DIVISI&#211;N&#148; LA FORMACI&#211;N AGRARIA - ASAJA Le\u00f3n\" \/>\n<meta property=\"og:description\" content=\"Esta ma&#241;ana se re&#250;nen en Valladolid los responsables de formaci&#243;n de ASAJA en las diferentes provincias de Castilla y Le&#243;n, en un momento especialmente complicado para que las organizaciones agrarias mantengan este servicio imprescindible para sus asociados.\" \/>\n<meta property=\"og:url\" content=\"https:\/\/www.asajacyl.com\/leon\/asaja-leon-informa\/asaja-seala-que-la-junta-relega-a-segunda-divisin-la-formacin-agraria\" \/>\n<meta property=\"og:site_name\" content=\"ASAJA Le\u00f3n\" \/>\n<meta property=\"article:published_time\" content=\"2013-05-30T22:00:00+00:00\" \/>\n<meta property=\"og:image\" content=\"https:\/\/www.asajacyl.com\/leon\/wp-content\/uploads\/sites\/6\/2017\/11\/im_predefinida_1920x1080.jpg\" \/>\n\t<meta property=\"og:image:width\" content=\"1920\" \/>\n\t<meta property=\"og:image:height\" content=\"1080\" \/>\n\t<meta property=\"og:image:type\" content=\"image\/jpeg\" \/>\n<meta name=\"author\" content=\"Editor\" \/>\n<meta name=\"twitter:card\" content=\"summary_large_image\" \/>\n<meta name=\"twitter:label1\" content=\"Escrito por\" \/>\n\t<meta name=\"twitter:data1\" content=\"Editor\" \/>\n\t<meta name=\"twitter:label2\" content=\"Tiempo de lectura\" \/>\n\t<meta name=\"twitter:data2\" content=\"2 minutos\" \/>\n<script type=\"application\/ld+json\" class=\"yoast-schema-graph\">{\"@context\":\"https:\/\/schema.org\",\"@graph\":[{\"@type\":\"WebPage\",\"@id\":\"https:\/\/www.asajacyl.com\/leon\/asaja-leon-informa\/asaja-seala-que-la-junta-relega-a-segunda-divisin-la-formacin-agraria\",\"url\":\"https:\/\/www.asajacyl.com\/leon\/asaja-leon-informa\/asaja-seala-que-la-junta-relega-a-segunda-divisin-la-formacin-agraria\",\"name\":\"ASAJA SE&#209;ALA QUE LA JUNTA RELEGA A &#147;SEGUNDA DIVISI&#211;N&#148; LA FORMACI&#211;N AGRARIA - ASAJA Le\u00f3n\",\"isPartOf\":{\"@id\":\"https:\/\/www.asajacyl.com\/leon\/#website\"},\"primaryImageOfPage\":{\"@id\":\"https:\/\/www.asajacyl.com\/leon\/asaja-leon-informa\/asaja-seala-que-la-junta-relega-a-segunda-divisin-la-formacin-agraria#primaryimage\"},\"image\":{\"@id\":\"https:\/\/www.asajacyl.com\/leon\/asaja-leon-informa\/asaja-seala-que-la-junta-relega-a-segunda-divisin-la-formacin-agraria#primaryimage\"},\"thumbnailUrl\":\"https:\/\/www.asajacyl.com\/leon\/wp-content\/uploads\/sites\/6\/2017\/11\/im_predefinida_1920x1080.jpg\",\"datePublished\":\"2013-05-30T22:00:00+00:00\",\"author\":{\"@id\":\"https:\/\/www.asajacyl.com\/leon\/#\/schema\/person\/7e884476cee132331142e8ac9689f20c\"},\"description\":\"Esta ma&#241;ana se re&#250;nen en Valladolid los responsables de formaci&#243;n de ASAJA en las diferentes provincias de Castilla y Le&#243;n, en un momento especialmente complicado para que las organizaciones agrarias mantengan este servicio imprescindible para sus asociados.\",\"breadcrumb\":{\"@id\":\"https:\/\/www.asajacyl.com\/leon\/asaja-leon-informa\/asaja-seala-que-la-junta-relega-a-segunda-divisin-la-formacin-agraria#breadcrumb\"},\"inLanguage\":\"es\",\"potentialAction\":[{\"@type\":\"ReadAction\",\"target\":[\"https:\/\/www.asajacyl.com\/leon\/asaja-leon-informa\/asaja-seala-que-la-junta-relega-a-segunda-divisin-la-formacin-agraria\"]}]},{\"@type\":\"ImageObject\",\"inLanguage\":\"es\",\"@id\":\"https:\/\/www.asajacyl.com\/leon\/asaja-leon-informa\/asaja-seala-que-la-junta-relega-a-segunda-divisin-la-formacin-agraria#primaryimage\",\"url\":\"https:\/\/www.asajacyl.com\/leon\/wp-content\/uploads\/sites\/6\/2017\/11\/im_predefinida_1920x1080.jpg\",\"contentUrl\":\"https:\/\/www.asajacyl.com\/leon\/wp-content\/uploads\/sites\/6\/2017\/11\/im_predefinida_1920x1080.jpg\",\"width\":1920,\"height\":1080,\"caption\":\"Logotipo ASAJA Le\u00f3n\"},{\"@type\":\"BreadcrumbList\",\"@id\":\"https:\/\/www.asajacyl.com\/leon\/asaja-leon-informa\/asaja-seala-que-la-junta-relega-a-segunda-divisin-la-formacin-agraria#breadcrumb\",\"itemListElement\":[{\"@type\":\"ListItem\",\"position\":1,\"name\":\"Portada\",\"item\":\"https:\/\/www.asajacyl.com\/leon\/\"},{\"@type\":\"ListItem\",\"position\":2,\"name\":\"ASAJA SE&#209;ALA QUE LA JUNTA RELEGA A &#147;SEGUNDA DIVISI&#211;N&#148; LA FORMACI&#211;N AGRARIA\"}]},{\"@type\":\"WebSite\",\"@id\":\"https:\/\/www.asajacyl.com\/leon\/#website\",\"url\":\"https:\/\/www.asajacyl.com\/leon\/\",\"name\":\"ASAJA Le\u00f3n\",\"description\":\"Otro sitio m\u00e1s de Provincias ASAJA Castilla y Le\u00f3n\",\"potentialAction\":[{\"@type\":\"SearchAction\",\"target\":{\"@type\":\"EntryPoint\",\"urlTemplate\":\"https:\/\/www.asajacyl.com\/leon\/?s={search_term_string}\"},\"query-input\":{\"@type\":\"PropertyValueSpecification\",\"valueRequired\":true,\"valueName\":\"search_term_string\"}}],\"inLanguage\":\"es\"},{\"@type\":\"Person\",\"@id\":\"https:\/\/www.asajacyl.com\/leon\/#\/schema\/person\/7e884476cee132331142e8ac9689f20c\",\"name\":\"Editor\",\"image\":{\"@type\":\"ImageObject\",\"inLanguage\":\"es\",\"@id\":\"https:\/\/www.asajacyl.com\/leon\/#\/schema\/person\/image\/\",\"url\":\"https:\/\/secure.gravatar.com\/avatar\/a2ef43c165669686cfcfb0e1ffa59869?s=96&d=mm&r=g\",\"contentUrl\":\"https:\/\/secure.gravatar.com\/avatar\/a2ef43c165669686cfcfb0e1ffa59869?s=96&d=mm&r=g\",\"caption\":\"Editor\"},\"url\":\"https:\/\/www.asajacyl.com\/leon\/author\/oscargg\"}]}<\/script>\n<!-- \/ Yoast SEO plugin. -->","yoast_head_json":{"title":"ASAJA SE&#209;ALA QUE LA JUNTA RELEGA A &#147;SEGUNDA DIVISI&#211;N&#148; LA FORMACI&#211;N AGRARIA - ASAJA Le\u00f3n","description":"Esta ma&#241;ana se re&#250;nen en Valladolid los responsables de formaci&#243;n de ASAJA en las diferentes provincias de Castilla y Le&#243;n, en un momento especialmente complicado para que las organizaciones agrarias mantengan este servicio imprescindible para sus asociados.","robots":{"index":"index","follow":"follow","max-snippet":"max-snippet:-1","max-image-preview":"max-image-preview:large","max-video-preview":"max-video-preview:-1"},"canonical":"https:\/\/www.asajacyl.com\/leon\/asaja-leon-informa\/asaja-seala-que-la-junta-relega-a-segunda-divisin-la-formacin-agraria","og_locale":"es_ES","og_type":"article","og_title":"ASAJA SE&#209;ALA QUE LA JUNTA RELEGA A &#147;SEGUNDA DIVISI&#211;N&#148; LA FORMACI&#211;N AGRARIA - ASAJA Le\u00f3n","og_description":"Esta ma&#241;ana se re&#250;nen en Valladolid los responsables de formaci&#243;n de ASAJA en las diferentes provincias de Castilla y Le&#243;n, en un momento especialmente complicado para que las organizaciones agrarias mantengan este servicio imprescindible para sus asociados.","og_url":"https:\/\/www.asajacyl.com\/leon\/asaja-leon-informa\/asaja-seala-que-la-junta-relega-a-segunda-divisin-la-formacin-agraria","og_site_name":"ASAJA Le\u00f3n","article_published_time":"2013-05-30T22:00:00+00:00","og_image":[{"width":1920,"height":1080,"url":"https:\/\/www.asajacyl.com\/leon\/wp-content\/uploads\/sites\/6\/2017\/11\/im_predefinida_1920x1080.jpg","type":"image\/jpeg"}],"author":"Editor","twitter_card":"summary_large_image","twitter_misc":{"Escrito por":"Editor","Tiempo de lectura":"2 minutos"},"schema":{"@context":"https:\/\/schema.org","@graph":[{"@type":"WebPage","@id":"https:\/\/www.asajacyl.com\/leon\/asaja-leon-informa\/asaja-seala-que-la-junta-relega-a-segunda-divisin-la-formacin-agraria","url":"https:\/\/www.asajacyl.com\/leon\/asaja-leon-informa\/asaja-seala-que-la-junta-relega-a-segunda-divisin-la-formacin-agraria","name":"ASAJA SE&#209;ALA QUE LA JUNTA RELEGA A &#147;SEGUNDA DIVISI&#211;N&#148; LA FORMACI&#211;N AGRARIA - ASAJA Le\u00f3n","isPartOf":{"@id":"https:\/\/www.asajacyl.com\/leon\/#website"},"primaryImageOfPage":{"@id":"https:\/\/www.asajacyl.com\/leon\/asaja-leon-informa\/asaja-seala-que-la-junta-relega-a-segunda-divisin-la-formacin-agraria#primaryimage"},"image":{"@id":"https:\/\/www.asajacyl.com\/leon\/asaja-leon-informa\/asaja-seala-que-la-junta-relega-a-segunda-divisin-la-formacin-agraria#primaryimage"},"thumbnailUrl":"https:\/\/www.asajacyl.com\/leon\/wp-content\/uploads\/sites\/6\/2017\/11\/im_predefinida_1920x1080.jpg","datePublished":"2013-05-30T22:00:00+00:00","author":{"@id":"https:\/\/www.asajacyl.com\/leon\/#\/schema\/person\/7e884476cee132331142e8ac9689f20c"},"description":"Esta ma&#241;ana se re&#250;nen en Valladolid los responsables de formaci&#243;n de ASAJA en las diferentes provincias de Castilla y Le&#243;n, en un momento especialmente complicado para que las organizaciones agrarias mantengan este servicio imprescindible para sus asociados.","breadcrumb":{"@id":"https:\/\/www.asajacyl.com\/leon\/asaja-leon-informa\/asaja-seala-que-la-junta-relega-a-segunda-divisin-la-formacin-agraria#breadcrumb"},"inLanguage":"es","potentialAction":[{"@type":"ReadAction","target":["https:\/\/www.asajacyl.com\/leon\/asaja-leon-informa\/asaja-seala-que-la-junta-relega-a-segunda-divisin-la-formacin-agraria"]}]},{"@type":"ImageObject","inLanguage":"es","@id":"https:\/\/www.asajacyl.com\/leon\/asaja-leon-informa\/asaja-seala-que-la-junta-relega-a-segunda-divisin-la-formacin-agraria#primaryimage","url":"https:\/\/www.asajacyl.com\/leon\/wp-content\/uploads\/sites\/6\/2017\/11\/im_predefinida_1920x1080.jpg","contentUrl":"https:\/\/www.asajacyl.com\/leon\/wp-content\/uploads\/sites\/6\/2017\/11\/im_predefinida_1920x1080.jpg","width":1920,"height":1080,"caption":"Logotipo ASAJA Le\u00f3n"},{"@type":"BreadcrumbList","@id":"https:\/\/www.asajacyl.com\/leon\/asaja-leon-informa\/asaja-seala-que-la-junta-relega-a-segunda-divisin-la-formacin-agraria#breadcrumb","itemListElement":[{"@type":"ListItem","position":1,"name":"Portada","item":"https:\/\/www.asajacyl.com\/leon\/"},{"@type":"ListItem","position":2,"name":"ASAJA SE&#209;ALA QUE LA JUNTA RELEGA A &#147;SEGUNDA DIVISI&#211;N&#148; LA FORMACI&#211;N AGRARIA"}]},{"@type":"WebSite","@id":"https:\/\/www.asajacyl.com\/leon\/#website","url":"https:\/\/www.asajacyl.com\/leon\/","name":"ASAJA Le\u00f3n","description":"Otro sitio m\u00e1s de Provincias ASAJA Castilla y Le\u00f3n","potentialAction":[{"@type":"SearchAction","target":{"@type":"EntryPoint","urlTemplate":"https:\/\/www.asajacyl.com\/leon\/?s={search_term_string}"},"query-input":{"@type":"PropertyValueSpecification","valueRequired":true,"valueName":"search_term_string"}}],"inLanguage":"es"},{"@type":"Person","@id":"https:\/\/www.asajacyl.com\/leon\/#\/schema\/person\/7e884476cee132331142e8ac9689f20c","name":"Editor","image":{"@type":"ImageObject","inLanguage":"es","@id":"https:\/\/www.asajacyl.com\/leon\/#\/schema\/person\/image\/","url":"https:\/\/secure.gravatar.com\/avatar\/a2ef43c165669686cfcfb0e1ffa59869?s=96&d=mm&r=g","contentUrl":"https:\/\/secure.gravatar.com\/avatar\/a2ef43c165669686cfcfb0e1ffa59869?s=96&d=mm&r=g","caption":"Editor"},"url":"https:\/\/www.asajacyl.com\/leon\/author\/oscargg"}]}},"_links":{"self":[{"href":"https:\/\/www.asajacyl.com\/leon\/wp-json\/wp\/v2\/posts\/6821"}],"collection":[{"href":"https:\/\/www.asajacyl.com\/leon\/wp-json\/wp\/v2\/posts"}],"about":[{"href":"https:\/\/www.asajacyl.com\/leon\/wp-json\/wp\/v2\/types\/post"}],"author":[{"embeddable":true,"href":"https:\/\/www.asajacyl.com\/leon\/wp-json\/wp\/v2\/users\/3"}],"replies":[{"embeddable":true,"href":"https:\/\/www.asajacyl.com\/leon\/wp-json\/wp\/v2\/comments?post=6821"}],"version-history":[{"count":0,"href":"https:\/\/www.asajacyl.com\/leon\/wp-json\/wp\/v2\/posts\/6821\/revisions"}],"wp:featuredmedia":[{"embeddable":true,"href":"https:\/\/www.asajacyl.com\/leon\/wp-json\/wp\/v2\/media\/8174"}],"wp:attachment":[{"href":"https:\/\/www.asajacyl.com\/leon\/wp-json\/wp\/v2\/media?parent=6821"}],"wp:term":[{"taxonomy":"category","embeddable":true,"href":"https:\/\/www.asajacyl.com\/leon\/wp-json\/wp\/v2\/categories?post=6821"},{"taxonomy":"post_tag","embeddable":true,"href":"https:\/\/www.asajacyl.com\/leon\/wp-json\/wp\/v2\/tags?post=6821"}],"curies":[{"name":"wp","href":"https:\/\/api.w.org\/{rel}","templated":true}]}}