{"id":6822,"date":"2013-05-29T00:00:00","date_gmt":"2013-05-28T22:00:00","guid":{"rendered":"http:\/\/www.asajacyl.com\/leon\/sin-categoria\/asaja-pide-a-herrera-que-el-campo-recupere-su-tratamiento-como-sector-estratgico-cuando-mejore-el-marco-de-financiacin"},"modified":"2013-05-29T00:00:00","modified_gmt":"2013-05-28T22:00:00","slug":"asaja-pide-a-herrera-que-el-campo-recupere-su-tratamiento-como-sector-estratgico-cuando-mejore-el-marco-de-financiacin","status":"publish","type":"post","link":"https:\/\/www.asajacyl.com\/leon\/asaja-leon-informa\/asaja-pide-a-herrera-que-el-campo-recupere-su-tratamiento-como-sector-estratgico-cuando-mejore-el-marco-de-financiacin","title":{"rendered":"ASAJA PIDE A HERRERA QUE EL CAMPO RECUPERE SU TRATAMIENTO COMO SECTOR ESTRAT&#201;GICO CUANDO MEJORE EL MARCO DE FINANCIACI&#211;N"},"content":{"rendered":"<h2>El presidente de ASAJA de Castilla y Le&#243;n, Donaciano Dujo, ha expresado &#8220;el total respaldo&#8221; de la organizaci&#243;n al modelo de financiaci&#243;n auton&#243;mico defendido en Madrid por el presidente de la Junta, Juan Vicente Herrera, &#8220;porque en esta regi&#243;n se han hecho los recortes precisos para que la econom&#237;a se recupere, y no puede ser que encima eso sea motivo de penalizaci&#243;n&#8221;.<\/h2>\n<div>\n<div align=\"center\"><strong><font color=\"#006600\" size=\"3\">ASAJA PIDE A HERRERA QUE EL CAMPO RECUPERE SU TRATAMIENTO COMO SECTOR ESTRAT&#201;GICO CUANDO MEJORE EL MARCO DE FINANCIACI&#211;N<\/font><\/strong><\/div>\n<\/div>\n<div>&#160;<\/div>\n<div align=\"justify\"><font size=\"2\">El presidente de ASAJA de Castilla y Le&#243;n, Donaciano Dujo, ha expresado &#8220;el total respaldo&#8221; de la organizaci&#243;n al modelo de financiaci&#243;n auton&#243;mico defendido en Madrid por el presidente de la Junta, Juan Vicente Herrera, &#8220;porque en esta regi&#243;n se han hecho los recortes precisos para que la econom&#237;a se recupere, y no puede ser que encima eso sea motivo de penalizaci&#243;n&#8221;. En la rueda de prensa posterior al encuentro que peri&#243;dicamente celebra el presidente auton&#243;mico con los responsables agrarios de la Comunidad, el l&#237;der de la principal organizaci&#243;n, ASAJA, ha recordado que en este esfuerzo para reducir el d&#233;ficit &#8220;ha habido una notable contribuci&#243;n del sector agroganadero, por lo que confiamos en que, una vez mejore el marco de financiaci&#243;n, el campo recupere su tratamiento como sector estrat&#233;gico que es y como lo ha demostrado tirando del carro econ&#243;mico regional en los peores momentos de esta crisis&#8221;.<\/font><\/div>\n<div align=\"justify\"><font size=\"2\">&#160;<\/font><\/div>\n<p align=\"center\"><font size=\"2\"><img loading=\"lazy\" decoding=\"async\" style=\"WIDTH: 378px; HEIGHT: 242px\" alt=\"\" src=\"\/leon\/wp-content\/uploads\/sites\/6\/2017\/11\/Herrera_OPAS.jpg\" width=\"350\" height=\"375\"\/><\/font><\/p>\n<div align=\"justify\"><font size=\"2\"><\/font><\/div>\n<div align=\"justify\"><font size=\"2\">Adem&#225;s, ASAJA, junto al resto de OPAS, ha subrayado la gravedad del bloqueo de financiaci&#243;n al que est&#225; sometiendo el Ministerio de Agricultura al Plan de Desarrollo Rural, del que dependen ayudas con un marcado componente social para el campo y el medio rural, como son las indemnizaciones compensatorias o las de nuevas incorporaciones, as&#237; como la l&#237;nea de modernizaci&#243;n de explotaciones, o los fundamentales para la sostenibilidad contratos agroambientales. &#8220;La postura del ministerio es impresentable, y la obligaci&#243;n de la consejera y del propio Herrera es arrancar este dinero al ministerio, aunque sea a cara de perro&#8221;, ha se&#241;alado Dujo.<\/font><\/div>\n<div align=\"justify\"><font size=\"2\">&#160;<\/font><\/div>\n<div align=\"justify\"><font size=\"2\">Otros puntos tratados en el encuentro han sido la futura Ley Agraria de Castilla y Le&#243;n, sobre la cual ASAJA ha insistido en que tiene que ser &#8220;global y plural, con un car&#225;cter troncal en el que se incluyan todas las &#225;reas que afectan al sector, no s&#243;lo las productivas&#8221;.<\/font><\/div>\n<div align=\"justify\"><font size=\"2\">&#160;<\/font><\/div>\n<div align=\"justify\"><font size=\"2\">Finalmente, el presidente de ASAJA ha brindado su apoyo y colaboraci&#243;n para conseguir que &#8220;al d&#237;a siguiente a la aprobaci&#243;n de la reforma de la PAC en Bruselas, est&#233; ya listo un gran acuerdo de las fuerzas pol&#237;ticas y sindicales de Castilla y Le&#243;n para defender nuestro modelo en Madrid y para gestionar de la mejor forma posible todos los recursos con los que se cuenten&#8221;.<\/font><\/div>\n<div align=\"justify\"><font size=\"2\"><\/font><\/div>\n<p align=\"center\"><font size=\"2\"><\/font><\/p>\n<div align=\"justify\">&#160;<\/div>\n","protected":false},"excerpt":{"rendered":"<p>El presidente de ASAJA de Castilla y Le&#243;n, Donaciano Dujo, ha expresado &#8220;el total respaldo&#8221; de la organizaci&#243;n al modelo de financiaci&#243;n auton&#243;mico defendido en Madrid por el presidente de la Junta, Juan Vicente Herrera, &#8220;porque en esta regi&#243;n se han hecho los recortes precisos para que la econom&#237;a se recupere, y no puede ser que encima eso sea motivo de penalizaci&#243;n&#8221;.<\/p>\n","protected":false},"author":3,"featured_media":6823,"comment_status":"open","ping_status":"open","sticky":false,"template":"","format":"standard","meta":{"footnotes":""},"categories":[4,9],"tags":[],"yoast_head":"<!-- This site is optimized with the Yoast SEO plugin v24.5 - https:\/\/yoast.com\/wordpress\/plugins\/seo\/ -->\n<title>ASAJA PIDE A HERRERA QUE EL CAMPO RECUPERE SU TRATAMIENTO COMO SECTOR ESTRAT&#201;GICO CUANDO MEJORE EL MARCO DE FINANCIACI&#211;N - ASAJA Le\u00f3n<\/title>\n<meta name=\"description\" content=\"El presidente de ASAJA de Castilla y Le&#243;n, Donaciano Dujo, ha expresado &#8220;el total respaldo&#8221; de la organizaci&#243;n al modelo de financiaci&#243;n auton&#243;mico defendido en Madrid por el presidente de la Junta, Juan Vicente Herrera, &#8220;porque en esta regi&#243;n se han hecho los recortes precisos para que la econom&#237;a se recupere, y no puede ser que encima eso sea motivo de penalizaci&#243;n&#8221;.\" \/>\n<meta name=\"robots\" content=\"index, follow, max-snippet:-1, max-image-preview:large, max-video-preview:-1\" \/>\n<link rel=\"canonical\" href=\"https:\/\/www.asajacyl.com\/leon\/asaja-leon-informa\/asaja-pide-a-herrera-que-el-campo-recupere-su-tratamiento-como-sector-estratgico-cuando-mejore-el-marco-de-financiacin\" \/>\n<meta property=\"og:locale\" content=\"es_ES\" \/>\n<meta property=\"og:type\" content=\"article\" \/>\n<meta property=\"og:title\" content=\"ASAJA PIDE A HERRERA QUE EL CAMPO RECUPERE SU TRATAMIENTO COMO SECTOR ESTRAT&#201;GICO CUANDO MEJORE EL MARCO DE FINANCIACI&#211;N - ASAJA Le\u00f3n\" \/>\n<meta property=\"og:description\" content=\"El presidente de ASAJA de Castilla y Le&#243;n, Donaciano Dujo, ha expresado &#8220;el total respaldo&#8221; de la organizaci&#243;n al modelo de financiaci&#243;n auton&#243;mico defendido en Madrid por el presidente de la Junta, Juan Vicente Herrera, &#8220;porque en esta regi&#243;n se han hecho los recortes precisos para que la econom&#237;a se recupere, y no puede ser que encima eso sea motivo de penalizaci&#243;n&#8221;.\" \/>\n<meta property=\"og:url\" content=\"https:\/\/www.asajacyl.com\/leon\/asaja-leon-informa\/asaja-pide-a-herrera-que-el-campo-recupere-su-tratamiento-como-sector-estratgico-cuando-mejore-el-marco-de-financiacin\" \/>\n<meta property=\"og:site_name\" content=\"ASAJA Le\u00f3n\" \/>\n<meta property=\"article:published_time\" content=\"2013-05-28T22:00:00+00:00\" \/>\n<meta property=\"og:image\" content=\"https:\/\/www.asajacyl.com\/leon\/wp-content\/uploads\/sites\/6\/2017\/11\/Herrera_OPAS.jpg\" \/>\n\t<meta property=\"og:image:width\" content=\"2440\" \/>\n\t<meta property=\"og:image:height\" content=\"1591\" \/>\n\t<meta property=\"og:image:type\" content=\"image\/jpeg\" \/>\n<meta name=\"author\" content=\"Editor\" \/>\n<meta name=\"twitter:card\" content=\"summary_large_image\" \/>\n<meta name=\"twitter:label1\" content=\"Escrito por\" \/>\n\t<meta name=\"twitter:data1\" content=\"Editor\" \/>\n\t<meta name=\"twitter:label2\" content=\"Tiempo de lectura\" \/>\n\t<meta name=\"twitter:data2\" content=\"2 minutos\" \/>\n<script type=\"application\/ld+json\" class=\"yoast-schema-graph\">{\"@context\":\"https:\/\/schema.org\",\"@graph\":[{\"@type\":\"WebPage\",\"@id\":\"https:\/\/www.asajacyl.com\/leon\/asaja-leon-informa\/asaja-pide-a-herrera-que-el-campo-recupere-su-tratamiento-como-sector-estratgico-cuando-mejore-el-marco-de-financiacin\",\"url\":\"https:\/\/www.asajacyl.com\/leon\/asaja-leon-informa\/asaja-pide-a-herrera-que-el-campo-recupere-su-tratamiento-como-sector-estratgico-cuando-mejore-el-marco-de-financiacin\",\"name\":\"ASAJA PIDE A HERRERA QUE EL CAMPO RECUPERE SU TRATAMIENTO COMO SECTOR ESTRAT&#201;GICO CUANDO MEJORE EL MARCO DE FINANCIACI&#211;N - ASAJA Le\u00f3n\",\"isPartOf\":{\"@id\":\"https:\/\/www.asajacyl.com\/leon\/#website\"},\"primaryImageOfPage\":{\"@id\":\"https:\/\/www.asajacyl.com\/leon\/asaja-leon-informa\/asaja-pide-a-herrera-que-el-campo-recupere-su-tratamiento-como-sector-estratgico-cuando-mejore-el-marco-de-financiacin#primaryimage\"},\"image\":{\"@id\":\"https:\/\/www.asajacyl.com\/leon\/asaja-leon-informa\/asaja-pide-a-herrera-que-el-campo-recupere-su-tratamiento-como-sector-estratgico-cuando-mejore-el-marco-de-financiacin#primaryimage\"},\"thumbnailUrl\":\"https:\/\/www.asajacyl.com\/leon\/wp-content\/uploads\/sites\/6\/2017\/11\/Herrera_OPAS.jpg\",\"datePublished\":\"2013-05-28T22:00:00+00:00\",\"author\":{\"@id\":\"https:\/\/www.asajacyl.com\/leon\/#\/schema\/person\/7e884476cee132331142e8ac9689f20c\"},\"description\":\"El presidente de ASAJA de Castilla y Le&#243;n, Donaciano Dujo, ha expresado &#8220;el total respaldo&#8221; de la organizaci&#243;n al modelo de financiaci&#243;n auton&#243;mico defendido en Madrid por el presidente de la Junta, Juan Vicente Herrera, &#8220;porque en esta regi&#243;n se han hecho los recortes precisos para que la econom&#237;a se recupere, y no puede ser que encima eso sea motivo de penalizaci&#243;n&#8221;.\",\"breadcrumb\":{\"@id\":\"https:\/\/www.asajacyl.com\/leon\/asaja-leon-informa\/asaja-pide-a-herrera-que-el-campo-recupere-su-tratamiento-como-sector-estratgico-cuando-mejore-el-marco-de-financiacin#breadcrumb\"},\"inLanguage\":\"es\",\"potentialAction\":[{\"@type\":\"ReadAction\",\"target\":[\"https:\/\/www.asajacyl.com\/leon\/asaja-leon-informa\/asaja-pide-a-herrera-que-el-campo-recupere-su-tratamiento-como-sector-estratgico-cuando-mejore-el-marco-de-financiacin\"]}]},{\"@type\":\"ImageObject\",\"inLanguage\":\"es\",\"@id\":\"https:\/\/www.asajacyl.com\/leon\/asaja-leon-informa\/asaja-pide-a-herrera-que-el-campo-recupere-su-tratamiento-como-sector-estratgico-cuando-mejore-el-marco-de-financiacin#primaryimage\",\"url\":\"https:\/\/www.asajacyl.com\/leon\/wp-content\/uploads\/sites\/6\/2017\/11\/Herrera_OPAS.jpg\",\"contentUrl\":\"https:\/\/www.asajacyl.com\/leon\/wp-content\/uploads\/sites\/6\/2017\/11\/Herrera_OPAS.jpg\",\"width\":2440,\"height\":1591},{\"@type\":\"BreadcrumbList\",\"@id\":\"https:\/\/www.asajacyl.com\/leon\/asaja-leon-informa\/asaja-pide-a-herrera-que-el-campo-recupere-su-tratamiento-como-sector-estratgico-cuando-mejore-el-marco-de-financiacin#breadcrumb\",\"itemListElement\":[{\"@type\":\"ListItem\",\"position\":1,\"name\":\"Portada\",\"item\":\"https:\/\/www.asajacyl.com\/leon\/\"},{\"@type\":\"ListItem\",\"position\":2,\"name\":\"ASAJA PIDE A HERRERA QUE EL CAMPO RECUPERE SU TRATAMIENTO COMO SECTOR ESTRAT&#201;GICO CUANDO MEJORE EL MARCO DE FINANCIACI&#211;N\"}]},{\"@type\":\"WebSite\",\"@id\":\"https:\/\/www.asajacyl.com\/leon\/#website\",\"url\":\"https:\/\/www.asajacyl.com\/leon\/\",\"name\":\"ASAJA Le\u00f3n\",\"description\":\"Otro sitio m\u00e1s de Provincias ASAJA Castilla y Le\u00f3n\",\"potentialAction\":[{\"@type\":\"SearchAction\",\"target\":{\"@type\":\"EntryPoint\",\"urlTemplate\":\"https:\/\/www.asajacyl.com\/leon\/?s={search_term_string}\"},\"query-input\":{\"@type\":\"PropertyValueSpecification\",\"valueRequired\":true,\"valueName\":\"search_term_string\"}}],\"inLanguage\":\"es\"},{\"@type\":\"Person\",\"@id\":\"https:\/\/www.asajacyl.com\/leon\/#\/schema\/person\/7e884476cee132331142e8ac9689f20c\",\"name\":\"Editor\",\"image\":{\"@type\":\"ImageObject\",\"inLanguage\":\"es\",\"@id\":\"https:\/\/www.asajacyl.com\/leon\/#\/schema\/person\/image\/\",\"url\":\"https:\/\/secure.gravatar.com\/avatar\/a2ef43c165669686cfcfb0e1ffa59869?s=96&d=mm&r=g\",\"contentUrl\":\"https:\/\/secure.gravatar.com\/avatar\/a2ef43c165669686cfcfb0e1ffa59869?s=96&d=mm&r=g\",\"caption\":\"Editor\"},\"url\":\"https:\/\/www.asajacyl.com\/leon\/author\/oscargg\"}]}<\/script>\n<!-- \/ Yoast SEO plugin. -->","yoast_head_json":{"title":"ASAJA PIDE A HERRERA QUE EL CAMPO RECUPERE SU TRATAMIENTO COMO SECTOR ESTRAT&#201;GICO CUANDO MEJORE EL MARCO DE FINANCIACI&#211;N - ASAJA Le\u00f3n","description":"El presidente de ASAJA de Castilla y Le&#243;n, Donaciano Dujo, ha expresado &#8220;el total respaldo&#8221; de la organizaci&#243;n al modelo de financiaci&#243;n auton&#243;mico defendido en Madrid por el presidente de la Junta, Juan Vicente Herrera, &#8220;porque en esta regi&#243;n se han hecho los recortes precisos para que la econom&#237;a se recupere, y no puede ser que encima eso sea motivo de penalizaci&#243;n&#8221;.","robots":{"index":"index","follow":"follow","max-snippet":"max-snippet:-1","max-image-preview":"max-image-preview:large","max-video-preview":"max-video-preview:-1"},"canonical":"https:\/\/www.asajacyl.com\/leon\/asaja-leon-informa\/asaja-pide-a-herrera-que-el-campo-recupere-su-tratamiento-como-sector-estratgico-cuando-mejore-el-marco-de-financiacin","og_locale":"es_ES","og_type":"article","og_title":"ASAJA PIDE A HERRERA QUE EL CAMPO RECUPERE SU TRATAMIENTO COMO SECTOR ESTRAT&#201;GICO CUANDO MEJORE EL MARCO DE FINANCIACI&#211;N - ASAJA Le\u00f3n","og_description":"El presidente de ASAJA de Castilla y Le&#243;n, Donaciano Dujo, ha expresado &#8220;el total respaldo&#8221; de la organizaci&#243;n al modelo de financiaci&#243;n auton&#243;mico defendido en Madrid por el presidente de la Junta, Juan Vicente Herrera, &#8220;porque en esta regi&#243;n se han hecho los recortes precisos para que la econom&#237;a se recupere, y no puede ser que encima eso sea motivo de penalizaci&#243;n&#8221;.","og_url":"https:\/\/www.asajacyl.com\/leon\/asaja-leon-informa\/asaja-pide-a-herrera-que-el-campo-recupere-su-tratamiento-como-sector-estratgico-cuando-mejore-el-marco-de-financiacin","og_site_name":"ASAJA Le\u00f3n","article_published_time":"2013-05-28T22:00:00+00:00","og_image":[{"width":2440,"height":1591,"url":"https:\/\/www.asajacyl.com\/leon\/wp-content\/uploads\/sites\/6\/2017\/11\/Herrera_OPAS.jpg","type":"image\/jpeg"}],"author":"Editor","twitter_card":"summary_large_image","twitter_misc":{"Escrito por":"Editor","Tiempo de lectura":"2 minutos"},"schema":{"@context":"https:\/\/schema.org","@graph":[{"@type":"WebPage","@id":"https:\/\/www.asajacyl.com\/leon\/asaja-leon-informa\/asaja-pide-a-herrera-que-el-campo-recupere-su-tratamiento-como-sector-estratgico-cuando-mejore-el-marco-de-financiacin","url":"https:\/\/www.asajacyl.com\/leon\/asaja-leon-informa\/asaja-pide-a-herrera-que-el-campo-recupere-su-tratamiento-como-sector-estratgico-cuando-mejore-el-marco-de-financiacin","name":"ASAJA PIDE A HERRERA QUE EL CAMPO RECUPERE SU TRATAMIENTO COMO SECTOR ESTRAT&#201;GICO CUANDO MEJORE EL MARCO DE FINANCIACI&#211;N - ASAJA Le\u00f3n","isPartOf":{"@id":"https:\/\/www.asajacyl.com\/leon\/#website"},"primaryImageOfPage":{"@id":"https:\/\/www.asajacyl.com\/leon\/asaja-leon-informa\/asaja-pide-a-herrera-que-el-campo-recupere-su-tratamiento-como-sector-estratgico-cuando-mejore-el-marco-de-financiacin#primaryimage"},"image":{"@id":"https:\/\/www.asajacyl.com\/leon\/asaja-leon-informa\/asaja-pide-a-herrera-que-el-campo-recupere-su-tratamiento-como-sector-estratgico-cuando-mejore-el-marco-de-financiacin#primaryimage"},"thumbnailUrl":"https:\/\/www.asajacyl.com\/leon\/wp-content\/uploads\/sites\/6\/2017\/11\/Herrera_OPAS.jpg","datePublished":"2013-05-28T22:00:00+00:00","author":{"@id":"https:\/\/www.asajacyl.com\/leon\/#\/schema\/person\/7e884476cee132331142e8ac9689f20c"},"description":"El presidente de ASAJA de Castilla y Le&#243;n, Donaciano Dujo, ha expresado &#8220;el total respaldo&#8221; de la organizaci&#243;n al modelo de financiaci&#243;n auton&#243;mico defendido en Madrid por el presidente de la Junta, Juan Vicente Herrera, &#8220;porque en esta regi&#243;n se han hecho los recortes precisos para que la econom&#237;a se recupere, y no puede ser que encima eso sea motivo de penalizaci&#243;n&#8221;.","breadcrumb":{"@id":"https:\/\/www.asajacyl.com\/leon\/asaja-leon-informa\/asaja-pide-a-herrera-que-el-campo-recupere-su-tratamiento-como-sector-estratgico-cuando-mejore-el-marco-de-financiacin#breadcrumb"},"inLanguage":"es","potentialAction":[{"@type":"ReadAction","target":["https:\/\/www.asajacyl.com\/leon\/asaja-leon-informa\/asaja-pide-a-herrera-que-el-campo-recupere-su-tratamiento-como-sector-estratgico-cuando-mejore-el-marco-de-financiacin"]}]},{"@type":"ImageObject","inLanguage":"es","@id":"https:\/\/www.asajacyl.com\/leon\/asaja-leon-informa\/asaja-pide-a-herrera-que-el-campo-recupere-su-tratamiento-como-sector-estratgico-cuando-mejore-el-marco-de-financiacin#primaryimage","url":"https:\/\/www.asajacyl.com\/leon\/wp-content\/uploads\/sites\/6\/2017\/11\/Herrera_OPAS.jpg","contentUrl":"https:\/\/www.asajacyl.com\/leon\/wp-content\/uploads\/sites\/6\/2017\/11\/Herrera_OPAS.jpg","width":2440,"height":1591},{"@type":"BreadcrumbList","@id":"https:\/\/www.asajacyl.com\/leon\/asaja-leon-informa\/asaja-pide-a-herrera-que-el-campo-recupere-su-tratamiento-como-sector-estratgico-cuando-mejore-el-marco-de-financiacin#breadcrumb","itemListElement":[{"@type":"ListItem","position":1,"name":"Portada","item":"https:\/\/www.asajacyl.com\/leon\/"},{"@type":"ListItem","position":2,"name":"ASAJA PIDE A HERRERA QUE EL CAMPO RECUPERE SU TRATAMIENTO COMO SECTOR ESTRAT&#201;GICO CUANDO MEJORE EL MARCO DE FINANCIACI&#211;N"}]},{"@type":"WebSite","@id":"https:\/\/www.asajacyl.com\/leon\/#website","url":"https:\/\/www.asajacyl.com\/leon\/","name":"ASAJA Le\u00f3n","description":"Otro sitio m\u00e1s de Provincias ASAJA Castilla y Le\u00f3n","potentialAction":[{"@type":"SearchAction","target":{"@type":"EntryPoint","urlTemplate":"https:\/\/www.asajacyl.com\/leon\/?s={search_term_string}"},"query-input":{"@type":"PropertyValueSpecification","valueRequired":true,"valueName":"search_term_string"}}],"inLanguage":"es"},{"@type":"Person","@id":"https:\/\/www.asajacyl.com\/leon\/#\/schema\/person\/7e884476cee132331142e8ac9689f20c","name":"Editor","image":{"@type":"ImageObject","inLanguage":"es","@id":"https:\/\/www.asajacyl.com\/leon\/#\/schema\/person\/image\/","url":"https:\/\/secure.gravatar.com\/avatar\/a2ef43c165669686cfcfb0e1ffa59869?s=96&d=mm&r=g","contentUrl":"https:\/\/secure.gravatar.com\/avatar\/a2ef43c165669686cfcfb0e1ffa59869?s=96&d=mm&r=g","caption":"Editor"},"url":"https:\/\/www.asajacyl.com\/leon\/author\/oscargg"}]}},"_links":{"self":[{"href":"https:\/\/www.asajacyl.com\/leon\/wp-json\/wp\/v2\/posts\/6822"}],"collection":[{"href":"https:\/\/www.asajacyl.com\/leon\/wp-json\/wp\/v2\/posts"}],"about":[{"href":"https:\/\/www.asajacyl.com\/leon\/wp-json\/wp\/v2\/types\/post"}],"author":[{"embeddable":true,"href":"https:\/\/www.asajacyl.com\/leon\/wp-json\/wp\/v2\/users\/3"}],"replies":[{"embeddable":true,"href":"https:\/\/www.asajacyl.com\/leon\/wp-json\/wp\/v2\/comments?post=6822"}],"version-history":[{"count":0,"href":"https:\/\/www.asajacyl.com\/leon\/wp-json\/wp\/v2\/posts\/6822\/revisions"}],"wp:featuredmedia":[{"embeddable":true,"href":"https:\/\/www.asajacyl.com\/leon\/wp-json\/wp\/v2\/media\/6823"}],"wp:attachment":[{"href":"https:\/\/www.asajacyl.com\/leon\/wp-json\/wp\/v2\/media?parent=6822"}],"wp:term":[{"taxonomy":"category","embeddable":true,"href":"https:\/\/www.asajacyl.com\/leon\/wp-json\/wp\/v2\/categories?post=6822"},{"taxonomy":"post_tag","embeddable":true,"href":"https:\/\/www.asajacyl.com\/leon\/wp-json\/wp\/v2\/tags?post=6822"}],"curies":[{"name":"wp","href":"https:\/\/api.w.org\/{rel}","templated":true}]}}