{"id":6856,"date":"2013-04-15T00:00:00","date_gmt":"2013-04-14T22:00:00","guid":{"rendered":"http:\/\/www.asajacyl.com\/leon\/sin-categoria\/postura-conjunta-contra-el-empecinamiento-de-la-fenil-de-llevar-al-banquillo-a-los-representantes-del-sector-ganadero-de-leche"},"modified":"2013-04-15T00:00:00","modified_gmt":"2013-04-14T22:00:00","slug":"postura-conjunta-contra-el-empecinamiento-de-la-fenil-de-llevar-al-banquillo-a-los-representantes-del-sector-ganadero-de-leche","status":"publish","type":"post","link":"https:\/\/www.asajacyl.com\/leon\/asaja-leon-informa\/postura-conjunta-contra-el-empecinamiento-de-la-fenil-de-llevar-al-banquillo-a-los-representantes-del-sector-ganadero-de-leche","title":{"rendered":"POSTURA CONJUNTA CONTRA  EL EMPECINAMIENTO DE LA FENIL DE LLEVAR AL BANQUILLO A LOS REPRESENTANTES DEL SECTOR GANADERO DE LECHE"},"content":{"rendered":"<h2>OPAS y Urcacyl piden que se retire el proceso judicial reabierto contra los representantes de los ganaderos por un encierro de protesta de 2008<\/h2>\n<div align=\"center\"><font color=\"#003300\"><b>POSTURA CONJUNTA CONTRA&#160; EL EMPECINAMIENTO DE <\/b><b>LA FENIL DE<\/b><b> LLEVAR AL BANQUILLO A LOS REPRESENTANTES DEL SECTOR GANADERO DE LECHE<\/b><\/font><\/div>\n<div align=\"center\"><b>&#160;<\/b><\/div>\n<div align=\"center\"><b><font color=\"#0000ff\">OPAS y Urcacyl piden que se retire el proceso judicial reabierto contra los representantes de los ganaderos por un encierro de protesta de 2008<\/font><\/b><\/div>\n<div align=\"justify\">&#160;<\/div>\n<div align=\"justify\">Postura conjunta de rechazo de las organizaciones profesionales agrarias y cooperativas de Castilla y Le&#243;n ante la denuncia de la Federaci&#243;n Nacional de Industrias L&#225;cteas (FENIL), por unos hechos que se remontan a 2008, cuando un grupo de nueve representantes de los ganaderos mantuvieron un encierro de protesta, durante varias horas, en la sede social de la FENIL en Madrid. En una carta firmada por Donaciano Dujo, presidente de ASAJA de Castilla y Le&#243;n; Julio L&#243;pez, secretario general de UPA CyL; Jes&#250;s Manuel Gonz&#225;lez, coordinador regional de UCCL, y Juan Bravo Barreda, representante sectorial de URCACYL, se pide &#8220;que se retire este proceso judicial que nunca se deber&#237;a de haber iniciado&#8221;, y que fue reabierto por el &#8220;empecinamiento&#8221; del director gerente de la federaci&#243;n, Luis Calabozo.<\/div>\n<div align=\"justify\">&#160;<\/div>\n<div align=\"justify\">&#8220;Nos consta que en todo momento se mantuvo por parte de los encerrados una postura de respeto a las personas, a la instituci&#243;n y a los bienes o enseres que all&#237; se encontraban&#8221;, se indica en la carta, puntualizando que, aunque no es el fin de las organizaciones protagonizar encierros o actos de protesta, &#8220;los consideramos como una herramienta leg&#237;tima y a la que no vamos a renunciar cuando se utilizan como &#250;ltimo recurso en una negociaci&#243;n en la que est&#225; en juego el futuro de miles de familias ganaderas y el de una parte importante de nuestro sector primario&#8221;.<\/div>\n<div align=\"justify\">&#160;<\/div>\n<div align=\"justify\">Para los representantes de los ganaderos, a poco que se revise el curso de la denuncia formulada en su d&#237;a, &#8220;uno se da cuenta que ha llegado a decretarse juicio por la empecinada insistencia del se&#241;or Calabozo, que ha hecho de esto una cuesti&#243;n personal que perjudica a la instituci&#243;n que representa, perjudica a las relaciones interprofesionales, y por extensi&#243;n al necesario entendimiento que debe reinar entre el sector productor y el industrial o transformador&#8221;. Tal como se recuerda en la carta, las instituciones tienen que estar por encima de las personas que en cada momento las representan, y nadie est&#225; legitimado para usarlas en beneficio propio, &#8220;y mucho menos cuando es por despecho&#8221;.<\/div>\n<div align=\"justify\">&#160;<\/div>\n<div align=\"justify\">Los hechos se remontan al 3 de septiembre de 2008, cuando nueve representantes del sector ganadero de Castilla y Le&#243;n se encerraron en la sede de la FENIL, en la Calle Ayala de Madrid, como acto de protesta por los bajos precios de la leche y la negativa de las industrias a mantener negociaciones con los productores. El encierro se prolong&#243; hasta la ma&#241;ana del d&#237;a siguiente, cuando los manifestantes abandonaron el edificio tras recibir una orden judicial que les obligaba a ello.&#160; No fue el &#250;nico acto reivindicativo de los ganaderos de Castilla y Le&#243;n ese a&#241;o, pues antes hab&#237;an protestado ante las instalaciones de Leche Pascual en Aranda de Duero, ante la consejer&#237;a de Agricultura y Ganader&#237;a, ante la Delegaci&#243;n del Gobierno y ante la f&#225;brica Lactiber y el centro Carrefour en Le&#243;n.<\/div>\n","protected":false},"excerpt":{"rendered":"<p>OPAS y Urcacyl piden que se retire el proceso judicial reabierto contra los representantes de los ganaderos por un encierro de protesta de 2008<\/p>\n","protected":false},"author":3,"featured_media":8174,"comment_status":"open","ping_status":"open","sticky":false,"template":"","format":"standard","meta":{"footnotes":""},"categories":[4,9],"tags":[],"yoast_head":"<!-- This site is optimized with the Yoast SEO plugin v24.5 - https:\/\/yoast.com\/wordpress\/plugins\/seo\/ -->\n<title>POSTURA CONJUNTA CONTRA EL EMPECINAMIENTO DE LA FENIL DE LLEVAR AL BANQUILLO A LOS REPRESENTANTES DEL SECTOR GANADERO DE LECHE - ASAJA Le\u00f3n<\/title>\n<meta name=\"description\" content=\"OPAS y Urcacyl piden que se retire el proceso judicial reabierto contra los representantes de los ganaderos por un encierro de protesta de 2008\" \/>\n<meta name=\"robots\" content=\"index, follow, max-snippet:-1, max-image-preview:large, max-video-preview:-1\" \/>\n<link rel=\"canonical\" href=\"https:\/\/www.asajacyl.com\/leon\/asaja-leon-informa\/postura-conjunta-contra-el-empecinamiento-de-la-fenil-de-llevar-al-banquillo-a-los-representantes-del-sector-ganadero-de-leche\" \/>\n<meta property=\"og:locale\" content=\"es_ES\" \/>\n<meta property=\"og:type\" content=\"article\" \/>\n<meta property=\"og:title\" content=\"POSTURA CONJUNTA CONTRA EL EMPECINAMIENTO DE LA FENIL DE LLEVAR AL BANQUILLO A LOS REPRESENTANTES DEL SECTOR GANADERO DE LECHE - ASAJA Le\u00f3n\" \/>\n<meta property=\"og:description\" content=\"OPAS y Urcacyl piden que se retire el proceso judicial reabierto contra los representantes de los ganaderos por un encierro de protesta de 2008\" \/>\n<meta property=\"og:url\" content=\"https:\/\/www.asajacyl.com\/leon\/asaja-leon-informa\/postura-conjunta-contra-el-empecinamiento-de-la-fenil-de-llevar-al-banquillo-a-los-representantes-del-sector-ganadero-de-leche\" \/>\n<meta property=\"og:site_name\" content=\"ASAJA Le\u00f3n\" \/>\n<meta property=\"article:published_time\" content=\"2013-04-14T22:00:00+00:00\" \/>\n<meta property=\"og:image\" content=\"https:\/\/www.asajacyl.com\/leon\/wp-content\/uploads\/sites\/6\/2017\/11\/im_predefinida_1920x1080.jpg\" \/>\n\t<meta property=\"og:image:width\" content=\"1920\" \/>\n\t<meta property=\"og:image:height\" content=\"1080\" \/>\n\t<meta property=\"og:image:type\" content=\"image\/jpeg\" \/>\n<meta name=\"author\" content=\"Editor\" \/>\n<meta name=\"twitter:card\" content=\"summary_large_image\" \/>\n<meta name=\"twitter:label1\" content=\"Escrito por\" \/>\n\t<meta name=\"twitter:data1\" content=\"Editor\" \/>\n\t<meta name=\"twitter:label2\" content=\"Tiempo de lectura\" \/>\n\t<meta name=\"twitter:data2\" content=\"3 minutos\" \/>\n<script type=\"application\/ld+json\" class=\"yoast-schema-graph\">{\"@context\":\"https:\/\/schema.org\",\"@graph\":[{\"@type\":\"WebPage\",\"@id\":\"https:\/\/www.asajacyl.com\/leon\/asaja-leon-informa\/postura-conjunta-contra-el-empecinamiento-de-la-fenil-de-llevar-al-banquillo-a-los-representantes-del-sector-ganadero-de-leche\",\"url\":\"https:\/\/www.asajacyl.com\/leon\/asaja-leon-informa\/postura-conjunta-contra-el-empecinamiento-de-la-fenil-de-llevar-al-banquillo-a-los-representantes-del-sector-ganadero-de-leche\",\"name\":\"POSTURA CONJUNTA CONTRA EL EMPECINAMIENTO DE LA FENIL DE LLEVAR AL BANQUILLO A LOS REPRESENTANTES DEL SECTOR GANADERO DE LECHE - ASAJA Le\u00f3n\",\"isPartOf\":{\"@id\":\"https:\/\/www.asajacyl.com\/leon\/#website\"},\"primaryImageOfPage\":{\"@id\":\"https:\/\/www.asajacyl.com\/leon\/asaja-leon-informa\/postura-conjunta-contra-el-empecinamiento-de-la-fenil-de-llevar-al-banquillo-a-los-representantes-del-sector-ganadero-de-leche#primaryimage\"},\"image\":{\"@id\":\"https:\/\/www.asajacyl.com\/leon\/asaja-leon-informa\/postura-conjunta-contra-el-empecinamiento-de-la-fenil-de-llevar-al-banquillo-a-los-representantes-del-sector-ganadero-de-leche#primaryimage\"},\"thumbnailUrl\":\"https:\/\/www.asajacyl.com\/leon\/wp-content\/uploads\/sites\/6\/2017\/11\/im_predefinida_1920x1080.jpg\",\"datePublished\":\"2013-04-14T22:00:00+00:00\",\"author\":{\"@id\":\"https:\/\/www.asajacyl.com\/leon\/#\/schema\/person\/7e884476cee132331142e8ac9689f20c\"},\"description\":\"OPAS y Urcacyl piden que se retire el proceso judicial reabierto contra los representantes de los ganaderos por un encierro de protesta de 2008\",\"breadcrumb\":{\"@id\":\"https:\/\/www.asajacyl.com\/leon\/asaja-leon-informa\/postura-conjunta-contra-el-empecinamiento-de-la-fenil-de-llevar-al-banquillo-a-los-representantes-del-sector-ganadero-de-leche#breadcrumb\"},\"inLanguage\":\"es\",\"potentialAction\":[{\"@type\":\"ReadAction\",\"target\":[\"https:\/\/www.asajacyl.com\/leon\/asaja-leon-informa\/postura-conjunta-contra-el-empecinamiento-de-la-fenil-de-llevar-al-banquillo-a-los-representantes-del-sector-ganadero-de-leche\"]}]},{\"@type\":\"ImageObject\",\"inLanguage\":\"es\",\"@id\":\"https:\/\/www.asajacyl.com\/leon\/asaja-leon-informa\/postura-conjunta-contra-el-empecinamiento-de-la-fenil-de-llevar-al-banquillo-a-los-representantes-del-sector-ganadero-de-leche#primaryimage\",\"url\":\"https:\/\/www.asajacyl.com\/leon\/wp-content\/uploads\/sites\/6\/2017\/11\/im_predefinida_1920x1080.jpg\",\"contentUrl\":\"https:\/\/www.asajacyl.com\/leon\/wp-content\/uploads\/sites\/6\/2017\/11\/im_predefinida_1920x1080.jpg\",\"width\":1920,\"height\":1080,\"caption\":\"Logotipo ASAJA Le\u00f3n\"},{\"@type\":\"BreadcrumbList\",\"@id\":\"https:\/\/www.asajacyl.com\/leon\/asaja-leon-informa\/postura-conjunta-contra-el-empecinamiento-de-la-fenil-de-llevar-al-banquillo-a-los-representantes-del-sector-ganadero-de-leche#breadcrumb\",\"itemListElement\":[{\"@type\":\"ListItem\",\"position\":1,\"name\":\"Portada\",\"item\":\"https:\/\/www.asajacyl.com\/leon\/\"},{\"@type\":\"ListItem\",\"position\":2,\"name\":\"POSTURA CONJUNTA CONTRA EL EMPECINAMIENTO DE LA FENIL DE LLEVAR AL BANQUILLO A LOS REPRESENTANTES DEL SECTOR GANADERO DE LECHE\"}]},{\"@type\":\"WebSite\",\"@id\":\"https:\/\/www.asajacyl.com\/leon\/#website\",\"url\":\"https:\/\/www.asajacyl.com\/leon\/\",\"name\":\"ASAJA Le\u00f3n\",\"description\":\"Otro sitio m\u00e1s de Provincias ASAJA Castilla y Le\u00f3n\",\"potentialAction\":[{\"@type\":\"SearchAction\",\"target\":{\"@type\":\"EntryPoint\",\"urlTemplate\":\"https:\/\/www.asajacyl.com\/leon\/?s={search_term_string}\"},\"query-input\":{\"@type\":\"PropertyValueSpecification\",\"valueRequired\":true,\"valueName\":\"search_term_string\"}}],\"inLanguage\":\"es\"},{\"@type\":\"Person\",\"@id\":\"https:\/\/www.asajacyl.com\/leon\/#\/schema\/person\/7e884476cee132331142e8ac9689f20c\",\"name\":\"Editor\",\"image\":{\"@type\":\"ImageObject\",\"inLanguage\":\"es\",\"@id\":\"https:\/\/www.asajacyl.com\/leon\/#\/schema\/person\/image\/\",\"url\":\"https:\/\/secure.gravatar.com\/avatar\/a2ef43c165669686cfcfb0e1ffa59869?s=96&d=mm&r=g\",\"contentUrl\":\"https:\/\/secure.gravatar.com\/avatar\/a2ef43c165669686cfcfb0e1ffa59869?s=96&d=mm&r=g\",\"caption\":\"Editor\"},\"url\":\"https:\/\/www.asajacyl.com\/leon\/author\/oscargg\"}]}<\/script>\n<!-- \/ Yoast SEO plugin. -->","yoast_head_json":{"title":"POSTURA CONJUNTA CONTRA EL EMPECINAMIENTO DE LA FENIL DE LLEVAR AL BANQUILLO A LOS REPRESENTANTES DEL SECTOR GANADERO DE LECHE - ASAJA Le\u00f3n","description":"OPAS y Urcacyl piden que se retire el proceso judicial reabierto contra los representantes de los ganaderos por un encierro de protesta de 2008","robots":{"index":"index","follow":"follow","max-snippet":"max-snippet:-1","max-image-preview":"max-image-preview:large","max-video-preview":"max-video-preview:-1"},"canonical":"https:\/\/www.asajacyl.com\/leon\/asaja-leon-informa\/postura-conjunta-contra-el-empecinamiento-de-la-fenil-de-llevar-al-banquillo-a-los-representantes-del-sector-ganadero-de-leche","og_locale":"es_ES","og_type":"article","og_title":"POSTURA CONJUNTA CONTRA EL EMPECINAMIENTO DE LA FENIL DE LLEVAR AL BANQUILLO A LOS REPRESENTANTES DEL SECTOR GANADERO DE LECHE - ASAJA Le\u00f3n","og_description":"OPAS y Urcacyl piden que se retire el proceso judicial reabierto contra los representantes de los ganaderos por un encierro de protesta de 2008","og_url":"https:\/\/www.asajacyl.com\/leon\/asaja-leon-informa\/postura-conjunta-contra-el-empecinamiento-de-la-fenil-de-llevar-al-banquillo-a-los-representantes-del-sector-ganadero-de-leche","og_site_name":"ASAJA Le\u00f3n","article_published_time":"2013-04-14T22:00:00+00:00","og_image":[{"width":1920,"height":1080,"url":"https:\/\/www.asajacyl.com\/leon\/wp-content\/uploads\/sites\/6\/2017\/11\/im_predefinida_1920x1080.jpg","type":"image\/jpeg"}],"author":"Editor","twitter_card":"summary_large_image","twitter_misc":{"Escrito por":"Editor","Tiempo de lectura":"3 minutos"},"schema":{"@context":"https:\/\/schema.org","@graph":[{"@type":"WebPage","@id":"https:\/\/www.asajacyl.com\/leon\/asaja-leon-informa\/postura-conjunta-contra-el-empecinamiento-de-la-fenil-de-llevar-al-banquillo-a-los-representantes-del-sector-ganadero-de-leche","url":"https:\/\/www.asajacyl.com\/leon\/asaja-leon-informa\/postura-conjunta-contra-el-empecinamiento-de-la-fenil-de-llevar-al-banquillo-a-los-representantes-del-sector-ganadero-de-leche","name":"POSTURA CONJUNTA CONTRA EL EMPECINAMIENTO DE LA FENIL DE LLEVAR AL BANQUILLO A LOS REPRESENTANTES DEL SECTOR GANADERO DE LECHE - ASAJA Le\u00f3n","isPartOf":{"@id":"https:\/\/www.asajacyl.com\/leon\/#website"},"primaryImageOfPage":{"@id":"https:\/\/www.asajacyl.com\/leon\/asaja-leon-informa\/postura-conjunta-contra-el-empecinamiento-de-la-fenil-de-llevar-al-banquillo-a-los-representantes-del-sector-ganadero-de-leche#primaryimage"},"image":{"@id":"https:\/\/www.asajacyl.com\/leon\/asaja-leon-informa\/postura-conjunta-contra-el-empecinamiento-de-la-fenil-de-llevar-al-banquillo-a-los-representantes-del-sector-ganadero-de-leche#primaryimage"},"thumbnailUrl":"https:\/\/www.asajacyl.com\/leon\/wp-content\/uploads\/sites\/6\/2017\/11\/im_predefinida_1920x1080.jpg","datePublished":"2013-04-14T22:00:00+00:00","author":{"@id":"https:\/\/www.asajacyl.com\/leon\/#\/schema\/person\/7e884476cee132331142e8ac9689f20c"},"description":"OPAS y Urcacyl piden que se retire el proceso judicial reabierto contra los representantes de los ganaderos por un encierro de protesta de 2008","breadcrumb":{"@id":"https:\/\/www.asajacyl.com\/leon\/asaja-leon-informa\/postura-conjunta-contra-el-empecinamiento-de-la-fenil-de-llevar-al-banquillo-a-los-representantes-del-sector-ganadero-de-leche#breadcrumb"},"inLanguage":"es","potentialAction":[{"@type":"ReadAction","target":["https:\/\/www.asajacyl.com\/leon\/asaja-leon-informa\/postura-conjunta-contra-el-empecinamiento-de-la-fenil-de-llevar-al-banquillo-a-los-representantes-del-sector-ganadero-de-leche"]}]},{"@type":"ImageObject","inLanguage":"es","@id":"https:\/\/www.asajacyl.com\/leon\/asaja-leon-informa\/postura-conjunta-contra-el-empecinamiento-de-la-fenil-de-llevar-al-banquillo-a-los-representantes-del-sector-ganadero-de-leche#primaryimage","url":"https:\/\/www.asajacyl.com\/leon\/wp-content\/uploads\/sites\/6\/2017\/11\/im_predefinida_1920x1080.jpg","contentUrl":"https:\/\/www.asajacyl.com\/leon\/wp-content\/uploads\/sites\/6\/2017\/11\/im_predefinida_1920x1080.jpg","width":1920,"height":1080,"caption":"Logotipo ASAJA Le\u00f3n"},{"@type":"BreadcrumbList","@id":"https:\/\/www.asajacyl.com\/leon\/asaja-leon-informa\/postura-conjunta-contra-el-empecinamiento-de-la-fenil-de-llevar-al-banquillo-a-los-representantes-del-sector-ganadero-de-leche#breadcrumb","itemListElement":[{"@type":"ListItem","position":1,"name":"Portada","item":"https:\/\/www.asajacyl.com\/leon\/"},{"@type":"ListItem","position":2,"name":"POSTURA CONJUNTA CONTRA EL EMPECINAMIENTO DE LA FENIL DE LLEVAR AL BANQUILLO A LOS REPRESENTANTES DEL SECTOR GANADERO DE LECHE"}]},{"@type":"WebSite","@id":"https:\/\/www.asajacyl.com\/leon\/#website","url":"https:\/\/www.asajacyl.com\/leon\/","name":"ASAJA Le\u00f3n","description":"Otro sitio m\u00e1s de Provincias ASAJA Castilla y Le\u00f3n","potentialAction":[{"@type":"SearchAction","target":{"@type":"EntryPoint","urlTemplate":"https:\/\/www.asajacyl.com\/leon\/?s={search_term_string}"},"query-input":{"@type":"PropertyValueSpecification","valueRequired":true,"valueName":"search_term_string"}}],"inLanguage":"es"},{"@type":"Person","@id":"https:\/\/www.asajacyl.com\/leon\/#\/schema\/person\/7e884476cee132331142e8ac9689f20c","name":"Editor","image":{"@type":"ImageObject","inLanguage":"es","@id":"https:\/\/www.asajacyl.com\/leon\/#\/schema\/person\/image\/","url":"https:\/\/secure.gravatar.com\/avatar\/a2ef43c165669686cfcfb0e1ffa59869?s=96&d=mm&r=g","contentUrl":"https:\/\/secure.gravatar.com\/avatar\/a2ef43c165669686cfcfb0e1ffa59869?s=96&d=mm&r=g","caption":"Editor"},"url":"https:\/\/www.asajacyl.com\/leon\/author\/oscargg"}]}},"_links":{"self":[{"href":"https:\/\/www.asajacyl.com\/leon\/wp-json\/wp\/v2\/posts\/6856"}],"collection":[{"href":"https:\/\/www.asajacyl.com\/leon\/wp-json\/wp\/v2\/posts"}],"about":[{"href":"https:\/\/www.asajacyl.com\/leon\/wp-json\/wp\/v2\/types\/post"}],"author":[{"embeddable":true,"href":"https:\/\/www.asajacyl.com\/leon\/wp-json\/wp\/v2\/users\/3"}],"replies":[{"embeddable":true,"href":"https:\/\/www.asajacyl.com\/leon\/wp-json\/wp\/v2\/comments?post=6856"}],"version-history":[{"count":0,"href":"https:\/\/www.asajacyl.com\/leon\/wp-json\/wp\/v2\/posts\/6856\/revisions"}],"wp:featuredmedia":[{"embeddable":true,"href":"https:\/\/www.asajacyl.com\/leon\/wp-json\/wp\/v2\/media\/8174"}],"wp:attachment":[{"href":"https:\/\/www.asajacyl.com\/leon\/wp-json\/wp\/v2\/media?parent=6856"}],"wp:term":[{"taxonomy":"category","embeddable":true,"href":"https:\/\/www.asajacyl.com\/leon\/wp-json\/wp\/v2\/categories?post=6856"},{"taxonomy":"post_tag","embeddable":true,"href":"https:\/\/www.asajacyl.com\/leon\/wp-json\/wp\/v2\/tags?post=6856"}],"curies":[{"name":"wp","href":"https:\/\/api.w.org\/{rel}","templated":true}]}}