{"id":6899,"date":"2013-02-15T00:00:00","date_gmt":"2013-02-14T23:00:00","guid":{"rendered":"http:\/\/www.asajacyl.com\/leon\/sin-categoria\/la-comisin-delegada-de-la-camara-agraria-analiz-en-una-reunin-celebrada-hoy-aspectos-destacados-de-la-futura-ley-agraria-de-castilla-y-leon"},"modified":"2013-02-15T00:00:00","modified_gmt":"2013-02-14T23:00:00","slug":"la-comisin-delegada-de-la-camara-agraria-analiz-en-una-reunin-celebrada-hoy-aspectos-destacados-de-la-futura-ley-agraria-de-castilla-y-leon","status":"publish","type":"post","link":"https:\/\/www.asajacyl.com\/leon\/asaja-leon-informa\/la-comisin-delegada-de-la-camara-agraria-analiz-en-una-reunin-celebrada-hoy-aspectos-destacados-de-la-futura-ley-agraria-de-castilla-y-leon","title":{"rendered":"LA COMISI&#211;N DELEGADA DE LA CAMARA AGRARIA ANALIZ&#211;, EN UNA REUNI&#211;N CELEBRADA HOY, ASPECTOS DESTACADOS DE LA FUTURA LEY AGRARIA DE CASTILLA Y LEON"},"content":{"rendered":"<h2>La Comisi&#243;n Delegada del Pleno de la C&#225;mara Agraria Provincial de Le&#243;n se reuni&#243; hoy viernes 15 de febrero en sesi&#243;n ordinaria presidida por su presidente Arsenio Garc&#237;a Vidal.<\/h2>\n<div align=\"center\"><b><font color=\"#003300\">LA COMISI&#211;N DELEGADA DE LA CAMARA AGRARIA ANALIZ&#211;, EN UNA REUNI&#211;N CELEBRADA HOY, ASPECTOS DESTACADOS DE LA FUTURA LEY AGRARIA DE CASTILLA Y LEON<\/font><\/b><\/div>\n<div align=\"justify\">&#160;<\/div>\n<div align=\"justify\">La Comisi&#243;n Delegada del Pleno de la C&#225;mara Agraria Provincial de Le&#243;n se reuni&#243; hoy viernes 15 de febrero en sesi&#243;n ordinaria presidida por su presidente Arsenio Garc&#237;a Vidal. Este &#243;rgano de gobierno est&#225; formado por siete miembros del Pleno y en &#233;l tienen representaci&#243;n las tres organizaciones agrarias que concurrieron al proceso electoral: ASAJA, la Alianza del Campo y UCCL.<\/div>\n<div align=\"justify\">&#160;<\/div>\n<div align=\"justify\">Se abord&#243; el contenido del anteproyecto de Ley Agraria de Castilla y Le&#243;n, presentada recientemente por la consejera de Agricultura, en cuestiones que son competencia de la C&#225;mara Agraria. As&#237;, el nuevo texto legislativo incorpora la regulaci&#243;n del aprovechamiento de los pastos y deroga la Ley 1\/1999 de Ordenaci&#243;n de los Recurso Agropecuarios Locales. En este sentido, se adquiri&#243; el compromiso de que todas las alegaciones que se formulen relacionadas con el aprovechamiento de pastos se hagan con un acuerdo entre la C&#225;mara Agraria y las tres organizaciones profesionales agrarias, y se har&#225; especial hincapi&#233; en que la nueva regulaci&#243;n sea extensiva a las zonas de monta&#241;a donde hay un problema real en la gesti&#243;n de los pastos de fincas particulares. Las propuestas en esta materia, de todo el sector agrario leon&#233;s, se enviar&#225;n a la consejera de Agricultura a principios de la pr&#243;xima semana.<\/div>\n<div align=\"justify\">&#160;<\/div>\n<div align=\"justify\">Otra cuesti&#243;n que se aborda en la Ley Agraria son los &#8220;mercados de productos agrarios en origen&#8221;, es decir, las lonjas agropecuarias. La C&#225;maras Agraria&#160; gestiona la Lonja Agropecuaria de Le&#243;n y considera que la nueva ley va a dar m&#225;s operatividad, transparencia y rigor a un &#243;rgano de fijaci&#243;n de precios en el que intervienen los productores y los industriales y en el que participan tambi&#233;n&#160; t&#233;cnicos de la Junta y la Diputaci&#243;n. <\/div>\n<div align=\"justify\">&#160;<\/div>\n<div align=\"justify\">Le&#243;n, 15 de febrero de 2013.<\/div>\n","protected":false},"excerpt":{"rendered":"<p>La Comisi&#243;n Delegada del Pleno de la C&#225;mara Agraria Provincial de Le&#243;n se reuni&#243; hoy viernes 15 de febrero en sesi&#243;n ordinaria presidida por su presidente Arsenio Garc&#237;a Vidal.<\/p>\n","protected":false},"author":3,"featured_media":8174,"comment_status":"open","ping_status":"open","sticky":false,"template":"","format":"standard","meta":{"footnotes":""},"categories":[4,9],"tags":[],"yoast_head":"<!-- This site is optimized with the Yoast SEO plugin v24.5 - https:\/\/yoast.com\/wordpress\/plugins\/seo\/ -->\n<title>LA COMISI&#211;N DELEGADA DE LA CAMARA AGRARIA ANALIZ&#211;, EN UNA REUNI&#211;N CELEBRADA HOY, ASPECTOS DESTACADOS DE LA FUTURA LEY AGRARIA DE CASTILLA Y LEON - ASAJA Le\u00f3n<\/title>\n<meta name=\"description\" content=\"La Comisi&#243;n Delegada del Pleno de la C&#225;mara Agraria Provincial de Le&#243;n se reuni&#243; hoy viernes 15 de febrero en sesi&#243;n ordinaria presidida por su presidente Arsenio Garc&#237;a Vidal.\" \/>\n<meta name=\"robots\" content=\"index, follow, max-snippet:-1, max-image-preview:large, max-video-preview:-1\" \/>\n<link rel=\"canonical\" href=\"https:\/\/www.asajacyl.com\/leon\/asaja-leon-informa\/la-comisin-delegada-de-la-camara-agraria-analiz-en-una-reunin-celebrada-hoy-aspectos-destacados-de-la-futura-ley-agraria-de-castilla-y-leon\" \/>\n<meta property=\"og:locale\" content=\"es_ES\" \/>\n<meta property=\"og:type\" content=\"article\" \/>\n<meta property=\"og:title\" content=\"LA COMISI&#211;N DELEGADA DE LA CAMARA AGRARIA ANALIZ&#211;, EN UNA REUNI&#211;N CELEBRADA HOY, ASPECTOS DESTACADOS DE LA FUTURA LEY AGRARIA DE CASTILLA Y LEON - ASAJA Le\u00f3n\" \/>\n<meta property=\"og:description\" content=\"La Comisi&#243;n Delegada del Pleno de la C&#225;mara Agraria Provincial de Le&#243;n se reuni&#243; hoy viernes 15 de febrero en sesi&#243;n ordinaria presidida por su presidente Arsenio Garc&#237;a Vidal.\" \/>\n<meta property=\"og:url\" content=\"https:\/\/www.asajacyl.com\/leon\/asaja-leon-informa\/la-comisin-delegada-de-la-camara-agraria-analiz-en-una-reunin-celebrada-hoy-aspectos-destacados-de-la-futura-ley-agraria-de-castilla-y-leon\" \/>\n<meta property=\"og:site_name\" content=\"ASAJA Le\u00f3n\" \/>\n<meta property=\"article:published_time\" content=\"2013-02-14T23:00:00+00:00\" \/>\n<meta property=\"og:image\" content=\"https:\/\/www.asajacyl.com\/leon\/wp-content\/uploads\/sites\/6\/2017\/11\/im_predefinida_1920x1080.jpg\" \/>\n\t<meta property=\"og:image:width\" content=\"1920\" \/>\n\t<meta property=\"og:image:height\" content=\"1080\" \/>\n\t<meta property=\"og:image:type\" content=\"image\/jpeg\" \/>\n<meta name=\"author\" content=\"Editor\" \/>\n<meta name=\"twitter:card\" content=\"summary_large_image\" \/>\n<meta name=\"twitter:label1\" content=\"Escrito por\" \/>\n\t<meta name=\"twitter:data1\" content=\"Editor\" \/>\n\t<meta name=\"twitter:label2\" content=\"Tiempo de lectura\" \/>\n\t<meta name=\"twitter:data2\" content=\"2 minutos\" \/>\n<script type=\"application\/ld+json\" class=\"yoast-schema-graph\">{\"@context\":\"https:\/\/schema.org\",\"@graph\":[{\"@type\":\"WebPage\",\"@id\":\"https:\/\/www.asajacyl.com\/leon\/asaja-leon-informa\/la-comisin-delegada-de-la-camara-agraria-analiz-en-una-reunin-celebrada-hoy-aspectos-destacados-de-la-futura-ley-agraria-de-castilla-y-leon\",\"url\":\"https:\/\/www.asajacyl.com\/leon\/asaja-leon-informa\/la-comisin-delegada-de-la-camara-agraria-analiz-en-una-reunin-celebrada-hoy-aspectos-destacados-de-la-futura-ley-agraria-de-castilla-y-leon\",\"name\":\"LA COMISI&#211;N DELEGADA DE LA CAMARA AGRARIA ANALIZ&#211;, EN UNA REUNI&#211;N CELEBRADA HOY, ASPECTOS DESTACADOS DE LA FUTURA LEY AGRARIA DE CASTILLA Y LEON - ASAJA Le\u00f3n\",\"isPartOf\":{\"@id\":\"https:\/\/www.asajacyl.com\/leon\/#website\"},\"primaryImageOfPage\":{\"@id\":\"https:\/\/www.asajacyl.com\/leon\/asaja-leon-informa\/la-comisin-delegada-de-la-camara-agraria-analiz-en-una-reunin-celebrada-hoy-aspectos-destacados-de-la-futura-ley-agraria-de-castilla-y-leon#primaryimage\"},\"image\":{\"@id\":\"https:\/\/www.asajacyl.com\/leon\/asaja-leon-informa\/la-comisin-delegada-de-la-camara-agraria-analiz-en-una-reunin-celebrada-hoy-aspectos-destacados-de-la-futura-ley-agraria-de-castilla-y-leon#primaryimage\"},\"thumbnailUrl\":\"https:\/\/www.asajacyl.com\/leon\/wp-content\/uploads\/sites\/6\/2017\/11\/im_predefinida_1920x1080.jpg\",\"datePublished\":\"2013-02-14T23:00:00+00:00\",\"author\":{\"@id\":\"https:\/\/www.asajacyl.com\/leon\/#\/schema\/person\/7e884476cee132331142e8ac9689f20c\"},\"description\":\"La Comisi&#243;n Delegada del Pleno de la C&#225;mara Agraria Provincial de Le&#243;n se reuni&#243; hoy viernes 15 de febrero en sesi&#243;n ordinaria presidida por su presidente Arsenio Garc&#237;a Vidal.\",\"breadcrumb\":{\"@id\":\"https:\/\/www.asajacyl.com\/leon\/asaja-leon-informa\/la-comisin-delegada-de-la-camara-agraria-analiz-en-una-reunin-celebrada-hoy-aspectos-destacados-de-la-futura-ley-agraria-de-castilla-y-leon#breadcrumb\"},\"inLanguage\":\"es\",\"potentialAction\":[{\"@type\":\"ReadAction\",\"target\":[\"https:\/\/www.asajacyl.com\/leon\/asaja-leon-informa\/la-comisin-delegada-de-la-camara-agraria-analiz-en-una-reunin-celebrada-hoy-aspectos-destacados-de-la-futura-ley-agraria-de-castilla-y-leon\"]}]},{\"@type\":\"ImageObject\",\"inLanguage\":\"es\",\"@id\":\"https:\/\/www.asajacyl.com\/leon\/asaja-leon-informa\/la-comisin-delegada-de-la-camara-agraria-analiz-en-una-reunin-celebrada-hoy-aspectos-destacados-de-la-futura-ley-agraria-de-castilla-y-leon#primaryimage\",\"url\":\"https:\/\/www.asajacyl.com\/leon\/wp-content\/uploads\/sites\/6\/2017\/11\/im_predefinida_1920x1080.jpg\",\"contentUrl\":\"https:\/\/www.asajacyl.com\/leon\/wp-content\/uploads\/sites\/6\/2017\/11\/im_predefinida_1920x1080.jpg\",\"width\":1920,\"height\":1080,\"caption\":\"Logotipo ASAJA Le\u00f3n\"},{\"@type\":\"BreadcrumbList\",\"@id\":\"https:\/\/www.asajacyl.com\/leon\/asaja-leon-informa\/la-comisin-delegada-de-la-camara-agraria-analiz-en-una-reunin-celebrada-hoy-aspectos-destacados-de-la-futura-ley-agraria-de-castilla-y-leon#breadcrumb\",\"itemListElement\":[{\"@type\":\"ListItem\",\"position\":1,\"name\":\"Portada\",\"item\":\"https:\/\/www.asajacyl.com\/leon\/\"},{\"@type\":\"ListItem\",\"position\":2,\"name\":\"LA COMISI&#211;N DELEGADA DE LA CAMARA AGRARIA ANALIZ&#211;, EN UNA REUNI&#211;N CELEBRADA HOY, ASPECTOS DESTACADOS DE LA FUTURA LEY AGRARIA DE CASTILLA Y LEON\"}]},{\"@type\":\"WebSite\",\"@id\":\"https:\/\/www.asajacyl.com\/leon\/#website\",\"url\":\"https:\/\/www.asajacyl.com\/leon\/\",\"name\":\"ASAJA Le\u00f3n\",\"description\":\"Otro sitio m\u00e1s de Provincias ASAJA Castilla y Le\u00f3n\",\"potentialAction\":[{\"@type\":\"SearchAction\",\"target\":{\"@type\":\"EntryPoint\",\"urlTemplate\":\"https:\/\/www.asajacyl.com\/leon\/?s={search_term_string}\"},\"query-input\":{\"@type\":\"PropertyValueSpecification\",\"valueRequired\":true,\"valueName\":\"search_term_string\"}}],\"inLanguage\":\"es\"},{\"@type\":\"Person\",\"@id\":\"https:\/\/www.asajacyl.com\/leon\/#\/schema\/person\/7e884476cee132331142e8ac9689f20c\",\"name\":\"Editor\",\"image\":{\"@type\":\"ImageObject\",\"inLanguage\":\"es\",\"@id\":\"https:\/\/www.asajacyl.com\/leon\/#\/schema\/person\/image\/\",\"url\":\"https:\/\/secure.gravatar.com\/avatar\/a2ef43c165669686cfcfb0e1ffa59869?s=96&d=mm&r=g\",\"contentUrl\":\"https:\/\/secure.gravatar.com\/avatar\/a2ef43c165669686cfcfb0e1ffa59869?s=96&d=mm&r=g\",\"caption\":\"Editor\"},\"url\":\"https:\/\/www.asajacyl.com\/leon\/author\/oscargg\"}]}<\/script>\n<!-- \/ Yoast SEO plugin. -->","yoast_head_json":{"title":"LA COMISI&#211;N DELEGADA DE LA CAMARA AGRARIA ANALIZ&#211;, EN UNA REUNI&#211;N CELEBRADA HOY, ASPECTOS DESTACADOS DE LA FUTURA LEY AGRARIA DE CASTILLA Y LEON - ASAJA Le\u00f3n","description":"La Comisi&#243;n Delegada del Pleno de la C&#225;mara Agraria Provincial de Le&#243;n se reuni&#243; hoy viernes 15 de febrero en sesi&#243;n ordinaria presidida por su presidente Arsenio Garc&#237;a Vidal.","robots":{"index":"index","follow":"follow","max-snippet":"max-snippet:-1","max-image-preview":"max-image-preview:large","max-video-preview":"max-video-preview:-1"},"canonical":"https:\/\/www.asajacyl.com\/leon\/asaja-leon-informa\/la-comisin-delegada-de-la-camara-agraria-analiz-en-una-reunin-celebrada-hoy-aspectos-destacados-de-la-futura-ley-agraria-de-castilla-y-leon","og_locale":"es_ES","og_type":"article","og_title":"LA COMISI&#211;N DELEGADA DE LA CAMARA AGRARIA ANALIZ&#211;, EN UNA REUNI&#211;N CELEBRADA HOY, ASPECTOS DESTACADOS DE LA FUTURA LEY AGRARIA DE CASTILLA Y LEON - ASAJA Le\u00f3n","og_description":"La Comisi&#243;n Delegada del Pleno de la C&#225;mara Agraria Provincial de Le&#243;n se reuni&#243; hoy viernes 15 de febrero en sesi&#243;n ordinaria presidida por su presidente Arsenio Garc&#237;a Vidal.","og_url":"https:\/\/www.asajacyl.com\/leon\/asaja-leon-informa\/la-comisin-delegada-de-la-camara-agraria-analiz-en-una-reunin-celebrada-hoy-aspectos-destacados-de-la-futura-ley-agraria-de-castilla-y-leon","og_site_name":"ASAJA Le\u00f3n","article_published_time":"2013-02-14T23:00:00+00:00","og_image":[{"width":1920,"height":1080,"url":"https:\/\/www.asajacyl.com\/leon\/wp-content\/uploads\/sites\/6\/2017\/11\/im_predefinida_1920x1080.jpg","type":"image\/jpeg"}],"author":"Editor","twitter_card":"summary_large_image","twitter_misc":{"Escrito por":"Editor","Tiempo de lectura":"2 minutos"},"schema":{"@context":"https:\/\/schema.org","@graph":[{"@type":"WebPage","@id":"https:\/\/www.asajacyl.com\/leon\/asaja-leon-informa\/la-comisin-delegada-de-la-camara-agraria-analiz-en-una-reunin-celebrada-hoy-aspectos-destacados-de-la-futura-ley-agraria-de-castilla-y-leon","url":"https:\/\/www.asajacyl.com\/leon\/asaja-leon-informa\/la-comisin-delegada-de-la-camara-agraria-analiz-en-una-reunin-celebrada-hoy-aspectos-destacados-de-la-futura-ley-agraria-de-castilla-y-leon","name":"LA COMISI&#211;N DELEGADA DE LA CAMARA AGRARIA ANALIZ&#211;, EN UNA REUNI&#211;N CELEBRADA HOY, ASPECTOS DESTACADOS DE LA FUTURA LEY AGRARIA DE CASTILLA Y LEON - ASAJA Le\u00f3n","isPartOf":{"@id":"https:\/\/www.asajacyl.com\/leon\/#website"},"primaryImageOfPage":{"@id":"https:\/\/www.asajacyl.com\/leon\/asaja-leon-informa\/la-comisin-delegada-de-la-camara-agraria-analiz-en-una-reunin-celebrada-hoy-aspectos-destacados-de-la-futura-ley-agraria-de-castilla-y-leon#primaryimage"},"image":{"@id":"https:\/\/www.asajacyl.com\/leon\/asaja-leon-informa\/la-comisin-delegada-de-la-camara-agraria-analiz-en-una-reunin-celebrada-hoy-aspectos-destacados-de-la-futura-ley-agraria-de-castilla-y-leon#primaryimage"},"thumbnailUrl":"https:\/\/www.asajacyl.com\/leon\/wp-content\/uploads\/sites\/6\/2017\/11\/im_predefinida_1920x1080.jpg","datePublished":"2013-02-14T23:00:00+00:00","author":{"@id":"https:\/\/www.asajacyl.com\/leon\/#\/schema\/person\/7e884476cee132331142e8ac9689f20c"},"description":"La Comisi&#243;n Delegada del Pleno de la C&#225;mara Agraria Provincial de Le&#243;n se reuni&#243; hoy viernes 15 de febrero en sesi&#243;n ordinaria presidida por su presidente Arsenio Garc&#237;a Vidal.","breadcrumb":{"@id":"https:\/\/www.asajacyl.com\/leon\/asaja-leon-informa\/la-comisin-delegada-de-la-camara-agraria-analiz-en-una-reunin-celebrada-hoy-aspectos-destacados-de-la-futura-ley-agraria-de-castilla-y-leon#breadcrumb"},"inLanguage":"es","potentialAction":[{"@type":"ReadAction","target":["https:\/\/www.asajacyl.com\/leon\/asaja-leon-informa\/la-comisin-delegada-de-la-camara-agraria-analiz-en-una-reunin-celebrada-hoy-aspectos-destacados-de-la-futura-ley-agraria-de-castilla-y-leon"]}]},{"@type":"ImageObject","inLanguage":"es","@id":"https:\/\/www.asajacyl.com\/leon\/asaja-leon-informa\/la-comisin-delegada-de-la-camara-agraria-analiz-en-una-reunin-celebrada-hoy-aspectos-destacados-de-la-futura-ley-agraria-de-castilla-y-leon#primaryimage","url":"https:\/\/www.asajacyl.com\/leon\/wp-content\/uploads\/sites\/6\/2017\/11\/im_predefinida_1920x1080.jpg","contentUrl":"https:\/\/www.asajacyl.com\/leon\/wp-content\/uploads\/sites\/6\/2017\/11\/im_predefinida_1920x1080.jpg","width":1920,"height":1080,"caption":"Logotipo ASAJA Le\u00f3n"},{"@type":"BreadcrumbList","@id":"https:\/\/www.asajacyl.com\/leon\/asaja-leon-informa\/la-comisin-delegada-de-la-camara-agraria-analiz-en-una-reunin-celebrada-hoy-aspectos-destacados-de-la-futura-ley-agraria-de-castilla-y-leon#breadcrumb","itemListElement":[{"@type":"ListItem","position":1,"name":"Portada","item":"https:\/\/www.asajacyl.com\/leon\/"},{"@type":"ListItem","position":2,"name":"LA COMISI&#211;N DELEGADA DE LA CAMARA AGRARIA ANALIZ&#211;, EN UNA REUNI&#211;N CELEBRADA HOY, ASPECTOS DESTACADOS DE LA FUTURA LEY AGRARIA DE CASTILLA Y LEON"}]},{"@type":"WebSite","@id":"https:\/\/www.asajacyl.com\/leon\/#website","url":"https:\/\/www.asajacyl.com\/leon\/","name":"ASAJA Le\u00f3n","description":"Otro sitio m\u00e1s de Provincias ASAJA Castilla y Le\u00f3n","potentialAction":[{"@type":"SearchAction","target":{"@type":"EntryPoint","urlTemplate":"https:\/\/www.asajacyl.com\/leon\/?s={search_term_string}"},"query-input":{"@type":"PropertyValueSpecification","valueRequired":true,"valueName":"search_term_string"}}],"inLanguage":"es"},{"@type":"Person","@id":"https:\/\/www.asajacyl.com\/leon\/#\/schema\/person\/7e884476cee132331142e8ac9689f20c","name":"Editor","image":{"@type":"ImageObject","inLanguage":"es","@id":"https:\/\/www.asajacyl.com\/leon\/#\/schema\/person\/image\/","url":"https:\/\/secure.gravatar.com\/avatar\/a2ef43c165669686cfcfb0e1ffa59869?s=96&d=mm&r=g","contentUrl":"https:\/\/secure.gravatar.com\/avatar\/a2ef43c165669686cfcfb0e1ffa59869?s=96&d=mm&r=g","caption":"Editor"},"url":"https:\/\/www.asajacyl.com\/leon\/author\/oscargg"}]}},"_links":{"self":[{"href":"https:\/\/www.asajacyl.com\/leon\/wp-json\/wp\/v2\/posts\/6899"}],"collection":[{"href":"https:\/\/www.asajacyl.com\/leon\/wp-json\/wp\/v2\/posts"}],"about":[{"href":"https:\/\/www.asajacyl.com\/leon\/wp-json\/wp\/v2\/types\/post"}],"author":[{"embeddable":true,"href":"https:\/\/www.asajacyl.com\/leon\/wp-json\/wp\/v2\/users\/3"}],"replies":[{"embeddable":true,"href":"https:\/\/www.asajacyl.com\/leon\/wp-json\/wp\/v2\/comments?post=6899"}],"version-history":[{"count":0,"href":"https:\/\/www.asajacyl.com\/leon\/wp-json\/wp\/v2\/posts\/6899\/revisions"}],"wp:featuredmedia":[{"embeddable":true,"href":"https:\/\/www.asajacyl.com\/leon\/wp-json\/wp\/v2\/media\/8174"}],"wp:attachment":[{"href":"https:\/\/www.asajacyl.com\/leon\/wp-json\/wp\/v2\/media?parent=6899"}],"wp:term":[{"taxonomy":"category","embeddable":true,"href":"https:\/\/www.asajacyl.com\/leon\/wp-json\/wp\/v2\/categories?post=6899"},{"taxonomy":"post_tag","embeddable":true,"href":"https:\/\/www.asajacyl.com\/leon\/wp-json\/wp\/v2\/tags?post=6899"}],"curies":[{"name":"wp","href":"https:\/\/api.w.org\/{rel}","templated":true}]}}