{"id":6910,"date":"2013-02-07T00:00:00","date_gmt":"2013-02-06T23:00:00","guid":{"rendered":"http:\/\/www.asajacyl.com\/leon\/sin-categoria\/el-presidente-de-la-cmara-agraria-concluy-hoy-una-ronda-de-reuniones-con-las-juntas-agropecuarias-locales"},"modified":"2013-02-07T00:00:00","modified_gmt":"2013-02-06T23:00:00","slug":"el-presidente-de-la-cmara-agraria-concluy-hoy-una-ronda-de-reuniones-con-las-juntas-agropecuarias-locales","status":"publish","type":"post","link":"https:\/\/www.asajacyl.com\/leon\/asaja-leon-informa\/el-presidente-de-la-cmara-agraria-concluy-hoy-una-ronda-de-reuniones-con-las-juntas-agropecuarias-locales","title":{"rendered":"EL PRESIDENTE DE LA C&#193;MARA AGRARIA CONCLUY&#211; HOY UNA RONDA DE REUNIONES CON LAS JUNTAS AGROPECUARIAS LOCALES"},"content":{"rendered":"<h2>El presidente de la C&#225;mara Agraria de Le&#243;n, Arsenio Garc&#237;a Vidal, ha concluido hoy, con una reuni&#243;n comarcal celebrada en Sahag&#250;n, una ronda de encuentros con los presidentes de las ochenta Juntas Agropecuarias Locales (JAL) que existen en la provincia.<\/h2>\n<div align=\"center\"><b><font color=\"#003300\">EL PRESIDENTE DE LA C&#193;MARA AGRARIA CONCLUY&#211; HOY UNA RONDA DE REUNIONES CON LAS JUNTAS AGROPECUARIAS LOCALES<\/font><\/b><\/div>\n<div align=\"justify\">&#160;<\/div>\n<div align=\"justify\">El presidente de la C&#225;mara Agraria de Le&#243;n, Arsenio Garc&#237;a Vidal, ha concluido hoy, con una reuni&#243;n comarcal celebrada en Sahag&#250;n, una ronda de encuentros con los presidentes de las ochenta Juntas Agropecuarias Locales (JAL) que existen en la provincia. EL presidente de la C&#225;mara Agraria se ha comprometido con los representantes de las JAL a seguirles ofreciendo los mismos servicios de informaci&#243;n y asesoramiento despu&#233;s de haber acometido un proceso de reestructuraci&#243;n para adaptar la estructura de gastos a los menores fondos que ahora transfiere la Junta de Castilla y Le&#243;n. Tambi&#233;n, la C&#225;mara Agraria se ha comprometido a mejorar el servicio dentro de las posibilidades que tiene, a plantear cambios en la Ley de Aprovechamiento de los Recursos Agropecuarios Locales coincidiendo con la futura Ley Agraria que present&#243; hoy la consejera de Agricultura, y a dar continuidad a la gesti&#243;n de la Lonja Agropecuaria&#160; que de forma quincenal refleja los precios de mercado en la provincia de las principales producciones agr&#237;colas y ganaderas. Las JAL han planteado tambi&#233;n a Arsenio Garc&#237;a Vidal la necesidad de poder acceder a ayudas p&#250;blicas para acometer obras de mejora de caminos y otras infraestructuras agrarias, as&#237; como apoyos para la compra de maquinaria o instalaciones de uso com&#250;n.<\/div>\n<div align=\"justify\">&#160;<\/div>\n<p align=\"center\"><img loading=\"lazy\" decoding=\"async\" style=\"WIDTH: 508px; HEIGHT: 404px\" src=\"\/leon\/wp-content\/uploads\/sites\/6\/2017\/11\/REUNION_JAL_2013.jpg\" width=\"400\" height=\"429\" alt=\"\"\/><\/p>\n<div align=\"justify\">&#160;<\/div>\n<div align=\"justify\">Las Juntas Agropecuarias Locales &#160;de la provincia de Le&#243;n &#8211;entidades de derecho privado formadas por agricultores y ganaderos- gestionan pastos y rastrojeras en una superficie de 200.000 hect&#225;reas, administran su patrimonio heredado de las antiguas c&#225;maras agrarias locales y la mayor&#237;a de ellas disponen de maquinaria e instalaciones de uso com&#250;n (rodillos, cuchillas niveladoras, b&#225;sculas, dep&#243;sitos de agua para tratamientos fitosanitarios&#8230;).<\/div>\n<div align=\"justify\">&#160;<\/div>\n<div align=\"justify\">Le&#243;n, 7 de febrero de 2013.<\/div>\n","protected":false},"excerpt":{"rendered":"<p>El presidente de la C&#225;mara Agraria de Le&#243;n, Arsenio Garc&#237;a Vidal, ha concluido hoy, con una reuni&#243;n comarcal celebrada en Sahag&#250;n, una ronda de encuentros con los presidentes de las ochenta Juntas Agropecuarias Locales (JAL) que existen en la provincia.<\/p>\n","protected":false},"author":3,"featured_media":6911,"comment_status":"open","ping_status":"open","sticky":false,"template":"","format":"standard","meta":{"footnotes":""},"categories":[4,9],"tags":[],"yoast_head":"<!-- This site is optimized with the Yoast SEO plugin v24.5 - https:\/\/yoast.com\/wordpress\/plugins\/seo\/ -->\n<title>EL PRESIDENTE DE LA C&#193;MARA AGRARIA CONCLUY&#211; HOY UNA RONDA DE REUNIONES CON LAS JUNTAS AGROPECUARIAS LOCALES - ASAJA Le\u00f3n<\/title>\n<meta name=\"description\" content=\"El presidente de la C&#225;mara Agraria de Le&#243;n, Arsenio Garc&#237;a Vidal, ha concluido hoy, con una reuni&#243;n comarcal celebrada en Sahag&#250;n, una ronda de encuentros con los presidentes de las ochenta Juntas Agropecuarias Locales (JAL) que existen en la provincia.\" \/>\n<meta name=\"robots\" content=\"index, follow, max-snippet:-1, max-image-preview:large, max-video-preview:-1\" \/>\n<link rel=\"canonical\" href=\"https:\/\/www.asajacyl.com\/leon\/asaja-leon-informa\/el-presidente-de-la-cmara-agraria-concluy-hoy-una-ronda-de-reuniones-con-las-juntas-agropecuarias-locales\" \/>\n<meta property=\"og:locale\" content=\"es_ES\" \/>\n<meta property=\"og:type\" content=\"article\" \/>\n<meta property=\"og:title\" content=\"EL PRESIDENTE DE LA C&#193;MARA AGRARIA CONCLUY&#211; HOY UNA RONDA DE REUNIONES CON LAS JUNTAS AGROPECUARIAS LOCALES - ASAJA Le\u00f3n\" \/>\n<meta property=\"og:description\" content=\"El presidente de la C&#225;mara Agraria de Le&#243;n, Arsenio Garc&#237;a Vidal, ha concluido hoy, con una reuni&#243;n comarcal celebrada en Sahag&#250;n, una ronda de encuentros con los presidentes de las ochenta Juntas Agropecuarias Locales (JAL) que existen en la provincia.\" \/>\n<meta property=\"og:url\" content=\"https:\/\/www.asajacyl.com\/leon\/asaja-leon-informa\/el-presidente-de-la-cmara-agraria-concluy-hoy-una-ronda-de-reuniones-con-las-juntas-agropecuarias-locales\" \/>\n<meta property=\"og:site_name\" content=\"ASAJA Le\u00f3n\" \/>\n<meta property=\"article:published_time\" content=\"2013-02-06T23:00:00+00:00\" \/>\n<meta property=\"og:image\" content=\"https:\/\/www.asajacyl.com\/leon\/wp-content\/uploads\/sites\/6\/2017\/11\/REUNION_JAL_2013.jpg\" \/>\n\t<meta property=\"og:image:width\" content=\"4000\" \/>\n\t<meta property=\"og:image:height\" content=\"3000\" \/>\n\t<meta property=\"og:image:type\" content=\"image\/jpeg\" \/>\n<meta name=\"author\" content=\"Editor\" \/>\n<meta name=\"twitter:card\" content=\"summary_large_image\" \/>\n<meta name=\"twitter:label1\" content=\"Escrito por\" \/>\n\t<meta name=\"twitter:data1\" content=\"Editor\" \/>\n\t<meta name=\"twitter:label2\" content=\"Tiempo de lectura\" \/>\n\t<meta name=\"twitter:data2\" content=\"2 minutos\" \/>\n<script type=\"application\/ld+json\" class=\"yoast-schema-graph\">{\"@context\":\"https:\/\/schema.org\",\"@graph\":[{\"@type\":\"WebPage\",\"@id\":\"https:\/\/www.asajacyl.com\/leon\/asaja-leon-informa\/el-presidente-de-la-cmara-agraria-concluy-hoy-una-ronda-de-reuniones-con-las-juntas-agropecuarias-locales\",\"url\":\"https:\/\/www.asajacyl.com\/leon\/asaja-leon-informa\/el-presidente-de-la-cmara-agraria-concluy-hoy-una-ronda-de-reuniones-con-las-juntas-agropecuarias-locales\",\"name\":\"EL PRESIDENTE DE LA C&#193;MARA AGRARIA CONCLUY&#211; HOY UNA RONDA DE REUNIONES CON LAS JUNTAS AGROPECUARIAS LOCALES - ASAJA Le\u00f3n\",\"isPartOf\":{\"@id\":\"https:\/\/www.asajacyl.com\/leon\/#website\"},\"primaryImageOfPage\":{\"@id\":\"https:\/\/www.asajacyl.com\/leon\/asaja-leon-informa\/el-presidente-de-la-cmara-agraria-concluy-hoy-una-ronda-de-reuniones-con-las-juntas-agropecuarias-locales#primaryimage\"},\"image\":{\"@id\":\"https:\/\/www.asajacyl.com\/leon\/asaja-leon-informa\/el-presidente-de-la-cmara-agraria-concluy-hoy-una-ronda-de-reuniones-con-las-juntas-agropecuarias-locales#primaryimage\"},\"thumbnailUrl\":\"https:\/\/www.asajacyl.com\/leon\/wp-content\/uploads\/sites\/6\/2017\/11\/REUNION_JAL_2013.jpg\",\"datePublished\":\"2013-02-06T23:00:00+00:00\",\"author\":{\"@id\":\"https:\/\/www.asajacyl.com\/leon\/#\/schema\/person\/7e884476cee132331142e8ac9689f20c\"},\"description\":\"El presidente de la C&#225;mara Agraria de Le&#243;n, Arsenio Garc&#237;a Vidal, ha concluido hoy, con una reuni&#243;n comarcal celebrada en Sahag&#250;n, una ronda de encuentros con los presidentes de las ochenta Juntas Agropecuarias Locales (JAL) que existen en la provincia.\",\"breadcrumb\":{\"@id\":\"https:\/\/www.asajacyl.com\/leon\/asaja-leon-informa\/el-presidente-de-la-cmara-agraria-concluy-hoy-una-ronda-de-reuniones-con-las-juntas-agropecuarias-locales#breadcrumb\"},\"inLanguage\":\"es\",\"potentialAction\":[{\"@type\":\"ReadAction\",\"target\":[\"https:\/\/www.asajacyl.com\/leon\/asaja-leon-informa\/el-presidente-de-la-cmara-agraria-concluy-hoy-una-ronda-de-reuniones-con-las-juntas-agropecuarias-locales\"]}]},{\"@type\":\"ImageObject\",\"inLanguage\":\"es\",\"@id\":\"https:\/\/www.asajacyl.com\/leon\/asaja-leon-informa\/el-presidente-de-la-cmara-agraria-concluy-hoy-una-ronda-de-reuniones-con-las-juntas-agropecuarias-locales#primaryimage\",\"url\":\"https:\/\/www.asajacyl.com\/leon\/wp-content\/uploads\/sites\/6\/2017\/11\/REUNION_JAL_2013.jpg\",\"contentUrl\":\"https:\/\/www.asajacyl.com\/leon\/wp-content\/uploads\/sites\/6\/2017\/11\/REUNION_JAL_2013.jpg\",\"width\":4000,\"height\":3000},{\"@type\":\"BreadcrumbList\",\"@id\":\"https:\/\/www.asajacyl.com\/leon\/asaja-leon-informa\/el-presidente-de-la-cmara-agraria-concluy-hoy-una-ronda-de-reuniones-con-las-juntas-agropecuarias-locales#breadcrumb\",\"itemListElement\":[{\"@type\":\"ListItem\",\"position\":1,\"name\":\"Portada\",\"item\":\"https:\/\/www.asajacyl.com\/leon\/\"},{\"@type\":\"ListItem\",\"position\":2,\"name\":\"EL PRESIDENTE DE LA C&#193;MARA AGRARIA CONCLUY&#211; HOY UNA RONDA DE REUNIONES CON LAS JUNTAS AGROPECUARIAS LOCALES\"}]},{\"@type\":\"WebSite\",\"@id\":\"https:\/\/www.asajacyl.com\/leon\/#website\",\"url\":\"https:\/\/www.asajacyl.com\/leon\/\",\"name\":\"ASAJA Le\u00f3n\",\"description\":\"Otro sitio m\u00e1s de Provincias ASAJA Castilla y Le\u00f3n\",\"potentialAction\":[{\"@type\":\"SearchAction\",\"target\":{\"@type\":\"EntryPoint\",\"urlTemplate\":\"https:\/\/www.asajacyl.com\/leon\/?s={search_term_string}\"},\"query-input\":{\"@type\":\"PropertyValueSpecification\",\"valueRequired\":true,\"valueName\":\"search_term_string\"}}],\"inLanguage\":\"es\"},{\"@type\":\"Person\",\"@id\":\"https:\/\/www.asajacyl.com\/leon\/#\/schema\/person\/7e884476cee132331142e8ac9689f20c\",\"name\":\"Editor\",\"image\":{\"@type\":\"ImageObject\",\"inLanguage\":\"es\",\"@id\":\"https:\/\/www.asajacyl.com\/leon\/#\/schema\/person\/image\/\",\"url\":\"https:\/\/secure.gravatar.com\/avatar\/a2ef43c165669686cfcfb0e1ffa59869?s=96&d=mm&r=g\",\"contentUrl\":\"https:\/\/secure.gravatar.com\/avatar\/a2ef43c165669686cfcfb0e1ffa59869?s=96&d=mm&r=g\",\"caption\":\"Editor\"},\"url\":\"https:\/\/www.asajacyl.com\/leon\/author\/oscargg\"}]}<\/script>\n<!-- \/ Yoast SEO plugin. -->","yoast_head_json":{"title":"EL PRESIDENTE DE LA C&#193;MARA AGRARIA CONCLUY&#211; HOY UNA RONDA DE REUNIONES CON LAS JUNTAS AGROPECUARIAS LOCALES - ASAJA Le\u00f3n","description":"El presidente de la C&#225;mara Agraria de Le&#243;n, Arsenio Garc&#237;a Vidal, ha concluido hoy, con una reuni&#243;n comarcal celebrada en Sahag&#250;n, una ronda de encuentros con los presidentes de las ochenta Juntas Agropecuarias Locales (JAL) que existen en la provincia.","robots":{"index":"index","follow":"follow","max-snippet":"max-snippet:-1","max-image-preview":"max-image-preview:large","max-video-preview":"max-video-preview:-1"},"canonical":"https:\/\/www.asajacyl.com\/leon\/asaja-leon-informa\/el-presidente-de-la-cmara-agraria-concluy-hoy-una-ronda-de-reuniones-con-las-juntas-agropecuarias-locales","og_locale":"es_ES","og_type":"article","og_title":"EL PRESIDENTE DE LA C&#193;MARA AGRARIA CONCLUY&#211; HOY UNA RONDA DE REUNIONES CON LAS JUNTAS AGROPECUARIAS LOCALES - ASAJA Le\u00f3n","og_description":"El presidente de la C&#225;mara Agraria de Le&#243;n, Arsenio Garc&#237;a Vidal, ha concluido hoy, con una reuni&#243;n comarcal celebrada en Sahag&#250;n, una ronda de encuentros con los presidentes de las ochenta Juntas Agropecuarias Locales (JAL) que existen en la provincia.","og_url":"https:\/\/www.asajacyl.com\/leon\/asaja-leon-informa\/el-presidente-de-la-cmara-agraria-concluy-hoy-una-ronda-de-reuniones-con-las-juntas-agropecuarias-locales","og_site_name":"ASAJA Le\u00f3n","article_published_time":"2013-02-06T23:00:00+00:00","og_image":[{"width":4000,"height":3000,"url":"https:\/\/www.asajacyl.com\/leon\/wp-content\/uploads\/sites\/6\/2017\/11\/REUNION_JAL_2013.jpg","type":"image\/jpeg"}],"author":"Editor","twitter_card":"summary_large_image","twitter_misc":{"Escrito por":"Editor","Tiempo de lectura":"2 minutos"},"schema":{"@context":"https:\/\/schema.org","@graph":[{"@type":"WebPage","@id":"https:\/\/www.asajacyl.com\/leon\/asaja-leon-informa\/el-presidente-de-la-cmara-agraria-concluy-hoy-una-ronda-de-reuniones-con-las-juntas-agropecuarias-locales","url":"https:\/\/www.asajacyl.com\/leon\/asaja-leon-informa\/el-presidente-de-la-cmara-agraria-concluy-hoy-una-ronda-de-reuniones-con-las-juntas-agropecuarias-locales","name":"EL PRESIDENTE DE LA C&#193;MARA AGRARIA CONCLUY&#211; HOY UNA RONDA DE REUNIONES CON LAS JUNTAS AGROPECUARIAS LOCALES - ASAJA Le\u00f3n","isPartOf":{"@id":"https:\/\/www.asajacyl.com\/leon\/#website"},"primaryImageOfPage":{"@id":"https:\/\/www.asajacyl.com\/leon\/asaja-leon-informa\/el-presidente-de-la-cmara-agraria-concluy-hoy-una-ronda-de-reuniones-con-las-juntas-agropecuarias-locales#primaryimage"},"image":{"@id":"https:\/\/www.asajacyl.com\/leon\/asaja-leon-informa\/el-presidente-de-la-cmara-agraria-concluy-hoy-una-ronda-de-reuniones-con-las-juntas-agropecuarias-locales#primaryimage"},"thumbnailUrl":"https:\/\/www.asajacyl.com\/leon\/wp-content\/uploads\/sites\/6\/2017\/11\/REUNION_JAL_2013.jpg","datePublished":"2013-02-06T23:00:00+00:00","author":{"@id":"https:\/\/www.asajacyl.com\/leon\/#\/schema\/person\/7e884476cee132331142e8ac9689f20c"},"description":"El presidente de la C&#225;mara Agraria de Le&#243;n, Arsenio Garc&#237;a Vidal, ha concluido hoy, con una reuni&#243;n comarcal celebrada en Sahag&#250;n, una ronda de encuentros con los presidentes de las ochenta Juntas Agropecuarias Locales (JAL) que existen en la provincia.","breadcrumb":{"@id":"https:\/\/www.asajacyl.com\/leon\/asaja-leon-informa\/el-presidente-de-la-cmara-agraria-concluy-hoy-una-ronda-de-reuniones-con-las-juntas-agropecuarias-locales#breadcrumb"},"inLanguage":"es","potentialAction":[{"@type":"ReadAction","target":["https:\/\/www.asajacyl.com\/leon\/asaja-leon-informa\/el-presidente-de-la-cmara-agraria-concluy-hoy-una-ronda-de-reuniones-con-las-juntas-agropecuarias-locales"]}]},{"@type":"ImageObject","inLanguage":"es","@id":"https:\/\/www.asajacyl.com\/leon\/asaja-leon-informa\/el-presidente-de-la-cmara-agraria-concluy-hoy-una-ronda-de-reuniones-con-las-juntas-agropecuarias-locales#primaryimage","url":"https:\/\/www.asajacyl.com\/leon\/wp-content\/uploads\/sites\/6\/2017\/11\/REUNION_JAL_2013.jpg","contentUrl":"https:\/\/www.asajacyl.com\/leon\/wp-content\/uploads\/sites\/6\/2017\/11\/REUNION_JAL_2013.jpg","width":4000,"height":3000},{"@type":"BreadcrumbList","@id":"https:\/\/www.asajacyl.com\/leon\/asaja-leon-informa\/el-presidente-de-la-cmara-agraria-concluy-hoy-una-ronda-de-reuniones-con-las-juntas-agropecuarias-locales#breadcrumb","itemListElement":[{"@type":"ListItem","position":1,"name":"Portada","item":"https:\/\/www.asajacyl.com\/leon\/"},{"@type":"ListItem","position":2,"name":"EL PRESIDENTE DE LA C&#193;MARA AGRARIA CONCLUY&#211; HOY UNA RONDA DE REUNIONES CON LAS JUNTAS AGROPECUARIAS LOCALES"}]},{"@type":"WebSite","@id":"https:\/\/www.asajacyl.com\/leon\/#website","url":"https:\/\/www.asajacyl.com\/leon\/","name":"ASAJA Le\u00f3n","description":"Otro sitio m\u00e1s de Provincias ASAJA Castilla y Le\u00f3n","potentialAction":[{"@type":"SearchAction","target":{"@type":"EntryPoint","urlTemplate":"https:\/\/www.asajacyl.com\/leon\/?s={search_term_string}"},"query-input":{"@type":"PropertyValueSpecification","valueRequired":true,"valueName":"search_term_string"}}],"inLanguage":"es"},{"@type":"Person","@id":"https:\/\/www.asajacyl.com\/leon\/#\/schema\/person\/7e884476cee132331142e8ac9689f20c","name":"Editor","image":{"@type":"ImageObject","inLanguage":"es","@id":"https:\/\/www.asajacyl.com\/leon\/#\/schema\/person\/image\/","url":"https:\/\/secure.gravatar.com\/avatar\/a2ef43c165669686cfcfb0e1ffa59869?s=96&d=mm&r=g","contentUrl":"https:\/\/secure.gravatar.com\/avatar\/a2ef43c165669686cfcfb0e1ffa59869?s=96&d=mm&r=g","caption":"Editor"},"url":"https:\/\/www.asajacyl.com\/leon\/author\/oscargg"}]}},"_links":{"self":[{"href":"https:\/\/www.asajacyl.com\/leon\/wp-json\/wp\/v2\/posts\/6910"}],"collection":[{"href":"https:\/\/www.asajacyl.com\/leon\/wp-json\/wp\/v2\/posts"}],"about":[{"href":"https:\/\/www.asajacyl.com\/leon\/wp-json\/wp\/v2\/types\/post"}],"author":[{"embeddable":true,"href":"https:\/\/www.asajacyl.com\/leon\/wp-json\/wp\/v2\/users\/3"}],"replies":[{"embeddable":true,"href":"https:\/\/www.asajacyl.com\/leon\/wp-json\/wp\/v2\/comments?post=6910"}],"version-history":[{"count":0,"href":"https:\/\/www.asajacyl.com\/leon\/wp-json\/wp\/v2\/posts\/6910\/revisions"}],"wp:featuredmedia":[{"embeddable":true,"href":"https:\/\/www.asajacyl.com\/leon\/wp-json\/wp\/v2\/media\/6911"}],"wp:attachment":[{"href":"https:\/\/www.asajacyl.com\/leon\/wp-json\/wp\/v2\/media?parent=6910"}],"wp:term":[{"taxonomy":"category","embeddable":true,"href":"https:\/\/www.asajacyl.com\/leon\/wp-json\/wp\/v2\/categories?post=6910"},{"taxonomy":"post_tag","embeddable":true,"href":"https:\/\/www.asajacyl.com\/leon\/wp-json\/wp\/v2\/tags?post=6910"}],"curies":[{"name":"wp","href":"https:\/\/api.w.org\/{rel}","templated":true}]}}