{"id":6937,"date":"2013-01-08T00:00:00","date_gmt":"2013-01-07T23:00:00","guid":{"rendered":"http:\/\/www.asajacyl.com\/leon\/sin-categoria\/hoy-se-constituy-el-pleno-de-la-cmara-agraria-provincial-de-len"},"modified":"2017-11-20T10:45:44","modified_gmt":"2017-11-20T09:45:44","slug":"hoy-se-constituy-el-pleno-de-la-cmara-agraria-provincial-de-len","status":"publish","type":"post","link":"https:\/\/www.asajacyl.com\/leon\/asaja-leon-informa\/hoy-se-constituy-el-pleno-de-la-cmara-agraria-provincial-de-len","title":{"rendered":"HOY SE CONSTITUY&#211; EL PLENO DE LA C&#193;MARA AGRARIA PROVINCIAL DE LE&#211;N"},"content":{"rendered":"<h2>Arsenio Garc&#237;a Vidal es el nuevo presidente tras ganar ASAJA las elecciones por mayor&#237;a absoluta<\/h2>\n<div align=\"center\"><font color=\"#003300\"><b>HOY SE CONSTITUY&#211; EL PLENO <\/b><b>DE LA C&#193;MARA AGRARIA PROVINCIAL DE LE&#211;N<\/b><\/font><\/div>\n<div align=\"center\">&#160;<\/div>\n<div align=\"center\"><u><font color=\"#0000ff\">Arsenio Garc&#237;a Vidal es el nuevo presidente tras ganar ASAJA las elecciones por mayor&#237;a absoluta<\/font><\/u><\/div>\n<div align=\"justify\">&#160;<\/div>\n<div align=\"justify\">En la ma&#241;ana de hoy martes 8 de enero qued&#243; constituido el&#160; Pleno de la C&#225;mara Agraria Provincial de Le&#243;n al tomar posesi&#243;n los 25 miembros electos, 13 de ellos de la organizaci&#243;n ASAJA, 8 de la Alianza del Campo y 4 de la UCCL. En la constituci&#243;n ha estado presente el Delegado Territorial&#160;de la Junta de Castilla y Le&#243;n, Guillermo Garc&#237;a y el Jefe del Servicio Territorial de Agricultura y Ganader&#237;a de la Junta de Castilla y Le&#243;n, Fidentino Reyero, entre otras autoridades. En esta sesi&#243;n constituyente se eligi&#243; presidente en la persona de Arsenio Garc&#237;a Vidal, qui&#233;n a su vez es presidente de ASAJA de Le&#243;n y que encabez&#243; la candidatura que resulto ganadora en los comicios celebrados el pasado dos de diciembre. A propuesta de ASAJA, la vicepresidencia ha correspondido a la ganadera Cristina Bay&#243;n Arias y secretario el agricultor Nicol&#225;s P&#233;rez Bajo.<\/div>\n<p align=\"center\"><img loading=\"lazy\" decoding=\"async\" style=\"WIDTH: 480px; HEIGHT: 401px\" alt=\"\" src=\"\/leon\/wp-content\/uploads\/sites\/6\/2017\/11\/POSESION_CAMARAS_2013_1.jpg\" width=\"400\" height=\"429\"\/><\/p>\n<div align=\"justify\">&#160;<\/div>\n<div align=\"justify\">Ante una etapa dif&#237;cil para la instituci&#243;n, por los recortes presupuestarios que ha impuesto la Junta de Castilla y Le&#243;n, se han definido sus funciones&#160; en la l&#237;nea de dar un asesoramiento integral a las 82 juntas agropecuarias locales que hay en la provincia, gestionar la Lonja Agropecuaria de Le&#243;n, representar al sector en &#243;rganos colegiados y servir de ente aglutinador de todas las organizaciones para cuestiones relevantes de inter&#233;s agr&#237;cola y ganadero provincial. ASAJA, como organizaci&#243;n mayoritaria, ha presentado ante el Pleno un plan de viabilidad econ&#243;mica por el que se amortiza un puesto de trabajado por causas objetivas y se indemniza al trabajador conforme a la legislaci&#243;n vigente, a la vez que se aplicar&#225; una reducci&#243;n salarial a los dos trabajadores que quedan en plantilla de la C&#225;mara para adaptar escrupulosamente los gastos a los ingresos evitando crear un d&#233;ficit anual y preservando el patrimonio de la instituci&#243;n. La plantilla de la C&#225;mara la formar&#225;n pues, a partir de ahora, dos trabajadores propios, dos funcionarios de la Junta de Castilla y Le&#243;n, y el Secretario T&#233;cnico que es tambi&#233;n un funcionario que ocupa el puesto por libre designaci&#243;n.<\/div>\n<div align=\"justify\">&#160;<\/div>\n<div align=\"justify\">ASAJA ha presidido la C&#225;mara Agraria Provincial desde 1997 al haber ganado las elecciones en las cuatro ocasiones en las que se han celebrado, la &#250;ltima el dos de diciembre de 2012. En esta &#250;ltima ocasi&#243;n, ASAJA obtuvo mayor&#237;a absoluta al recibir 2.375 votos, el 49,95% del total de votos a candidaturas &#8211; 1.636 la Alianza y 744 la UCCL- en un proceso en el que estaban llamados a las urnas 7.400 electores y que cont&#243; con una alta participaci&#243;n del 65,73%.<\/div>\n<div align=\"justify\">&#160;<\/div>\n<div align=\"justify\">Le&#243;n, 8 de enero de 2013.<\/div>\n","protected":false},"excerpt":{"rendered":"<p>Arsenio Garc&#237;a Vidal es el nuevo presidente tras ganar ASAJA las elecciones por mayor&#237;a absoluta<\/p>\n","protected":false},"author":3,"featured_media":6938,"comment_status":"open","ping_status":"open","sticky":false,"template":"","format":"standard","meta":{"footnotes":""},"categories":[4,9],"tags":[],"yoast_head":"<!-- This site is optimized with the Yoast SEO plugin v24.5 - https:\/\/yoast.com\/wordpress\/plugins\/seo\/ -->\n<title>HOY SE CONSTITUY&#211; EL PLENO DE LA C&#193;MARA AGRARIA PROVINCIAL DE LE&#211;N - ASAJA Le\u00f3n<\/title>\n<meta name=\"description\" content=\"Arsenio Garc&#237;a Vidal es el nuevo presidente tras ganar ASAJA las elecciones por mayor&#237;a absoluta\" \/>\n<meta name=\"robots\" content=\"index, follow, max-snippet:-1, max-image-preview:large, max-video-preview:-1\" \/>\n<link rel=\"canonical\" href=\"https:\/\/www.asajacyl.com\/leon\/asaja-leon-informa\/hoy-se-constituy-el-pleno-de-la-cmara-agraria-provincial-de-len\" \/>\n<meta property=\"og:locale\" content=\"es_ES\" \/>\n<meta property=\"og:type\" content=\"article\" \/>\n<meta property=\"og:title\" content=\"HOY SE CONSTITUY&#211; EL PLENO DE LA C&#193;MARA AGRARIA PROVINCIAL DE LE&#211;N - ASAJA Le\u00f3n\" \/>\n<meta property=\"og:description\" content=\"Arsenio Garc&#237;a Vidal es el nuevo presidente tras ganar ASAJA las elecciones por mayor&#237;a absoluta\" \/>\n<meta property=\"og:url\" content=\"https:\/\/www.asajacyl.com\/leon\/asaja-leon-informa\/hoy-se-constituy-el-pleno-de-la-cmara-agraria-provincial-de-len\" \/>\n<meta property=\"og:site_name\" content=\"ASAJA Le\u00f3n\" \/>\n<meta property=\"article:published_time\" content=\"2013-01-07T23:00:00+00:00\" \/>\n<meta property=\"article:modified_time\" content=\"2017-11-20T09:45:44+00:00\" \/>\n<meta property=\"og:image\" content=\"https:\/\/www.asajacyl.com\/leon\/wp-content\/uploads\/sites\/6\/2017\/11\/POSESION_CAMARAS_2013_1-1024x768.jpg\" \/>\n\t<meta property=\"og:image:width\" content=\"1024\" \/>\n\t<meta property=\"og:image:height\" content=\"768\" \/>\n\t<meta property=\"og:image:type\" content=\"image\/jpeg\" \/>\n<meta name=\"author\" content=\"Editor\" \/>\n<meta name=\"twitter:card\" content=\"summary_large_image\" \/>\n<meta name=\"twitter:label1\" content=\"Escrito por\" \/>\n\t<meta name=\"twitter:data1\" content=\"Editor\" \/>\n\t<meta name=\"twitter:label2\" content=\"Tiempo de lectura\" \/>\n\t<meta name=\"twitter:data2\" content=\"2 minutos\" \/>\n<script type=\"application\/ld+json\" class=\"yoast-schema-graph\">{\"@context\":\"https:\/\/schema.org\",\"@graph\":[{\"@type\":\"WebPage\",\"@id\":\"https:\/\/www.asajacyl.com\/leon\/asaja-leon-informa\/hoy-se-constituy-el-pleno-de-la-cmara-agraria-provincial-de-len\",\"url\":\"https:\/\/www.asajacyl.com\/leon\/asaja-leon-informa\/hoy-se-constituy-el-pleno-de-la-cmara-agraria-provincial-de-len\",\"name\":\"HOY SE CONSTITUY&#211; EL PLENO DE LA C&#193;MARA AGRARIA PROVINCIAL DE LE&#211;N - ASAJA Le\u00f3n\",\"isPartOf\":{\"@id\":\"https:\/\/www.asajacyl.com\/leon\/#website\"},\"primaryImageOfPage\":{\"@id\":\"https:\/\/www.asajacyl.com\/leon\/asaja-leon-informa\/hoy-se-constituy-el-pleno-de-la-cmara-agraria-provincial-de-len#primaryimage\"},\"image\":{\"@id\":\"https:\/\/www.asajacyl.com\/leon\/asaja-leon-informa\/hoy-se-constituy-el-pleno-de-la-cmara-agraria-provincial-de-len#primaryimage\"},\"thumbnailUrl\":\"https:\/\/www.asajacyl.com\/leon\/wp-content\/uploads\/sites\/6\/2017\/11\/POSESION_CAMARAS_2013_1.jpg\",\"datePublished\":\"2013-01-07T23:00:00+00:00\",\"dateModified\":\"2017-11-20T09:45:44+00:00\",\"author\":{\"@id\":\"https:\/\/www.asajacyl.com\/leon\/#\/schema\/person\/7e884476cee132331142e8ac9689f20c\"},\"description\":\"Arsenio Garc&#237;a Vidal es el nuevo presidente tras ganar ASAJA las elecciones por mayor&#237;a absoluta\",\"breadcrumb\":{\"@id\":\"https:\/\/www.asajacyl.com\/leon\/asaja-leon-informa\/hoy-se-constituy-el-pleno-de-la-cmara-agraria-provincial-de-len#breadcrumb\"},\"inLanguage\":\"es\",\"potentialAction\":[{\"@type\":\"ReadAction\",\"target\":[\"https:\/\/www.asajacyl.com\/leon\/asaja-leon-informa\/hoy-se-constituy-el-pleno-de-la-cmara-agraria-provincial-de-len\"]}]},{\"@type\":\"ImageObject\",\"inLanguage\":\"es\",\"@id\":\"https:\/\/www.asajacyl.com\/leon\/asaja-leon-informa\/hoy-se-constituy-el-pleno-de-la-cmara-agraria-provincial-de-len#primaryimage\",\"url\":\"https:\/\/www.asajacyl.com\/leon\/wp-content\/uploads\/sites\/6\/2017\/11\/POSESION_CAMARAS_2013_1.jpg\",\"contentUrl\":\"https:\/\/www.asajacyl.com\/leon\/wp-content\/uploads\/sites\/6\/2017\/11\/POSESION_CAMARAS_2013_1.jpg\",\"width\":4000,\"height\":3000},{\"@type\":\"BreadcrumbList\",\"@id\":\"https:\/\/www.asajacyl.com\/leon\/asaja-leon-informa\/hoy-se-constituy-el-pleno-de-la-cmara-agraria-provincial-de-len#breadcrumb\",\"itemListElement\":[{\"@type\":\"ListItem\",\"position\":1,\"name\":\"Portada\",\"item\":\"https:\/\/www.asajacyl.com\/leon\/\"},{\"@type\":\"ListItem\",\"position\":2,\"name\":\"HOY SE CONSTITUY&#211; EL PLENO DE LA C&#193;MARA AGRARIA PROVINCIAL DE LE&#211;N\"}]},{\"@type\":\"WebSite\",\"@id\":\"https:\/\/www.asajacyl.com\/leon\/#website\",\"url\":\"https:\/\/www.asajacyl.com\/leon\/\",\"name\":\"ASAJA Le\u00f3n\",\"description\":\"Otro sitio m\u00e1s de Provincias ASAJA Castilla y Le\u00f3n\",\"potentialAction\":[{\"@type\":\"SearchAction\",\"target\":{\"@type\":\"EntryPoint\",\"urlTemplate\":\"https:\/\/www.asajacyl.com\/leon\/?s={search_term_string}\"},\"query-input\":{\"@type\":\"PropertyValueSpecification\",\"valueRequired\":true,\"valueName\":\"search_term_string\"}}],\"inLanguage\":\"es\"},{\"@type\":\"Person\",\"@id\":\"https:\/\/www.asajacyl.com\/leon\/#\/schema\/person\/7e884476cee132331142e8ac9689f20c\",\"name\":\"Editor\",\"image\":{\"@type\":\"ImageObject\",\"inLanguage\":\"es\",\"@id\":\"https:\/\/www.asajacyl.com\/leon\/#\/schema\/person\/image\/\",\"url\":\"https:\/\/secure.gravatar.com\/avatar\/a2ef43c165669686cfcfb0e1ffa59869?s=96&d=mm&r=g\",\"contentUrl\":\"https:\/\/secure.gravatar.com\/avatar\/a2ef43c165669686cfcfb0e1ffa59869?s=96&d=mm&r=g\",\"caption\":\"Editor\"},\"url\":\"https:\/\/www.asajacyl.com\/leon\/author\/oscargg\"}]}<\/script>\n<!-- \/ Yoast SEO plugin. -->","yoast_head_json":{"title":"HOY SE CONSTITUY&#211; EL PLENO DE LA C&#193;MARA AGRARIA PROVINCIAL DE LE&#211;N - ASAJA Le\u00f3n","description":"Arsenio Garc&#237;a Vidal es el nuevo presidente tras ganar ASAJA las elecciones por mayor&#237;a absoluta","robots":{"index":"index","follow":"follow","max-snippet":"max-snippet:-1","max-image-preview":"max-image-preview:large","max-video-preview":"max-video-preview:-1"},"canonical":"https:\/\/www.asajacyl.com\/leon\/asaja-leon-informa\/hoy-se-constituy-el-pleno-de-la-cmara-agraria-provincial-de-len","og_locale":"es_ES","og_type":"article","og_title":"HOY SE CONSTITUY&#211; EL PLENO DE LA C&#193;MARA AGRARIA PROVINCIAL DE LE&#211;N - ASAJA Le\u00f3n","og_description":"Arsenio Garc&#237;a Vidal es el nuevo presidente tras ganar ASAJA las elecciones por mayor&#237;a absoluta","og_url":"https:\/\/www.asajacyl.com\/leon\/asaja-leon-informa\/hoy-se-constituy-el-pleno-de-la-cmara-agraria-provincial-de-len","og_site_name":"ASAJA Le\u00f3n","article_published_time":"2013-01-07T23:00:00+00:00","article_modified_time":"2017-11-20T09:45:44+00:00","og_image":[{"width":1024,"height":768,"url":"https:\/\/www.asajacyl.com\/leon\/wp-content\/uploads\/sites\/6\/2017\/11\/POSESION_CAMARAS_2013_1-1024x768.jpg","type":"image\/jpeg"}],"author":"Editor","twitter_card":"summary_large_image","twitter_misc":{"Escrito por":"Editor","Tiempo de lectura":"2 minutos"},"schema":{"@context":"https:\/\/schema.org","@graph":[{"@type":"WebPage","@id":"https:\/\/www.asajacyl.com\/leon\/asaja-leon-informa\/hoy-se-constituy-el-pleno-de-la-cmara-agraria-provincial-de-len","url":"https:\/\/www.asajacyl.com\/leon\/asaja-leon-informa\/hoy-se-constituy-el-pleno-de-la-cmara-agraria-provincial-de-len","name":"HOY SE CONSTITUY&#211; EL PLENO DE LA C&#193;MARA AGRARIA PROVINCIAL DE LE&#211;N - ASAJA Le\u00f3n","isPartOf":{"@id":"https:\/\/www.asajacyl.com\/leon\/#website"},"primaryImageOfPage":{"@id":"https:\/\/www.asajacyl.com\/leon\/asaja-leon-informa\/hoy-se-constituy-el-pleno-de-la-cmara-agraria-provincial-de-len#primaryimage"},"image":{"@id":"https:\/\/www.asajacyl.com\/leon\/asaja-leon-informa\/hoy-se-constituy-el-pleno-de-la-cmara-agraria-provincial-de-len#primaryimage"},"thumbnailUrl":"https:\/\/www.asajacyl.com\/leon\/wp-content\/uploads\/sites\/6\/2017\/11\/POSESION_CAMARAS_2013_1.jpg","datePublished":"2013-01-07T23:00:00+00:00","dateModified":"2017-11-20T09:45:44+00:00","author":{"@id":"https:\/\/www.asajacyl.com\/leon\/#\/schema\/person\/7e884476cee132331142e8ac9689f20c"},"description":"Arsenio Garc&#237;a Vidal es el nuevo presidente tras ganar ASAJA las elecciones por mayor&#237;a absoluta","breadcrumb":{"@id":"https:\/\/www.asajacyl.com\/leon\/asaja-leon-informa\/hoy-se-constituy-el-pleno-de-la-cmara-agraria-provincial-de-len#breadcrumb"},"inLanguage":"es","potentialAction":[{"@type":"ReadAction","target":["https:\/\/www.asajacyl.com\/leon\/asaja-leon-informa\/hoy-se-constituy-el-pleno-de-la-cmara-agraria-provincial-de-len"]}]},{"@type":"ImageObject","inLanguage":"es","@id":"https:\/\/www.asajacyl.com\/leon\/asaja-leon-informa\/hoy-se-constituy-el-pleno-de-la-cmara-agraria-provincial-de-len#primaryimage","url":"https:\/\/www.asajacyl.com\/leon\/wp-content\/uploads\/sites\/6\/2017\/11\/POSESION_CAMARAS_2013_1.jpg","contentUrl":"https:\/\/www.asajacyl.com\/leon\/wp-content\/uploads\/sites\/6\/2017\/11\/POSESION_CAMARAS_2013_1.jpg","width":4000,"height":3000},{"@type":"BreadcrumbList","@id":"https:\/\/www.asajacyl.com\/leon\/asaja-leon-informa\/hoy-se-constituy-el-pleno-de-la-cmara-agraria-provincial-de-len#breadcrumb","itemListElement":[{"@type":"ListItem","position":1,"name":"Portada","item":"https:\/\/www.asajacyl.com\/leon\/"},{"@type":"ListItem","position":2,"name":"HOY SE CONSTITUY&#211; EL PLENO DE LA C&#193;MARA AGRARIA PROVINCIAL DE LE&#211;N"}]},{"@type":"WebSite","@id":"https:\/\/www.asajacyl.com\/leon\/#website","url":"https:\/\/www.asajacyl.com\/leon\/","name":"ASAJA Le\u00f3n","description":"Otro sitio m\u00e1s de Provincias ASAJA Castilla y Le\u00f3n","potentialAction":[{"@type":"SearchAction","target":{"@type":"EntryPoint","urlTemplate":"https:\/\/www.asajacyl.com\/leon\/?s={search_term_string}"},"query-input":{"@type":"PropertyValueSpecification","valueRequired":true,"valueName":"search_term_string"}}],"inLanguage":"es"},{"@type":"Person","@id":"https:\/\/www.asajacyl.com\/leon\/#\/schema\/person\/7e884476cee132331142e8ac9689f20c","name":"Editor","image":{"@type":"ImageObject","inLanguage":"es","@id":"https:\/\/www.asajacyl.com\/leon\/#\/schema\/person\/image\/","url":"https:\/\/secure.gravatar.com\/avatar\/a2ef43c165669686cfcfb0e1ffa59869?s=96&d=mm&r=g","contentUrl":"https:\/\/secure.gravatar.com\/avatar\/a2ef43c165669686cfcfb0e1ffa59869?s=96&d=mm&r=g","caption":"Editor"},"url":"https:\/\/www.asajacyl.com\/leon\/author\/oscargg"}]}},"_links":{"self":[{"href":"https:\/\/www.asajacyl.com\/leon\/wp-json\/wp\/v2\/posts\/6937"}],"collection":[{"href":"https:\/\/www.asajacyl.com\/leon\/wp-json\/wp\/v2\/posts"}],"about":[{"href":"https:\/\/www.asajacyl.com\/leon\/wp-json\/wp\/v2\/types\/post"}],"author":[{"embeddable":true,"href":"https:\/\/www.asajacyl.com\/leon\/wp-json\/wp\/v2\/users\/3"}],"replies":[{"embeddable":true,"href":"https:\/\/www.asajacyl.com\/leon\/wp-json\/wp\/v2\/comments?post=6937"}],"version-history":[{"count":1,"href":"https:\/\/www.asajacyl.com\/leon\/wp-json\/wp\/v2\/posts\/6937\/revisions"}],"predecessor-version":[{"id":7553,"href":"https:\/\/www.asajacyl.com\/leon\/wp-json\/wp\/v2\/posts\/6937\/revisions\/7553"}],"wp:featuredmedia":[{"embeddable":true,"href":"https:\/\/www.asajacyl.com\/leon\/wp-json\/wp\/v2\/media\/6938"}],"wp:attachment":[{"href":"https:\/\/www.asajacyl.com\/leon\/wp-json\/wp\/v2\/media?parent=6937"}],"wp:term":[{"taxonomy":"category","embeddable":true,"href":"https:\/\/www.asajacyl.com\/leon\/wp-json\/wp\/v2\/categories?post=6937"},{"taxonomy":"post_tag","embeddable":true,"href":"https:\/\/www.asajacyl.com\/leon\/wp-json\/wp\/v2\/tags?post=6937"}],"curies":[{"name":"wp","href":"https:\/\/api.w.org\/{rel}","templated":true}]}}