{"id":6965,"date":"2016-09-21T00:00:00","date_gmt":"2016-09-20T22:00:00","guid":{"rendered":"http:\/\/www.asajacyl.com\/leon\/sin-categoria\/cotizaciones-de-la-lonja-agropecuaria-de-len-sesin-21-09-2016"},"modified":"2016-09-21T00:00:00","modified_gmt":"2016-09-20T22:00:00","slug":"cotizaciones-de-la-lonja-agropecuaria-de-len-sesin-21-09-2016","status":"publish","type":"post","link":"https:\/\/www.asajacyl.com\/leon\/servicios-socio\/cotizaciones-de-la-lonja-agropecuaria-de-len-sesin-21-09-2016","title":{"rendered":"Cotizaciones de la Lonja Agropecuaria de Le&#243;n &#8211;  Sesi&#243;n 21\/09\/2016"},"content":{"rendered":"<h2><\/h2>\n<p align=\"center\">\n<strong><u>El mes de septiembre sonr&#237;e al ma&#237;z<\/u><\/strong><\/p>\n<p>\n&#160;<\/p>\n<p>\nEl tan temido mes de septiembre parece que va a dar una tregua al cultivo de ma&#237;z, temperaturas suaves y tiempo soleado est&#225;n ayudando a la maduraci&#243;n del mismo y si bien ya no va a ser recuperable ni las numerosas fincas que quedaron sin sembrar ni los escasos rendimientos que se van a alcanzar en otras muchas, por lo menos la calidad del grano pr&#225;cticamente est&#225; asegurada.<\/p>\n<p>\nEn breve esta lonja publicar&#225; unas estimaciones de rendimientos para la presente campa&#241;a, nuestra percepci&#243;n es que ser&#225;n notablemente inferiores a la pasada, pero no tan catastr&#243;ficos como se pod&#237;a haber pensado en un primer momento.<\/p>\n<p>\nLa pr&#243;xima semana esta lonja comenzar&#225; a cotizar la patata en todas sus variedades, este a&#241;o en la provincia de Le&#243;n hay sembradas 1.600 ha, un 4,5 % m&#225;s que la pasada, si bien los rendimientos se estiman en el entorno de 40.000 kg\/ha un 10% menos que la pasada campa&#241;a.<\/p>\n<p>\n&#160;&#160;&#160;&#160;&#160;&#160;&#160;&#160;&#160;&#160;&#160; En la provincia de Le&#243;n, aproximadamente el 70% de la superficie de patata est&#225; contratada, lo cual da una estabilidad y una tranquilidad al agricultor en cuanto a precios, si bien este a&#241;o los mismo se estiman muy por encima del precio contratado.<\/p>\n<p>\nSemana por tanto de repetici&#243;n en las cotizaciones de los cereales, as&#237; el qued&#243; a 144 &#8364;\/t, cebada y triticale 136 &#8364;\/t centeno 126 &#8364;\/t, avena 133 &#8364;\/t y ma&#237;z 158 &#8364;\/t<\/p>\n<p>\n&#160;<\/p>\n<p>\n&#160;<\/p>\n<p>\n&#160;<\/p>\n<p>\nEn Le&#243;n a 21 de septiembre de 2016.<\/p>\n<p align=\"center\">\n&#160;<\/p>\n<p align=\"center\">\n<strong>COTIZACIONES DE LA MESA AGRICOLA DE CEREAL 21-09-16<\/strong><\/p>\n<p align=\"center\">\n&#160;<\/p>\n<p style=\"margin-left:70.8pt;\">\nPrecios Orientativos Euros\/Tonelada en <strong><u>Origen Almac&#233;n Agricultor<\/u><\/strong><\/p>\n<p align=\"center\">\n&#160;&#160;&#160;&#160;&#160;&#160;&#160;&#160;&#160;&#160;&#160;&#160;&#160;&#160; &#160;&#160;&#160;&#160;&#160;&#160;&#160;&#160; (Condiciones de Calidad O.C.M. Cereales-F.E.G.A. Campa&#241;a 2013\/2014)<\/p>\n<p align=\"center\">\n&#160;<\/p>\n<table border=\"1\" cellpadding=\"0\" cellspacing=\"0\">\n<tbody>\n<tr>\n<td style=\"width:150px;\">\n<p align=\"center\">\n<strong>CEREALES<\/strong><\/p>\n<\/td>\n<td style=\"width:161px;\">\n<p align=\"center\">\n<strong>COTIZACION<\/strong><\/p>\n<p align=\"center\">\n<strong>ANTERIOR<\/strong><\/p>\n<\/td>\n<td style=\"width:151px;\">\n<p align=\"center\">\n<strong>COTIZACION<\/strong><\/p>\n<p align=\"center\">\n<strong>ACTUAL<\/strong><\/p>\n<\/td>\n<td style=\"width:114px;\">\n<p align=\"center\">\n<strong>DIF.<\/strong><\/p>\n<\/td>\n<\/tr>\n<tr>\n<td style=\"width:150px;\">\n<p align=\"center\">\n&#160;<\/p>\n<\/td>\n<td style=\"width:161px;\">\n<p align=\"center\">\n<strong>&#8364;\/t<\/strong><\/p>\n<\/td>\n<td style=\"width:151px;\">\n<p align=\"center\">\n<strong>&#8364;\/t<\/strong><\/p>\n<\/td>\n<td style=\"width:114px;\">\n<p align=\"center\">\n&#160;<\/p>\n<\/td>\n<\/tr>\n<tr>\n<td style=\"width:150px;\">\n<p>\nTrigo Pienso<\/p>\n<\/td>\n<td style=\"width:161px;\">\n<p align=\"center\">\n144,00<\/p>\n<\/td>\n<td style=\"width:151px;\">\n<p align=\"center\">\n144,00<\/p>\n<\/td>\n<td style=\"width:114px;\">\n<p align=\"center\">\n=<\/p>\n<\/td>\n<\/tr>\n<tr>\n<td style=\"width:150px;\">\n<p>\nCebada<\/p>\n<\/td>\n<td style=\"width:161px;\">\n<p align=\"center\">\n136,00<\/p>\n<\/td>\n<td style=\"width:151px;\">\n<p align=\"center\">\n136,00<\/p>\n<\/td>\n<td style=\"width:114px;\">\n<p align=\"center\">\n=<\/p>\n<\/td>\n<\/tr>\n<tr>\n<td style=\"width:150px;\">\n<p>\nTriticale<\/p>\n<\/td>\n<td style=\"width:161px;\">\n<p align=\"center\">\n136,00<\/p>\n<\/td>\n<td style=\"width:151px;\">\n<p align=\"center\">\n136,00<\/p>\n<\/td>\n<td style=\"width:114px;\">\n<p align=\"center\">\n=<\/p>\n<\/td>\n<\/tr>\n<tr>\n<td style=\"width:150px;\">\n<p>\nCenteno<\/p>\n<\/td>\n<td style=\"width:161px;\">\n<p align=\"center\">\n&#160;126,00<\/p>\n<\/td>\n<td style=\"width:151px;\">\n<p align=\"center\">\n&#160;126,00<\/p>\n<\/td>\n<td style=\"width:114px;\">\n<p align=\"center\">\n=<\/p>\n<\/td>\n<\/tr>\n<tr>\n<td style=\"width:150px;\">\n<p>\nAvena<\/p>\n<\/td>\n<td style=\"width:161px;\">\n<p align=\"center\">\n&#160;133,00<\/p>\n<\/td>\n<td style=\"width:151px;\">\n<p align=\"center\">\n&#160;133,00<\/p>\n<\/td>\n<td style=\"width:114px;\">\n<p align=\"center\">\n=<\/p>\n<\/td>\n<\/tr>\n<tr>\n<td style=\"width:150px;\">\n<p>\nMa&#237;z<\/p>\n<\/td>\n<td style=\"width:161px;\">\n<p align=\"center\">\n&#160; 158,00*<\/p>\n<\/td>\n<td style=\"width:151px;\">\n<p align=\"center\">\n&#160; 158,00*<\/p>\n<\/td>\n<td style=\"width:114px;\">\n<p align=\"center\">\n=<\/p>\n<\/td>\n<\/tr>\n<\/tbody>\n<\/table>\n<p>\n&#160;<\/p>\n<p>\n*&#160; Ma&#237;z&#160; con menos del 15% de humedad<\/p>\n<table align=\"left\" cellpadding=\"0\" cellspacing=\"0\">\n<tbody>\n<tr>\n<td height=\"1\">\n&#160;<\/td>\n<\/tr>\n<tr>\n<td>\n&#160;<\/td>\n<td>\n&#160;<\/td>\n<\/tr>\n<\/tbody>\n<\/table>\n<p>\nActividad subvencionada por la Diputaci&#243;n Provincial de Le&#243;n. &#160;<\/p>\n","protected":false},"excerpt":{"rendered":"<p>El mes de septiembre sonr&#237;e al ma&#237;z &#160; El tan temido mes de septiembre parece que va a dar una tregua al cultivo de ma&#237;z, temperaturas suaves y tiempo soleado est&#225;n ayudando a la maduraci&#243;n del mismo y si bien ya no va a ser recuperable ni las numerosas fincas que quedaron sin sembrar ni [&hellip;]<\/p>\n","protected":false},"author":3,"featured_media":8174,"comment_status":"open","ping_status":"open","sticky":false,"template":"","format":"standard","meta":{"footnotes":""},"categories":[34,67,5],"tags":[],"yoast_head":"<!-- This site is optimized with the Yoast SEO plugin v24.5 - https:\/\/yoast.com\/wordpress\/plugins\/seo\/ -->\n<title>Cotizaciones de la Lonja Agropecuaria de Le&#243;n - Sesi&#243;n 21\/09\/2016 - ASAJA Le\u00f3n<\/title>\n<meta name=\"description\" content=\"El mes de septiembre sonr&#237;e al ma&#237;z &#160; El tan temido mes de septiembre parece que va a dar una tregua al cultivo de ma&#237;z, temperaturas\" \/>\n<meta name=\"robots\" content=\"index, follow, max-snippet:-1, max-image-preview:large, max-video-preview:-1\" \/>\n<link rel=\"canonical\" href=\"https:\/\/www.asajacyl.com\/leon\/servicios-socio\/cotizaciones-de-la-lonja-agropecuaria-de-len-sesin-21-09-2016\" \/>\n<meta property=\"og:locale\" content=\"es_ES\" \/>\n<meta property=\"og:type\" content=\"article\" \/>\n<meta property=\"og:title\" content=\"Cotizaciones de la Lonja Agropecuaria de Le&#243;n - Sesi&#243;n 21\/09\/2016 - ASAJA Le\u00f3n\" \/>\n<meta property=\"og:description\" content=\"El mes de septiembre sonr&#237;e al ma&#237;z &#160; El tan temido mes de septiembre parece que va a dar una tregua al cultivo de ma&#237;z, temperaturas\" \/>\n<meta property=\"og:url\" content=\"https:\/\/www.asajacyl.com\/leon\/servicios-socio\/cotizaciones-de-la-lonja-agropecuaria-de-len-sesin-21-09-2016\" \/>\n<meta property=\"og:site_name\" content=\"ASAJA Le\u00f3n\" \/>\n<meta property=\"article:published_time\" content=\"2016-09-20T22:00:00+00:00\" \/>\n<meta property=\"og:image\" content=\"https:\/\/www.asajacyl.com\/leon\/wp-content\/uploads\/sites\/6\/2017\/11\/im_predefinida_1920x1080.jpg\" \/>\n\t<meta property=\"og:image:width\" content=\"1920\" \/>\n\t<meta property=\"og:image:height\" content=\"1080\" \/>\n\t<meta property=\"og:image:type\" content=\"image\/jpeg\" \/>\n<meta name=\"author\" content=\"Editor\" \/>\n<meta name=\"twitter:card\" content=\"summary_large_image\" \/>\n<meta name=\"twitter:label1\" content=\"Escrito por\" \/>\n\t<meta name=\"twitter:data1\" content=\"Editor\" \/>\n\t<meta name=\"twitter:label2\" content=\"Tiempo de lectura\" \/>\n\t<meta name=\"twitter:data2\" content=\"2 minutos\" \/>\n<script type=\"application\/ld+json\" class=\"yoast-schema-graph\">{\"@context\":\"https:\/\/schema.org\",\"@graph\":[{\"@type\":\"WebPage\",\"@id\":\"https:\/\/www.asajacyl.com\/leon\/servicios-socio\/cotizaciones-de-la-lonja-agropecuaria-de-len-sesin-21-09-2016\",\"url\":\"https:\/\/www.asajacyl.com\/leon\/servicios-socio\/cotizaciones-de-la-lonja-agropecuaria-de-len-sesin-21-09-2016\",\"name\":\"Cotizaciones de la Lonja Agropecuaria de Le&#243;n - Sesi&#243;n 21\/09\/2016 - ASAJA Le\u00f3n\",\"isPartOf\":{\"@id\":\"https:\/\/www.asajacyl.com\/leon\/#website\"},\"primaryImageOfPage\":{\"@id\":\"https:\/\/www.asajacyl.com\/leon\/servicios-socio\/cotizaciones-de-la-lonja-agropecuaria-de-len-sesin-21-09-2016#primaryimage\"},\"image\":{\"@id\":\"https:\/\/www.asajacyl.com\/leon\/servicios-socio\/cotizaciones-de-la-lonja-agropecuaria-de-len-sesin-21-09-2016#primaryimage\"},\"thumbnailUrl\":\"https:\/\/www.asajacyl.com\/leon\/wp-content\/uploads\/sites\/6\/2017\/11\/im_predefinida_1920x1080.jpg\",\"datePublished\":\"2016-09-20T22:00:00+00:00\",\"author\":{\"@id\":\"https:\/\/www.asajacyl.com\/leon\/#\/schema\/person\/7e884476cee132331142e8ac9689f20c\"},\"description\":\"El mes de septiembre sonr&#237;e al ma&#237;z &#160; El tan temido mes de septiembre parece que va a dar una tregua al cultivo de ma&#237;z, temperaturas\",\"breadcrumb\":{\"@id\":\"https:\/\/www.asajacyl.com\/leon\/servicios-socio\/cotizaciones-de-la-lonja-agropecuaria-de-len-sesin-21-09-2016#breadcrumb\"},\"inLanguage\":\"es\",\"potentialAction\":[{\"@type\":\"ReadAction\",\"target\":[\"https:\/\/www.asajacyl.com\/leon\/servicios-socio\/cotizaciones-de-la-lonja-agropecuaria-de-len-sesin-21-09-2016\"]}]},{\"@type\":\"ImageObject\",\"inLanguage\":\"es\",\"@id\":\"https:\/\/www.asajacyl.com\/leon\/servicios-socio\/cotizaciones-de-la-lonja-agropecuaria-de-len-sesin-21-09-2016#primaryimage\",\"url\":\"https:\/\/www.asajacyl.com\/leon\/wp-content\/uploads\/sites\/6\/2017\/11\/im_predefinida_1920x1080.jpg\",\"contentUrl\":\"https:\/\/www.asajacyl.com\/leon\/wp-content\/uploads\/sites\/6\/2017\/11\/im_predefinida_1920x1080.jpg\",\"width\":1920,\"height\":1080,\"caption\":\"Logotipo ASAJA Le\u00f3n\"},{\"@type\":\"BreadcrumbList\",\"@id\":\"https:\/\/www.asajacyl.com\/leon\/servicios-socio\/cotizaciones-de-la-lonja-agropecuaria-de-len-sesin-21-09-2016#breadcrumb\",\"itemListElement\":[{\"@type\":\"ListItem\",\"position\":1,\"name\":\"Portada\",\"item\":\"https:\/\/www.asajacyl.com\/leon\/\"},{\"@type\":\"ListItem\",\"position\":2,\"name\":\"Cotizaciones de la Lonja Agropecuaria de Le&#243;n &#8211; Sesi&#243;n 21\/09\/2016\"}]},{\"@type\":\"WebSite\",\"@id\":\"https:\/\/www.asajacyl.com\/leon\/#website\",\"url\":\"https:\/\/www.asajacyl.com\/leon\/\",\"name\":\"ASAJA Le\u00f3n\",\"description\":\"Otro sitio m\u00e1s de Provincias ASAJA Castilla y Le\u00f3n\",\"potentialAction\":[{\"@type\":\"SearchAction\",\"target\":{\"@type\":\"EntryPoint\",\"urlTemplate\":\"https:\/\/www.asajacyl.com\/leon\/?s={search_term_string}\"},\"query-input\":{\"@type\":\"PropertyValueSpecification\",\"valueRequired\":true,\"valueName\":\"search_term_string\"}}],\"inLanguage\":\"es\"},{\"@type\":\"Person\",\"@id\":\"https:\/\/www.asajacyl.com\/leon\/#\/schema\/person\/7e884476cee132331142e8ac9689f20c\",\"name\":\"Editor\",\"image\":{\"@type\":\"ImageObject\",\"inLanguage\":\"es\",\"@id\":\"https:\/\/www.asajacyl.com\/leon\/#\/schema\/person\/image\/\",\"url\":\"https:\/\/secure.gravatar.com\/avatar\/a2ef43c165669686cfcfb0e1ffa59869?s=96&d=mm&r=g\",\"contentUrl\":\"https:\/\/secure.gravatar.com\/avatar\/a2ef43c165669686cfcfb0e1ffa59869?s=96&d=mm&r=g\",\"caption\":\"Editor\"},\"url\":\"https:\/\/www.asajacyl.com\/leon\/author\/oscargg\"}]}<\/script>\n<!-- \/ Yoast SEO plugin. -->","yoast_head_json":{"title":"Cotizaciones de la Lonja Agropecuaria de Le&#243;n - Sesi&#243;n 21\/09\/2016 - ASAJA Le\u00f3n","description":"El mes de septiembre sonr&#237;e al ma&#237;z &#160; El tan temido mes de septiembre parece que va a dar una tregua al cultivo de ma&#237;z, temperaturas","robots":{"index":"index","follow":"follow","max-snippet":"max-snippet:-1","max-image-preview":"max-image-preview:large","max-video-preview":"max-video-preview:-1"},"canonical":"https:\/\/www.asajacyl.com\/leon\/servicios-socio\/cotizaciones-de-la-lonja-agropecuaria-de-len-sesin-21-09-2016","og_locale":"es_ES","og_type":"article","og_title":"Cotizaciones de la Lonja Agropecuaria de Le&#243;n - Sesi&#243;n 21\/09\/2016 - ASAJA Le\u00f3n","og_description":"El mes de septiembre sonr&#237;e al ma&#237;z &#160; El tan temido mes de septiembre parece que va a dar una tregua al cultivo de ma&#237;z, temperaturas","og_url":"https:\/\/www.asajacyl.com\/leon\/servicios-socio\/cotizaciones-de-la-lonja-agropecuaria-de-len-sesin-21-09-2016","og_site_name":"ASAJA Le\u00f3n","article_published_time":"2016-09-20T22:00:00+00:00","og_image":[{"width":1920,"height":1080,"url":"https:\/\/www.asajacyl.com\/leon\/wp-content\/uploads\/sites\/6\/2017\/11\/im_predefinida_1920x1080.jpg","type":"image\/jpeg"}],"author":"Editor","twitter_card":"summary_large_image","twitter_misc":{"Escrito por":"Editor","Tiempo de lectura":"2 minutos"},"schema":{"@context":"https:\/\/schema.org","@graph":[{"@type":"WebPage","@id":"https:\/\/www.asajacyl.com\/leon\/servicios-socio\/cotizaciones-de-la-lonja-agropecuaria-de-len-sesin-21-09-2016","url":"https:\/\/www.asajacyl.com\/leon\/servicios-socio\/cotizaciones-de-la-lonja-agropecuaria-de-len-sesin-21-09-2016","name":"Cotizaciones de la Lonja Agropecuaria de Le&#243;n - Sesi&#243;n 21\/09\/2016 - ASAJA Le\u00f3n","isPartOf":{"@id":"https:\/\/www.asajacyl.com\/leon\/#website"},"primaryImageOfPage":{"@id":"https:\/\/www.asajacyl.com\/leon\/servicios-socio\/cotizaciones-de-la-lonja-agropecuaria-de-len-sesin-21-09-2016#primaryimage"},"image":{"@id":"https:\/\/www.asajacyl.com\/leon\/servicios-socio\/cotizaciones-de-la-lonja-agropecuaria-de-len-sesin-21-09-2016#primaryimage"},"thumbnailUrl":"https:\/\/www.asajacyl.com\/leon\/wp-content\/uploads\/sites\/6\/2017\/11\/im_predefinida_1920x1080.jpg","datePublished":"2016-09-20T22:00:00+00:00","author":{"@id":"https:\/\/www.asajacyl.com\/leon\/#\/schema\/person\/7e884476cee132331142e8ac9689f20c"},"description":"El mes de septiembre sonr&#237;e al ma&#237;z &#160; El tan temido mes de septiembre parece que va a dar una tregua al cultivo de ma&#237;z, temperaturas","breadcrumb":{"@id":"https:\/\/www.asajacyl.com\/leon\/servicios-socio\/cotizaciones-de-la-lonja-agropecuaria-de-len-sesin-21-09-2016#breadcrumb"},"inLanguage":"es","potentialAction":[{"@type":"ReadAction","target":["https:\/\/www.asajacyl.com\/leon\/servicios-socio\/cotizaciones-de-la-lonja-agropecuaria-de-len-sesin-21-09-2016"]}]},{"@type":"ImageObject","inLanguage":"es","@id":"https:\/\/www.asajacyl.com\/leon\/servicios-socio\/cotizaciones-de-la-lonja-agropecuaria-de-len-sesin-21-09-2016#primaryimage","url":"https:\/\/www.asajacyl.com\/leon\/wp-content\/uploads\/sites\/6\/2017\/11\/im_predefinida_1920x1080.jpg","contentUrl":"https:\/\/www.asajacyl.com\/leon\/wp-content\/uploads\/sites\/6\/2017\/11\/im_predefinida_1920x1080.jpg","width":1920,"height":1080,"caption":"Logotipo ASAJA Le\u00f3n"},{"@type":"BreadcrumbList","@id":"https:\/\/www.asajacyl.com\/leon\/servicios-socio\/cotizaciones-de-la-lonja-agropecuaria-de-len-sesin-21-09-2016#breadcrumb","itemListElement":[{"@type":"ListItem","position":1,"name":"Portada","item":"https:\/\/www.asajacyl.com\/leon\/"},{"@type":"ListItem","position":2,"name":"Cotizaciones de la Lonja Agropecuaria de Le&#243;n &#8211; Sesi&#243;n 21\/09\/2016"}]},{"@type":"WebSite","@id":"https:\/\/www.asajacyl.com\/leon\/#website","url":"https:\/\/www.asajacyl.com\/leon\/","name":"ASAJA Le\u00f3n","description":"Otro sitio m\u00e1s de Provincias ASAJA Castilla y Le\u00f3n","potentialAction":[{"@type":"SearchAction","target":{"@type":"EntryPoint","urlTemplate":"https:\/\/www.asajacyl.com\/leon\/?s={search_term_string}"},"query-input":{"@type":"PropertyValueSpecification","valueRequired":true,"valueName":"search_term_string"}}],"inLanguage":"es"},{"@type":"Person","@id":"https:\/\/www.asajacyl.com\/leon\/#\/schema\/person\/7e884476cee132331142e8ac9689f20c","name":"Editor","image":{"@type":"ImageObject","inLanguage":"es","@id":"https:\/\/www.asajacyl.com\/leon\/#\/schema\/person\/image\/","url":"https:\/\/secure.gravatar.com\/avatar\/a2ef43c165669686cfcfb0e1ffa59869?s=96&d=mm&r=g","contentUrl":"https:\/\/secure.gravatar.com\/avatar\/a2ef43c165669686cfcfb0e1ffa59869?s=96&d=mm&r=g","caption":"Editor"},"url":"https:\/\/www.asajacyl.com\/leon\/author\/oscargg"}]}},"_links":{"self":[{"href":"https:\/\/www.asajacyl.com\/leon\/wp-json\/wp\/v2\/posts\/6965"}],"collection":[{"href":"https:\/\/www.asajacyl.com\/leon\/wp-json\/wp\/v2\/posts"}],"about":[{"href":"https:\/\/www.asajacyl.com\/leon\/wp-json\/wp\/v2\/types\/post"}],"author":[{"embeddable":true,"href":"https:\/\/www.asajacyl.com\/leon\/wp-json\/wp\/v2\/users\/3"}],"replies":[{"embeddable":true,"href":"https:\/\/www.asajacyl.com\/leon\/wp-json\/wp\/v2\/comments?post=6965"}],"version-history":[{"count":0,"href":"https:\/\/www.asajacyl.com\/leon\/wp-json\/wp\/v2\/posts\/6965\/revisions"}],"wp:featuredmedia":[{"embeddable":true,"href":"https:\/\/www.asajacyl.com\/leon\/wp-json\/wp\/v2\/media\/8174"}],"wp:attachment":[{"href":"https:\/\/www.asajacyl.com\/leon\/wp-json\/wp\/v2\/media?parent=6965"}],"wp:term":[{"taxonomy":"category","embeddable":true,"href":"https:\/\/www.asajacyl.com\/leon\/wp-json\/wp\/v2\/categories?post=6965"},{"taxonomy":"post_tag","embeddable":true,"href":"https:\/\/www.asajacyl.com\/leon\/wp-json\/wp\/v2\/tags?post=6965"}],"curies":[{"name":"wp","href":"https:\/\/api.w.org\/{rel}","templated":true}]}}