{"id":6983,"date":"2016-06-01T00:00:00","date_gmt":"2016-05-31T22:00:00","guid":{"rendered":"http:\/\/www.asajacyl.com\/leon\/sin-categoria\/cotizaciones-de-la-lonja-agropecuaria-de-len-sesin-01-06-2015"},"modified":"2016-06-01T00:00:00","modified_gmt":"2016-05-31T22:00:00","slug":"cotizaciones-de-la-lonja-agropecuaria-de-len-sesin-01-06-2015","status":"publish","type":"post","link":"https:\/\/www.asajacyl.com\/leon\/servicios-socio\/cotizaciones-de-la-lonja-agropecuaria-de-len-sesin-01-06-2015","title":{"rendered":"Cotizaciones de la Lonja Agropecuaria de Le&#243;n &#8211;  Sesi&#243;n 01\/06\/2015"},"content":{"rendered":"<h2><\/h2>\n<p style=\"text-align: center;\">\n<span style=\"color:#006400;\"><strong>LOS TRACTORES REGRESAN AL CAMPO<\/strong><\/span><\/p>\n<p style=\"text-align: justify;\">\n&#160;&#160;&#160;&#160;&#160;&#160;&#160;&#160;&#160;&#160;&#160; Cualquiera que estos d&#237;as cruce la provincia de Le&#243;n ver&#225; un trasiego generalizado de tractores en el campo, labores que se ten&#237;an que haber hecho en el mes de febrero y marzo como arar las fincas para su posterior siembra, se est&#225;n realizando en estas fechas y las 24 horas que tiene el d&#237;a no son suficientes para recuperar el tiempo perdido.<\/p>\n<p style=\"text-align: justify;\">\n&#160;&#160;&#160;&#160;&#160;&#160;&#160;&#160;&#160;&#160;&#160; Por lo que respecta a las siembras de regad&#237;o tanto de ma&#237;z como remolacha,&#160; girasol y alubias, progresan d&#237;a a d&#237;a, si bien lo conveniente habr&#237;a sido haber sembrado desde mitad de abril a mitad de mayo, este retraso acumulado seguramente d&#233; al traste con una buena cosecha y una vez sembrado s&#243;lo nos queda encomendarnos a que el oto&#241;o se convierta en verano y as&#237; por lo menos poder recuperar la inversi&#243;n, puesto que por bueno que venga, la p&#233;rdida a d&#237;a de hoy ya se puede cifrar entre un 20 % y un 30% de un a&#241;o normal.<\/p>\n<p style=\"text-align: justify;\">\n&#160;&#160;&#160;&#160;&#160;&#160;&#160;&#160;&#160;&#160;&#160; En cuanto al ma&#237;z resta por sembrar aproximadamente el 40 % de la superficie, que un a&#241;o normal en la provincia de le&#243;n ronda las 70.000 hect&#225;reas.<\/p>\n<p style=\"text-align: justify;\">\n&#160;&#160;&#160;&#160;&#160;&#160;&#160;&#160;&#160;&#160;&#160; A&#241;o complicado tambi&#233;n para hacer estimaciones de siembra de los diferentes cultivos puesto que hasta el 15 de junio que no se cierra la PAC van a ser numerosos los agricultores que hagan cambios en su expediente, desde nuestra perspectiva creemos que bajar&#225; bastante la superficie de remolacha, tambi&#233;n habr&#225; una bajada importante de superficie de ma&#237;z y por el contrario habr&#225; un aumento en barbechos de fincas que no ser&#225;n sembradas puesto que no cubrir&#237;an los gastos el hacer esa labor y aumentar&#237;a tambi&#233;n la superficie de girasol y alubias.<\/p>\n<p style=\"text-align: justify;\">\n&#160;&#160;&#160;&#160;&#160;&#160;&#160;&#160;&#160;&#160;&#160; &#160;&#160;&#160;&#160;&#160;&#160;&#160;&#160;&#160;&#160;&#160; Tambi&#233;n pensamos desde esta lonja que las siembras se cerrar&#225;n pasada la pr&#243;xima semana y todo o pr&#225;cticamente todo lo que no est&#233; sembrado al 15 de junio quedar&#225; de barbecho, con el consiguiente perjuicio para la rentabilidad de las explotaciones.<\/p>\n<p style=\"text-align: justify;\">\n&#160;<\/p>\n<p style=\"text-align: justify;\">\n&#160;&#160;&#160;&#160;&#160;&#160;&#160;&#160;&#160;&#160;&#160; En la sesi&#243;n celebrada hoy la cotizaci&#243;n ha sido, el trigo 153,00 &#8364;\/t, cebada 150,00&#8364;\/t, centeno 144,00 &#8364;\/t,&#160; la avena a 170,00 &#8364;\/t y ma&#237;z se mantiene en los 156,00&#8364;\/t.<\/p>\n<p style=\"text-align: justify;\">\n&#160;<\/p>\n<p style=\"text-align: justify;\">\n&#160;&#160;&#160;&#160;&#160;&#160;&#160;&#160;&#160;&#160;&#160; Se puede consultar esta informaci&#243;n m&#225;s detallada a trav&#233;s de la p&#225;gina web www.lonjadeleon.es<\/p>\n<p style=\"text-align: justify;\">\n&#160;<\/p>\n<p style=\"text-align: justify;\">\nEn Le&#243;n a 01 de junio de 2016.<\/p>\n<p style=\"text-align: justify;\">\n&#160;<\/p>\n<p style=\"text-align: justify;\">\n<strong>COTIZACIONES DE LA MESA AGRICOLA DE CEREAL 01-06-16<\/strong><\/p>\n<p style=\"text-align: justify;\">\n&#160;<\/p>\n<p style=\"margin-left: 70.8pt; text-align: justify;\">\nPrecios Orientativos Euros\/Tonelada en <strong><u>Origen Almac&#233;n Agricultor<\/u><\/strong><\/p>\n<p style=\"text-align: justify;\">\n&#160;&#160;&#160;&#160;&#160;&#160;&#160;&#160;&#160;&#160;&#160;&#160;&#160;&#160;&#160; &#160;&#160;&#160;&#160;&#160;&#160;&#160;&#160; (Condiciones de Calidad O.C.M. Cereales-F.E.G.A. Campa&#241;a 2013\/2014)<\/p>\n<p style=\"text-align: justify;\">\n&#160;<\/p>\n<table border=\"1\" cellpadding=\"0\" cellspacing=\"0\">\n<tbody>\n<tr>\n<td style=\"width:149px;\">\n<p style=\"text-align: justify;\">\n<strong>CEREALES<\/strong><\/p>\n<\/td>\n<td style=\"width:161px;\">\n<p style=\"text-align: justify;\">\n<strong>COTIZACION<\/strong><\/p>\n<p style=\"text-align: justify;\">\n<strong>ANTERIOR<\/strong><\/p>\n<\/td>\n<td style=\"width:151px;\">\n<p style=\"text-align: justify;\">\n<strong>COTIZACION<\/strong><\/p>\n<p style=\"text-align: justify;\">\n<strong>ACTUAL<\/strong><\/p>\n<\/td>\n<td style=\"width:113px;\">\n<p style=\"text-align: justify;\">\n<strong>DIF.<\/strong><\/p>\n<\/td>\n<\/tr>\n<tr>\n<td style=\"width:149px;\">\n<p style=\"text-align: justify;\">\n&#160;<\/p>\n<\/td>\n<td style=\"width:161px;\">\n<p style=\"text-align: justify;\">\n<strong>&#8364;\/t<\/strong><\/p>\n<\/td>\n<td style=\"width:151px;\">\n<p style=\"text-align: justify;\">\n<strong>&#8364;\/t<\/strong><\/p>\n<\/td>\n<td style=\"width:113px;\">\n<p style=\"text-align: justify;\">\n&#160;<\/p>\n<\/td>\n<\/tr>\n<tr>\n<td style=\"width:149px;\">\n<p style=\"text-align: justify;\">\nTrigo Pienso<\/p>\n<\/td>\n<td style=\"width:161px;\">\n<p style=\"text-align: justify;\">\n154,00<\/p>\n<\/td>\n<td style=\"width:151px;\">\n<p style=\"text-align: justify;\">\n153,00<\/p>\n<\/td>\n<td style=\"width:113px;\">\n<p style=\"text-align: justify;\">\n&#9660;<\/p>\n<\/td>\n<\/tr>\n<tr>\n<td style=\"width:149px;\">\n<p style=\"text-align: justify;\">\nCebada<\/p>\n<\/td>\n<td style=\"width:161px;\">\n<p style=\"text-align: justify;\">\n152,00<\/p>\n<\/td>\n<td style=\"width:151px;\">\n<p style=\"text-align: justify;\">\n150,00<\/p>\n<\/td>\n<td style=\"width:113px;\">\n<p style=\"text-align: justify;\">\n&#9660;<\/p>\n<\/td>\n<\/tr>\n<tr>\n<td style=\"width:149px;\">\n<p style=\"text-align: justify;\">\nTriticale<\/p>\n<\/td>\n<td style=\"width:161px;\">\n<p style=\"text-align: justify;\">\nS\/C<\/p>\n<\/td>\n<td style=\"width:151px;\">\n<p style=\"text-align: justify;\">\nS\/C<\/p>\n<\/td>\n<td style=\"width:113px;\">\n<p style=\"text-align: justify;\">\n&#160;<\/p>\n<\/td>\n<\/tr>\n<tr>\n<td style=\"width:149px;\">\n<p style=\"text-align: justify;\">\nCenteno<\/p>\n<\/td>\n<td style=\"width:161px;\">\n<p style=\"text-align: justify;\">\n&#160;144,00<\/p>\n<\/td>\n<td style=\"width:151px;\">\n<p style=\"text-align: justify;\">\n&#160;144,00<\/p>\n<\/td>\n<td style=\"width:113px;\">\n<p style=\"text-align: justify;\">\n=<\/p>\n<\/td>\n<\/tr>\n<tr>\n<td style=\"width:149px;\">\n<p style=\"text-align: justify;\">\nAvena<\/p>\n<\/td>\n<td style=\"width:161px;\">\n<p style=\"text-align: justify;\">\n&#160;170,00<\/p>\n<\/td>\n<td style=\"width:151px;\">\n<p style=\"text-align: justify;\">\n&#160;170,00<\/p>\n<\/td>\n<td style=\"width:113px;\">\n<p style=\"text-align: justify;\">\n=<\/p>\n<\/td>\n<\/tr>\n<tr>\n<td style=\"width:149px;\">\n<p style=\"text-align: justify;\">\nMa&#237;z<\/p>\n<\/td>\n<td style=\"width:161px;\">\n<p style=\"text-align: justify;\">\n&#160; 156,00*<\/p>\n<\/td>\n<td style=\"width:151px;\">\n<p style=\"text-align: justify;\">\n&#160; 156,00*<\/p>\n<\/td>\n<td style=\"width:113px;\">\n<p style=\"text-align: justify;\">\n=<\/p>\n<\/td>\n<\/tr>\n<\/tbody>\n<\/table>\n<p style=\"text-align: justify;\">\n&#160;<\/p>\n<p style=\"text-align: justify;\">\n*&#160; Ma&#237;z&#160; con menos del 15% de humedad<\/p>\n","protected":false},"excerpt":{"rendered":"<p>LOS TRACTORES REGRESAN AL CAMPO &#160;&#160;&#160;&#160;&#160;&#160;&#160;&#160;&#160;&#160;&#160; Cualquiera que estos d&#237;as cruce la provincia de Le&#243;n ver&#225; un trasiego generalizado de tractores en el campo, labores que se ten&#237;an que haber hecho en el mes de febrero y marzo como arar las fincas para su posterior siembra, se est&#225;n realizando en estas fechas y las 24 [&hellip;]<\/p>\n","protected":false},"author":3,"featured_media":8174,"comment_status":"open","ping_status":"open","sticky":false,"template":"","format":"standard","meta":{"footnotes":""},"categories":[34,67,5],"tags":[],"yoast_head":"<!-- This site is optimized with the Yoast SEO plugin v24.5 - https:\/\/yoast.com\/wordpress\/plugins\/seo\/ -->\n<title>Cotizaciones de la Lonja Agropecuaria de Le&#243;n - Sesi&#243;n 01\/06\/2015 - ASAJA Le\u00f3n<\/title>\n<meta name=\"description\" content=\"LOS TRACTORES REGRESAN AL CAMPO &#160;&#160;&#160;&#160;&#160;&#160;&#160;&#160;&#160;&#160;&#160; Cualquiera que estos d&#237;as cruce la provincia de\" \/>\n<meta name=\"robots\" content=\"index, follow, max-snippet:-1, max-image-preview:large, max-video-preview:-1\" \/>\n<link rel=\"canonical\" href=\"https:\/\/www.asajacyl.com\/leon\/servicios-socio\/cotizaciones-de-la-lonja-agropecuaria-de-len-sesin-01-06-2015\" \/>\n<meta property=\"og:locale\" content=\"es_ES\" \/>\n<meta property=\"og:type\" content=\"article\" \/>\n<meta property=\"og:title\" content=\"Cotizaciones de la Lonja Agropecuaria de Le&#243;n - Sesi&#243;n 01\/06\/2015 - ASAJA Le\u00f3n\" \/>\n<meta property=\"og:description\" content=\"LOS TRACTORES REGRESAN AL CAMPO &#160;&#160;&#160;&#160;&#160;&#160;&#160;&#160;&#160;&#160;&#160; Cualquiera que estos d&#237;as cruce la provincia de\" \/>\n<meta property=\"og:url\" content=\"https:\/\/www.asajacyl.com\/leon\/servicios-socio\/cotizaciones-de-la-lonja-agropecuaria-de-len-sesin-01-06-2015\" \/>\n<meta property=\"og:site_name\" content=\"ASAJA Le\u00f3n\" \/>\n<meta property=\"article:published_time\" content=\"2016-05-31T22:00:00+00:00\" \/>\n<meta property=\"og:image\" content=\"https:\/\/www.asajacyl.com\/leon\/wp-content\/uploads\/sites\/6\/2017\/11\/im_predefinida_1920x1080.jpg\" \/>\n\t<meta property=\"og:image:width\" content=\"1920\" \/>\n\t<meta property=\"og:image:height\" content=\"1080\" \/>\n\t<meta property=\"og:image:type\" content=\"image\/jpeg\" \/>\n<meta name=\"author\" content=\"Editor\" \/>\n<meta name=\"twitter:card\" content=\"summary_large_image\" \/>\n<meta name=\"twitter:label1\" content=\"Escrito por\" \/>\n\t<meta name=\"twitter:data1\" content=\"Editor\" \/>\n\t<meta name=\"twitter:label2\" content=\"Tiempo de lectura\" \/>\n\t<meta name=\"twitter:data2\" content=\"2 minutos\" \/>\n<script type=\"application\/ld+json\" class=\"yoast-schema-graph\">{\"@context\":\"https:\/\/schema.org\",\"@graph\":[{\"@type\":\"WebPage\",\"@id\":\"https:\/\/www.asajacyl.com\/leon\/servicios-socio\/cotizaciones-de-la-lonja-agropecuaria-de-len-sesin-01-06-2015\",\"url\":\"https:\/\/www.asajacyl.com\/leon\/servicios-socio\/cotizaciones-de-la-lonja-agropecuaria-de-len-sesin-01-06-2015\",\"name\":\"Cotizaciones de la Lonja Agropecuaria de Le&#243;n - Sesi&#243;n 01\/06\/2015 - ASAJA Le\u00f3n\",\"isPartOf\":{\"@id\":\"https:\/\/www.asajacyl.com\/leon\/#website\"},\"primaryImageOfPage\":{\"@id\":\"https:\/\/www.asajacyl.com\/leon\/servicios-socio\/cotizaciones-de-la-lonja-agropecuaria-de-len-sesin-01-06-2015#primaryimage\"},\"image\":{\"@id\":\"https:\/\/www.asajacyl.com\/leon\/servicios-socio\/cotizaciones-de-la-lonja-agropecuaria-de-len-sesin-01-06-2015#primaryimage\"},\"thumbnailUrl\":\"https:\/\/www.asajacyl.com\/leon\/wp-content\/uploads\/sites\/6\/2017\/11\/im_predefinida_1920x1080.jpg\",\"datePublished\":\"2016-05-31T22:00:00+00:00\",\"author\":{\"@id\":\"https:\/\/www.asajacyl.com\/leon\/#\/schema\/person\/7e884476cee132331142e8ac9689f20c\"},\"description\":\"LOS TRACTORES REGRESAN AL CAMPO &#160;&#160;&#160;&#160;&#160;&#160;&#160;&#160;&#160;&#160;&#160; Cualquiera que estos d&#237;as cruce la provincia de\",\"breadcrumb\":{\"@id\":\"https:\/\/www.asajacyl.com\/leon\/servicios-socio\/cotizaciones-de-la-lonja-agropecuaria-de-len-sesin-01-06-2015#breadcrumb\"},\"inLanguage\":\"es\",\"potentialAction\":[{\"@type\":\"ReadAction\",\"target\":[\"https:\/\/www.asajacyl.com\/leon\/servicios-socio\/cotizaciones-de-la-lonja-agropecuaria-de-len-sesin-01-06-2015\"]}]},{\"@type\":\"ImageObject\",\"inLanguage\":\"es\",\"@id\":\"https:\/\/www.asajacyl.com\/leon\/servicios-socio\/cotizaciones-de-la-lonja-agropecuaria-de-len-sesin-01-06-2015#primaryimage\",\"url\":\"https:\/\/www.asajacyl.com\/leon\/wp-content\/uploads\/sites\/6\/2017\/11\/im_predefinida_1920x1080.jpg\",\"contentUrl\":\"https:\/\/www.asajacyl.com\/leon\/wp-content\/uploads\/sites\/6\/2017\/11\/im_predefinida_1920x1080.jpg\",\"width\":1920,\"height\":1080,\"caption\":\"Logotipo ASAJA Le\u00f3n\"},{\"@type\":\"BreadcrumbList\",\"@id\":\"https:\/\/www.asajacyl.com\/leon\/servicios-socio\/cotizaciones-de-la-lonja-agropecuaria-de-len-sesin-01-06-2015#breadcrumb\",\"itemListElement\":[{\"@type\":\"ListItem\",\"position\":1,\"name\":\"Portada\",\"item\":\"https:\/\/www.asajacyl.com\/leon\/\"},{\"@type\":\"ListItem\",\"position\":2,\"name\":\"Cotizaciones de la Lonja Agropecuaria de Le&#243;n &#8211; Sesi&#243;n 01\/06\/2015\"}]},{\"@type\":\"WebSite\",\"@id\":\"https:\/\/www.asajacyl.com\/leon\/#website\",\"url\":\"https:\/\/www.asajacyl.com\/leon\/\",\"name\":\"ASAJA Le\u00f3n\",\"description\":\"Otro sitio m\u00e1s de Provincias ASAJA Castilla y Le\u00f3n\",\"potentialAction\":[{\"@type\":\"SearchAction\",\"target\":{\"@type\":\"EntryPoint\",\"urlTemplate\":\"https:\/\/www.asajacyl.com\/leon\/?s={search_term_string}\"},\"query-input\":{\"@type\":\"PropertyValueSpecification\",\"valueRequired\":true,\"valueName\":\"search_term_string\"}}],\"inLanguage\":\"es\"},{\"@type\":\"Person\",\"@id\":\"https:\/\/www.asajacyl.com\/leon\/#\/schema\/person\/7e884476cee132331142e8ac9689f20c\",\"name\":\"Editor\",\"image\":{\"@type\":\"ImageObject\",\"inLanguage\":\"es\",\"@id\":\"https:\/\/www.asajacyl.com\/leon\/#\/schema\/person\/image\/\",\"url\":\"https:\/\/secure.gravatar.com\/avatar\/a2ef43c165669686cfcfb0e1ffa59869?s=96&d=mm&r=g\",\"contentUrl\":\"https:\/\/secure.gravatar.com\/avatar\/a2ef43c165669686cfcfb0e1ffa59869?s=96&d=mm&r=g\",\"caption\":\"Editor\"},\"url\":\"https:\/\/www.asajacyl.com\/leon\/author\/oscargg\"}]}<\/script>\n<!-- \/ Yoast SEO plugin. -->","yoast_head_json":{"title":"Cotizaciones de la Lonja Agropecuaria de Le&#243;n - Sesi&#243;n 01\/06\/2015 - ASAJA Le\u00f3n","description":"LOS TRACTORES REGRESAN AL CAMPO &#160;&#160;&#160;&#160;&#160;&#160;&#160;&#160;&#160;&#160;&#160; Cualquiera que estos d&#237;as cruce la provincia de","robots":{"index":"index","follow":"follow","max-snippet":"max-snippet:-1","max-image-preview":"max-image-preview:large","max-video-preview":"max-video-preview:-1"},"canonical":"https:\/\/www.asajacyl.com\/leon\/servicios-socio\/cotizaciones-de-la-lonja-agropecuaria-de-len-sesin-01-06-2015","og_locale":"es_ES","og_type":"article","og_title":"Cotizaciones de la Lonja Agropecuaria de Le&#243;n - Sesi&#243;n 01\/06\/2015 - ASAJA Le\u00f3n","og_description":"LOS TRACTORES REGRESAN AL CAMPO &#160;&#160;&#160;&#160;&#160;&#160;&#160;&#160;&#160;&#160;&#160; Cualquiera que estos d&#237;as cruce la provincia de","og_url":"https:\/\/www.asajacyl.com\/leon\/servicios-socio\/cotizaciones-de-la-lonja-agropecuaria-de-len-sesin-01-06-2015","og_site_name":"ASAJA Le\u00f3n","article_published_time":"2016-05-31T22:00:00+00:00","og_image":[{"width":1920,"height":1080,"url":"https:\/\/www.asajacyl.com\/leon\/wp-content\/uploads\/sites\/6\/2017\/11\/im_predefinida_1920x1080.jpg","type":"image\/jpeg"}],"author":"Editor","twitter_card":"summary_large_image","twitter_misc":{"Escrito por":"Editor","Tiempo de lectura":"2 minutos"},"schema":{"@context":"https:\/\/schema.org","@graph":[{"@type":"WebPage","@id":"https:\/\/www.asajacyl.com\/leon\/servicios-socio\/cotizaciones-de-la-lonja-agropecuaria-de-len-sesin-01-06-2015","url":"https:\/\/www.asajacyl.com\/leon\/servicios-socio\/cotizaciones-de-la-lonja-agropecuaria-de-len-sesin-01-06-2015","name":"Cotizaciones de la Lonja Agropecuaria de Le&#243;n - Sesi&#243;n 01\/06\/2015 - ASAJA Le\u00f3n","isPartOf":{"@id":"https:\/\/www.asajacyl.com\/leon\/#website"},"primaryImageOfPage":{"@id":"https:\/\/www.asajacyl.com\/leon\/servicios-socio\/cotizaciones-de-la-lonja-agropecuaria-de-len-sesin-01-06-2015#primaryimage"},"image":{"@id":"https:\/\/www.asajacyl.com\/leon\/servicios-socio\/cotizaciones-de-la-lonja-agropecuaria-de-len-sesin-01-06-2015#primaryimage"},"thumbnailUrl":"https:\/\/www.asajacyl.com\/leon\/wp-content\/uploads\/sites\/6\/2017\/11\/im_predefinida_1920x1080.jpg","datePublished":"2016-05-31T22:00:00+00:00","author":{"@id":"https:\/\/www.asajacyl.com\/leon\/#\/schema\/person\/7e884476cee132331142e8ac9689f20c"},"description":"LOS TRACTORES REGRESAN AL CAMPO &#160;&#160;&#160;&#160;&#160;&#160;&#160;&#160;&#160;&#160;&#160; Cualquiera que estos d&#237;as cruce la provincia de","breadcrumb":{"@id":"https:\/\/www.asajacyl.com\/leon\/servicios-socio\/cotizaciones-de-la-lonja-agropecuaria-de-len-sesin-01-06-2015#breadcrumb"},"inLanguage":"es","potentialAction":[{"@type":"ReadAction","target":["https:\/\/www.asajacyl.com\/leon\/servicios-socio\/cotizaciones-de-la-lonja-agropecuaria-de-len-sesin-01-06-2015"]}]},{"@type":"ImageObject","inLanguage":"es","@id":"https:\/\/www.asajacyl.com\/leon\/servicios-socio\/cotizaciones-de-la-lonja-agropecuaria-de-len-sesin-01-06-2015#primaryimage","url":"https:\/\/www.asajacyl.com\/leon\/wp-content\/uploads\/sites\/6\/2017\/11\/im_predefinida_1920x1080.jpg","contentUrl":"https:\/\/www.asajacyl.com\/leon\/wp-content\/uploads\/sites\/6\/2017\/11\/im_predefinida_1920x1080.jpg","width":1920,"height":1080,"caption":"Logotipo ASAJA Le\u00f3n"},{"@type":"BreadcrumbList","@id":"https:\/\/www.asajacyl.com\/leon\/servicios-socio\/cotizaciones-de-la-lonja-agropecuaria-de-len-sesin-01-06-2015#breadcrumb","itemListElement":[{"@type":"ListItem","position":1,"name":"Portada","item":"https:\/\/www.asajacyl.com\/leon\/"},{"@type":"ListItem","position":2,"name":"Cotizaciones de la Lonja Agropecuaria de Le&#243;n &#8211; Sesi&#243;n 01\/06\/2015"}]},{"@type":"WebSite","@id":"https:\/\/www.asajacyl.com\/leon\/#website","url":"https:\/\/www.asajacyl.com\/leon\/","name":"ASAJA Le\u00f3n","description":"Otro sitio m\u00e1s de Provincias ASAJA Castilla y Le\u00f3n","potentialAction":[{"@type":"SearchAction","target":{"@type":"EntryPoint","urlTemplate":"https:\/\/www.asajacyl.com\/leon\/?s={search_term_string}"},"query-input":{"@type":"PropertyValueSpecification","valueRequired":true,"valueName":"search_term_string"}}],"inLanguage":"es"},{"@type":"Person","@id":"https:\/\/www.asajacyl.com\/leon\/#\/schema\/person\/7e884476cee132331142e8ac9689f20c","name":"Editor","image":{"@type":"ImageObject","inLanguage":"es","@id":"https:\/\/www.asajacyl.com\/leon\/#\/schema\/person\/image\/","url":"https:\/\/secure.gravatar.com\/avatar\/a2ef43c165669686cfcfb0e1ffa59869?s=96&d=mm&r=g","contentUrl":"https:\/\/secure.gravatar.com\/avatar\/a2ef43c165669686cfcfb0e1ffa59869?s=96&d=mm&r=g","caption":"Editor"},"url":"https:\/\/www.asajacyl.com\/leon\/author\/oscargg"}]}},"_links":{"self":[{"href":"https:\/\/www.asajacyl.com\/leon\/wp-json\/wp\/v2\/posts\/6983"}],"collection":[{"href":"https:\/\/www.asajacyl.com\/leon\/wp-json\/wp\/v2\/posts"}],"about":[{"href":"https:\/\/www.asajacyl.com\/leon\/wp-json\/wp\/v2\/types\/post"}],"author":[{"embeddable":true,"href":"https:\/\/www.asajacyl.com\/leon\/wp-json\/wp\/v2\/users\/3"}],"replies":[{"embeddable":true,"href":"https:\/\/www.asajacyl.com\/leon\/wp-json\/wp\/v2\/comments?post=6983"}],"version-history":[{"count":0,"href":"https:\/\/www.asajacyl.com\/leon\/wp-json\/wp\/v2\/posts\/6983\/revisions"}],"wp:featuredmedia":[{"embeddable":true,"href":"https:\/\/www.asajacyl.com\/leon\/wp-json\/wp\/v2\/media\/8174"}],"wp:attachment":[{"href":"https:\/\/www.asajacyl.com\/leon\/wp-json\/wp\/v2\/media?parent=6983"}],"wp:term":[{"taxonomy":"category","embeddable":true,"href":"https:\/\/www.asajacyl.com\/leon\/wp-json\/wp\/v2\/categories?post=6983"},{"taxonomy":"post_tag","embeddable":true,"href":"https:\/\/www.asajacyl.com\/leon\/wp-json\/wp\/v2\/tags?post=6983"}],"curies":[{"name":"wp","href":"https:\/\/api.w.org\/{rel}","templated":true}]}}