{"id":7095,"date":"2014-09-24T00:00:00","date_gmt":"2014-09-23T22:00:00","guid":{"rendered":"http:\/\/www.asajacyl.com\/leon\/sin-categoria\/cotizaciones-de-la-lonja-agropecuaria-de-len-sesin-24-09-2014"},"modified":"2014-09-24T00:00:00","modified_gmt":"2014-09-23T22:00:00","slug":"cotizaciones-de-la-lonja-agropecuaria-de-len-sesin-24-09-2014","status":"publish","type":"post","link":"https:\/\/www.asajacyl.com\/leon\/servicios-socio\/cotizaciones-de-la-lonja-agropecuaria-de-len-sesin-24-09-2014","title":{"rendered":"COTIZACIONES DE LA LONJA AGROPECUARIA DE LE&#211;N &#8211;  SESI&#211;N 24\/09\/2014"},"content":{"rendered":"<h2><\/h2>\n<p style=\"text-align: center\">\n<span style=\"color: #006400\"><strong>POCAS TRANSACCIONES DE ALUBIA A LA ESPERA DE UNA MEJORIA PREVISIBLE DEL TIEMPO<\/strong>&#160;<\/span><\/p>\n<p style=\"text-align: justify\">\nEn la Lonja Agropecuaria celebrada hoy en Santa Mar&#237;a del P&#225;ramo, las alubias a excepci&#243;n de la variedad Ri&#241;&#243;n de Le&#243;n, que pas&#243; de cotizar de 1,20 a 1,25 euros\/kilo, en el resto ha sido una semana de impase, ya que apenas ha habido transacciones por lo complicada que ha sido en cuanto a lo meteorol&#243;gico se refiere, parece ser que se avecina una tregua en cuanto a precipitaciones, lo que har&#237;a que el agricultor volviese a recoger g&#233;nero, hasta la fecha aunque persistentes, las lluvias ca&#237;das no han sido cuantiosas, y por lo tanto parece ser que no afectar&#225;n a la calidad de las alubias.&#160;<\/p>\n<p style=\"text-align: justify\">\nEn el sector del cereal parece que empieza a resentirse el precio el trigo, que ha pasado de cotizar de 166,50 &#8364;\/t a 164,00 &#8364;\/t, esta bajada la podemos explicar en que cada d&#237;a est&#225; m&#225;s presionado por un precio muy competitivo del ma&#237;z, ya que tanto para las f&#225;bricas de bioetanol como para los fabricantes de pienso, les es mucho m&#225;s rentable este &#250;ltimo cereal, que en la Lonja de hoy ha repetido a 162,27 euros\/t. Testimonial ha sido la bajada de la cebada que ha pasado a cotizar a 156 euros\/t y repetici&#243;n de Avena y Centeno que quedan en 150 euros\/t.&#160;<\/p>\n<p style=\"text-align: justify\">\nSe mantiene la estabilidad en el precio del girasol quedando en 275,00 euros\/t.<\/p>\n<p style=\"text-align: justify\">\n&#160;<\/p>\n<p style=\"text-align: justify\">\nEn Le&#243;n a 24 de septiembre de 2014.<\/p>\n<p style=\"text-align: justify\">\n&#160;<\/p>\n<p style=\"text-align: justify\">\n<strong>COTIZACIONES DE LA MESA AGRICOLA DE CEREAL, GIRASOL Y ALUBIAS 24-09-14<\/strong><\/p>\n<p style=\"text-align: justify\">\n&#160;<\/p>\n<p style=\"text-align: justify; margin-left: 70.8pt\">\nPrecios Orientativos Euros\/Tonelada en Origen Almac&#233;n Agricultor<\/p>\n<p style=\"text-align: justify\">\n&#160;&#160;&#160;&#160;&#160;&#160;&#160;&#160;&#160;&#160;&#160;&#160;&#160;&#160;&#160; (Condiciones de Calidad O.C.M. Cereales-F.E.G.A. Campa&#241;a 2012\/2013)<\/p>\n<p align=\"center\">\n&#160;<\/p>\n<p align=\"center\">\n&#160;<\/p>\n<p>\n&#160;<\/p>\n<table border=\"1\" cellpadding=\"0\" cellspacing=\"0\">\n<tbody>\n<tr>\n<td style=\"width: 149px\">\n<p align=\"center\">\n<strong>CEREALES<\/strong><\/p>\n<\/td>\n<td style=\"width: 161px\">\n<p align=\"center\">\n<strong>COTIZACION<\/strong><\/p>\n<p align=\"center\">\n<strong>ANTERIOR<\/strong><\/p>\n<\/td>\n<td style=\"width: 151px\">\n<p align=\"center\">\n<strong>COTIZACION<\/strong><\/p>\n<p align=\"center\">\n<strong>ACTUAL<\/strong><\/p>\n<\/td>\n<td style=\"width: 113px\">\n<p align=\"center\">\n<strong>DIF.<\/strong><\/p>\n<\/td>\n<\/tr>\n<tr>\n<td style=\"width: 149px\">\n<p align=\"center\">\n&#160;<\/p>\n<\/td>\n<td style=\"width: 161px\">\n<p align=\"center\">\n<strong>&#8364;\/t<\/strong><\/p>\n<\/td>\n<td style=\"width: 151px\">\n<p align=\"center\">\n<strong>&#8364;\/t<\/strong><\/p>\n<\/td>\n<td style=\"width: 113px\">\n<p align=\"center\">\n&#160;<\/p>\n<\/td>\n<\/tr>\n<tr>\n<td style=\"width: 149px\">\n<p>\nTrigo Pienso<\/p>\n<\/td>\n<td style=\"width: 161px\">\n<p align=\"center\">\n166,50<\/p>\n<\/td>\n<td style=\"width: 151px\">\n<p align=\"center\">\n164,00<\/p>\n<\/td>\n<td style=\"width: 113px\">\n<p align=\"center\">\n<strong>&#9660;<\/strong><\/p>\n<\/td>\n<\/tr>\n<tr>\n<td style=\"width: 149px\">\n<p>\nCebada<\/p>\n<\/td>\n<td style=\"width: 161px\">\n<p align=\"center\">\n157,00<\/p>\n<\/td>\n<td style=\"width: 151px\">\n<p align=\"center\">\n156,00<\/p>\n<\/td>\n<td style=\"width: 113px\">\n<p align=\"center\">\n<strong>&#9660;<\/strong><\/p>\n<\/td>\n<\/tr>\n<tr>\n<td style=\"width: 149px\">\n<p>\nTriticale<\/p>\n<\/td>\n<td style=\"width: 161px\">\n<p align=\"center\">\n159,00<\/p>\n<\/td>\n<td style=\"width: 151px\">\n<p align=\"center\">\nS\/C<\/p>\n<\/td>\n<td style=\"width: 113px\">\n<p align=\"center\">\n&#160;<\/p>\n<\/td>\n<\/tr>\n<tr>\n<td style=\"width: 149px\">\n<p>\nCenteno<\/p>\n<\/td>\n<td style=\"width: 161px\">\n<p align=\"center\">\n150,00<\/p>\n<\/td>\n<td style=\"width: 151px\">\n<p align=\"center\">\n150,00<\/p>\n<\/td>\n<td style=\"width: 113px\">\n<p align=\"center\">\n<strong>=<\/strong><\/p>\n<\/td>\n<\/tr>\n<tr>\n<td style=\"width: 149px\">\n<p>\nAvena<\/p>\n<\/td>\n<td style=\"width: 161px\">\n<p align=\"center\">\n150,00<\/p>\n<\/td>\n<td style=\"width: 151px\">\n<p align=\"center\">\n150,00<\/p>\n<\/td>\n<td style=\"width: 113px\">\n<p align=\"center\">\n<strong>=<\/strong><\/p>\n<\/td>\n<\/tr>\n<tr>\n<td style=\"width: 149px\">\n<p>\nMa&#237;z<\/p>\n<\/td>\n<td style=\"width: 161px\">\n<p align=\"center\">\n162,27<\/p>\n<\/td>\n<td style=\"width: 151px\">\n<p align=\"center\">\n162,27<\/p>\n<\/td>\n<td style=\"width: 113px\">\n<p align=\"center\">\n<strong>=<\/strong><\/p>\n<\/td>\n<\/tr>\n<\/tbody>\n<\/table>\n<p>\n&#160;<\/p>\n<p>\n*&#160;&#160;&#160; Ma&#237;z&#160; con menos del 15% de humedad<\/p>\n<p>\nActividad subvencionada por la Diputaci&#243;n Provincial de Le&#243;n.&#160;<\/p>\n","protected":false},"excerpt":{"rendered":"<p>POCAS TRANSACCIONES DE ALUBIA A LA ESPERA DE UNA MEJORIA PREVISIBLE DEL TIEMPO&#160; En la Lonja Agropecuaria celebrada hoy en Santa Mar&#237;a del P&#225;ramo, las alubias a excepci&#243;n de la variedad Ri&#241;&#243;n de Le&#243;n, que pas&#243; de cotizar de 1,20 a 1,25 euros\/kilo, en el resto ha sido una semana de impase, ya que apenas [&hellip;]<\/p>\n","protected":false},"author":3,"featured_media":8174,"comment_status":"open","ping_status":"open","sticky":false,"template":"","format":"standard","meta":{"footnotes":""},"categories":[34,67,5],"tags":[],"yoast_head":"<!-- This site is optimized with the Yoast SEO plugin v24.5 - https:\/\/yoast.com\/wordpress\/plugins\/seo\/ -->\n<title>COTIZACIONES DE LA LONJA AGROPECUARIA DE LE&#211;N - SESI&#211;N 24\/09\/2014 - ASAJA Le\u00f3n<\/title>\n<meta name=\"description\" content=\"POCAS TRANSACCIONES DE ALUBIA A LA ESPERA DE UNA MEJORIA PREVISIBLE DEL TIEMPO&#160; En la Lonja Agropecuaria celebrada hoy en Santa Mar&#237;a del\" \/>\n<meta name=\"robots\" content=\"index, follow, max-snippet:-1, max-image-preview:large, max-video-preview:-1\" \/>\n<link rel=\"canonical\" href=\"https:\/\/www.asajacyl.com\/leon\/servicios-socio\/cotizaciones-de-la-lonja-agropecuaria-de-len-sesin-24-09-2014\" \/>\n<meta property=\"og:locale\" content=\"es_ES\" \/>\n<meta property=\"og:type\" content=\"article\" \/>\n<meta property=\"og:title\" content=\"COTIZACIONES DE LA LONJA AGROPECUARIA DE LE&#211;N - SESI&#211;N 24\/09\/2014 - ASAJA Le\u00f3n\" \/>\n<meta property=\"og:description\" content=\"POCAS TRANSACCIONES DE ALUBIA A LA ESPERA DE UNA MEJORIA PREVISIBLE DEL TIEMPO&#160; En la Lonja Agropecuaria celebrada hoy en Santa Mar&#237;a del\" \/>\n<meta property=\"og:url\" content=\"https:\/\/www.asajacyl.com\/leon\/servicios-socio\/cotizaciones-de-la-lonja-agropecuaria-de-len-sesin-24-09-2014\" \/>\n<meta property=\"og:site_name\" content=\"ASAJA Le\u00f3n\" \/>\n<meta property=\"article:published_time\" content=\"2014-09-23T22:00:00+00:00\" \/>\n<meta property=\"og:image\" content=\"https:\/\/www.asajacyl.com\/leon\/wp-content\/uploads\/sites\/6\/2017\/11\/im_predefinida_1920x1080.jpg\" \/>\n\t<meta property=\"og:image:width\" content=\"1920\" \/>\n\t<meta property=\"og:image:height\" content=\"1080\" \/>\n\t<meta property=\"og:image:type\" content=\"image\/jpeg\" \/>\n<meta name=\"author\" content=\"Editor\" \/>\n<meta name=\"twitter:card\" content=\"summary_large_image\" \/>\n<meta name=\"twitter:label1\" content=\"Escrito por\" \/>\n\t<meta name=\"twitter:data1\" content=\"Editor\" \/>\n\t<meta name=\"twitter:label2\" content=\"Tiempo de lectura\" \/>\n\t<meta name=\"twitter:data2\" content=\"2 minutos\" \/>\n<script type=\"application\/ld+json\" class=\"yoast-schema-graph\">{\"@context\":\"https:\/\/schema.org\",\"@graph\":[{\"@type\":\"WebPage\",\"@id\":\"https:\/\/www.asajacyl.com\/leon\/servicios-socio\/cotizaciones-de-la-lonja-agropecuaria-de-len-sesin-24-09-2014\",\"url\":\"https:\/\/www.asajacyl.com\/leon\/servicios-socio\/cotizaciones-de-la-lonja-agropecuaria-de-len-sesin-24-09-2014\",\"name\":\"COTIZACIONES DE LA LONJA AGROPECUARIA DE LE&#211;N - SESI&#211;N 24\/09\/2014 - ASAJA Le\u00f3n\",\"isPartOf\":{\"@id\":\"https:\/\/www.asajacyl.com\/leon\/#website\"},\"primaryImageOfPage\":{\"@id\":\"https:\/\/www.asajacyl.com\/leon\/servicios-socio\/cotizaciones-de-la-lonja-agropecuaria-de-len-sesin-24-09-2014#primaryimage\"},\"image\":{\"@id\":\"https:\/\/www.asajacyl.com\/leon\/servicios-socio\/cotizaciones-de-la-lonja-agropecuaria-de-len-sesin-24-09-2014#primaryimage\"},\"thumbnailUrl\":\"https:\/\/www.asajacyl.com\/leon\/wp-content\/uploads\/sites\/6\/2017\/11\/im_predefinida_1920x1080.jpg\",\"datePublished\":\"2014-09-23T22:00:00+00:00\",\"author\":{\"@id\":\"https:\/\/www.asajacyl.com\/leon\/#\/schema\/person\/7e884476cee132331142e8ac9689f20c\"},\"description\":\"POCAS TRANSACCIONES DE ALUBIA A LA ESPERA DE UNA MEJORIA PREVISIBLE DEL TIEMPO&#160; En la Lonja Agropecuaria celebrada hoy en Santa Mar&#237;a del\",\"breadcrumb\":{\"@id\":\"https:\/\/www.asajacyl.com\/leon\/servicios-socio\/cotizaciones-de-la-lonja-agropecuaria-de-len-sesin-24-09-2014#breadcrumb\"},\"inLanguage\":\"es\",\"potentialAction\":[{\"@type\":\"ReadAction\",\"target\":[\"https:\/\/www.asajacyl.com\/leon\/servicios-socio\/cotizaciones-de-la-lonja-agropecuaria-de-len-sesin-24-09-2014\"]}]},{\"@type\":\"ImageObject\",\"inLanguage\":\"es\",\"@id\":\"https:\/\/www.asajacyl.com\/leon\/servicios-socio\/cotizaciones-de-la-lonja-agropecuaria-de-len-sesin-24-09-2014#primaryimage\",\"url\":\"https:\/\/www.asajacyl.com\/leon\/wp-content\/uploads\/sites\/6\/2017\/11\/im_predefinida_1920x1080.jpg\",\"contentUrl\":\"https:\/\/www.asajacyl.com\/leon\/wp-content\/uploads\/sites\/6\/2017\/11\/im_predefinida_1920x1080.jpg\",\"width\":1920,\"height\":1080,\"caption\":\"Logotipo ASAJA Le\u00f3n\"},{\"@type\":\"BreadcrumbList\",\"@id\":\"https:\/\/www.asajacyl.com\/leon\/servicios-socio\/cotizaciones-de-la-lonja-agropecuaria-de-len-sesin-24-09-2014#breadcrumb\",\"itemListElement\":[{\"@type\":\"ListItem\",\"position\":1,\"name\":\"Portada\",\"item\":\"https:\/\/www.asajacyl.com\/leon\/\"},{\"@type\":\"ListItem\",\"position\":2,\"name\":\"COTIZACIONES DE LA LONJA AGROPECUARIA DE LE&#211;N &#8211; SESI&#211;N 24\/09\/2014\"}]},{\"@type\":\"WebSite\",\"@id\":\"https:\/\/www.asajacyl.com\/leon\/#website\",\"url\":\"https:\/\/www.asajacyl.com\/leon\/\",\"name\":\"ASAJA Le\u00f3n\",\"description\":\"Otro sitio m\u00e1s de Provincias ASAJA Castilla y Le\u00f3n\",\"potentialAction\":[{\"@type\":\"SearchAction\",\"target\":{\"@type\":\"EntryPoint\",\"urlTemplate\":\"https:\/\/www.asajacyl.com\/leon\/?s={search_term_string}\"},\"query-input\":{\"@type\":\"PropertyValueSpecification\",\"valueRequired\":true,\"valueName\":\"search_term_string\"}}],\"inLanguage\":\"es\"},{\"@type\":\"Person\",\"@id\":\"https:\/\/www.asajacyl.com\/leon\/#\/schema\/person\/7e884476cee132331142e8ac9689f20c\",\"name\":\"Editor\",\"image\":{\"@type\":\"ImageObject\",\"inLanguage\":\"es\",\"@id\":\"https:\/\/www.asajacyl.com\/leon\/#\/schema\/person\/image\/\",\"url\":\"https:\/\/secure.gravatar.com\/avatar\/a2ef43c165669686cfcfb0e1ffa59869?s=96&d=mm&r=g\",\"contentUrl\":\"https:\/\/secure.gravatar.com\/avatar\/a2ef43c165669686cfcfb0e1ffa59869?s=96&d=mm&r=g\",\"caption\":\"Editor\"},\"url\":\"https:\/\/www.asajacyl.com\/leon\/author\/oscargg\"}]}<\/script>\n<!-- \/ Yoast SEO plugin. -->","yoast_head_json":{"title":"COTIZACIONES DE LA LONJA AGROPECUARIA DE LE&#211;N - SESI&#211;N 24\/09\/2014 - ASAJA Le\u00f3n","description":"POCAS TRANSACCIONES DE ALUBIA A LA ESPERA DE UNA MEJORIA PREVISIBLE DEL TIEMPO&#160; En la Lonja Agropecuaria celebrada hoy en Santa Mar&#237;a del","robots":{"index":"index","follow":"follow","max-snippet":"max-snippet:-1","max-image-preview":"max-image-preview:large","max-video-preview":"max-video-preview:-1"},"canonical":"https:\/\/www.asajacyl.com\/leon\/servicios-socio\/cotizaciones-de-la-lonja-agropecuaria-de-len-sesin-24-09-2014","og_locale":"es_ES","og_type":"article","og_title":"COTIZACIONES DE LA LONJA AGROPECUARIA DE LE&#211;N - SESI&#211;N 24\/09\/2014 - ASAJA Le\u00f3n","og_description":"POCAS TRANSACCIONES DE ALUBIA A LA ESPERA DE UNA MEJORIA PREVISIBLE DEL TIEMPO&#160; En la Lonja Agropecuaria celebrada hoy en Santa Mar&#237;a del","og_url":"https:\/\/www.asajacyl.com\/leon\/servicios-socio\/cotizaciones-de-la-lonja-agropecuaria-de-len-sesin-24-09-2014","og_site_name":"ASAJA Le\u00f3n","article_published_time":"2014-09-23T22:00:00+00:00","og_image":[{"width":1920,"height":1080,"url":"https:\/\/www.asajacyl.com\/leon\/wp-content\/uploads\/sites\/6\/2017\/11\/im_predefinida_1920x1080.jpg","type":"image\/jpeg"}],"author":"Editor","twitter_card":"summary_large_image","twitter_misc":{"Escrito por":"Editor","Tiempo de lectura":"2 minutos"},"schema":{"@context":"https:\/\/schema.org","@graph":[{"@type":"WebPage","@id":"https:\/\/www.asajacyl.com\/leon\/servicios-socio\/cotizaciones-de-la-lonja-agropecuaria-de-len-sesin-24-09-2014","url":"https:\/\/www.asajacyl.com\/leon\/servicios-socio\/cotizaciones-de-la-lonja-agropecuaria-de-len-sesin-24-09-2014","name":"COTIZACIONES DE LA LONJA AGROPECUARIA DE LE&#211;N - SESI&#211;N 24\/09\/2014 - ASAJA Le\u00f3n","isPartOf":{"@id":"https:\/\/www.asajacyl.com\/leon\/#website"},"primaryImageOfPage":{"@id":"https:\/\/www.asajacyl.com\/leon\/servicios-socio\/cotizaciones-de-la-lonja-agropecuaria-de-len-sesin-24-09-2014#primaryimage"},"image":{"@id":"https:\/\/www.asajacyl.com\/leon\/servicios-socio\/cotizaciones-de-la-lonja-agropecuaria-de-len-sesin-24-09-2014#primaryimage"},"thumbnailUrl":"https:\/\/www.asajacyl.com\/leon\/wp-content\/uploads\/sites\/6\/2017\/11\/im_predefinida_1920x1080.jpg","datePublished":"2014-09-23T22:00:00+00:00","author":{"@id":"https:\/\/www.asajacyl.com\/leon\/#\/schema\/person\/7e884476cee132331142e8ac9689f20c"},"description":"POCAS TRANSACCIONES DE ALUBIA A LA ESPERA DE UNA MEJORIA PREVISIBLE DEL TIEMPO&#160; En la Lonja Agropecuaria celebrada hoy en Santa Mar&#237;a del","breadcrumb":{"@id":"https:\/\/www.asajacyl.com\/leon\/servicios-socio\/cotizaciones-de-la-lonja-agropecuaria-de-len-sesin-24-09-2014#breadcrumb"},"inLanguage":"es","potentialAction":[{"@type":"ReadAction","target":["https:\/\/www.asajacyl.com\/leon\/servicios-socio\/cotizaciones-de-la-lonja-agropecuaria-de-len-sesin-24-09-2014"]}]},{"@type":"ImageObject","inLanguage":"es","@id":"https:\/\/www.asajacyl.com\/leon\/servicios-socio\/cotizaciones-de-la-lonja-agropecuaria-de-len-sesin-24-09-2014#primaryimage","url":"https:\/\/www.asajacyl.com\/leon\/wp-content\/uploads\/sites\/6\/2017\/11\/im_predefinida_1920x1080.jpg","contentUrl":"https:\/\/www.asajacyl.com\/leon\/wp-content\/uploads\/sites\/6\/2017\/11\/im_predefinida_1920x1080.jpg","width":1920,"height":1080,"caption":"Logotipo ASAJA Le\u00f3n"},{"@type":"BreadcrumbList","@id":"https:\/\/www.asajacyl.com\/leon\/servicios-socio\/cotizaciones-de-la-lonja-agropecuaria-de-len-sesin-24-09-2014#breadcrumb","itemListElement":[{"@type":"ListItem","position":1,"name":"Portada","item":"https:\/\/www.asajacyl.com\/leon\/"},{"@type":"ListItem","position":2,"name":"COTIZACIONES DE LA LONJA AGROPECUARIA DE LE&#211;N &#8211; SESI&#211;N 24\/09\/2014"}]},{"@type":"WebSite","@id":"https:\/\/www.asajacyl.com\/leon\/#website","url":"https:\/\/www.asajacyl.com\/leon\/","name":"ASAJA Le\u00f3n","description":"Otro sitio m\u00e1s de Provincias ASAJA Castilla y Le\u00f3n","potentialAction":[{"@type":"SearchAction","target":{"@type":"EntryPoint","urlTemplate":"https:\/\/www.asajacyl.com\/leon\/?s={search_term_string}"},"query-input":{"@type":"PropertyValueSpecification","valueRequired":true,"valueName":"search_term_string"}}],"inLanguage":"es"},{"@type":"Person","@id":"https:\/\/www.asajacyl.com\/leon\/#\/schema\/person\/7e884476cee132331142e8ac9689f20c","name":"Editor","image":{"@type":"ImageObject","inLanguage":"es","@id":"https:\/\/www.asajacyl.com\/leon\/#\/schema\/person\/image\/","url":"https:\/\/secure.gravatar.com\/avatar\/a2ef43c165669686cfcfb0e1ffa59869?s=96&d=mm&r=g","contentUrl":"https:\/\/secure.gravatar.com\/avatar\/a2ef43c165669686cfcfb0e1ffa59869?s=96&d=mm&r=g","caption":"Editor"},"url":"https:\/\/www.asajacyl.com\/leon\/author\/oscargg"}]}},"_links":{"self":[{"href":"https:\/\/www.asajacyl.com\/leon\/wp-json\/wp\/v2\/posts\/7095"}],"collection":[{"href":"https:\/\/www.asajacyl.com\/leon\/wp-json\/wp\/v2\/posts"}],"about":[{"href":"https:\/\/www.asajacyl.com\/leon\/wp-json\/wp\/v2\/types\/post"}],"author":[{"embeddable":true,"href":"https:\/\/www.asajacyl.com\/leon\/wp-json\/wp\/v2\/users\/3"}],"replies":[{"embeddable":true,"href":"https:\/\/www.asajacyl.com\/leon\/wp-json\/wp\/v2\/comments?post=7095"}],"version-history":[{"count":0,"href":"https:\/\/www.asajacyl.com\/leon\/wp-json\/wp\/v2\/posts\/7095\/revisions"}],"wp:featuredmedia":[{"embeddable":true,"href":"https:\/\/www.asajacyl.com\/leon\/wp-json\/wp\/v2\/media\/8174"}],"wp:attachment":[{"href":"https:\/\/www.asajacyl.com\/leon\/wp-json\/wp\/v2\/media?parent=7095"}],"wp:term":[{"taxonomy":"category","embeddable":true,"href":"https:\/\/www.asajacyl.com\/leon\/wp-json\/wp\/v2\/categories?post=7095"},{"taxonomy":"post_tag","embeddable":true,"href":"https:\/\/www.asajacyl.com\/leon\/wp-json\/wp\/v2\/tags?post=7095"}],"curies":[{"name":"wp","href":"https:\/\/api.w.org\/{rel}","templated":true}]}}