{"id":7151,"date":"2014-01-29T00:00:00","date_gmt":"2014-01-28T23:00:00","guid":{"rendered":"http:\/\/www.asajacyl.com\/leon\/sin-categoria\/cotizaciones-de-la-lonja-agropecuaria-de-len-sesin-29-01-2014"},"modified":"2014-01-29T00:00:00","modified_gmt":"2014-01-28T23:00:00","slug":"cotizaciones-de-la-lonja-agropecuaria-de-len-sesin-29-01-2014","status":"publish","type":"post","link":"https:\/\/www.asajacyl.com\/leon\/servicios-socio\/cotizaciones-de-la-lonja-agropecuaria-de-len-sesin-29-01-2014","title":{"rendered":"COTIZACIONES DE LA LONJA AGROPECUARIA DE LE&#211;N &#8211;  SESI&#211;N 29\/01\/2014"},"content":{"rendered":"<h2><\/h2>\n<div align=\"center\"><b><u><font color=\"#003300\">EL PRECIO COMPETITIVO DEL MA&#205;Z PRESIONA A LA BAJA AL RESTO DE CEREALES<\/font><\/u><\/b><\/div>\n<div align=\"center\"><b><u>&#160;<\/u><\/b><\/div>\n<div>En la sesi&#243;n de la lonja de Le&#243;n celebrada hoy en Santa Mar&#237;a del P&#225;ramo el ma&#237;z repiti&#243; cotizaci&#243;n a 168 euros\/tonelada, precio muy competitivo en comparaci&#243;n con el resto de cereales, ya que los consumidores finales de estos productos (industrias de biodiesel y f&#225;bricas de piensos) est&#225;n incrementando el uso de ma&#237;z en detrimento sobre todo de trigo y cebada.<\/div>\n<div>El ma&#237;z es un cereal que aporta mayor valor proteico, m&#225;s almidones y es m&#225;s digestible lo cual redunda en menos problemas intestinales que el resto de cereales, adem&#225;s las granjas de pollos y gallinas ponedoras lo prefieren porque colorea las canales y las yemas de los huevos haciendo que el producto final sea de mayor calidad y m&#225;s atractivo para el consumidor. En cuanto a su uso para la elaboraci&#243;n de biodiesel es m&#225;s rentable ya que por kilo se obtiene m&#225;s alcohol y etanol que con otros cereales. <\/div>\n<div>El trigo ha pasado de 183&#8364;\/t a 182 &#8364;\/t, la cebada de &#160;162 &#8364;\/t a 159 &#8364;\/t y repiten centeno y avena a 150&#8364;\/t.<\/div>\n<div>&#160;<\/div>\n<div>En Le&#243;n a 29 de enero de 2014.<\/div>\n<div align=\"center\"><b>&#160;<\/b><\/div>\n<div>&#160;<\/div>\n<div><b>&#160;<\/b><\/div>\n<div align=\"center\"><b>COTIZACIONES DE LAS MESAS AGRICOLA Y GANADERA 29-01-14<\/b><\/div>\n<div align=\"center\"><b>&#160;<\/b><\/div>\n<div>Precios Orientativos Euros\/Tonelada en Origen Agricultor sobre cami&#243;n<\/div>\n<div align=\"center\">&#160;&#160;&#160;&#160;&#160;&#160;&#160;&#160;&#160;&#160;&#160;&#160;&#160;&#160;&#160; (Condiciones de Calidad O.C.M. Cereales-F.E.G.A. Campa&#241;a 2011\/2012) <\/div>\n<table border=\"1\" cellspacing=\"0\" cellpadding=\"0\">\n<tbody>\n<tr>\n<td valign=\"top\" width=\"144\">\n<div align=\"center\"><b>CEREALES<\/b><\/div>\n<\/td>\n<td valign=\"top\" width=\"144\">\n<div align=\"center\"><b>COTIZACION<\/b><\/div>\n<div align=\"center\"><b>ANTERIOR<\/b><\/div>\n<\/td>\n<td valign=\"top\" width=\"144\">\n<div align=\"center\"><b>COTIZACION<\/b><\/div>\n<div align=\"center\"><b>ACTUAL<\/b><\/div>\n<\/td>\n<td valign=\"top\" width=\"91\">\n<div align=\"center\"><b>DIF.<\/b><\/div>\n<\/td>\n<\/tr>\n<tr>\n<td valign=\"top\" width=\"144\">\n<div align=\"center\">&#160;<\/div>\n<\/td>\n<td valign=\"top\" width=\"144\">\n<div align=\"center\"><b>&#8364;\/t<\/b><\/div>\n<\/td>\n<td valign=\"top\" width=\"144\">\n<div align=\"center\"><b>&#8364;\/t<\/b><\/div>\n<\/td>\n<td valign=\"top\" width=\"91\">\n<div align=\"center\"><b>&#160;<\/b><\/div>\n<\/td>\n<\/tr>\n<tr>\n<td valign=\"top\" width=\"144\">\n<div>Trigo Pienso<\/div>\n<\/td>\n<td valign=\"top\" width=\"144\">\n<div align=\"center\">183,00<\/div>\n<\/td>\n<td valign=\"top\" width=\"144\">\n<div align=\"center\">182,00<\/div>\n<\/td>\n<td valign=\"top\" width=\"91\">\n<div align=\"center\">&#9660;<\/div>\n<\/td>\n<\/tr>\n<tr>\n<td valign=\"top\" width=\"144\">\n<div>Cebada<\/div>\n<\/td>\n<td valign=\"top\" width=\"144\">\n<div align=\"center\">162,00<\/div>\n<\/td>\n<td valign=\"top\" width=\"144\">\n<div align=\"center\">159,00<\/div>\n<\/td>\n<td valign=\"top\" width=\"91\">\n<div align=\"center\">&#9660;<\/div>\n<\/td>\n<\/tr>\n<tr>\n<td valign=\"top\" width=\"144\">\n<div>Centeno<\/div>\n<\/td>\n<td valign=\"top\" width=\"144\">\n<div align=\"center\">150,00<\/div>\n<\/td>\n<td valign=\"top\" width=\"144\">\n<div align=\"center\">150,00<\/div>\n<\/td>\n<td valign=\"top\" width=\"91\">\n<div align=\"center\">=<\/div>\n<\/td>\n<\/tr>\n<tr>\n<td valign=\"top\" width=\"144\">\n<div>Avena<\/div>\n<\/td>\n<td valign=\"top\" width=\"144\">\n<div align=\"center\">150,00<\/div>\n<\/td>\n<td valign=\"top\" width=\"144\">\n<div align=\"center\">150,00<\/div>\n<\/td>\n<td valign=\"top\" width=\"91\">\n<div align=\"center\">=<\/div>\n<\/td>\n<\/tr>\n<tr>\n<td valign=\"top\" width=\"144\">\n<div>Ma&#237;z<\/div>\n<\/td>\n<td valign=\"top\" width=\"144\">\n<div align=\"center\">&#160;168,00*<\/div>\n<\/td>\n<td valign=\"top\" width=\"144\">\n<div align=\"center\">&#160;168,00*<\/div>\n<\/td>\n<td valign=\"top\" width=\"91\">\n<div align=\"center\">=<\/div>\n<\/td>\n<\/tr>\n<\/tbody>\n<\/table>\n<div>*&#160;&#160;&#160; Ma&#237;z&#160; secadero<b><\/b><\/div>\n<div>&#160;<\/div>\n<div>&#160;<\/div>\n<div>&#160;<\/div>\n<div>Actividad subvencionada por la Diputaci&#243;n Provincial de Le&#243;n.<\/div>\n","protected":false},"excerpt":{"rendered":"<p>EL PRECIO COMPETITIVO DEL MA&#205;Z PRESIONA A LA BAJA AL RESTO DE CEREALES &#160; En la sesi&#243;n de la lonja de Le&#243;n celebrada hoy en Santa Mar&#237;a del P&#225;ramo el ma&#237;z repiti&#243; cotizaci&#243;n a 168 euros\/tonelada, precio muy competitivo en comparaci&#243;n con el resto de cereales, ya que los consumidores finales de estos productos (industrias [&hellip;]<\/p>\n","protected":false},"author":3,"featured_media":8174,"comment_status":"open","ping_status":"open","sticky":false,"template":"","format":"standard","meta":{"footnotes":""},"categories":[34,67,5],"tags":[],"yoast_head":"<!-- This site is optimized with the Yoast SEO plugin v24.5 - https:\/\/yoast.com\/wordpress\/plugins\/seo\/ -->\n<title>COTIZACIONES DE LA LONJA AGROPECUARIA DE LE&#211;N - SESI&#211;N 29\/01\/2014 - ASAJA Le\u00f3n<\/title>\n<meta name=\"description\" content=\"EL PRECIO COMPETITIVO DEL MA&#205;Z PRESIONA A LA BAJA AL RESTO DE CEREALES &#160; En la sesi&#243;n de la lonja de Le&#243;n celebrada hoy en Santa\" \/>\n<meta name=\"robots\" content=\"index, follow, max-snippet:-1, max-image-preview:large, max-video-preview:-1\" \/>\n<link rel=\"canonical\" href=\"https:\/\/www.asajacyl.com\/leon\/servicios-socio\/cotizaciones-de-la-lonja-agropecuaria-de-len-sesin-29-01-2014\" \/>\n<meta property=\"og:locale\" content=\"es_ES\" \/>\n<meta property=\"og:type\" content=\"article\" \/>\n<meta property=\"og:title\" content=\"COTIZACIONES DE LA LONJA AGROPECUARIA DE LE&#211;N - SESI&#211;N 29\/01\/2014 - ASAJA Le\u00f3n\" \/>\n<meta property=\"og:description\" content=\"EL PRECIO COMPETITIVO DEL MA&#205;Z PRESIONA A LA BAJA AL RESTO DE CEREALES &#160; En la sesi&#243;n de la lonja de Le&#243;n celebrada hoy en Santa\" \/>\n<meta property=\"og:url\" content=\"https:\/\/www.asajacyl.com\/leon\/servicios-socio\/cotizaciones-de-la-lonja-agropecuaria-de-len-sesin-29-01-2014\" \/>\n<meta property=\"og:site_name\" content=\"ASAJA Le\u00f3n\" \/>\n<meta property=\"article:published_time\" content=\"2014-01-28T23:00:00+00:00\" \/>\n<meta property=\"og:image\" content=\"https:\/\/www.asajacyl.com\/leon\/wp-content\/uploads\/sites\/6\/2017\/11\/im_predefinida_1920x1080.jpg\" \/>\n\t<meta property=\"og:image:width\" content=\"1920\" \/>\n\t<meta property=\"og:image:height\" content=\"1080\" \/>\n\t<meta property=\"og:image:type\" content=\"image\/jpeg\" \/>\n<meta name=\"author\" content=\"Editor\" \/>\n<meta name=\"twitter:card\" content=\"summary_large_image\" \/>\n<meta name=\"twitter:label1\" content=\"Escrito por\" \/>\n\t<meta name=\"twitter:data1\" content=\"Editor\" \/>\n\t<meta name=\"twitter:label2\" content=\"Tiempo de lectura\" \/>\n\t<meta name=\"twitter:data2\" content=\"1 minuto\" \/>\n<script type=\"application\/ld+json\" class=\"yoast-schema-graph\">{\"@context\":\"https:\/\/schema.org\",\"@graph\":[{\"@type\":\"WebPage\",\"@id\":\"https:\/\/www.asajacyl.com\/leon\/servicios-socio\/cotizaciones-de-la-lonja-agropecuaria-de-len-sesin-29-01-2014\",\"url\":\"https:\/\/www.asajacyl.com\/leon\/servicios-socio\/cotizaciones-de-la-lonja-agropecuaria-de-len-sesin-29-01-2014\",\"name\":\"COTIZACIONES DE LA LONJA AGROPECUARIA DE LE&#211;N - SESI&#211;N 29\/01\/2014 - ASAJA Le\u00f3n\",\"isPartOf\":{\"@id\":\"https:\/\/www.asajacyl.com\/leon\/#website\"},\"primaryImageOfPage\":{\"@id\":\"https:\/\/www.asajacyl.com\/leon\/servicios-socio\/cotizaciones-de-la-lonja-agropecuaria-de-len-sesin-29-01-2014#primaryimage\"},\"image\":{\"@id\":\"https:\/\/www.asajacyl.com\/leon\/servicios-socio\/cotizaciones-de-la-lonja-agropecuaria-de-len-sesin-29-01-2014#primaryimage\"},\"thumbnailUrl\":\"https:\/\/www.asajacyl.com\/leon\/wp-content\/uploads\/sites\/6\/2017\/11\/im_predefinida_1920x1080.jpg\",\"datePublished\":\"2014-01-28T23:00:00+00:00\",\"author\":{\"@id\":\"https:\/\/www.asajacyl.com\/leon\/#\/schema\/person\/7e884476cee132331142e8ac9689f20c\"},\"description\":\"EL PRECIO COMPETITIVO DEL MA&#205;Z PRESIONA A LA BAJA AL RESTO DE CEREALES &#160; En la sesi&#243;n de la lonja de Le&#243;n celebrada hoy en Santa\",\"breadcrumb\":{\"@id\":\"https:\/\/www.asajacyl.com\/leon\/servicios-socio\/cotizaciones-de-la-lonja-agropecuaria-de-len-sesin-29-01-2014#breadcrumb\"},\"inLanguage\":\"es\",\"potentialAction\":[{\"@type\":\"ReadAction\",\"target\":[\"https:\/\/www.asajacyl.com\/leon\/servicios-socio\/cotizaciones-de-la-lonja-agropecuaria-de-len-sesin-29-01-2014\"]}]},{\"@type\":\"ImageObject\",\"inLanguage\":\"es\",\"@id\":\"https:\/\/www.asajacyl.com\/leon\/servicios-socio\/cotizaciones-de-la-lonja-agropecuaria-de-len-sesin-29-01-2014#primaryimage\",\"url\":\"https:\/\/www.asajacyl.com\/leon\/wp-content\/uploads\/sites\/6\/2017\/11\/im_predefinida_1920x1080.jpg\",\"contentUrl\":\"https:\/\/www.asajacyl.com\/leon\/wp-content\/uploads\/sites\/6\/2017\/11\/im_predefinida_1920x1080.jpg\",\"width\":1920,\"height\":1080,\"caption\":\"Logotipo ASAJA Le\u00f3n\"},{\"@type\":\"BreadcrumbList\",\"@id\":\"https:\/\/www.asajacyl.com\/leon\/servicios-socio\/cotizaciones-de-la-lonja-agropecuaria-de-len-sesin-29-01-2014#breadcrumb\",\"itemListElement\":[{\"@type\":\"ListItem\",\"position\":1,\"name\":\"Portada\",\"item\":\"https:\/\/www.asajacyl.com\/leon\/\"},{\"@type\":\"ListItem\",\"position\":2,\"name\":\"COTIZACIONES DE LA LONJA AGROPECUARIA DE LE&#211;N &#8211; SESI&#211;N 29\/01\/2014\"}]},{\"@type\":\"WebSite\",\"@id\":\"https:\/\/www.asajacyl.com\/leon\/#website\",\"url\":\"https:\/\/www.asajacyl.com\/leon\/\",\"name\":\"ASAJA Le\u00f3n\",\"description\":\"Otro sitio m\u00e1s de Provincias ASAJA Castilla y Le\u00f3n\",\"potentialAction\":[{\"@type\":\"SearchAction\",\"target\":{\"@type\":\"EntryPoint\",\"urlTemplate\":\"https:\/\/www.asajacyl.com\/leon\/?s={search_term_string}\"},\"query-input\":{\"@type\":\"PropertyValueSpecification\",\"valueRequired\":true,\"valueName\":\"search_term_string\"}}],\"inLanguage\":\"es\"},{\"@type\":\"Person\",\"@id\":\"https:\/\/www.asajacyl.com\/leon\/#\/schema\/person\/7e884476cee132331142e8ac9689f20c\",\"name\":\"Editor\",\"image\":{\"@type\":\"ImageObject\",\"inLanguage\":\"es\",\"@id\":\"https:\/\/www.asajacyl.com\/leon\/#\/schema\/person\/image\/\",\"url\":\"https:\/\/secure.gravatar.com\/avatar\/a2ef43c165669686cfcfb0e1ffa59869?s=96&d=mm&r=g\",\"contentUrl\":\"https:\/\/secure.gravatar.com\/avatar\/a2ef43c165669686cfcfb0e1ffa59869?s=96&d=mm&r=g\",\"caption\":\"Editor\"},\"url\":\"https:\/\/www.asajacyl.com\/leon\/author\/oscargg\"}]}<\/script>\n<!-- \/ Yoast SEO plugin. -->","yoast_head_json":{"title":"COTIZACIONES DE LA LONJA AGROPECUARIA DE LE&#211;N - SESI&#211;N 29\/01\/2014 - ASAJA Le\u00f3n","description":"EL PRECIO COMPETITIVO DEL MA&#205;Z PRESIONA A LA BAJA AL RESTO DE CEREALES &#160; En la sesi&#243;n de la lonja de Le&#243;n celebrada hoy en Santa","robots":{"index":"index","follow":"follow","max-snippet":"max-snippet:-1","max-image-preview":"max-image-preview:large","max-video-preview":"max-video-preview:-1"},"canonical":"https:\/\/www.asajacyl.com\/leon\/servicios-socio\/cotizaciones-de-la-lonja-agropecuaria-de-len-sesin-29-01-2014","og_locale":"es_ES","og_type":"article","og_title":"COTIZACIONES DE LA LONJA AGROPECUARIA DE LE&#211;N - SESI&#211;N 29\/01\/2014 - ASAJA Le\u00f3n","og_description":"EL PRECIO COMPETITIVO DEL MA&#205;Z PRESIONA A LA BAJA AL RESTO DE CEREALES &#160; En la sesi&#243;n de la lonja de Le&#243;n celebrada hoy en Santa","og_url":"https:\/\/www.asajacyl.com\/leon\/servicios-socio\/cotizaciones-de-la-lonja-agropecuaria-de-len-sesin-29-01-2014","og_site_name":"ASAJA Le\u00f3n","article_published_time":"2014-01-28T23:00:00+00:00","og_image":[{"width":1920,"height":1080,"url":"https:\/\/www.asajacyl.com\/leon\/wp-content\/uploads\/sites\/6\/2017\/11\/im_predefinida_1920x1080.jpg","type":"image\/jpeg"}],"author":"Editor","twitter_card":"summary_large_image","twitter_misc":{"Escrito por":"Editor","Tiempo de lectura":"1 minuto"},"schema":{"@context":"https:\/\/schema.org","@graph":[{"@type":"WebPage","@id":"https:\/\/www.asajacyl.com\/leon\/servicios-socio\/cotizaciones-de-la-lonja-agropecuaria-de-len-sesin-29-01-2014","url":"https:\/\/www.asajacyl.com\/leon\/servicios-socio\/cotizaciones-de-la-lonja-agropecuaria-de-len-sesin-29-01-2014","name":"COTIZACIONES DE LA LONJA AGROPECUARIA DE LE&#211;N - SESI&#211;N 29\/01\/2014 - ASAJA Le\u00f3n","isPartOf":{"@id":"https:\/\/www.asajacyl.com\/leon\/#website"},"primaryImageOfPage":{"@id":"https:\/\/www.asajacyl.com\/leon\/servicios-socio\/cotizaciones-de-la-lonja-agropecuaria-de-len-sesin-29-01-2014#primaryimage"},"image":{"@id":"https:\/\/www.asajacyl.com\/leon\/servicios-socio\/cotizaciones-de-la-lonja-agropecuaria-de-len-sesin-29-01-2014#primaryimage"},"thumbnailUrl":"https:\/\/www.asajacyl.com\/leon\/wp-content\/uploads\/sites\/6\/2017\/11\/im_predefinida_1920x1080.jpg","datePublished":"2014-01-28T23:00:00+00:00","author":{"@id":"https:\/\/www.asajacyl.com\/leon\/#\/schema\/person\/7e884476cee132331142e8ac9689f20c"},"description":"EL PRECIO COMPETITIVO DEL MA&#205;Z PRESIONA A LA BAJA AL RESTO DE CEREALES &#160; En la sesi&#243;n de la lonja de Le&#243;n celebrada hoy en Santa","breadcrumb":{"@id":"https:\/\/www.asajacyl.com\/leon\/servicios-socio\/cotizaciones-de-la-lonja-agropecuaria-de-len-sesin-29-01-2014#breadcrumb"},"inLanguage":"es","potentialAction":[{"@type":"ReadAction","target":["https:\/\/www.asajacyl.com\/leon\/servicios-socio\/cotizaciones-de-la-lonja-agropecuaria-de-len-sesin-29-01-2014"]}]},{"@type":"ImageObject","inLanguage":"es","@id":"https:\/\/www.asajacyl.com\/leon\/servicios-socio\/cotizaciones-de-la-lonja-agropecuaria-de-len-sesin-29-01-2014#primaryimage","url":"https:\/\/www.asajacyl.com\/leon\/wp-content\/uploads\/sites\/6\/2017\/11\/im_predefinida_1920x1080.jpg","contentUrl":"https:\/\/www.asajacyl.com\/leon\/wp-content\/uploads\/sites\/6\/2017\/11\/im_predefinida_1920x1080.jpg","width":1920,"height":1080,"caption":"Logotipo ASAJA Le\u00f3n"},{"@type":"BreadcrumbList","@id":"https:\/\/www.asajacyl.com\/leon\/servicios-socio\/cotizaciones-de-la-lonja-agropecuaria-de-len-sesin-29-01-2014#breadcrumb","itemListElement":[{"@type":"ListItem","position":1,"name":"Portada","item":"https:\/\/www.asajacyl.com\/leon\/"},{"@type":"ListItem","position":2,"name":"COTIZACIONES DE LA LONJA AGROPECUARIA DE LE&#211;N &#8211; SESI&#211;N 29\/01\/2014"}]},{"@type":"WebSite","@id":"https:\/\/www.asajacyl.com\/leon\/#website","url":"https:\/\/www.asajacyl.com\/leon\/","name":"ASAJA Le\u00f3n","description":"Otro sitio m\u00e1s de Provincias ASAJA Castilla y Le\u00f3n","potentialAction":[{"@type":"SearchAction","target":{"@type":"EntryPoint","urlTemplate":"https:\/\/www.asajacyl.com\/leon\/?s={search_term_string}"},"query-input":{"@type":"PropertyValueSpecification","valueRequired":true,"valueName":"search_term_string"}}],"inLanguage":"es"},{"@type":"Person","@id":"https:\/\/www.asajacyl.com\/leon\/#\/schema\/person\/7e884476cee132331142e8ac9689f20c","name":"Editor","image":{"@type":"ImageObject","inLanguage":"es","@id":"https:\/\/www.asajacyl.com\/leon\/#\/schema\/person\/image\/","url":"https:\/\/secure.gravatar.com\/avatar\/a2ef43c165669686cfcfb0e1ffa59869?s=96&d=mm&r=g","contentUrl":"https:\/\/secure.gravatar.com\/avatar\/a2ef43c165669686cfcfb0e1ffa59869?s=96&d=mm&r=g","caption":"Editor"},"url":"https:\/\/www.asajacyl.com\/leon\/author\/oscargg"}]}},"_links":{"self":[{"href":"https:\/\/www.asajacyl.com\/leon\/wp-json\/wp\/v2\/posts\/7151"}],"collection":[{"href":"https:\/\/www.asajacyl.com\/leon\/wp-json\/wp\/v2\/posts"}],"about":[{"href":"https:\/\/www.asajacyl.com\/leon\/wp-json\/wp\/v2\/types\/post"}],"author":[{"embeddable":true,"href":"https:\/\/www.asajacyl.com\/leon\/wp-json\/wp\/v2\/users\/3"}],"replies":[{"embeddable":true,"href":"https:\/\/www.asajacyl.com\/leon\/wp-json\/wp\/v2\/comments?post=7151"}],"version-history":[{"count":0,"href":"https:\/\/www.asajacyl.com\/leon\/wp-json\/wp\/v2\/posts\/7151\/revisions"}],"wp:featuredmedia":[{"embeddable":true,"href":"https:\/\/www.asajacyl.com\/leon\/wp-json\/wp\/v2\/media\/8174"}],"wp:attachment":[{"href":"https:\/\/www.asajacyl.com\/leon\/wp-json\/wp\/v2\/media?parent=7151"}],"wp:term":[{"taxonomy":"category","embeddable":true,"href":"https:\/\/www.asajacyl.com\/leon\/wp-json\/wp\/v2\/categories?post=7151"},{"taxonomy":"post_tag","embeddable":true,"href":"https:\/\/www.asajacyl.com\/leon\/wp-json\/wp\/v2\/tags?post=7151"}],"curies":[{"name":"wp","href":"https:\/\/api.w.org\/{rel}","templated":true}]}}