{"id":7167,"date":"2013-11-06T00:00:00","date_gmt":"2013-11-05T23:00:00","guid":{"rendered":"http:\/\/www.asajacyl.com\/leon\/sin-categoria\/cotizaciones-de-la-lonja-agropecuaria-de-len-sesin-06-11-2013"},"modified":"2017-11-20T09:25:15","modified_gmt":"2017-11-20T08:25:15","slug":"cotizaciones-de-la-lonja-agropecuaria-de-len-sesin-06-11-2013","status":"publish","type":"post","link":"https:\/\/www.asajacyl.com\/leon\/servicios-socio\/cotizaciones-de-la-lonja-agropecuaria-de-len-sesin-06-11-2013","title":{"rendered":"COTIZACIONES DE LA LONJA AGROPECUARIA DE LE&#211;N &#8211;  SESI&#211;N 06\/11\/2013"},"content":{"rendered":"<h2><\/h2>\n<div align=\"center\"><b><u>RETRASO EN LA COSECHA DE MAIZ POR LAS INCLEMENCIAS DEL TIEMPO<\/u><\/b><\/div>\n<div><b><u>&#160;<\/u><\/b><\/div>\n<div align=\"justify\">La provincia de Le&#243;n no es ajena a las inclemencias del tiempo que est&#225;n retrasando la cosecha de ma&#237;z en todo el hemisferio norte, cuando en esta &#233;poca lo normal ser&#237;a que las m&#225;quinas estuvieran en el campo cosechando a pleno rendimiento, este a&#241;o las entregas en los almacenes son meramente testimoniales.<\/div>\n<div align=\"justify\">&#160;<\/div>\n<div align=\"justify\">En la sesi&#243;n de la Lonja Agropecuaria de Le&#243;n celebrada hoy, los precios de cereal se ha mantenido excepto el trigo pienso que ha subido cotizando a 180 &#8364;\/tn&#160; y el ma&#237;z que baja para cotizar 185 &#8364;\/tn. &#160;El resto, &#160;cebada a 168 &#8364;\/tn, centeno a 153 &#8364;\/tn y avena 150 &#8364;\/tn.<\/div>\n<div align=\"justify\">El girasol se mantiene en 295 &#8364;\/tn.<\/div>\n<div>&#160;<\/div>\n<div align=\"center\"><b>COTIZACIONES DE LA MESA DE CEREAL Y GIRASOL 06-11-13<\/b><\/div>\n<div align=\"center\"><b>&#160;<\/b><\/div>\n<div align=\"center\">Precios Orientativos Euros\/Tonelada en Origen Agricultor sobre cami&#243;n<\/div>\n<div align=\"center\">&#160;&#160;&#160;&#160;&#160;&#160;&#160;&#160;&#160;&#160;&#160;&#160;&#160;&#160;&#160;&#160;&#160;&#160;&#160;&#160;&#160;&#160;&#160;&#160;&#160;&#160;&#160;&#160;&#160;&#160; (Condiciones de Calidad O.C.M. Cereales-F.E.G.A. Campa&#241;a 2011\/2012) <\/div>\n<div align=\"center\"><b>&#160;<\/b><\/div>\n<div align=\"center\">\n<table border=\"1\" cellspacing=\"0\" cellpadding=\"0\" align=\"center\">\n<tbody>\n<tr>\n<td valign=\"top\" width=\"144\">\n<div align=\"center\"><b>CEREALES<\/b><\/div>\n<\/td>\n<td valign=\"top\" width=\"144\">\n<div align=\"center\"><b>COTIZACION<\/b><\/div>\n<div align=\"center\"><b>ANTERIOR<\/b><\/div>\n<\/td>\n<td valign=\"top\" width=\"144\">\n<div align=\"center\"><b>COTIZACION<\/b><\/div>\n<div align=\"center\"><b>ACTUAL<\/b><\/div>\n<\/td>\n<td valign=\"top\" width=\"91\">\n<div align=\"center\"><b>DIF.<\/b><\/div>\n<\/td>\n<\/tr>\n<tr>\n<td valign=\"top\" width=\"144\">\n<div align=\"center\">&#160;<\/div>\n<\/td>\n<td valign=\"top\" width=\"144\">\n<div align=\"center\"><b>&#8364;\/T.<\/b><\/div>\n<\/td>\n<td valign=\"top\" width=\"144\">\n<div align=\"center\"><b>&#8364;\/T.<\/b><\/div>\n<\/td>\n<td valign=\"top\" width=\"91\">\n<div align=\"center\"><b>&#160;<\/b><\/div>\n<\/td>\n<\/tr>\n<tr>\n<td valign=\"top\" width=\"144\">\n<div>Trigo Pienso<\/div>\n<\/td>\n<td valign=\"top\" width=\"144\">\n<div align=\"center\">179,00<\/div>\n<\/td>\n<td valign=\"top\" width=\"144\">\n<div align=\"center\">180,00<\/div>\n<\/td>\n<td valign=\"top\" width=\"91\">\n<div align=\"center\">&#9650;<\/div>\n<\/td>\n<\/tr>\n<tr>\n<td valign=\"top\" width=\"144\">\n<div>Cebada<\/div>\n<\/td>\n<td valign=\"top\" width=\"144\">\n<div align=\"center\">168,00<\/div>\n<\/td>\n<td valign=\"top\" width=\"144\">\n<div align=\"center\">168,00<\/div>\n<\/td>\n<td valign=\"top\" width=\"91\">\n<div align=\"center\">=<\/div>\n<\/td>\n<\/tr>\n<tr>\n<td valign=\"top\" width=\"144\">\n<div>Centeno<\/div>\n<\/td>\n<td valign=\"top\" width=\"144\">\n<div align=\"center\">153,00<\/div>\n<\/td>\n<td valign=\"top\" width=\"144\">\n<div align=\"center\">153,00<\/div>\n<\/td>\n<td valign=\"top\" width=\"91\">\n<div align=\"center\">=<\/div>\n<\/td>\n<\/tr>\n<tr>\n<td valign=\"top\" width=\"144\">\n<div>Avena<\/div>\n<\/td>\n<td valign=\"top\" width=\"144\">\n<div align=\"center\">150,00<\/div>\n<\/td>\n<td valign=\"top\" width=\"144\">\n<div align=\"center\">150,00<\/div>\n<\/td>\n<td valign=\"top\" width=\"91\">\n<div align=\"center\">=<\/div>\n<\/td>\n<\/tr>\n<tr>\n<td valign=\"top\" width=\"144\">\n<div>Ma&#237;z<\/div>\n<\/td>\n<td valign=\"top\" width=\"144\">\n<div align=\"center\">&#160;192,00*<\/div>\n<\/td>\n<td valign=\"top\" width=\"144\">\n<div align=\"center\">&#160;185,00*<\/div>\n<\/td>\n<td valign=\"top\" width=\"91\">\n<div align=\"center\">&#9660;<\/div>\n<\/td>\n<\/tr>\n<\/tbody>\n<\/table>\n<\/div>\n<div align=\"center\">&#160;<\/div>\n<div align=\"center\">*&#160;&#160;&#160; Ma&#237;z secadero<b><\/b><\/div>\n<div align=\"center\">Actividad subvencionada por la Diputaci&#243;n Provincial de Le&#243;n.<\/div>\n<div align=\"center\">&#160;<\/div>\n<div align=\"center\">\n<table border=\"1\" cellspacing=\"0\" cellpadding=\"0\" align=\"center\">\n<tbody>\n<tr>\n<td valign=\"top\" width=\"149\">\n<div align=\"center\"><b>GIRASOL<\/b><\/div>\n<\/td>\n<td valign=\"top\" width=\"142\">\n<div align=\"center\"><b>COTIZACION<\/b><\/div>\n<div align=\"center\"><b>ANTERIOR<\/b><\/div>\n<\/td>\n<td valign=\"top\" width=\"142\">\n<div align=\"center\"><b>COTIZACION<\/b><\/div>\n<div align=\"center\"><b>ACTUAL<\/b><\/div>\n<\/td>\n<td valign=\"top\" width=\"95\">\n<div align=\"center\"><b>DIF.<\/b><\/div>\n<\/td>\n<\/tr>\n<tr>\n<td valign=\"top\" width=\"149\">\n<div align=\"center\">&#160;<\/div>\n<\/td>\n<td valign=\"top\" width=\"142\">\n<div align=\"center\"><b>&#8364;\/T.<\/b><\/div>\n<\/td>\n<td valign=\"top\" width=\"142\">\n<div align=\"center\"><b>&#8364;\/T.<\/b><\/div>\n<\/td>\n<td valign=\"top\" width=\"95\">\n<div align=\"center\"><b>&#160;<\/b><\/div>\n<\/td>\n<\/tr>\n<tr>\n<td valign=\"top\" width=\"149\">\n<div>Pipa Girasol<\/div>\n<\/td>\n<td valign=\"top\" width=\"142\">\n<div align=\"center\">295,00<\/div>\n<\/td>\n<td valign=\"top\" width=\"142\">\n<div align=\"center\">295,00<\/div>\n<\/td>\n<td valign=\"top\" width=\"95\">\n<div align=\"center\">=<\/div>\n<\/td>\n<\/tr>\n<\/tbody>\n<\/table>\n<\/div>\n<div align=\"center\">Calidad Tipo 9-2-44<\/div>\n<div align=\"center\">Actividad subvencionada por la Diputaci&#243;n Provincial de Le&#243;n.<\/div>\n","protected":false},"excerpt":{"rendered":"<p>RETRASO EN LA COSECHA DE MAIZ POR LAS INCLEMENCIAS DEL TIEMPO &#160; La provincia de Le&#243;n no es ajena a las inclemencias del tiempo que est&#225;n retrasando la cosecha de ma&#237;z en todo el hemisferio norte, cuando en esta &#233;poca lo normal ser&#237;a que las m&#225;quinas estuvieran en el campo cosechando a pleno rendimiento, este [&hellip;]<\/p>\n","protected":false},"author":3,"featured_media":8174,"comment_status":"open","ping_status":"open","sticky":false,"template":"","format":"standard","meta":{"footnotes":""},"categories":[34,67,5],"tags":[],"yoast_head":"<!-- This site is optimized with the Yoast SEO plugin v24.5 - https:\/\/yoast.com\/wordpress\/plugins\/seo\/ -->\n<title>COTIZACIONES DE LA LONJA AGROPECUARIA DE LE&#211;N - SESI&#211;N 06\/11\/2013 - ASAJA Le\u00f3n<\/title>\n<meta name=\"description\" content=\"RETRASO EN LA COSECHA DE MAIZ POR LAS INCLEMENCIAS DEL TIEMPO &#160; La provincia de Le&#243;n no es ajena a las inclemencias del tiempo que est&#225;n\" \/>\n<meta name=\"robots\" content=\"index, follow, max-snippet:-1, max-image-preview:large, max-video-preview:-1\" \/>\n<link rel=\"canonical\" href=\"https:\/\/www.asajacyl.com\/leon\/servicios-socio\/cotizaciones-de-la-lonja-agropecuaria-de-len-sesin-06-11-2013\" \/>\n<meta property=\"og:locale\" content=\"es_ES\" \/>\n<meta property=\"og:type\" content=\"article\" \/>\n<meta property=\"og:title\" content=\"COTIZACIONES DE LA LONJA AGROPECUARIA DE LE&#211;N - SESI&#211;N 06\/11\/2013 - ASAJA Le\u00f3n\" \/>\n<meta property=\"og:description\" content=\"RETRASO EN LA COSECHA DE MAIZ POR LAS INCLEMENCIAS DEL TIEMPO &#160; La provincia de Le&#243;n no es ajena a las inclemencias del tiempo que est&#225;n\" \/>\n<meta property=\"og:url\" content=\"https:\/\/www.asajacyl.com\/leon\/servicios-socio\/cotizaciones-de-la-lonja-agropecuaria-de-len-sesin-06-11-2013\" \/>\n<meta property=\"og:site_name\" content=\"ASAJA Le\u00f3n\" \/>\n<meta property=\"article:published_time\" content=\"2013-11-05T23:00:00+00:00\" \/>\n<meta property=\"article:modified_time\" content=\"2017-11-20T08:25:15+00:00\" \/>\n<meta property=\"og:image\" content=\"https:\/\/www.asajacyl.com\/leon\/wp-content\/uploads\/sites\/6\/2017\/11\/im_predefinida_1920x1080.jpg\" \/>\n\t<meta property=\"og:image:width\" content=\"1920\" \/>\n\t<meta property=\"og:image:height\" content=\"1080\" \/>\n\t<meta property=\"og:image:type\" content=\"image\/jpeg\" \/>\n<meta name=\"author\" content=\"Editor\" \/>\n<meta name=\"twitter:card\" content=\"summary_large_image\" \/>\n<meta name=\"twitter:label1\" content=\"Escrito por\" \/>\n\t<meta name=\"twitter:data1\" content=\"Editor\" \/>\n\t<meta name=\"twitter:label2\" content=\"Tiempo de lectura\" \/>\n\t<meta name=\"twitter:data2\" content=\"1 minuto\" \/>\n<script type=\"application\/ld+json\" class=\"yoast-schema-graph\">{\"@context\":\"https:\/\/schema.org\",\"@graph\":[{\"@type\":\"WebPage\",\"@id\":\"https:\/\/www.asajacyl.com\/leon\/servicios-socio\/cotizaciones-de-la-lonja-agropecuaria-de-len-sesin-06-11-2013\",\"url\":\"https:\/\/www.asajacyl.com\/leon\/servicios-socio\/cotizaciones-de-la-lonja-agropecuaria-de-len-sesin-06-11-2013\",\"name\":\"COTIZACIONES DE LA LONJA AGROPECUARIA DE LE&#211;N - SESI&#211;N 06\/11\/2013 - ASAJA Le\u00f3n\",\"isPartOf\":{\"@id\":\"https:\/\/www.asajacyl.com\/leon\/#website\"},\"primaryImageOfPage\":{\"@id\":\"https:\/\/www.asajacyl.com\/leon\/servicios-socio\/cotizaciones-de-la-lonja-agropecuaria-de-len-sesin-06-11-2013#primaryimage\"},\"image\":{\"@id\":\"https:\/\/www.asajacyl.com\/leon\/servicios-socio\/cotizaciones-de-la-lonja-agropecuaria-de-len-sesin-06-11-2013#primaryimage\"},\"thumbnailUrl\":\"https:\/\/www.asajacyl.com\/leon\/wp-content\/uploads\/sites\/6\/2017\/11\/im_predefinida_1920x1080.jpg\",\"datePublished\":\"2013-11-05T23:00:00+00:00\",\"dateModified\":\"2017-11-20T08:25:15+00:00\",\"author\":{\"@id\":\"https:\/\/www.asajacyl.com\/leon\/#\/schema\/person\/7e884476cee132331142e8ac9689f20c\"},\"description\":\"RETRASO EN LA COSECHA DE MAIZ POR LAS INCLEMENCIAS DEL TIEMPO &#160; La provincia de Le&#243;n no es ajena a las inclemencias del tiempo que est&#225;n\",\"breadcrumb\":{\"@id\":\"https:\/\/www.asajacyl.com\/leon\/servicios-socio\/cotizaciones-de-la-lonja-agropecuaria-de-len-sesin-06-11-2013#breadcrumb\"},\"inLanguage\":\"es\",\"potentialAction\":[{\"@type\":\"ReadAction\",\"target\":[\"https:\/\/www.asajacyl.com\/leon\/servicios-socio\/cotizaciones-de-la-lonja-agropecuaria-de-len-sesin-06-11-2013\"]}]},{\"@type\":\"ImageObject\",\"inLanguage\":\"es\",\"@id\":\"https:\/\/www.asajacyl.com\/leon\/servicios-socio\/cotizaciones-de-la-lonja-agropecuaria-de-len-sesin-06-11-2013#primaryimage\",\"url\":\"https:\/\/www.asajacyl.com\/leon\/wp-content\/uploads\/sites\/6\/2017\/11\/im_predefinida_1920x1080.jpg\",\"contentUrl\":\"https:\/\/www.asajacyl.com\/leon\/wp-content\/uploads\/sites\/6\/2017\/11\/im_predefinida_1920x1080.jpg\",\"width\":1920,\"height\":1080,\"caption\":\"Logotipo ASAJA Le\u00f3n\"},{\"@type\":\"BreadcrumbList\",\"@id\":\"https:\/\/www.asajacyl.com\/leon\/servicios-socio\/cotizaciones-de-la-lonja-agropecuaria-de-len-sesin-06-11-2013#breadcrumb\",\"itemListElement\":[{\"@type\":\"ListItem\",\"position\":1,\"name\":\"Portada\",\"item\":\"https:\/\/www.asajacyl.com\/leon\/\"},{\"@type\":\"ListItem\",\"position\":2,\"name\":\"COTIZACIONES DE LA LONJA AGROPECUARIA DE LE&#211;N &#8211; SESI&#211;N 06\/11\/2013\"}]},{\"@type\":\"WebSite\",\"@id\":\"https:\/\/www.asajacyl.com\/leon\/#website\",\"url\":\"https:\/\/www.asajacyl.com\/leon\/\",\"name\":\"ASAJA Le\u00f3n\",\"description\":\"Otro sitio m\u00e1s de Provincias ASAJA Castilla y Le\u00f3n\",\"potentialAction\":[{\"@type\":\"SearchAction\",\"target\":{\"@type\":\"EntryPoint\",\"urlTemplate\":\"https:\/\/www.asajacyl.com\/leon\/?s={search_term_string}\"},\"query-input\":{\"@type\":\"PropertyValueSpecification\",\"valueRequired\":true,\"valueName\":\"search_term_string\"}}],\"inLanguage\":\"es\"},{\"@type\":\"Person\",\"@id\":\"https:\/\/www.asajacyl.com\/leon\/#\/schema\/person\/7e884476cee132331142e8ac9689f20c\",\"name\":\"Editor\",\"image\":{\"@type\":\"ImageObject\",\"inLanguage\":\"es\",\"@id\":\"https:\/\/www.asajacyl.com\/leon\/#\/schema\/person\/image\/\",\"url\":\"https:\/\/secure.gravatar.com\/avatar\/a2ef43c165669686cfcfb0e1ffa59869?s=96&d=mm&r=g\",\"contentUrl\":\"https:\/\/secure.gravatar.com\/avatar\/a2ef43c165669686cfcfb0e1ffa59869?s=96&d=mm&r=g\",\"caption\":\"Editor\"},\"url\":\"https:\/\/www.asajacyl.com\/leon\/author\/oscargg\"}]}<\/script>\n<!-- \/ Yoast SEO plugin. -->","yoast_head_json":{"title":"COTIZACIONES DE LA LONJA AGROPECUARIA DE LE&#211;N - SESI&#211;N 06\/11\/2013 - ASAJA Le\u00f3n","description":"RETRASO EN LA COSECHA DE MAIZ POR LAS INCLEMENCIAS DEL TIEMPO &#160; La provincia de Le&#243;n no es ajena a las inclemencias del tiempo que est&#225;n","robots":{"index":"index","follow":"follow","max-snippet":"max-snippet:-1","max-image-preview":"max-image-preview:large","max-video-preview":"max-video-preview:-1"},"canonical":"https:\/\/www.asajacyl.com\/leon\/servicios-socio\/cotizaciones-de-la-lonja-agropecuaria-de-len-sesin-06-11-2013","og_locale":"es_ES","og_type":"article","og_title":"COTIZACIONES DE LA LONJA AGROPECUARIA DE LE&#211;N - SESI&#211;N 06\/11\/2013 - ASAJA Le\u00f3n","og_description":"RETRASO EN LA COSECHA DE MAIZ POR LAS INCLEMENCIAS DEL TIEMPO &#160; La provincia de Le&#243;n no es ajena a las inclemencias del tiempo que est&#225;n","og_url":"https:\/\/www.asajacyl.com\/leon\/servicios-socio\/cotizaciones-de-la-lonja-agropecuaria-de-len-sesin-06-11-2013","og_site_name":"ASAJA Le\u00f3n","article_published_time":"2013-11-05T23:00:00+00:00","article_modified_time":"2017-11-20T08:25:15+00:00","og_image":[{"width":1920,"height":1080,"url":"https:\/\/www.asajacyl.com\/leon\/wp-content\/uploads\/sites\/6\/2017\/11\/im_predefinida_1920x1080.jpg","type":"image\/jpeg"}],"author":"Editor","twitter_card":"summary_large_image","twitter_misc":{"Escrito por":"Editor","Tiempo de lectura":"1 minuto"},"schema":{"@context":"https:\/\/schema.org","@graph":[{"@type":"WebPage","@id":"https:\/\/www.asajacyl.com\/leon\/servicios-socio\/cotizaciones-de-la-lonja-agropecuaria-de-len-sesin-06-11-2013","url":"https:\/\/www.asajacyl.com\/leon\/servicios-socio\/cotizaciones-de-la-lonja-agropecuaria-de-len-sesin-06-11-2013","name":"COTIZACIONES DE LA LONJA AGROPECUARIA DE LE&#211;N - SESI&#211;N 06\/11\/2013 - ASAJA Le\u00f3n","isPartOf":{"@id":"https:\/\/www.asajacyl.com\/leon\/#website"},"primaryImageOfPage":{"@id":"https:\/\/www.asajacyl.com\/leon\/servicios-socio\/cotizaciones-de-la-lonja-agropecuaria-de-len-sesin-06-11-2013#primaryimage"},"image":{"@id":"https:\/\/www.asajacyl.com\/leon\/servicios-socio\/cotizaciones-de-la-lonja-agropecuaria-de-len-sesin-06-11-2013#primaryimage"},"thumbnailUrl":"https:\/\/www.asajacyl.com\/leon\/wp-content\/uploads\/sites\/6\/2017\/11\/im_predefinida_1920x1080.jpg","datePublished":"2013-11-05T23:00:00+00:00","dateModified":"2017-11-20T08:25:15+00:00","author":{"@id":"https:\/\/www.asajacyl.com\/leon\/#\/schema\/person\/7e884476cee132331142e8ac9689f20c"},"description":"RETRASO EN LA COSECHA DE MAIZ POR LAS INCLEMENCIAS DEL TIEMPO &#160; La provincia de Le&#243;n no es ajena a las inclemencias del tiempo que est&#225;n","breadcrumb":{"@id":"https:\/\/www.asajacyl.com\/leon\/servicios-socio\/cotizaciones-de-la-lonja-agropecuaria-de-len-sesin-06-11-2013#breadcrumb"},"inLanguage":"es","potentialAction":[{"@type":"ReadAction","target":["https:\/\/www.asajacyl.com\/leon\/servicios-socio\/cotizaciones-de-la-lonja-agropecuaria-de-len-sesin-06-11-2013"]}]},{"@type":"ImageObject","inLanguage":"es","@id":"https:\/\/www.asajacyl.com\/leon\/servicios-socio\/cotizaciones-de-la-lonja-agropecuaria-de-len-sesin-06-11-2013#primaryimage","url":"https:\/\/www.asajacyl.com\/leon\/wp-content\/uploads\/sites\/6\/2017\/11\/im_predefinida_1920x1080.jpg","contentUrl":"https:\/\/www.asajacyl.com\/leon\/wp-content\/uploads\/sites\/6\/2017\/11\/im_predefinida_1920x1080.jpg","width":1920,"height":1080,"caption":"Logotipo ASAJA Le\u00f3n"},{"@type":"BreadcrumbList","@id":"https:\/\/www.asajacyl.com\/leon\/servicios-socio\/cotizaciones-de-la-lonja-agropecuaria-de-len-sesin-06-11-2013#breadcrumb","itemListElement":[{"@type":"ListItem","position":1,"name":"Portada","item":"https:\/\/www.asajacyl.com\/leon\/"},{"@type":"ListItem","position":2,"name":"COTIZACIONES DE LA LONJA AGROPECUARIA DE LE&#211;N &#8211; SESI&#211;N 06\/11\/2013"}]},{"@type":"WebSite","@id":"https:\/\/www.asajacyl.com\/leon\/#website","url":"https:\/\/www.asajacyl.com\/leon\/","name":"ASAJA Le\u00f3n","description":"Otro sitio m\u00e1s de Provincias ASAJA Castilla y Le\u00f3n","potentialAction":[{"@type":"SearchAction","target":{"@type":"EntryPoint","urlTemplate":"https:\/\/www.asajacyl.com\/leon\/?s={search_term_string}"},"query-input":{"@type":"PropertyValueSpecification","valueRequired":true,"valueName":"search_term_string"}}],"inLanguage":"es"},{"@type":"Person","@id":"https:\/\/www.asajacyl.com\/leon\/#\/schema\/person\/7e884476cee132331142e8ac9689f20c","name":"Editor","image":{"@type":"ImageObject","inLanguage":"es","@id":"https:\/\/www.asajacyl.com\/leon\/#\/schema\/person\/image\/","url":"https:\/\/secure.gravatar.com\/avatar\/a2ef43c165669686cfcfb0e1ffa59869?s=96&d=mm&r=g","contentUrl":"https:\/\/secure.gravatar.com\/avatar\/a2ef43c165669686cfcfb0e1ffa59869?s=96&d=mm&r=g","caption":"Editor"},"url":"https:\/\/www.asajacyl.com\/leon\/author\/oscargg"}]}},"_links":{"self":[{"href":"https:\/\/www.asajacyl.com\/leon\/wp-json\/wp\/v2\/posts\/7167"}],"collection":[{"href":"https:\/\/www.asajacyl.com\/leon\/wp-json\/wp\/v2\/posts"}],"about":[{"href":"https:\/\/www.asajacyl.com\/leon\/wp-json\/wp\/v2\/types\/post"}],"author":[{"embeddable":true,"href":"https:\/\/www.asajacyl.com\/leon\/wp-json\/wp\/v2\/users\/3"}],"replies":[{"embeddable":true,"href":"https:\/\/www.asajacyl.com\/leon\/wp-json\/wp\/v2\/comments?post=7167"}],"version-history":[{"count":1,"href":"https:\/\/www.asajacyl.com\/leon\/wp-json\/wp\/v2\/posts\/7167\/revisions"}],"predecessor-version":[{"id":7231,"href":"https:\/\/www.asajacyl.com\/leon\/wp-json\/wp\/v2\/posts\/7167\/revisions\/7231"}],"wp:featuredmedia":[{"embeddable":true,"href":"https:\/\/www.asajacyl.com\/leon\/wp-json\/wp\/v2\/media\/8174"}],"wp:attachment":[{"href":"https:\/\/www.asajacyl.com\/leon\/wp-json\/wp\/v2\/media?parent=7167"}],"wp:term":[{"taxonomy":"category","embeddable":true,"href":"https:\/\/www.asajacyl.com\/leon\/wp-json\/wp\/v2\/categories?post=7167"},{"taxonomy":"post_tag","embeddable":true,"href":"https:\/\/www.asajacyl.com\/leon\/wp-json\/wp\/v2\/tags?post=7167"}],"curies":[{"name":"wp","href":"https:\/\/api.w.org\/{rel}","templated":true}]}}