{"id":72,"date":"2017-10-27T00:00:00","date_gmt":"2017-10-26T22:00:00","guid":{"rendered":"https:\/\/www.asajacyl.com\/leon\/2017\/10\/27\/asaja-critica-que-la-junta-excluya-a-las-sociedades-mercantiles-de-las-ayudas-a-la-sequa\/"},"modified":"2017-11-16T18:15:43","modified_gmt":"2017-11-16T17:15:43","slug":"asaja-critica-que-la-junta-excluya-a-las-sociedades-mercantiles-de-las-ayudas-a-la-sequa","status":"publish","type":"post","link":"https:\/\/www.asajacyl.com\/leon\/asaja-leon-informa\/asaja-critica-que-la-junta-excluya-a-las-sociedades-mercantiles-de-las-ayudas-a-la-sequa","title":{"rendered":"ASAJA critica que la Junta excluya a las sociedades mercantiles de las ayudas a la sequ\u00eda"},"content":{"rendered":"<h2>La organizaci&#243;n agraria ASAJA critica con dureza a la consejer&#237;a de Agricultura y Ganader&#237;a por haber excluido a buena parte de las sociedades distintas de las cooperativas y SAT (sociedades agrarias de transformaci&#243;n), de las ayudas de bonificaci&#243;n de inter&#233;s de pr&#233;stamos para paliar las consecuencias de los efectos de la sequ&#237;a y heladas en la pasada campa&#241;a agr&#237;cola, reguladas por la Orden AYG\/546\/2017 de 29 de junio.<\/h2>\n<p style=\"text-align: justify;\">\n<span style=\"text-align: justify;\">La organizaci&#243;n agraria ASAJA critica con dureza a la consejer&#237;a de Agricultura y Ganader&#237;a por haber excluido a buena parte de las sociedades distintas de las cooperativas y SAT (sociedades agrarias de transformaci&#243;n), de las ayudas de bonificaci&#243;n de inter&#233;s de pr&#233;stamos para paliar las consecuencias de los efectos de la sequ&#237;a y heladas en la pasada campa&#241;a agr&#237;cola, reguladas por la Orden AYG\/546\/2017 de 29 de junio.<\/span><\/p>\n<p style=\"text-align: justify;\">\nASAJA considera que esta decisi&#243;n de perjudicar a las entidades mercantiles, nunca antes tomada ni por la consejer&#237;a de Agricultura ni por otras consejer&#237;as de la Junta, es un duro golpe al asociacionismo que adem&#225;s se produce sin motivaci&#243;n alguna ni soporte legal, e incluso contradice en este punto a la Orden nacional que regula la concesi&#243;n de avales de SAECA y que sirvi&#243; de base a estos pr&#233;stamos. ASAJA, que apoya la uni&#243;n del sector tambi&#233;n en la fase de producci&#243;n, considera que los poderes p&#250;blicos no pueden discriminar en funci&#243;n de la forma jur&#237;dica de las empresas, pues lo &#250;nico que ha de pedir es que todas se ajusten a la ley y cumplan con sus obligaciones. Los agricultores han de tener libertad para elegir la forma jur&#237;dica que mejor se ajuste a sus necesidades, que puede ser una figura cooperativa, una sociedad civil o una sociedad limitada. Una parte importante de las explotaciones agrarias y especialmente ganaderas de Castilla y Le&#243;n son sociedades mercantiles, y suelen ser de las que est&#225;n mejor dimensionadas y en las que se han incorporado j&#243;venes en los &#250;ltimos a&#241;os.<\/p>\n<p style=\"text-align: justify;\">\nASAJA hace un llamamiento a la consejer&#237;a de Agricultura para que retome esta cuesti&#243;n y reconduzca los expedientes de las sociedades mercantiles (bien sociedades limitadas, bien sociedades an&#243;nimas), cuya actividad principal sea la agropecuaria, para que puedan beneficiarse de los pr&#233;stamos de la sequ&#237;a y heladas, haciendo una interpretaci&#243;n flexible de la Orden, o rectificando el contenido de la misma.<\/p>\n<p style=\"text-align: justify;\">\nLas ayudas a los pr&#233;stamos de la sequ&#237;a han sido un clamoroso fracaso del departamento que dirige Milagros Marcos. A las innumerables trabas que ha puesto la empresa p&#250;blica avalista, SAECA, se han sumado las restricciones de la propia normativa de la consejer&#237;a de Agricultura para el reconocimiento a la bonificaci&#243;n de los inter&#233;s, y la consecuencia de todo ello es que los peticionarios han sido uno de cada cuatro agricultores profesionales, y de estos se le ha denegado a un treinta por ciento. Cuando se conozcan los datos definitivos, el n&#250;mero de beneficiarios ser&#225; de unos 10.000, lo que representa menos de la cuarta parte de los agricultores y ganaderos de los que en principio recibir&#237;an los pr&#233;stamos.<\/p>\n","protected":false},"excerpt":{"rendered":"<p>La organizaci&#243;n agraria ASAJA critica con dureza a la consejer&#237;a de Agricultura y Ganader&#237;a por haber excluido a buena parte de las sociedades distintas de las cooperativas y SAT (sociedades agrarias de transformaci&#243;n), de las ayudas de bonificaci&#243;n de inter&#233;s de pr&#233;stamos para paliar las consecuencias de los efectos de la sequ&#237;a y heladas en la pasada campa&#241;a agr&#237;cola, reguladas por la Orden AYG\/546\/2017 de 29 de junio.<\/p>\n","protected":false},"author":3,"featured_media":5830,"comment_status":"open","ping_status":"open","sticky":false,"template":"","format":"standard","meta":{"footnotes":""},"categories":[4,9],"tags":[],"yoast_head":"<!-- This site is optimized with the Yoast SEO plugin v24.5 - https:\/\/yoast.com\/wordpress\/plugins\/seo\/ -->\n<title>ASAJA critica que la Junta excluya a las sociedades mercantiles de las ayudas a la sequ\u00eda - ASAJA Le\u00f3n<\/title>\n<meta name=\"description\" content=\"La organizaci&#243;n agraria ASAJA critica con dureza a la consejer&#237;a de Agricultura y Ganader&#237;a por haber excluido a buena parte de las sociedades distintas de las cooperativas y SAT (sociedades agrarias de transformaci&#243;n), de las ayudas de bonificaci&#243;n de inter&#233;s de pr&#233;stamos para paliar las consecuencias de los efectos de la sequ&#237;a y heladas en la pasada campa&#241;a agr&#237;cola, reguladas por la Orden AYG\/546\/2017 de 29 de junio.\" \/>\n<meta name=\"robots\" content=\"index, follow, max-snippet:-1, max-image-preview:large, max-video-preview:-1\" \/>\n<link rel=\"canonical\" href=\"https:\/\/www.asajacyl.com\/leon\/asaja-leon-informa\/asaja-critica-que-la-junta-excluya-a-las-sociedades-mercantiles-de-las-ayudas-a-la-sequa\" \/>\n<meta property=\"og:locale\" content=\"es_ES\" \/>\n<meta property=\"og:type\" content=\"article\" \/>\n<meta property=\"og:title\" content=\"ASAJA critica que la Junta excluya a las sociedades mercantiles de las ayudas a la sequ\u00eda - ASAJA Le\u00f3n\" \/>\n<meta property=\"og:description\" content=\"La organizaci&#243;n agraria ASAJA critica con dureza a la consejer&#237;a de Agricultura y Ganader&#237;a por haber excluido a buena parte de las sociedades distintas de las cooperativas y SAT (sociedades agrarias de transformaci&#243;n), de las ayudas de bonificaci&#243;n de inter&#233;s de pr&#233;stamos para paliar las consecuencias de los efectos de la sequ&#237;a y heladas en la pasada campa&#241;a agr&#237;cola, reguladas por la Orden AYG\/546\/2017 de 29 de junio.\" \/>\n<meta property=\"og:url\" content=\"https:\/\/www.asajacyl.com\/leon\/asaja-leon-informa\/asaja-critica-que-la-junta-excluya-a-las-sociedades-mercantiles-de-las-ayudas-a-la-sequa\" \/>\n<meta property=\"og:site_name\" content=\"ASAJA Le\u00f3n\" \/>\n<meta property=\"article:published_time\" content=\"2017-10-26T22:00:00+00:00\" \/>\n<meta property=\"article:modified_time\" content=\"2017-11-16T17:15:43+00:00\" \/>\n<meta property=\"og:image\" content=\"https:\/\/www.asajacyl.com\/leon\/wp-content\/uploads\/sites\/6\/2017\/11\/recurso-reba\u00f1o-ovejas-1.jpg\" \/>\n\t<meta property=\"og:image:width\" content=\"1920\" \/>\n\t<meta property=\"og:image:height\" content=\"1080\" \/>\n\t<meta property=\"og:image:type\" content=\"image\/jpeg\" \/>\n<meta name=\"author\" content=\"Editor\" \/>\n<meta name=\"twitter:card\" content=\"summary_large_image\" \/>\n<meta name=\"twitter:label1\" content=\"Escrito por\" \/>\n\t<meta name=\"twitter:data1\" content=\"Editor\" \/>\n\t<meta name=\"twitter:label2\" content=\"Tiempo de lectura\" \/>\n\t<meta name=\"twitter:data2\" content=\"3 minutos\" \/>\n<script type=\"application\/ld+json\" class=\"yoast-schema-graph\">{\"@context\":\"https:\/\/schema.org\",\"@graph\":[{\"@type\":\"WebPage\",\"@id\":\"https:\/\/www.asajacyl.com\/leon\/asaja-leon-informa\/asaja-critica-que-la-junta-excluya-a-las-sociedades-mercantiles-de-las-ayudas-a-la-sequa\",\"url\":\"https:\/\/www.asajacyl.com\/leon\/asaja-leon-informa\/asaja-critica-que-la-junta-excluya-a-las-sociedades-mercantiles-de-las-ayudas-a-la-sequa\",\"name\":\"ASAJA critica que la Junta excluya a las sociedades mercantiles de las ayudas a la sequ\u00eda - ASAJA Le\u00f3n\",\"isPartOf\":{\"@id\":\"https:\/\/www.asajacyl.com\/leon\/#website\"},\"primaryImageOfPage\":{\"@id\":\"https:\/\/www.asajacyl.com\/leon\/asaja-leon-informa\/asaja-critica-que-la-junta-excluya-a-las-sociedades-mercantiles-de-las-ayudas-a-la-sequa#primaryimage\"},\"image\":{\"@id\":\"https:\/\/www.asajacyl.com\/leon\/asaja-leon-informa\/asaja-critica-que-la-junta-excluya-a-las-sociedades-mercantiles-de-las-ayudas-a-la-sequa#primaryimage\"},\"thumbnailUrl\":\"https:\/\/www.asajacyl.com\/leon\/wp-content\/uploads\/sites\/6\/2017\/11\/recurso-reba\u00f1o-ovejas-1.jpg\",\"datePublished\":\"2017-10-26T22:00:00+00:00\",\"dateModified\":\"2017-11-16T17:15:43+00:00\",\"author\":{\"@id\":\"https:\/\/www.asajacyl.com\/leon\/#\/schema\/person\/7e884476cee132331142e8ac9689f20c\"},\"description\":\"La organizaci&#243;n agraria ASAJA critica con dureza a la consejer&#237;a de Agricultura y Ganader&#237;a por haber excluido a buena parte de las sociedades distintas de las cooperativas y SAT (sociedades agrarias de transformaci&#243;n), de las ayudas de bonificaci&#243;n de inter&#233;s de pr&#233;stamos para paliar las consecuencias de los efectos de la sequ&#237;a y heladas en la pasada campa&#241;a agr&#237;cola, reguladas por la Orden AYG\/546\/2017 de 29 de junio.\",\"breadcrumb\":{\"@id\":\"https:\/\/www.asajacyl.com\/leon\/asaja-leon-informa\/asaja-critica-que-la-junta-excluya-a-las-sociedades-mercantiles-de-las-ayudas-a-la-sequa#breadcrumb\"},\"inLanguage\":\"es\",\"potentialAction\":[{\"@type\":\"ReadAction\",\"target\":[\"https:\/\/www.asajacyl.com\/leon\/asaja-leon-informa\/asaja-critica-que-la-junta-excluya-a-las-sociedades-mercantiles-de-las-ayudas-a-la-sequa\"]}]},{\"@type\":\"ImageObject\",\"inLanguage\":\"es\",\"@id\":\"https:\/\/www.asajacyl.com\/leon\/asaja-leon-informa\/asaja-critica-que-la-junta-excluya-a-las-sociedades-mercantiles-de-las-ayudas-a-la-sequa#primaryimage\",\"url\":\"https:\/\/www.asajacyl.com\/leon\/wp-content\/uploads\/sites\/6\/2017\/11\/recurso-reba\u00f1o-ovejas-1.jpg\",\"contentUrl\":\"https:\/\/www.asajacyl.com\/leon\/wp-content\/uploads\/sites\/6\/2017\/11\/recurso-reba\u00f1o-ovejas-1.jpg\",\"width\":1920,\"height\":1080,\"caption\":\"Reba\u00f1o ovejas\"},{\"@type\":\"BreadcrumbList\",\"@id\":\"https:\/\/www.asajacyl.com\/leon\/asaja-leon-informa\/asaja-critica-que-la-junta-excluya-a-las-sociedades-mercantiles-de-las-ayudas-a-la-sequa#breadcrumb\",\"itemListElement\":[{\"@type\":\"ListItem\",\"position\":1,\"name\":\"Portada\",\"item\":\"https:\/\/www.asajacyl.com\/leon\/\"},{\"@type\":\"ListItem\",\"position\":2,\"name\":\"ASAJA critica que la Junta excluya a las sociedades mercantiles de las ayudas a la sequ\u00eda\"}]},{\"@type\":\"WebSite\",\"@id\":\"https:\/\/www.asajacyl.com\/leon\/#website\",\"url\":\"https:\/\/www.asajacyl.com\/leon\/\",\"name\":\"ASAJA Le\u00f3n\",\"description\":\"Otro sitio m\u00e1s de Provincias ASAJA Castilla y Le\u00f3n\",\"potentialAction\":[{\"@type\":\"SearchAction\",\"target\":{\"@type\":\"EntryPoint\",\"urlTemplate\":\"https:\/\/www.asajacyl.com\/leon\/?s={search_term_string}\"},\"query-input\":{\"@type\":\"PropertyValueSpecification\",\"valueRequired\":true,\"valueName\":\"search_term_string\"}}],\"inLanguage\":\"es\"},{\"@type\":\"Person\",\"@id\":\"https:\/\/www.asajacyl.com\/leon\/#\/schema\/person\/7e884476cee132331142e8ac9689f20c\",\"name\":\"Editor\",\"image\":{\"@type\":\"ImageObject\",\"inLanguage\":\"es\",\"@id\":\"https:\/\/www.asajacyl.com\/leon\/#\/schema\/person\/image\/\",\"url\":\"https:\/\/secure.gravatar.com\/avatar\/a2ef43c165669686cfcfb0e1ffa59869?s=96&d=mm&r=g\",\"contentUrl\":\"https:\/\/secure.gravatar.com\/avatar\/a2ef43c165669686cfcfb0e1ffa59869?s=96&d=mm&r=g\",\"caption\":\"Editor\"},\"url\":\"https:\/\/www.asajacyl.com\/leon\/author\/oscargg\"}]}<\/script>\n<!-- \/ Yoast SEO plugin. -->","yoast_head_json":{"title":"ASAJA critica que la Junta excluya a las sociedades mercantiles de las ayudas a la sequ\u00eda - ASAJA Le\u00f3n","description":"La organizaci&#243;n agraria ASAJA critica con dureza a la consejer&#237;a de Agricultura y Ganader&#237;a por haber excluido a buena parte de las sociedades distintas de las cooperativas y SAT (sociedades agrarias de transformaci&#243;n), de las ayudas de bonificaci&#243;n de inter&#233;s de pr&#233;stamos para paliar las consecuencias de los efectos de la sequ&#237;a y heladas en la pasada campa&#241;a agr&#237;cola, reguladas por la Orden AYG\/546\/2017 de 29 de junio.","robots":{"index":"index","follow":"follow","max-snippet":"max-snippet:-1","max-image-preview":"max-image-preview:large","max-video-preview":"max-video-preview:-1"},"canonical":"https:\/\/www.asajacyl.com\/leon\/asaja-leon-informa\/asaja-critica-que-la-junta-excluya-a-las-sociedades-mercantiles-de-las-ayudas-a-la-sequa","og_locale":"es_ES","og_type":"article","og_title":"ASAJA critica que la Junta excluya a las sociedades mercantiles de las ayudas a la sequ\u00eda - ASAJA Le\u00f3n","og_description":"La organizaci&#243;n agraria ASAJA critica con dureza a la consejer&#237;a de Agricultura y Ganader&#237;a por haber excluido a buena parte de las sociedades distintas de las cooperativas y SAT (sociedades agrarias de transformaci&#243;n), de las ayudas de bonificaci&#243;n de inter&#233;s de pr&#233;stamos para paliar las consecuencias de los efectos de la sequ&#237;a y heladas en la pasada campa&#241;a agr&#237;cola, reguladas por la Orden AYG\/546\/2017 de 29 de junio.","og_url":"https:\/\/www.asajacyl.com\/leon\/asaja-leon-informa\/asaja-critica-que-la-junta-excluya-a-las-sociedades-mercantiles-de-las-ayudas-a-la-sequa","og_site_name":"ASAJA Le\u00f3n","article_published_time":"2017-10-26T22:00:00+00:00","article_modified_time":"2017-11-16T17:15:43+00:00","og_image":[{"width":1920,"height":1080,"url":"https:\/\/www.asajacyl.com\/leon\/wp-content\/uploads\/sites\/6\/2017\/11\/recurso-reba\u00f1o-ovejas-1.jpg","type":"image\/jpeg"}],"author":"Editor","twitter_card":"summary_large_image","twitter_misc":{"Escrito por":"Editor","Tiempo de lectura":"3 minutos"},"schema":{"@context":"https:\/\/schema.org","@graph":[{"@type":"WebPage","@id":"https:\/\/www.asajacyl.com\/leon\/asaja-leon-informa\/asaja-critica-que-la-junta-excluya-a-las-sociedades-mercantiles-de-las-ayudas-a-la-sequa","url":"https:\/\/www.asajacyl.com\/leon\/asaja-leon-informa\/asaja-critica-que-la-junta-excluya-a-las-sociedades-mercantiles-de-las-ayudas-a-la-sequa","name":"ASAJA critica que la Junta excluya a las sociedades mercantiles de las ayudas a la sequ\u00eda - ASAJA Le\u00f3n","isPartOf":{"@id":"https:\/\/www.asajacyl.com\/leon\/#website"},"primaryImageOfPage":{"@id":"https:\/\/www.asajacyl.com\/leon\/asaja-leon-informa\/asaja-critica-que-la-junta-excluya-a-las-sociedades-mercantiles-de-las-ayudas-a-la-sequa#primaryimage"},"image":{"@id":"https:\/\/www.asajacyl.com\/leon\/asaja-leon-informa\/asaja-critica-que-la-junta-excluya-a-las-sociedades-mercantiles-de-las-ayudas-a-la-sequa#primaryimage"},"thumbnailUrl":"https:\/\/www.asajacyl.com\/leon\/wp-content\/uploads\/sites\/6\/2017\/11\/recurso-reba\u00f1o-ovejas-1.jpg","datePublished":"2017-10-26T22:00:00+00:00","dateModified":"2017-11-16T17:15:43+00:00","author":{"@id":"https:\/\/www.asajacyl.com\/leon\/#\/schema\/person\/7e884476cee132331142e8ac9689f20c"},"description":"La organizaci&#243;n agraria ASAJA critica con dureza a la consejer&#237;a de Agricultura y Ganader&#237;a por haber excluido a buena parte de las sociedades distintas de las cooperativas y SAT (sociedades agrarias de transformaci&#243;n), de las ayudas de bonificaci&#243;n de inter&#233;s de pr&#233;stamos para paliar las consecuencias de los efectos de la sequ&#237;a y heladas en la pasada campa&#241;a agr&#237;cola, reguladas por la Orden AYG\/546\/2017 de 29 de junio.","breadcrumb":{"@id":"https:\/\/www.asajacyl.com\/leon\/asaja-leon-informa\/asaja-critica-que-la-junta-excluya-a-las-sociedades-mercantiles-de-las-ayudas-a-la-sequa#breadcrumb"},"inLanguage":"es","potentialAction":[{"@type":"ReadAction","target":["https:\/\/www.asajacyl.com\/leon\/asaja-leon-informa\/asaja-critica-que-la-junta-excluya-a-las-sociedades-mercantiles-de-las-ayudas-a-la-sequa"]}]},{"@type":"ImageObject","inLanguage":"es","@id":"https:\/\/www.asajacyl.com\/leon\/asaja-leon-informa\/asaja-critica-que-la-junta-excluya-a-las-sociedades-mercantiles-de-las-ayudas-a-la-sequa#primaryimage","url":"https:\/\/www.asajacyl.com\/leon\/wp-content\/uploads\/sites\/6\/2017\/11\/recurso-reba\u00f1o-ovejas-1.jpg","contentUrl":"https:\/\/www.asajacyl.com\/leon\/wp-content\/uploads\/sites\/6\/2017\/11\/recurso-reba\u00f1o-ovejas-1.jpg","width":1920,"height":1080,"caption":"Reba\u00f1o ovejas"},{"@type":"BreadcrumbList","@id":"https:\/\/www.asajacyl.com\/leon\/asaja-leon-informa\/asaja-critica-que-la-junta-excluya-a-las-sociedades-mercantiles-de-las-ayudas-a-la-sequa#breadcrumb","itemListElement":[{"@type":"ListItem","position":1,"name":"Portada","item":"https:\/\/www.asajacyl.com\/leon\/"},{"@type":"ListItem","position":2,"name":"ASAJA critica que la Junta excluya a las sociedades mercantiles de las ayudas a la sequ\u00eda"}]},{"@type":"WebSite","@id":"https:\/\/www.asajacyl.com\/leon\/#website","url":"https:\/\/www.asajacyl.com\/leon\/","name":"ASAJA Le\u00f3n","description":"Otro sitio m\u00e1s de Provincias ASAJA Castilla y Le\u00f3n","potentialAction":[{"@type":"SearchAction","target":{"@type":"EntryPoint","urlTemplate":"https:\/\/www.asajacyl.com\/leon\/?s={search_term_string}"},"query-input":{"@type":"PropertyValueSpecification","valueRequired":true,"valueName":"search_term_string"}}],"inLanguage":"es"},{"@type":"Person","@id":"https:\/\/www.asajacyl.com\/leon\/#\/schema\/person\/7e884476cee132331142e8ac9689f20c","name":"Editor","image":{"@type":"ImageObject","inLanguage":"es","@id":"https:\/\/www.asajacyl.com\/leon\/#\/schema\/person\/image\/","url":"https:\/\/secure.gravatar.com\/avatar\/a2ef43c165669686cfcfb0e1ffa59869?s=96&d=mm&r=g","contentUrl":"https:\/\/secure.gravatar.com\/avatar\/a2ef43c165669686cfcfb0e1ffa59869?s=96&d=mm&r=g","caption":"Editor"},"url":"https:\/\/www.asajacyl.com\/leon\/author\/oscargg"}]}},"_links":{"self":[{"href":"https:\/\/www.asajacyl.com\/leon\/wp-json\/wp\/v2\/posts\/72"}],"collection":[{"href":"https:\/\/www.asajacyl.com\/leon\/wp-json\/wp\/v2\/posts"}],"about":[{"href":"https:\/\/www.asajacyl.com\/leon\/wp-json\/wp\/v2\/types\/post"}],"author":[{"embeddable":true,"href":"https:\/\/www.asajacyl.com\/leon\/wp-json\/wp\/v2\/users\/3"}],"replies":[{"embeddable":true,"href":"https:\/\/www.asajacyl.com\/leon\/wp-json\/wp\/v2\/comments?post=72"}],"version-history":[{"count":7,"href":"https:\/\/www.asajacyl.com\/leon\/wp-json\/wp\/v2\/posts\/72\/revisions"}],"predecessor-version":[{"id":6571,"href":"https:\/\/www.asajacyl.com\/leon\/wp-json\/wp\/v2\/posts\/72\/revisions\/6571"}],"wp:featuredmedia":[{"embeddable":true,"href":"https:\/\/www.asajacyl.com\/leon\/wp-json\/wp\/v2\/media\/5830"}],"wp:attachment":[{"href":"https:\/\/www.asajacyl.com\/leon\/wp-json\/wp\/v2\/media?parent=72"}],"wp:term":[{"taxonomy":"category","embeddable":true,"href":"https:\/\/www.asajacyl.com\/leon\/wp-json\/wp\/v2\/categories?post=72"},{"taxonomy":"post_tag","embeddable":true,"href":"https:\/\/www.asajacyl.com\/leon\/wp-json\/wp\/v2\/tags?post=72"}],"curies":[{"name":"wp","href":"https:\/\/api.w.org\/{rel}","templated":true}]}}