{"id":73,"date":"2017-10-26T00:00:00","date_gmt":"2017-10-25T22:00:00","guid":{"rendered":"https:\/\/www.asajacyl.com\/leon\/2017\/10\/26\/ya-se-conocen-los-ganadores-de-los-concursos-de-asaja-para-nios-y-jvenes-patrocinados-por-fundacin-villalar-castilla-y-len\/"},"modified":"2017-11-16T18:29:11","modified_gmt":"2017-11-16T17:29:11","slug":"ya-se-conocen-los-ganadores-de-los-concursos-de-asaja-para-nios-y-jvenes-patrocinados-por-fundacin-villalar-castilla-y-len","status":"publish","type":"post","link":"https:\/\/www.asajacyl.com\/leon\/asaja-leon-informa\/ya-se-conocen-los-ganadores-de-los-concursos-de-asaja-para-nios-y-jvenes-patrocinados-por-fundacin-villalar-castilla-y-len","title":{"rendered":"Ya se conocen los ganadores de los concursos de ASAJA para ni\u00f1os y j\u00f3venes, patrocinados por Fundaci\u00f3n Villalar Castilla y Le\u00f3n"},"content":{"rendered":"<h2>Ya se han fallado el XIX Concurso Infantil de Pintura del Medio Rural &#8220;As&#237; es mi pueblo&#8221; y el IX Concurso de Fotograf&#237;a Juvenil &#8220;Mi pueblo, mi gente&#8221;, organizados por ASAJA de Castilla y Le&#243;n con el patrocinio de  la Fundaci&#243;n Villalar Castilla y Le&#243;n.<\/h2>\n<p style=\"text-align: justify;\">\nYa se han fallado el XIX Concurso Infantil de Pintura del Medio Rural &#8220;As&#237; es mi pueblo&#8221; y el IX Concurso de Fotograf&#237;a Juvenil &#8220;Mi pueblo, mi gente&#8221;, organizados por ASAJA de Castilla y Le&#243;n con el patrocinio de &#160;la Fundaci&#243;n Villalar Castilla y Le&#243;n. El jurado, reunido en la sede de las Cortes auton&#243;micas, ha estado formado por su presidenta, Silvia Clemente Municio; el dibujante y humorista gr&#225;fico de ABC Jos&#233; Mar&#237;a Nieto; el fot&#243;grafo Jonathan Tajes, de El D&#237;a de Valladolid, y Donaciano Dujo, presidente de ASAJA de Castilla y Le&#243;n, todos ellos acompa&#241;ados por el director de la Fundaci&#243;n Villalar Castilla y Le&#243;n, Juan Zapatero.<\/p>\n<p style=\"text-align: justify;\">\nCon el concurso de pintura &#8220;As&#237; es mi pueblo&#8221; se pretende que los ni&#241;os del medio rural de Castilla y Le&#243;n muestren sobre el papel el d&#237;a a d&#237;a de los pueblos de nuestra regi&#243;n, dibujando motivos agrarios y ganaderos, paisajes, personas o cualquier otro aspecto cotidiano de la vida rural. El objetivo del concurso &#8220;Mi pueblo, mi gente&#8221; es que los m&#225;s j&#243;venes plasmen en fotograf&#237;as diferentes aspectos de la vida en los pueblos en los que residen o veranean, convirtiendo as&#237; a los adolescentes &#8220;reporteros&#8221; del d&#237;a a d&#237;a rural. Con este certamen, a ASAJA le gustar&#237;a poder implicar en la construcci&#243;n de ese deseable futuro rural a los m&#225;s j&#243;venes, contribuyendo a que valoren sus pueblos de origen.<\/p>\n<p style=\"text-align: justify;\">\n<u>Los premiados en el concurso de <strong>pintura infantil<\/strong> &#8220;As&#237; es mi pueblo&#8221; han sido:<\/u><br \/>\n&#160;<\/p>\n<p>\n<a href=\"\/asaja-informa\/galeria-fotos\/concurso-pintura-infantil\/concurso-pintura-infantil-2013-2\" title=\"Enlace a la galer\u00eda Concurso de pintura infantil 2017\" target=\"_blank\">Enlace a la galer\u00eda \u00abConcurso de pintura infantil 2017\u00bb<\/a><\/p>\n<p style=\"text-align: justify;\">\nPrimera categor&#237;a (hasta 6 a&#241;os de edad)<br \/>\n1&#186; <strong>Claudia Sanz M&#233;ndez<\/strong>, de 6 a&#241;os, de Santo Domingo de las Posadas (&#193;vila)<\/p>\n<p style=\"text-align: justify;\">\n2&#186; <strong>Alba Tejedo Mediavilla<\/strong>, de 6 a&#241;os, de Valdeolmillos (Palencia)<\/p>\n<p style=\"text-align: justify;\">\n<br \/>\nSegunda categor&#237;a (de 7 a 9 a&#241;os de edad)<br \/>\n1&#186; <strong>Leyre Aldea Gonz&#225;lez<\/strong>, de 7 a&#241;os, de &#193;vila<\/p>\n<p style=\"text-align: justify;\">\n2&#186; <strong>Julia Molina Herrero<\/strong>, de 9 a&#241;os, de Covaleda (Soria)<\/p>\n<p style=\"text-align: justify;\">\n<br \/>\nTercera categor&#237;a (de 10 a 13 a&#241;os)<br \/>\n1&#186; <strong>Carla Lezcano Abia<\/strong>, de 11 a&#241;os, de Belbimbre (Burgos)<\/p>\n<p style=\"text-align: justify;\">\n2&#186; <strong>Jorge Mart&#237;nez Fern&#225;ndez, <\/strong>de 12 a&#241;os, de Renedo de la Vega (Palencia)<\/p>\n<p style=\"text-align: justify;\">\n<br \/>\n<u>Los autores de las <strong>fotograf&#237;as premiadas<\/strong> en el concurso &#8220;Mi pueblo, mi gente&#8221; han sido:<\/u><\/p>\n<p style=\"text-align: justify;\">\n<a href=\"\/asaja-informa\/galeria-fotos\/concurso-fotografia-juvenil\/httpwp-asajacyl-comwp-adminpost-phppost8398actionedit\" title=\"Enlace a la galer\u00eda IX Concurso de fotograf\u00eda juvenil 2017\">Enlace a la galer\u00eda \u00abIX Concurso de fotograf\u00eda juvenil 2017\u00bb<\/a><\/p>\n<p style=\"text-align: justify;\">\n1er Premio<br \/>\n<strong>Adriana Ferrer,<\/strong> de 14 a&#241;os, de Le&#243;n<\/p>\n<p>\n<span style=\"text-align: justify;\">Acc&#233;sit<\/span><\/p>\n<p style=\"text-align: justify;\">\n<strong>Nuria Garcinu&#241;o S&#225;ez, <\/strong>de 16 a&#241;os, de Zorita de los Molinos (&#193;vila)<\/p>\n<p style=\"text-align: justify;\">\n<strong>Cecilia D&#237;ez,<\/strong> de 14 a&#241;os, de Gordaliza de la Loma (Valladolid)<\/p>\n<p style=\"text-align: justify;\">\n<br \/>\n&#160;<\/p>\n<p style=\"text-align: justify;\">\nEn los pr&#243;ximos d&#237;as, los ni&#241;os galardonados en el concurso de dibujo recibir&#225;n diferentes regalos, consistentes en material de pintura, lotes de libros y juegos educativos. Respecto al concurso de fotograf&#237;a, los premios son econ&#243;micos (180 y 120 euros, respectivamente 1er premio y dos acc&#233;sit). Adem&#225;s, todos los participantes recibir&#225;n un peque&#241;o obsequio en agradecimiento por su participaci&#243;n.<\/p>\n","protected":false},"excerpt":{"rendered":"<p>Ya se han fallado el XIX Concurso Infantil de Pintura del Medio Rural &#8220;As&#237; es mi pueblo&#8221; y el IX Concurso de Fotograf&#237;a Juvenil &#8220;Mi pueblo, mi gente&#8221;, organizados por ASAJA de Castilla y Le&#243;n con el patrocinio de  la Fundaci&#243;n Villalar Castilla y Le&#243;n.<\/p>\n","protected":false},"author":3,"featured_media":8174,"comment_status":"open","ping_status":"open","sticky":false,"template":"","format":"standard","meta":{"footnotes":""},"categories":[4,9],"tags":[],"yoast_head":"<!-- This site is optimized with the Yoast SEO plugin v24.5 - https:\/\/yoast.com\/wordpress\/plugins\/seo\/ -->\n<title>Ya se conocen los ganadores de los concursos de ASAJA para ni\u00f1os y j\u00f3venes, patrocinados por Fundaci\u00f3n Villalar Castilla y Le\u00f3n - ASAJA Le\u00f3n<\/title>\n<meta name=\"description\" content=\"Ya se han fallado el XIX Concurso Infantil de Pintura del Medio Rural &#8220;As&#237; es mi pueblo&#8221; y el IX Concurso de Fotograf&#237;a Juvenil &#8220;Mi pueblo, mi gente&#8221;, organizados por ASAJA de Castilla y Le&#243;n con el patrocinio de la Fundaci&#243;n Villalar Castilla y Le&#243;n.\" \/>\n<meta name=\"robots\" content=\"index, follow, max-snippet:-1, max-image-preview:large, max-video-preview:-1\" \/>\n<link rel=\"canonical\" href=\"https:\/\/www.asajacyl.com\/leon\/asaja-leon-informa\/ya-se-conocen-los-ganadores-de-los-concursos-de-asaja-para-nios-y-jvenes-patrocinados-por-fundacin-villalar-castilla-y-len\" \/>\n<meta property=\"og:locale\" content=\"es_ES\" \/>\n<meta property=\"og:type\" content=\"article\" \/>\n<meta property=\"og:title\" content=\"Ya se conocen los ganadores de los concursos de ASAJA para ni\u00f1os y j\u00f3venes, patrocinados por Fundaci\u00f3n Villalar Castilla y Le\u00f3n - ASAJA Le\u00f3n\" \/>\n<meta property=\"og:description\" content=\"Ya se han fallado el XIX Concurso Infantil de Pintura del Medio Rural &#8220;As&#237; es mi pueblo&#8221; y el IX Concurso de Fotograf&#237;a Juvenil &#8220;Mi pueblo, mi gente&#8221;, organizados por ASAJA de Castilla y Le&#243;n con el patrocinio de la Fundaci&#243;n Villalar Castilla y Le&#243;n.\" \/>\n<meta property=\"og:url\" content=\"https:\/\/www.asajacyl.com\/leon\/asaja-leon-informa\/ya-se-conocen-los-ganadores-de-los-concursos-de-asaja-para-nios-y-jvenes-patrocinados-por-fundacin-villalar-castilla-y-len\" \/>\n<meta property=\"og:site_name\" content=\"ASAJA Le\u00f3n\" \/>\n<meta property=\"article:published_time\" content=\"2017-10-25T22:00:00+00:00\" \/>\n<meta property=\"article:modified_time\" content=\"2017-11-16T17:29:11+00:00\" \/>\n<meta property=\"og:image\" content=\"https:\/\/www.asajacyl.com\/leon\/wp-content\/uploads\/sites\/6\/2017\/11\/im_predefinida_1920x1080.jpg\" \/>\n\t<meta property=\"og:image:width\" content=\"1920\" \/>\n\t<meta property=\"og:image:height\" content=\"1080\" \/>\n\t<meta property=\"og:image:type\" content=\"image\/jpeg\" \/>\n<meta name=\"author\" content=\"Editor\" \/>\n<meta name=\"twitter:card\" content=\"summary_large_image\" \/>\n<meta name=\"twitter:label1\" content=\"Escrito por\" \/>\n\t<meta name=\"twitter:data1\" content=\"Editor\" \/>\n\t<meta name=\"twitter:label2\" content=\"Tiempo de lectura\" \/>\n\t<meta name=\"twitter:data2\" content=\"3 minutos\" \/>\n<script type=\"application\/ld+json\" class=\"yoast-schema-graph\">{\"@context\":\"https:\/\/schema.org\",\"@graph\":[{\"@type\":\"WebPage\",\"@id\":\"https:\/\/www.asajacyl.com\/leon\/asaja-leon-informa\/ya-se-conocen-los-ganadores-de-los-concursos-de-asaja-para-nios-y-jvenes-patrocinados-por-fundacin-villalar-castilla-y-len\",\"url\":\"https:\/\/www.asajacyl.com\/leon\/asaja-leon-informa\/ya-se-conocen-los-ganadores-de-los-concursos-de-asaja-para-nios-y-jvenes-patrocinados-por-fundacin-villalar-castilla-y-len\",\"name\":\"Ya se conocen los ganadores de los concursos de ASAJA para ni\u00f1os y j\u00f3venes, patrocinados por Fundaci\u00f3n Villalar Castilla y Le\u00f3n - ASAJA Le\u00f3n\",\"isPartOf\":{\"@id\":\"https:\/\/www.asajacyl.com\/leon\/#website\"},\"primaryImageOfPage\":{\"@id\":\"https:\/\/www.asajacyl.com\/leon\/asaja-leon-informa\/ya-se-conocen-los-ganadores-de-los-concursos-de-asaja-para-nios-y-jvenes-patrocinados-por-fundacin-villalar-castilla-y-len#primaryimage\"},\"image\":{\"@id\":\"https:\/\/www.asajacyl.com\/leon\/asaja-leon-informa\/ya-se-conocen-los-ganadores-de-los-concursos-de-asaja-para-nios-y-jvenes-patrocinados-por-fundacin-villalar-castilla-y-len#primaryimage\"},\"thumbnailUrl\":\"https:\/\/www.asajacyl.com\/leon\/wp-content\/uploads\/sites\/6\/2017\/11\/im_predefinida_1920x1080.jpg\",\"datePublished\":\"2017-10-25T22:00:00+00:00\",\"dateModified\":\"2017-11-16T17:29:11+00:00\",\"author\":{\"@id\":\"https:\/\/www.asajacyl.com\/leon\/#\/schema\/person\/7e884476cee132331142e8ac9689f20c\"},\"description\":\"Ya se han fallado el XIX Concurso Infantil de Pintura del Medio Rural &#8220;As&#237; es mi pueblo&#8221; y el IX Concurso de Fotograf&#237;a Juvenil &#8220;Mi pueblo, mi gente&#8221;, organizados por ASAJA de Castilla y Le&#243;n con el patrocinio de la Fundaci&#243;n Villalar Castilla y Le&#243;n.\",\"breadcrumb\":{\"@id\":\"https:\/\/www.asajacyl.com\/leon\/asaja-leon-informa\/ya-se-conocen-los-ganadores-de-los-concursos-de-asaja-para-nios-y-jvenes-patrocinados-por-fundacin-villalar-castilla-y-len#breadcrumb\"},\"inLanguage\":\"es\",\"potentialAction\":[{\"@type\":\"ReadAction\",\"target\":[\"https:\/\/www.asajacyl.com\/leon\/asaja-leon-informa\/ya-se-conocen-los-ganadores-de-los-concursos-de-asaja-para-nios-y-jvenes-patrocinados-por-fundacin-villalar-castilla-y-len\"]}]},{\"@type\":\"ImageObject\",\"inLanguage\":\"es\",\"@id\":\"https:\/\/www.asajacyl.com\/leon\/asaja-leon-informa\/ya-se-conocen-los-ganadores-de-los-concursos-de-asaja-para-nios-y-jvenes-patrocinados-por-fundacin-villalar-castilla-y-len#primaryimage\",\"url\":\"https:\/\/www.asajacyl.com\/leon\/wp-content\/uploads\/sites\/6\/2017\/11\/im_predefinida_1920x1080.jpg\",\"contentUrl\":\"https:\/\/www.asajacyl.com\/leon\/wp-content\/uploads\/sites\/6\/2017\/11\/im_predefinida_1920x1080.jpg\",\"width\":1920,\"height\":1080,\"caption\":\"Logotipo ASAJA Le\u00f3n\"},{\"@type\":\"BreadcrumbList\",\"@id\":\"https:\/\/www.asajacyl.com\/leon\/asaja-leon-informa\/ya-se-conocen-los-ganadores-de-los-concursos-de-asaja-para-nios-y-jvenes-patrocinados-por-fundacin-villalar-castilla-y-len#breadcrumb\",\"itemListElement\":[{\"@type\":\"ListItem\",\"position\":1,\"name\":\"Portada\",\"item\":\"https:\/\/www.asajacyl.com\/leon\/\"},{\"@type\":\"ListItem\",\"position\":2,\"name\":\"Ya se conocen los ganadores de los concursos de ASAJA para ni\u00f1os y j\u00f3venes, patrocinados por Fundaci\u00f3n Villalar Castilla y Le\u00f3n\"}]},{\"@type\":\"WebSite\",\"@id\":\"https:\/\/www.asajacyl.com\/leon\/#website\",\"url\":\"https:\/\/www.asajacyl.com\/leon\/\",\"name\":\"ASAJA Le\u00f3n\",\"description\":\"Otro sitio m\u00e1s de Provincias ASAJA Castilla y Le\u00f3n\",\"potentialAction\":[{\"@type\":\"SearchAction\",\"target\":{\"@type\":\"EntryPoint\",\"urlTemplate\":\"https:\/\/www.asajacyl.com\/leon\/?s={search_term_string}\"},\"query-input\":{\"@type\":\"PropertyValueSpecification\",\"valueRequired\":true,\"valueName\":\"search_term_string\"}}],\"inLanguage\":\"es\"},{\"@type\":\"Person\",\"@id\":\"https:\/\/www.asajacyl.com\/leon\/#\/schema\/person\/7e884476cee132331142e8ac9689f20c\",\"name\":\"Editor\",\"image\":{\"@type\":\"ImageObject\",\"inLanguage\":\"es\",\"@id\":\"https:\/\/www.asajacyl.com\/leon\/#\/schema\/person\/image\/\",\"url\":\"https:\/\/secure.gravatar.com\/avatar\/a2ef43c165669686cfcfb0e1ffa59869?s=96&d=mm&r=g\",\"contentUrl\":\"https:\/\/secure.gravatar.com\/avatar\/a2ef43c165669686cfcfb0e1ffa59869?s=96&d=mm&r=g\",\"caption\":\"Editor\"},\"url\":\"https:\/\/www.asajacyl.com\/leon\/author\/oscargg\"}]}<\/script>\n<!-- \/ Yoast SEO plugin. -->","yoast_head_json":{"title":"Ya se conocen los ganadores de los concursos de ASAJA para ni\u00f1os y j\u00f3venes, patrocinados por Fundaci\u00f3n Villalar Castilla y Le\u00f3n - ASAJA Le\u00f3n","description":"Ya se han fallado el XIX Concurso Infantil de Pintura del Medio Rural &#8220;As&#237; es mi pueblo&#8221; y el IX Concurso de Fotograf&#237;a Juvenil &#8220;Mi pueblo, mi gente&#8221;, organizados por ASAJA de Castilla y Le&#243;n con el patrocinio de la Fundaci&#243;n Villalar Castilla y Le&#243;n.","robots":{"index":"index","follow":"follow","max-snippet":"max-snippet:-1","max-image-preview":"max-image-preview:large","max-video-preview":"max-video-preview:-1"},"canonical":"https:\/\/www.asajacyl.com\/leon\/asaja-leon-informa\/ya-se-conocen-los-ganadores-de-los-concursos-de-asaja-para-nios-y-jvenes-patrocinados-por-fundacin-villalar-castilla-y-len","og_locale":"es_ES","og_type":"article","og_title":"Ya se conocen los ganadores de los concursos de ASAJA para ni\u00f1os y j\u00f3venes, patrocinados por Fundaci\u00f3n Villalar Castilla y Le\u00f3n - ASAJA Le\u00f3n","og_description":"Ya se han fallado el XIX Concurso Infantil de Pintura del Medio Rural &#8220;As&#237; es mi pueblo&#8221; y el IX Concurso de Fotograf&#237;a Juvenil &#8220;Mi pueblo, mi gente&#8221;, organizados por ASAJA de Castilla y Le&#243;n con el patrocinio de la Fundaci&#243;n Villalar Castilla y Le&#243;n.","og_url":"https:\/\/www.asajacyl.com\/leon\/asaja-leon-informa\/ya-se-conocen-los-ganadores-de-los-concursos-de-asaja-para-nios-y-jvenes-patrocinados-por-fundacin-villalar-castilla-y-len","og_site_name":"ASAJA Le\u00f3n","article_published_time":"2017-10-25T22:00:00+00:00","article_modified_time":"2017-11-16T17:29:11+00:00","og_image":[{"width":1920,"height":1080,"url":"https:\/\/www.asajacyl.com\/leon\/wp-content\/uploads\/sites\/6\/2017\/11\/im_predefinida_1920x1080.jpg","type":"image\/jpeg"}],"author":"Editor","twitter_card":"summary_large_image","twitter_misc":{"Escrito por":"Editor","Tiempo de lectura":"3 minutos"},"schema":{"@context":"https:\/\/schema.org","@graph":[{"@type":"WebPage","@id":"https:\/\/www.asajacyl.com\/leon\/asaja-leon-informa\/ya-se-conocen-los-ganadores-de-los-concursos-de-asaja-para-nios-y-jvenes-patrocinados-por-fundacin-villalar-castilla-y-len","url":"https:\/\/www.asajacyl.com\/leon\/asaja-leon-informa\/ya-se-conocen-los-ganadores-de-los-concursos-de-asaja-para-nios-y-jvenes-patrocinados-por-fundacin-villalar-castilla-y-len","name":"Ya se conocen los ganadores de los concursos de ASAJA para ni\u00f1os y j\u00f3venes, patrocinados por Fundaci\u00f3n Villalar Castilla y Le\u00f3n - ASAJA Le\u00f3n","isPartOf":{"@id":"https:\/\/www.asajacyl.com\/leon\/#website"},"primaryImageOfPage":{"@id":"https:\/\/www.asajacyl.com\/leon\/asaja-leon-informa\/ya-se-conocen-los-ganadores-de-los-concursos-de-asaja-para-nios-y-jvenes-patrocinados-por-fundacin-villalar-castilla-y-len#primaryimage"},"image":{"@id":"https:\/\/www.asajacyl.com\/leon\/asaja-leon-informa\/ya-se-conocen-los-ganadores-de-los-concursos-de-asaja-para-nios-y-jvenes-patrocinados-por-fundacin-villalar-castilla-y-len#primaryimage"},"thumbnailUrl":"https:\/\/www.asajacyl.com\/leon\/wp-content\/uploads\/sites\/6\/2017\/11\/im_predefinida_1920x1080.jpg","datePublished":"2017-10-25T22:00:00+00:00","dateModified":"2017-11-16T17:29:11+00:00","author":{"@id":"https:\/\/www.asajacyl.com\/leon\/#\/schema\/person\/7e884476cee132331142e8ac9689f20c"},"description":"Ya se han fallado el XIX Concurso Infantil de Pintura del Medio Rural &#8220;As&#237; es mi pueblo&#8221; y el IX Concurso de Fotograf&#237;a Juvenil &#8220;Mi pueblo, mi gente&#8221;, organizados por ASAJA de Castilla y Le&#243;n con el patrocinio de la Fundaci&#243;n Villalar Castilla y Le&#243;n.","breadcrumb":{"@id":"https:\/\/www.asajacyl.com\/leon\/asaja-leon-informa\/ya-se-conocen-los-ganadores-de-los-concursos-de-asaja-para-nios-y-jvenes-patrocinados-por-fundacin-villalar-castilla-y-len#breadcrumb"},"inLanguage":"es","potentialAction":[{"@type":"ReadAction","target":["https:\/\/www.asajacyl.com\/leon\/asaja-leon-informa\/ya-se-conocen-los-ganadores-de-los-concursos-de-asaja-para-nios-y-jvenes-patrocinados-por-fundacin-villalar-castilla-y-len"]}]},{"@type":"ImageObject","inLanguage":"es","@id":"https:\/\/www.asajacyl.com\/leon\/asaja-leon-informa\/ya-se-conocen-los-ganadores-de-los-concursos-de-asaja-para-nios-y-jvenes-patrocinados-por-fundacin-villalar-castilla-y-len#primaryimage","url":"https:\/\/www.asajacyl.com\/leon\/wp-content\/uploads\/sites\/6\/2017\/11\/im_predefinida_1920x1080.jpg","contentUrl":"https:\/\/www.asajacyl.com\/leon\/wp-content\/uploads\/sites\/6\/2017\/11\/im_predefinida_1920x1080.jpg","width":1920,"height":1080,"caption":"Logotipo ASAJA Le\u00f3n"},{"@type":"BreadcrumbList","@id":"https:\/\/www.asajacyl.com\/leon\/asaja-leon-informa\/ya-se-conocen-los-ganadores-de-los-concursos-de-asaja-para-nios-y-jvenes-patrocinados-por-fundacin-villalar-castilla-y-len#breadcrumb","itemListElement":[{"@type":"ListItem","position":1,"name":"Portada","item":"https:\/\/www.asajacyl.com\/leon\/"},{"@type":"ListItem","position":2,"name":"Ya se conocen los ganadores de los concursos de ASAJA para ni\u00f1os y j\u00f3venes, patrocinados por Fundaci\u00f3n Villalar Castilla y Le\u00f3n"}]},{"@type":"WebSite","@id":"https:\/\/www.asajacyl.com\/leon\/#website","url":"https:\/\/www.asajacyl.com\/leon\/","name":"ASAJA Le\u00f3n","description":"Otro sitio m\u00e1s de Provincias ASAJA Castilla y Le\u00f3n","potentialAction":[{"@type":"SearchAction","target":{"@type":"EntryPoint","urlTemplate":"https:\/\/www.asajacyl.com\/leon\/?s={search_term_string}"},"query-input":{"@type":"PropertyValueSpecification","valueRequired":true,"valueName":"search_term_string"}}],"inLanguage":"es"},{"@type":"Person","@id":"https:\/\/www.asajacyl.com\/leon\/#\/schema\/person\/7e884476cee132331142e8ac9689f20c","name":"Editor","image":{"@type":"ImageObject","inLanguage":"es","@id":"https:\/\/www.asajacyl.com\/leon\/#\/schema\/person\/image\/","url":"https:\/\/secure.gravatar.com\/avatar\/a2ef43c165669686cfcfb0e1ffa59869?s=96&d=mm&r=g","contentUrl":"https:\/\/secure.gravatar.com\/avatar\/a2ef43c165669686cfcfb0e1ffa59869?s=96&d=mm&r=g","caption":"Editor"},"url":"https:\/\/www.asajacyl.com\/leon\/author\/oscargg"}]}},"_links":{"self":[{"href":"https:\/\/www.asajacyl.com\/leon\/wp-json\/wp\/v2\/posts\/73"}],"collection":[{"href":"https:\/\/www.asajacyl.com\/leon\/wp-json\/wp\/v2\/posts"}],"about":[{"href":"https:\/\/www.asajacyl.com\/leon\/wp-json\/wp\/v2\/types\/post"}],"author":[{"embeddable":true,"href":"https:\/\/www.asajacyl.com\/leon\/wp-json\/wp\/v2\/users\/3"}],"replies":[{"embeddable":true,"href":"https:\/\/www.asajacyl.com\/leon\/wp-json\/wp\/v2\/comments?post=73"}],"version-history":[{"count":12,"href":"https:\/\/www.asajacyl.com\/leon\/wp-json\/wp\/v2\/posts\/73\/revisions"}],"predecessor-version":[{"id":6574,"href":"https:\/\/www.asajacyl.com\/leon\/wp-json\/wp\/v2\/posts\/73\/revisions\/6574"}],"wp:featuredmedia":[{"embeddable":true,"href":"https:\/\/www.asajacyl.com\/leon\/wp-json\/wp\/v2\/media\/8174"}],"wp:attachment":[{"href":"https:\/\/www.asajacyl.com\/leon\/wp-json\/wp\/v2\/media?parent=73"}],"wp:term":[{"taxonomy":"category","embeddable":true,"href":"https:\/\/www.asajacyl.com\/leon\/wp-json\/wp\/v2\/categories?post=73"},{"taxonomy":"post_tag","embeddable":true,"href":"https:\/\/www.asajacyl.com\/leon\/wp-json\/wp\/v2\/tags?post=73"}],"curies":[{"name":"wp","href":"https:\/\/api.w.org\/{rel}","templated":true}]}}