{"id":7581,"date":"2012-11-30T00:00:00","date_gmt":"2012-11-29T23:00:00","guid":{"rendered":"http:\/\/www.asajacyl.com\/leon\/sin-categoria\/donaciano-dujo-cierra-hoy-en-len-la-campaa-de-las-elecciones-agrarias"},"modified":"2012-11-30T00:00:00","modified_gmt":"2012-11-29T23:00:00","slug":"donaciano-dujo-cierra-hoy-en-len-la-campaa-de-las-elecciones-agrarias","status":"publish","type":"post","link":"https:\/\/www.asajacyl.com\/leon\/asaja-leon-informa\/donaciano-dujo-cierra-hoy-en-len-la-campaa-de-las-elecciones-agrarias","title":{"rendered":"DONACIANO DUJO CIERRA HOY EN LE&#211;N LA CAMPA&#209;A DE LAS ELECCIONES AGRARIAS"},"content":{"rendered":"<h2>Con dos actos, uno a mediod&#237;a en Le&#243;n y otro en la tarde noche en La Ba&#241;eza, con la presencia en ambos del presidente regional Donaciano Dujo, ASAJA de Le&#243;n cierra hoy la campa&#241;a de las elecciones agrarias que se celebrar&#225;n el domingo y a las que est&#225;n llamados 7.400 agricultores y ganaderos de la provincia.<\/h2>\n<div align=\"center\"><b><font color=\"#003300\">DONACIANO DUJO CIERRA HOY EN LE&#211;N LA CAMPA&#209;A DE LAS ELECCIONES AGRARIAS<\/font><\/b><\/div>\n<div align=\"justify\">&#160;<\/div>\n<div align=\"justify\">Con dos actos, uno a mediod&#237;a en Le&#243;n y otro en la tarde noche en La Ba&#241;eza, con la presencia en ambos del presidente regional Donaciano Dujo, ASAJA de Le&#243;n cierra hoy la campa&#241;a de las elecciones agrarias que se celebrar&#225;n el domingo y a las que est&#225;n llamados 7.400 agricultores y ganaderos de la provincia. ASAJA ha desplegado una intensa campa&#241;a por todos los puntos de la provincia, ocup&#225;ndose de forma sectorial de todos los problemas de los agricultores y ganaderos, hablando de los problemas del campo y del medio rural, de propuestas de soluciones, y aguantando las descalificaciones del resto de organizaciones que concurren al proceso. ASAJA entiende que las otras dos organizaciones, que tuvieron un origen com&#250;n y que comparten los planteamientos ideol&#243;gicos, centren su b&#250;squeda de votos en el electorado de la que hasta ahora ha sido organizaci&#243;n agraria mayoritaria en la provincia, pero se equivocan porque no lo van a tener f&#225;cil: los votos de ASAJA son mayoritariamente de afiliados y simpatizantes fuertemente comprometidos con una organizaci&#243;n que trabaja con criterios exclusivamente profesionales tanto en los servicios como en las reivindicaciones.<\/div>\n<div align=\"justify\">&#160;<\/div>\n<div align=\"justify\">Los dirigentes de ASAJA han estado en 24 actos de campa&#241;a&#160; recogidos en un comunicado de prensa emitido cada d&#237;a, se han enviado a todos los votantes dos cartas y otras dos publicaciones propias con contenido electoral, y se ha utilizado todas las posibilidades que ofrecen las nuevas tecnolog&#237;as destacando la web corporativa de la organizaci&#243;n. La parte m&#225;s medi&#225;tica de la campa&#241;a se ha desarrollado a nivel regional, donde Donaciano Dujo ha desplegado una intensa actividad exponiendo el programa de la organizaci&#243;n, marcando las diferencias de ASAJA con los dem&#225;s y abordando todos y cada uno de los problemas que se plantean desde los diferentes subsectores, a la vez que aguantando una dura y sucia campa&#241;a del resto de oponentes.<\/div>\n<div align=\"justify\">&#160;<\/div>\n<div align=\"justify\"><i><u>EL DOMINGO ASAJA ESTAR&#193; A DISPOSICI&#211;N DE LOS MEDIOS<\/u><\/i><\/div>\n<div align=\"justify\">&#160;<\/div>\n<div align=\"justify\">El domingo, m&#225;s de doscientas personas entre cargos electos de la organizaci&#243;n, apoderados y empleados del sindicato, estar&#225;n colaborando en el proceso electoral. El presidente del sindicato y cabeza de lista por ASAJA, Arsenio Garc&#237;a Vidal, votar&#225; a las 11 horas en la mesa de Santa Marina del Rey.&#160; La sede del sindicato en Paseo Salamanca, ser&#225; el lugar desde el que se siga el recuento electoral y se atienda a los medios para hacer las valoraciones de los resultados, que se espera sean definitivos antes de las 7 de la tarde.<\/div>\n<div align=\"justify\">Le&#243;n, 30 de noviembre de 2012.<\/div>\n","protected":false},"excerpt":{"rendered":"<p>Con dos actos, uno a mediod&#237;a en Le&#243;n y otro en la tarde noche en La Ba&#241;eza, con la presencia en ambos del presidente regional Donaciano Dujo, ASAJA de Le&#243;n cierra hoy la campa&#241;a de las elecciones agrarias que se celebrar&#225;n el domingo y a las que est&#225;n llamados 7.400 agricultores y ganaderos de la provincia.<\/p>\n","protected":false},"author":3,"featured_media":8174,"comment_status":"open","ping_status":"open","sticky":false,"template":"","format":"standard","meta":{"footnotes":""},"categories":[4,9],"tags":[],"yoast_head":"<!-- This site is optimized with the Yoast SEO plugin v24.5 - https:\/\/yoast.com\/wordpress\/plugins\/seo\/ -->\n<title>DONACIANO DUJO CIERRA HOY EN LE&#211;N LA CAMPA&#209;A DE LAS ELECCIONES AGRARIAS - ASAJA Le\u00f3n<\/title>\n<meta name=\"description\" content=\"Con dos actos, uno a mediod&#237;a en Le&#243;n y otro en la tarde noche en La Ba&#241;eza, con la presencia en ambos del presidente regional Donaciano Dujo, ASAJA de Le&#243;n cierra hoy la campa&#241;a de las elecciones agrarias que se celebrar&#225;n el domingo y a las que est&#225;n llamados 7.400 agricultores y ganaderos de la provincia.\" \/>\n<meta name=\"robots\" content=\"index, follow, max-snippet:-1, max-image-preview:large, max-video-preview:-1\" \/>\n<link rel=\"canonical\" href=\"https:\/\/www.asajacyl.com\/leon\/asaja-leon-informa\/donaciano-dujo-cierra-hoy-en-len-la-campaa-de-las-elecciones-agrarias\" \/>\n<meta property=\"og:locale\" content=\"es_ES\" \/>\n<meta property=\"og:type\" content=\"article\" \/>\n<meta property=\"og:title\" content=\"DONACIANO DUJO CIERRA HOY EN LE&#211;N LA CAMPA&#209;A DE LAS ELECCIONES AGRARIAS - ASAJA Le\u00f3n\" \/>\n<meta property=\"og:description\" content=\"Con dos actos, uno a mediod&#237;a en Le&#243;n y otro en la tarde noche en La Ba&#241;eza, con la presencia en ambos del presidente regional Donaciano Dujo, ASAJA de Le&#243;n cierra hoy la campa&#241;a de las elecciones agrarias que se celebrar&#225;n el domingo y a las que est&#225;n llamados 7.400 agricultores y ganaderos de la provincia.\" \/>\n<meta property=\"og:url\" content=\"https:\/\/www.asajacyl.com\/leon\/asaja-leon-informa\/donaciano-dujo-cierra-hoy-en-len-la-campaa-de-las-elecciones-agrarias\" \/>\n<meta property=\"og:site_name\" content=\"ASAJA Le\u00f3n\" \/>\n<meta property=\"article:published_time\" content=\"2012-11-29T23:00:00+00:00\" \/>\n<meta property=\"og:image\" content=\"https:\/\/www.asajacyl.com\/leon\/wp-content\/uploads\/sites\/6\/2017\/11\/im_predefinida_1920x1080.jpg\" \/>\n\t<meta property=\"og:image:width\" content=\"1920\" \/>\n\t<meta property=\"og:image:height\" content=\"1080\" \/>\n\t<meta property=\"og:image:type\" content=\"image\/jpeg\" \/>\n<meta name=\"author\" content=\"Editor\" \/>\n<meta name=\"twitter:card\" content=\"summary_large_image\" \/>\n<meta name=\"twitter:label1\" content=\"Escrito por\" \/>\n\t<meta name=\"twitter:data1\" content=\"Editor\" \/>\n\t<meta name=\"twitter:label2\" content=\"Tiempo de lectura\" \/>\n\t<meta name=\"twitter:data2\" content=\"3 minutos\" \/>\n<script type=\"application\/ld+json\" class=\"yoast-schema-graph\">{\"@context\":\"https:\/\/schema.org\",\"@graph\":[{\"@type\":\"WebPage\",\"@id\":\"https:\/\/www.asajacyl.com\/leon\/asaja-leon-informa\/donaciano-dujo-cierra-hoy-en-len-la-campaa-de-las-elecciones-agrarias\",\"url\":\"https:\/\/www.asajacyl.com\/leon\/asaja-leon-informa\/donaciano-dujo-cierra-hoy-en-len-la-campaa-de-las-elecciones-agrarias\",\"name\":\"DONACIANO DUJO CIERRA HOY EN LE&#211;N LA CAMPA&#209;A DE LAS ELECCIONES AGRARIAS - ASAJA Le\u00f3n\",\"isPartOf\":{\"@id\":\"https:\/\/www.asajacyl.com\/leon\/#website\"},\"primaryImageOfPage\":{\"@id\":\"https:\/\/www.asajacyl.com\/leon\/asaja-leon-informa\/donaciano-dujo-cierra-hoy-en-len-la-campaa-de-las-elecciones-agrarias#primaryimage\"},\"image\":{\"@id\":\"https:\/\/www.asajacyl.com\/leon\/asaja-leon-informa\/donaciano-dujo-cierra-hoy-en-len-la-campaa-de-las-elecciones-agrarias#primaryimage\"},\"thumbnailUrl\":\"https:\/\/www.asajacyl.com\/leon\/wp-content\/uploads\/sites\/6\/2017\/11\/im_predefinida_1920x1080.jpg\",\"datePublished\":\"2012-11-29T23:00:00+00:00\",\"author\":{\"@id\":\"https:\/\/www.asajacyl.com\/leon\/#\/schema\/person\/7e884476cee132331142e8ac9689f20c\"},\"description\":\"Con dos actos, uno a mediod&#237;a en Le&#243;n y otro en la tarde noche en La Ba&#241;eza, con la presencia en ambos del presidente regional Donaciano Dujo, ASAJA de Le&#243;n cierra hoy la campa&#241;a de las elecciones agrarias que se celebrar&#225;n el domingo y a las que est&#225;n llamados 7.400 agricultores y ganaderos de la provincia.\",\"breadcrumb\":{\"@id\":\"https:\/\/www.asajacyl.com\/leon\/asaja-leon-informa\/donaciano-dujo-cierra-hoy-en-len-la-campaa-de-las-elecciones-agrarias#breadcrumb\"},\"inLanguage\":\"es\",\"potentialAction\":[{\"@type\":\"ReadAction\",\"target\":[\"https:\/\/www.asajacyl.com\/leon\/asaja-leon-informa\/donaciano-dujo-cierra-hoy-en-len-la-campaa-de-las-elecciones-agrarias\"]}]},{\"@type\":\"ImageObject\",\"inLanguage\":\"es\",\"@id\":\"https:\/\/www.asajacyl.com\/leon\/asaja-leon-informa\/donaciano-dujo-cierra-hoy-en-len-la-campaa-de-las-elecciones-agrarias#primaryimage\",\"url\":\"https:\/\/www.asajacyl.com\/leon\/wp-content\/uploads\/sites\/6\/2017\/11\/im_predefinida_1920x1080.jpg\",\"contentUrl\":\"https:\/\/www.asajacyl.com\/leon\/wp-content\/uploads\/sites\/6\/2017\/11\/im_predefinida_1920x1080.jpg\",\"width\":1920,\"height\":1080,\"caption\":\"Logotipo ASAJA Le\u00f3n\"},{\"@type\":\"BreadcrumbList\",\"@id\":\"https:\/\/www.asajacyl.com\/leon\/asaja-leon-informa\/donaciano-dujo-cierra-hoy-en-len-la-campaa-de-las-elecciones-agrarias#breadcrumb\",\"itemListElement\":[{\"@type\":\"ListItem\",\"position\":1,\"name\":\"Portada\",\"item\":\"https:\/\/www.asajacyl.com\/leon\/\"},{\"@type\":\"ListItem\",\"position\":2,\"name\":\"DONACIANO DUJO CIERRA HOY EN LE&#211;N LA CAMPA&#209;A DE LAS ELECCIONES AGRARIAS\"}]},{\"@type\":\"WebSite\",\"@id\":\"https:\/\/www.asajacyl.com\/leon\/#website\",\"url\":\"https:\/\/www.asajacyl.com\/leon\/\",\"name\":\"ASAJA Le\u00f3n\",\"description\":\"Otro sitio m\u00e1s de Provincias ASAJA Castilla y Le\u00f3n\",\"potentialAction\":[{\"@type\":\"SearchAction\",\"target\":{\"@type\":\"EntryPoint\",\"urlTemplate\":\"https:\/\/www.asajacyl.com\/leon\/?s={search_term_string}\"},\"query-input\":{\"@type\":\"PropertyValueSpecification\",\"valueRequired\":true,\"valueName\":\"search_term_string\"}}],\"inLanguage\":\"es\"},{\"@type\":\"Person\",\"@id\":\"https:\/\/www.asajacyl.com\/leon\/#\/schema\/person\/7e884476cee132331142e8ac9689f20c\",\"name\":\"Editor\",\"image\":{\"@type\":\"ImageObject\",\"inLanguage\":\"es\",\"@id\":\"https:\/\/www.asajacyl.com\/leon\/#\/schema\/person\/image\/\",\"url\":\"https:\/\/secure.gravatar.com\/avatar\/a2ef43c165669686cfcfb0e1ffa59869?s=96&d=mm&r=g\",\"contentUrl\":\"https:\/\/secure.gravatar.com\/avatar\/a2ef43c165669686cfcfb0e1ffa59869?s=96&d=mm&r=g\",\"caption\":\"Editor\"},\"url\":\"https:\/\/www.asajacyl.com\/leon\/author\/oscargg\"}]}<\/script>\n<!-- \/ Yoast SEO plugin. -->","yoast_head_json":{"title":"DONACIANO DUJO CIERRA HOY EN LE&#211;N LA CAMPA&#209;A DE LAS ELECCIONES AGRARIAS - ASAJA Le\u00f3n","description":"Con dos actos, uno a mediod&#237;a en Le&#243;n y otro en la tarde noche en La Ba&#241;eza, con la presencia en ambos del presidente regional Donaciano Dujo, ASAJA de Le&#243;n cierra hoy la campa&#241;a de las elecciones agrarias que se celebrar&#225;n el domingo y a las que est&#225;n llamados 7.400 agricultores y ganaderos de la provincia.","robots":{"index":"index","follow":"follow","max-snippet":"max-snippet:-1","max-image-preview":"max-image-preview:large","max-video-preview":"max-video-preview:-1"},"canonical":"https:\/\/www.asajacyl.com\/leon\/asaja-leon-informa\/donaciano-dujo-cierra-hoy-en-len-la-campaa-de-las-elecciones-agrarias","og_locale":"es_ES","og_type":"article","og_title":"DONACIANO DUJO CIERRA HOY EN LE&#211;N LA CAMPA&#209;A DE LAS ELECCIONES AGRARIAS - ASAJA Le\u00f3n","og_description":"Con dos actos, uno a mediod&#237;a en Le&#243;n y otro en la tarde noche en La Ba&#241;eza, con la presencia en ambos del presidente regional Donaciano Dujo, ASAJA de Le&#243;n cierra hoy la campa&#241;a de las elecciones agrarias que se celebrar&#225;n el domingo y a las que est&#225;n llamados 7.400 agricultores y ganaderos de la provincia.","og_url":"https:\/\/www.asajacyl.com\/leon\/asaja-leon-informa\/donaciano-dujo-cierra-hoy-en-len-la-campaa-de-las-elecciones-agrarias","og_site_name":"ASAJA Le\u00f3n","article_published_time":"2012-11-29T23:00:00+00:00","og_image":[{"width":1920,"height":1080,"url":"https:\/\/www.asajacyl.com\/leon\/wp-content\/uploads\/sites\/6\/2017\/11\/im_predefinida_1920x1080.jpg","type":"image\/jpeg"}],"author":"Editor","twitter_card":"summary_large_image","twitter_misc":{"Escrito por":"Editor","Tiempo de lectura":"3 minutos"},"schema":{"@context":"https:\/\/schema.org","@graph":[{"@type":"WebPage","@id":"https:\/\/www.asajacyl.com\/leon\/asaja-leon-informa\/donaciano-dujo-cierra-hoy-en-len-la-campaa-de-las-elecciones-agrarias","url":"https:\/\/www.asajacyl.com\/leon\/asaja-leon-informa\/donaciano-dujo-cierra-hoy-en-len-la-campaa-de-las-elecciones-agrarias","name":"DONACIANO DUJO CIERRA HOY EN LE&#211;N LA CAMPA&#209;A DE LAS ELECCIONES AGRARIAS - ASAJA Le\u00f3n","isPartOf":{"@id":"https:\/\/www.asajacyl.com\/leon\/#website"},"primaryImageOfPage":{"@id":"https:\/\/www.asajacyl.com\/leon\/asaja-leon-informa\/donaciano-dujo-cierra-hoy-en-len-la-campaa-de-las-elecciones-agrarias#primaryimage"},"image":{"@id":"https:\/\/www.asajacyl.com\/leon\/asaja-leon-informa\/donaciano-dujo-cierra-hoy-en-len-la-campaa-de-las-elecciones-agrarias#primaryimage"},"thumbnailUrl":"https:\/\/www.asajacyl.com\/leon\/wp-content\/uploads\/sites\/6\/2017\/11\/im_predefinida_1920x1080.jpg","datePublished":"2012-11-29T23:00:00+00:00","author":{"@id":"https:\/\/www.asajacyl.com\/leon\/#\/schema\/person\/7e884476cee132331142e8ac9689f20c"},"description":"Con dos actos, uno a mediod&#237;a en Le&#243;n y otro en la tarde noche en La Ba&#241;eza, con la presencia en ambos del presidente regional Donaciano Dujo, ASAJA de Le&#243;n cierra hoy la campa&#241;a de las elecciones agrarias que se celebrar&#225;n el domingo y a las que est&#225;n llamados 7.400 agricultores y ganaderos de la provincia.","breadcrumb":{"@id":"https:\/\/www.asajacyl.com\/leon\/asaja-leon-informa\/donaciano-dujo-cierra-hoy-en-len-la-campaa-de-las-elecciones-agrarias#breadcrumb"},"inLanguage":"es","potentialAction":[{"@type":"ReadAction","target":["https:\/\/www.asajacyl.com\/leon\/asaja-leon-informa\/donaciano-dujo-cierra-hoy-en-len-la-campaa-de-las-elecciones-agrarias"]}]},{"@type":"ImageObject","inLanguage":"es","@id":"https:\/\/www.asajacyl.com\/leon\/asaja-leon-informa\/donaciano-dujo-cierra-hoy-en-len-la-campaa-de-las-elecciones-agrarias#primaryimage","url":"https:\/\/www.asajacyl.com\/leon\/wp-content\/uploads\/sites\/6\/2017\/11\/im_predefinida_1920x1080.jpg","contentUrl":"https:\/\/www.asajacyl.com\/leon\/wp-content\/uploads\/sites\/6\/2017\/11\/im_predefinida_1920x1080.jpg","width":1920,"height":1080,"caption":"Logotipo ASAJA Le\u00f3n"},{"@type":"BreadcrumbList","@id":"https:\/\/www.asajacyl.com\/leon\/asaja-leon-informa\/donaciano-dujo-cierra-hoy-en-len-la-campaa-de-las-elecciones-agrarias#breadcrumb","itemListElement":[{"@type":"ListItem","position":1,"name":"Portada","item":"https:\/\/www.asajacyl.com\/leon\/"},{"@type":"ListItem","position":2,"name":"DONACIANO DUJO CIERRA HOY EN LE&#211;N LA CAMPA&#209;A DE LAS ELECCIONES AGRARIAS"}]},{"@type":"WebSite","@id":"https:\/\/www.asajacyl.com\/leon\/#website","url":"https:\/\/www.asajacyl.com\/leon\/","name":"ASAJA Le\u00f3n","description":"Otro sitio m\u00e1s de Provincias ASAJA Castilla y Le\u00f3n","potentialAction":[{"@type":"SearchAction","target":{"@type":"EntryPoint","urlTemplate":"https:\/\/www.asajacyl.com\/leon\/?s={search_term_string}"},"query-input":{"@type":"PropertyValueSpecification","valueRequired":true,"valueName":"search_term_string"}}],"inLanguage":"es"},{"@type":"Person","@id":"https:\/\/www.asajacyl.com\/leon\/#\/schema\/person\/7e884476cee132331142e8ac9689f20c","name":"Editor","image":{"@type":"ImageObject","inLanguage":"es","@id":"https:\/\/www.asajacyl.com\/leon\/#\/schema\/person\/image\/","url":"https:\/\/secure.gravatar.com\/avatar\/a2ef43c165669686cfcfb0e1ffa59869?s=96&d=mm&r=g","contentUrl":"https:\/\/secure.gravatar.com\/avatar\/a2ef43c165669686cfcfb0e1ffa59869?s=96&d=mm&r=g","caption":"Editor"},"url":"https:\/\/www.asajacyl.com\/leon\/author\/oscargg"}]}},"_links":{"self":[{"href":"https:\/\/www.asajacyl.com\/leon\/wp-json\/wp\/v2\/posts\/7581"}],"collection":[{"href":"https:\/\/www.asajacyl.com\/leon\/wp-json\/wp\/v2\/posts"}],"about":[{"href":"https:\/\/www.asajacyl.com\/leon\/wp-json\/wp\/v2\/types\/post"}],"author":[{"embeddable":true,"href":"https:\/\/www.asajacyl.com\/leon\/wp-json\/wp\/v2\/users\/3"}],"replies":[{"embeddable":true,"href":"https:\/\/www.asajacyl.com\/leon\/wp-json\/wp\/v2\/comments?post=7581"}],"version-history":[{"count":0,"href":"https:\/\/www.asajacyl.com\/leon\/wp-json\/wp\/v2\/posts\/7581\/revisions"}],"wp:featuredmedia":[{"embeddable":true,"href":"https:\/\/www.asajacyl.com\/leon\/wp-json\/wp\/v2\/media\/8174"}],"wp:attachment":[{"href":"https:\/\/www.asajacyl.com\/leon\/wp-json\/wp\/v2\/media?parent=7581"}],"wp:term":[{"taxonomy":"category","embeddable":true,"href":"https:\/\/www.asajacyl.com\/leon\/wp-json\/wp\/v2\/categories?post=7581"},{"taxonomy":"post_tag","embeddable":true,"href":"https:\/\/www.asajacyl.com\/leon\/wp-json\/wp\/v2\/tags?post=7581"}],"curies":[{"name":"wp","href":"https:\/\/api.w.org\/{rel}","templated":true}]}}