{"id":7587,"date":"2012-11-29T00:00:00","date_gmt":"2012-11-28T23:00:00","guid":{"rendered":"http:\/\/www.asajacyl.com\/leon\/sin-categoria\/asaja-hoy-en-ponferrada-hara-un-llamamiento-a-la-participacin-en-las-elecciones-agrarias-del-domingo"},"modified":"2012-11-29T00:00:00","modified_gmt":"2012-11-28T23:00:00","slug":"asaja-hoy-en-ponferrada-hara-un-llamamiento-a-la-participacin-en-las-elecciones-agrarias-del-domingo","status":"publish","type":"post","link":"https:\/\/www.asajacyl.com\/leon\/asaja-leon-informa\/asaja-hoy-en-ponferrada-hara-un-llamamiento-a-la-participacin-en-las-elecciones-agrarias-del-domingo","title":{"rendered":"ASAJA, HOY EN PONFERRADA, HARA UN  LLAMAMIENTO A LA PARTICIPACI&#211;N EN LAS ELECCIONES AGRARIAS DEL DOMINGO"},"content":{"rendered":"<h2>El sindicato pide un compromiso a las administraciones para que el campo y la ganader&#237;a sean alternativa econ&#243;mica y de empleo, en tiempos de crisis, en la comarca berciana<\/h2>\n<p style=\"text-align: center\">\n<span style=\"color: #006400\"><strong>ASAJA, HOY EN PONFERRADA, HARA UN&#160; LLAMAMIENTO A LA PARTICIPACI&#211;N EN LAS ELECCIONES AGRARIAS DEL DOMINGO<\/strong>&#160;<\/span><\/p>\n<p style=\"text-align: center\">\n<span style=\"color: #0000ff\"><u>El sindicato pide un compromiso a las administraciones para que el campo y la ganader&#237;a sean alternativa econ&#243;mica y de empleo, en tiempos de crisis, en la comarca berciana<\/u>&#160;<\/span><\/p>\n<p style=\"text-align: justify\">\nEl presidente de ASAJA de Le&#243;n, Arsenio Garc&#237;a Vidal, el secretario general del sindicato a nivel provincial y regional, Jos&#233; Antonio Turrado,&#160; y el vicepresidente y delegado de ASAJA en el Bierzo, Roberto Canedo, mantendr&#225;n hoy jueves, a las 21,30 de la noche, en el Hotel Plaza de Ponferrada, una reuni&#243;n con los socios en la comarca como acto de fin de la campa&#241;a de las elecciones agrarias que se celebrar&#225;n el pr&#243;ximo domingo d&#237;a 2. Las elecciones del domingo son sobre todo unas elecciones para medir la representatividad de las diferentes organizaciones profesionales agrarias y fijar la presencia de las mismas en los &#243;rganos de consulta e interlocuci&#243;n con las administraciones, as&#237; como para elegir los &#243;rganos de gobierno de la C&#225;mara Agraria. ASAJA ha centrado la campa&#241;a en poner de manifiesto sus reivindicaciones para los diferentes subsectores agroganaderos, apoyando los cultivos espec&#237;ficos de la comarca berciana y su ganader&#237;a extensiva. La organizaci&#243;n agraria apoya la modernizaci&#243;n de los regad&#237;os, las concentraciones parcelarias asociadas a la mejora de las infraestructuras rurales, la promoci&#243;n de las denominaciones de origen y otros productos de calidad, la continuidad de las subvenciones a los seguros agrarios (ganader&#237;a, frutales y vi&#241;edo), exige que se repongan las ayudas a la modernizaci&#243;n de explotaciones, lucha por unos precios justos, reivindica que todos los cultivos bercianos puedan acogerse a las nuevas ayudas de la PAC, aboga por cooperativas unidas y bien gestionadas, apuesta por la exportaci&#243;n como salida a los vinos de calidad, y considera que una agricultura con apoyos p&#250;blicos reales y eficaces puede convertirse en una alternativa econ&#243;mica y de empleo en el Bierzo.&#160;<\/p>\n<p style=\"text-align: center\">\n<img decoding=\"async\" alt=\"\" src=\"\/leon\/wp-content\/uploads\/sites\/6\/2017\/11\/elecciones_bierzo_1.jpg\" style=\"width: 451px; height: 323px\"\/><\/p>\n<p style=\"text-align: justify\">\nASAJA es la &#250;nica organizaci&#243;n, de las que concurren al proceso electoral, que tiene presencia f&#237;sica en el Bierzo con una oficina permanente para prestar servicios, y que tiene &#243;rganos de gobierno en el &#225;mbito comarcal, as&#237; como la &#250;nica que ha reservado el n&#250;mero dos de la lista para un agricultor de la comarca&#160; &#8211; en este caso el viticultor Jos&#233; Lobato Folgueral-. El compromiso de ASAJA con la comarca, con sus agricultores y ganaderos, est&#225; fuera de toda duda y&#160; comprende tanto las reivindicaciones como los servicios que est&#225; dando a los socios y simpatizantes (tramitaci&#243;n de ayudas, contrataci&#243;n de trabajadores, seguros agrarios, fiscalidad, planes de mejora de explotaciones, informaci&#243;n, cursos de formaci&#243;n,&#8230;).&#160;<\/p>\n<p style=\"text-align: center\">\n<img decoding=\"async\" alt=\"\" src=\"\/leon\/wp-content\/uploads\/sites\/6\/2017\/11\/elecciones_bierzo_2.jpg\" style=\"width: 451px; height: 325px\"\/><\/p>\n<p style=\"text-align: justify\">\nEn la comarca del Bierzo el censo de votantes es de 475 personas f&#237;sicas y jur&#237;dicas y el proceso electoral est&#225; organizado en 18 mesas electorales.&#160; ASAJA trabaja para mejorar la participaci&#243;n y que se aproxime lo m&#225;s posible a la media provincial -que hace cinco a&#241;os fue del 64%- y espera obtener en la comarca m&#225;s del 65 por ciento de los votos emitidos.<\/p>\n<p style=\"text-align: justify\">\nPonferrada, 29 de noviembre de 2012.&#160;<\/p>\n","protected":false},"excerpt":{"rendered":"<p>El sindicato pide un compromiso a las administraciones para que el campo y la ganader&#237;a sean alternativa econ&#243;mica y de empleo, en tiempos de crisis, en la comarca berciana<\/p>\n","protected":false},"author":3,"featured_media":7588,"comment_status":"open","ping_status":"open","sticky":false,"template":"","format":"standard","meta":{"footnotes":""},"categories":[4,9],"tags":[],"yoast_head":"<!-- This site is optimized with the Yoast SEO plugin v24.5 - https:\/\/yoast.com\/wordpress\/plugins\/seo\/ -->\n<title>ASAJA, HOY EN PONFERRADA, HARA UN LLAMAMIENTO A LA PARTICIPACI&#211;N EN LAS ELECCIONES AGRARIAS DEL DOMINGO - ASAJA Le\u00f3n<\/title>\n<meta name=\"description\" content=\"El sindicato pide un compromiso a las administraciones para que el campo y la ganader&#237;a sean alternativa econ&#243;mica y de empleo, en tiempos de crisis, en la comarca berciana\" \/>\n<meta name=\"robots\" content=\"index, follow, max-snippet:-1, max-image-preview:large, max-video-preview:-1\" \/>\n<link rel=\"canonical\" href=\"https:\/\/www.asajacyl.com\/leon\/asaja-leon-informa\/asaja-hoy-en-ponferrada-hara-un-llamamiento-a-la-participacin-en-las-elecciones-agrarias-del-domingo\" \/>\n<meta property=\"og:locale\" content=\"es_ES\" \/>\n<meta property=\"og:type\" content=\"article\" \/>\n<meta property=\"og:title\" content=\"ASAJA, HOY EN PONFERRADA, HARA UN LLAMAMIENTO A LA PARTICIPACI&#211;N EN LAS ELECCIONES AGRARIAS DEL DOMINGO - ASAJA Le\u00f3n\" \/>\n<meta property=\"og:description\" content=\"El sindicato pide un compromiso a las administraciones para que el campo y la ganader&#237;a sean alternativa econ&#243;mica y de empleo, en tiempos de crisis, en la comarca berciana\" \/>\n<meta property=\"og:url\" content=\"https:\/\/www.asajacyl.com\/leon\/asaja-leon-informa\/asaja-hoy-en-ponferrada-hara-un-llamamiento-a-la-participacin-en-las-elecciones-agrarias-del-domingo\" \/>\n<meta property=\"og:site_name\" content=\"ASAJA Le\u00f3n\" \/>\n<meta property=\"article:published_time\" content=\"2012-11-28T23:00:00+00:00\" \/>\n<meta property=\"og:image\" content=\"https:\/\/www.asajacyl.com\/leon\/wp-content\/uploads\/sites\/6\/2017\/11\/elecciones_bierzo_1-1024x768.jpg\" \/>\n\t<meta property=\"og:image:width\" content=\"1024\" \/>\n\t<meta property=\"og:image:height\" content=\"768\" \/>\n\t<meta property=\"og:image:type\" content=\"image\/jpeg\" \/>\n<meta name=\"author\" content=\"Editor\" \/>\n<meta name=\"twitter:card\" content=\"summary_large_image\" \/>\n<meta name=\"twitter:label1\" content=\"Escrito por\" \/>\n\t<meta name=\"twitter:data1\" content=\"Editor\" \/>\n\t<meta name=\"twitter:label2\" content=\"Tiempo de lectura\" \/>\n\t<meta name=\"twitter:data2\" content=\"3 minutos\" \/>\n<script type=\"application\/ld+json\" class=\"yoast-schema-graph\">{\"@context\":\"https:\/\/schema.org\",\"@graph\":[{\"@type\":\"WebPage\",\"@id\":\"https:\/\/www.asajacyl.com\/leon\/asaja-leon-informa\/asaja-hoy-en-ponferrada-hara-un-llamamiento-a-la-participacin-en-las-elecciones-agrarias-del-domingo\",\"url\":\"https:\/\/www.asajacyl.com\/leon\/asaja-leon-informa\/asaja-hoy-en-ponferrada-hara-un-llamamiento-a-la-participacin-en-las-elecciones-agrarias-del-domingo\",\"name\":\"ASAJA, HOY EN PONFERRADA, HARA UN LLAMAMIENTO A LA PARTICIPACI&#211;N EN LAS ELECCIONES AGRARIAS DEL DOMINGO - ASAJA Le\u00f3n\",\"isPartOf\":{\"@id\":\"https:\/\/www.asajacyl.com\/leon\/#website\"},\"primaryImageOfPage\":{\"@id\":\"https:\/\/www.asajacyl.com\/leon\/asaja-leon-informa\/asaja-hoy-en-ponferrada-hara-un-llamamiento-a-la-participacin-en-las-elecciones-agrarias-del-domingo#primaryimage\"},\"image\":{\"@id\":\"https:\/\/www.asajacyl.com\/leon\/asaja-leon-informa\/asaja-hoy-en-ponferrada-hara-un-llamamiento-a-la-participacin-en-las-elecciones-agrarias-del-domingo#primaryimage\"},\"thumbnailUrl\":\"https:\/\/www.asajacyl.com\/leon\/wp-content\/uploads\/sites\/6\/2017\/11\/elecciones_bierzo_1.jpg\",\"datePublished\":\"2012-11-28T23:00:00+00:00\",\"author\":{\"@id\":\"https:\/\/www.asajacyl.com\/leon\/#\/schema\/person\/7e884476cee132331142e8ac9689f20c\"},\"description\":\"El sindicato pide un compromiso a las administraciones para que el campo y la ganader&#237;a sean alternativa econ&#243;mica y de empleo, en tiempos de crisis, en la comarca berciana\",\"breadcrumb\":{\"@id\":\"https:\/\/www.asajacyl.com\/leon\/asaja-leon-informa\/asaja-hoy-en-ponferrada-hara-un-llamamiento-a-la-participacin-en-las-elecciones-agrarias-del-domingo#breadcrumb\"},\"inLanguage\":\"es\",\"potentialAction\":[{\"@type\":\"ReadAction\",\"target\":[\"https:\/\/www.asajacyl.com\/leon\/asaja-leon-informa\/asaja-hoy-en-ponferrada-hara-un-llamamiento-a-la-participacin-en-las-elecciones-agrarias-del-domingo\"]}]},{\"@type\":\"ImageObject\",\"inLanguage\":\"es\",\"@id\":\"https:\/\/www.asajacyl.com\/leon\/asaja-leon-informa\/asaja-hoy-en-ponferrada-hara-un-llamamiento-a-la-participacin-en-las-elecciones-agrarias-del-domingo#primaryimage\",\"url\":\"https:\/\/www.asajacyl.com\/leon\/wp-content\/uploads\/sites\/6\/2017\/11\/elecciones_bierzo_1.jpg\",\"contentUrl\":\"https:\/\/www.asajacyl.com\/leon\/wp-content\/uploads\/sites\/6\/2017\/11\/elecciones_bierzo_1.jpg\",\"width\":4000,\"height\":3000},{\"@type\":\"BreadcrumbList\",\"@id\":\"https:\/\/www.asajacyl.com\/leon\/asaja-leon-informa\/asaja-hoy-en-ponferrada-hara-un-llamamiento-a-la-participacin-en-las-elecciones-agrarias-del-domingo#breadcrumb\",\"itemListElement\":[{\"@type\":\"ListItem\",\"position\":1,\"name\":\"Portada\",\"item\":\"https:\/\/www.asajacyl.com\/leon\/\"},{\"@type\":\"ListItem\",\"position\":2,\"name\":\"ASAJA, HOY EN PONFERRADA, HARA UN LLAMAMIENTO A LA PARTICIPACI&#211;N EN LAS ELECCIONES AGRARIAS DEL DOMINGO\"}]},{\"@type\":\"WebSite\",\"@id\":\"https:\/\/www.asajacyl.com\/leon\/#website\",\"url\":\"https:\/\/www.asajacyl.com\/leon\/\",\"name\":\"ASAJA Le\u00f3n\",\"description\":\"Otro sitio m\u00e1s de Provincias ASAJA Castilla y Le\u00f3n\",\"potentialAction\":[{\"@type\":\"SearchAction\",\"target\":{\"@type\":\"EntryPoint\",\"urlTemplate\":\"https:\/\/www.asajacyl.com\/leon\/?s={search_term_string}\"},\"query-input\":{\"@type\":\"PropertyValueSpecification\",\"valueRequired\":true,\"valueName\":\"search_term_string\"}}],\"inLanguage\":\"es\"},{\"@type\":\"Person\",\"@id\":\"https:\/\/www.asajacyl.com\/leon\/#\/schema\/person\/7e884476cee132331142e8ac9689f20c\",\"name\":\"Editor\",\"image\":{\"@type\":\"ImageObject\",\"inLanguage\":\"es\",\"@id\":\"https:\/\/www.asajacyl.com\/leon\/#\/schema\/person\/image\/\",\"url\":\"https:\/\/secure.gravatar.com\/avatar\/a2ef43c165669686cfcfb0e1ffa59869?s=96&d=mm&r=g\",\"contentUrl\":\"https:\/\/secure.gravatar.com\/avatar\/a2ef43c165669686cfcfb0e1ffa59869?s=96&d=mm&r=g\",\"caption\":\"Editor\"},\"url\":\"https:\/\/www.asajacyl.com\/leon\/author\/oscargg\"}]}<\/script>\n<!-- \/ Yoast SEO plugin. -->","yoast_head_json":{"title":"ASAJA, HOY EN PONFERRADA, HARA UN LLAMAMIENTO A LA PARTICIPACI&#211;N EN LAS ELECCIONES AGRARIAS DEL DOMINGO - ASAJA Le\u00f3n","description":"El sindicato pide un compromiso a las administraciones para que el campo y la ganader&#237;a sean alternativa econ&#243;mica y de empleo, en tiempos de crisis, en la comarca berciana","robots":{"index":"index","follow":"follow","max-snippet":"max-snippet:-1","max-image-preview":"max-image-preview:large","max-video-preview":"max-video-preview:-1"},"canonical":"https:\/\/www.asajacyl.com\/leon\/asaja-leon-informa\/asaja-hoy-en-ponferrada-hara-un-llamamiento-a-la-participacin-en-las-elecciones-agrarias-del-domingo","og_locale":"es_ES","og_type":"article","og_title":"ASAJA, HOY EN PONFERRADA, HARA UN LLAMAMIENTO A LA PARTICIPACI&#211;N EN LAS ELECCIONES AGRARIAS DEL DOMINGO - ASAJA Le\u00f3n","og_description":"El sindicato pide un compromiso a las administraciones para que el campo y la ganader&#237;a sean alternativa econ&#243;mica y de empleo, en tiempos de crisis, en la comarca berciana","og_url":"https:\/\/www.asajacyl.com\/leon\/asaja-leon-informa\/asaja-hoy-en-ponferrada-hara-un-llamamiento-a-la-participacin-en-las-elecciones-agrarias-del-domingo","og_site_name":"ASAJA Le\u00f3n","article_published_time":"2012-11-28T23:00:00+00:00","og_image":[{"width":1024,"height":768,"url":"https:\/\/www.asajacyl.com\/leon\/wp-content\/uploads\/sites\/6\/2017\/11\/elecciones_bierzo_1-1024x768.jpg","type":"image\/jpeg"}],"author":"Editor","twitter_card":"summary_large_image","twitter_misc":{"Escrito por":"Editor","Tiempo de lectura":"3 minutos"},"schema":{"@context":"https:\/\/schema.org","@graph":[{"@type":"WebPage","@id":"https:\/\/www.asajacyl.com\/leon\/asaja-leon-informa\/asaja-hoy-en-ponferrada-hara-un-llamamiento-a-la-participacin-en-las-elecciones-agrarias-del-domingo","url":"https:\/\/www.asajacyl.com\/leon\/asaja-leon-informa\/asaja-hoy-en-ponferrada-hara-un-llamamiento-a-la-participacin-en-las-elecciones-agrarias-del-domingo","name":"ASAJA, HOY EN PONFERRADA, HARA UN LLAMAMIENTO A LA PARTICIPACI&#211;N EN LAS ELECCIONES AGRARIAS DEL DOMINGO - ASAJA Le\u00f3n","isPartOf":{"@id":"https:\/\/www.asajacyl.com\/leon\/#website"},"primaryImageOfPage":{"@id":"https:\/\/www.asajacyl.com\/leon\/asaja-leon-informa\/asaja-hoy-en-ponferrada-hara-un-llamamiento-a-la-participacin-en-las-elecciones-agrarias-del-domingo#primaryimage"},"image":{"@id":"https:\/\/www.asajacyl.com\/leon\/asaja-leon-informa\/asaja-hoy-en-ponferrada-hara-un-llamamiento-a-la-participacin-en-las-elecciones-agrarias-del-domingo#primaryimage"},"thumbnailUrl":"https:\/\/www.asajacyl.com\/leon\/wp-content\/uploads\/sites\/6\/2017\/11\/elecciones_bierzo_1.jpg","datePublished":"2012-11-28T23:00:00+00:00","author":{"@id":"https:\/\/www.asajacyl.com\/leon\/#\/schema\/person\/7e884476cee132331142e8ac9689f20c"},"description":"El sindicato pide un compromiso a las administraciones para que el campo y la ganader&#237;a sean alternativa econ&#243;mica y de empleo, en tiempos de crisis, en la comarca berciana","breadcrumb":{"@id":"https:\/\/www.asajacyl.com\/leon\/asaja-leon-informa\/asaja-hoy-en-ponferrada-hara-un-llamamiento-a-la-participacin-en-las-elecciones-agrarias-del-domingo#breadcrumb"},"inLanguage":"es","potentialAction":[{"@type":"ReadAction","target":["https:\/\/www.asajacyl.com\/leon\/asaja-leon-informa\/asaja-hoy-en-ponferrada-hara-un-llamamiento-a-la-participacin-en-las-elecciones-agrarias-del-domingo"]}]},{"@type":"ImageObject","inLanguage":"es","@id":"https:\/\/www.asajacyl.com\/leon\/asaja-leon-informa\/asaja-hoy-en-ponferrada-hara-un-llamamiento-a-la-participacin-en-las-elecciones-agrarias-del-domingo#primaryimage","url":"https:\/\/www.asajacyl.com\/leon\/wp-content\/uploads\/sites\/6\/2017\/11\/elecciones_bierzo_1.jpg","contentUrl":"https:\/\/www.asajacyl.com\/leon\/wp-content\/uploads\/sites\/6\/2017\/11\/elecciones_bierzo_1.jpg","width":4000,"height":3000},{"@type":"BreadcrumbList","@id":"https:\/\/www.asajacyl.com\/leon\/asaja-leon-informa\/asaja-hoy-en-ponferrada-hara-un-llamamiento-a-la-participacin-en-las-elecciones-agrarias-del-domingo#breadcrumb","itemListElement":[{"@type":"ListItem","position":1,"name":"Portada","item":"https:\/\/www.asajacyl.com\/leon\/"},{"@type":"ListItem","position":2,"name":"ASAJA, HOY EN PONFERRADA, HARA UN LLAMAMIENTO A LA PARTICIPACI&#211;N EN LAS ELECCIONES AGRARIAS DEL DOMINGO"}]},{"@type":"WebSite","@id":"https:\/\/www.asajacyl.com\/leon\/#website","url":"https:\/\/www.asajacyl.com\/leon\/","name":"ASAJA Le\u00f3n","description":"Otro sitio m\u00e1s de Provincias ASAJA Castilla y Le\u00f3n","potentialAction":[{"@type":"SearchAction","target":{"@type":"EntryPoint","urlTemplate":"https:\/\/www.asajacyl.com\/leon\/?s={search_term_string}"},"query-input":{"@type":"PropertyValueSpecification","valueRequired":true,"valueName":"search_term_string"}}],"inLanguage":"es"},{"@type":"Person","@id":"https:\/\/www.asajacyl.com\/leon\/#\/schema\/person\/7e884476cee132331142e8ac9689f20c","name":"Editor","image":{"@type":"ImageObject","inLanguage":"es","@id":"https:\/\/www.asajacyl.com\/leon\/#\/schema\/person\/image\/","url":"https:\/\/secure.gravatar.com\/avatar\/a2ef43c165669686cfcfb0e1ffa59869?s=96&d=mm&r=g","contentUrl":"https:\/\/secure.gravatar.com\/avatar\/a2ef43c165669686cfcfb0e1ffa59869?s=96&d=mm&r=g","caption":"Editor"},"url":"https:\/\/www.asajacyl.com\/leon\/author\/oscargg"}]}},"_links":{"self":[{"href":"https:\/\/www.asajacyl.com\/leon\/wp-json\/wp\/v2\/posts\/7587"}],"collection":[{"href":"https:\/\/www.asajacyl.com\/leon\/wp-json\/wp\/v2\/posts"}],"about":[{"href":"https:\/\/www.asajacyl.com\/leon\/wp-json\/wp\/v2\/types\/post"}],"author":[{"embeddable":true,"href":"https:\/\/www.asajacyl.com\/leon\/wp-json\/wp\/v2\/users\/3"}],"replies":[{"embeddable":true,"href":"https:\/\/www.asajacyl.com\/leon\/wp-json\/wp\/v2\/comments?post=7587"}],"version-history":[{"count":0,"href":"https:\/\/www.asajacyl.com\/leon\/wp-json\/wp\/v2\/posts\/7587\/revisions"}],"wp:featuredmedia":[{"embeddable":true,"href":"https:\/\/www.asajacyl.com\/leon\/wp-json\/wp\/v2\/media\/7588"}],"wp:attachment":[{"href":"https:\/\/www.asajacyl.com\/leon\/wp-json\/wp\/v2\/media?parent=7587"}],"wp:term":[{"taxonomy":"category","embeddable":true,"href":"https:\/\/www.asajacyl.com\/leon\/wp-json\/wp\/v2\/categories?post=7587"},{"taxonomy":"post_tag","embeddable":true,"href":"https:\/\/www.asajacyl.com\/leon\/wp-json\/wp\/v2\/tags?post=7587"}],"curies":[{"name":"wp","href":"https:\/\/api.w.org\/{rel}","templated":true}]}}