{"id":7590,"date":"2012-11-28T00:00:00","date_gmt":"2012-11-27T23:00:00","guid":{"rendered":"http:\/\/www.asajacyl.com\/leon\/sin-categoria\/el-presidente-de-asaja-visit-la-cmara-agraria-de-leon"},"modified":"2012-11-28T00:00:00","modified_gmt":"2012-11-27T23:00:00","slug":"el-presidente-de-asaja-visit-la-cmara-agraria-de-leon","status":"publish","type":"post","link":"https:\/\/www.asajacyl.com\/leon\/asaja-leon-informa\/el-presidente-de-asaja-visit-la-cmara-agraria-de-leon","title":{"rendered":"EL PRESIDENTE DE ASAJA VISIT&#211; LA C&#193;MARA AGRARIA DE LEON"},"content":{"rendered":"<h2>Compromiso del sindicato con la Lonja Agropecuaria y con los servicios a las Juntas Agropecuarias Locales<\/h2>\n<p align=\"center\" class=\"MsoNormal\" style=\"text-align: center; margin: 0cm 0cm 0pt; tab-stops: 58.5pt\">\n<b style=\"mso-bidi-font-weight: normal\"><span style=\"font-family: arial\"><font size=\"2\"><font face=\"Verdana\"><font color=\"#003300\">EL PRESIDENTE DE ASAJA VISIT&#211; LA C&#193;MARA AGRARIA DE LEON&#160;<\/font><\/font><\/font><\/span><\/b><\/p>\n<p>\n&#160;<\/p>\n<p>\n<span style=\"font-family: arial\"><font size=\"2\"><font face=\"Verdana\"><font color=\"#0000ff\"><u>Compromiso del sindicato con la Lonja Agropecuaria y con los servicios a las Juntas Agropecuarias Locales <\/u><\/font><\/font><\/font><\/span><\/p>\n<p align=\"justify\">\n<span style=\"font-family: arial\"><font size=\"2\"><font face=\"Verdana\"><font color=\"#0000ff\"><span style=\"font-family: arial\"><font size=\"2\"><font color=\"#000000\" face=\"Verdana\">&#160;El presidente de ASAJA de Le&#243;n y cabeza de lista en la candidatura de ASAJA a las elecciones agrarias del pr&#243;ximo domingo, Arsenio Garc&#237;a Vidal, ha visitado hoy la C&#225;maras Agraria Provincial y se ha comprometido a seguir ofreciendo el servicio de gestionar la <b style=\"mso-bidi-font-weight: normal\">Lonja<span style=\"mso-spacerun: yes\">&#160; <\/span>Agropecuaria<\/b>, desde la C&#225;mara Agraria, si el sindicato gana las elecciones. La creaci&#243;n de una lonja de precios fue un acuerdo de la C&#225;mara Agraria de Le&#243;n que se llev&#243; a cabo en el a&#241;o 2007 siendo presidente de la instituci&#243;n Fausto Sevilla, servicio que ha sido posible por el esfuerzo de agricultores e industriales que participan en las sesiones y por la subvenci&#243;n de la Diputaci&#243;n de Le&#243;n para sufragar parte de sus gastos. Desde entonces, celebra sesiones los mi&#233;rcoles, cada 15 d&#237;as, reflejando las cotizaciones en origen, en la provincia de Le&#243;n, de las principales producciones agroganaderas, siendo lonja de referencia en algunas de ellas como el ma&#237;z. Para ASAJA, salvado si es posible es gran escollo econ&#243;mico por el recorte de presupuestos de la Junta, la funci&#243;n de la C&#225;mara Agraria ha de ser la de representaci&#243;n institucional, gesti&#243;n de la Lonja y prestar servicios a las Juntas Agropecuarias Locales.<\/font><\/font><\/span><\/font><\/font><\/font><\/span><\/p>\n<p class=\"MsoNormal\" style=\"text-align: justify; margin: 0cm 0cm 0pt; tab-stops: 58.5pt\">\n&#160;<\/p>\n<p class=\"MsoNormal\" style=\"text-align: justify; margin: 0cm 0cm 0pt; tab-stops: 58.5pt\">\n<span style=\"font-family: arial\"><font size=\"2\"><font face=\"Verdana\"><img loading=\"lazy\" decoding=\"async\" alt=\"\" height=\"482\" src=\"\/leon\/wp-content\/uploads\/sites\/6\/2017\/11\/camara_agraria_leon_006.jpg\" style=\"width: 553px; height: 482px\" width=\"450\"\/> <\/font><\/font><\/span><\/p>\n<p style=\"text-align: justify\">\n<span style=\"font-family: arial\"><font size=\"2\"><font face=\"Verdana\">ASAJA desconoce si la toma de posesi&#243;n de los nuevos miembros de la C&#225;mara Agraria se har&#225; con las modificaciones legales que se van a introducir en la Ley de Acompa&#241;amiento de los Presupuestos Generales de la Junta, ya que, de ser as&#237;, el presidente no ser&#225; el cabeza de lista m&#225;s votada sino el que obtenga la mayor&#237;a absoluta de votos en el pleno constituyente. ASAJA est&#225; en contra de esta modificaci&#243;n legislativa ya que supone un paso atr&#225;s y supone, en l&#237;nea con lo que ocurre en las entidades locales, dar a las minor&#237;as un poder que no le corresponde. ASAJA tampoco cree que el problema de la financiaci&#243;n se soluciones con la modificaci&#243;n legal para poder cobrar por los servicios prestados, pues las juntas agropecuarias, en n&#250;mero de 82 en la provincia de Le&#243;n, tienen un presupuesto muy modesto. Las JJ.AA.LL. de la provincia, con personalidad jur&#237;dica propia y sin dependencia org&#225;nica de la C&#225;mara, gestionan el aprovechamiento de 200.000 hect&#225;reas de pastos, tienen unos ingresos anuales por los pastos y otros recursos entorno a los 600.000 euros, y hacen inversiones en bienes de uso colectivo por importe aproximado de 250.000 euros al a&#241;o.&#160;<\/font><\/font><\/span><\/p>\n<p class=\"MsoNormal\" style=\"text-align: justify; margin: 0cm 0cm 0pt; tab-stops: 58.5pt\">\n<span style=\"font-family: arial\"><font size=\"2\"><font face=\"Verdana\">A poco m&#225;s de cuarenta y ocho horas del cierre de la campa&#241;a electoral, ASAJA est&#225; muy satisfecha del trabajo de estos quince d&#237;as, en los cuales el sindicato ha dado a conocer los problemas de cada uno de los diferentes subsectores y ha planteado las reivindicaciones para los mismos, centrando los actos en visitas a explotaciones, celebraci&#243;n de reuniones informativas y contacto directo con socios y simpatizantes. Todos los votantes han recibido de ASAJA <span style=\"mso-spacerun: yes\">&#160;<\/span>cuatro env&#237;os por Correos: una carta del presidente con el programa y la papeleta electoral, un ejemplar de la edici&#243;n especial<span style=\"mso-spacerun: yes\">&#160; <\/span>de Campo Leon&#233;s, ejemplar de edici&#243;n especial de Campo Regional y una carta personal de presidente regional, Donaciano Dujo. <span style=\"mso-spacerun: yes\">&#160;<\/span>Internet y las redes sociales han jugado tambi&#233;n un papel destacad&#237;simo en esta campa&#241;a. La organizaci&#243;n cree que ha conseguido trasladar a los votantes la importancia del proceso electoral, que ha trasladado un mensaje profesional diferenciado del de otras opciones, y que es probable una mayor participaci&#243;n en las urnas, que se situar&#237;a entre el 65 y el 75% del censo de 7.400 votantes. <\/font><\/font><\/span><\/p>\n<p>\n<span style=\"font-family: arial\"><font size=\"2\"><font face=\"Verdana\">&#160;<\/font><\/font><\/span><\/p>\n<p>\n&#160;<\/p>\n<p>\n&#160;<\/p>\n<p>\n&#160;<\/p>\n<p align=\"right\" class=\"MsoNormal\" style=\"text-align: right; margin: 0cm 0cm 0pt; tab-stops: 58.5pt\">\n<span style=\"font-family: arial; font-size: 8pt\"><font size=\"2\"><font face=\"Verdana\">Le&#243;n, 28 de noviembre de 2012. <\/font><\/font><\/span><\/p>\n<p>\n<span style=\"font-family: arial; font-size: 8pt\"><font size=\"2\"><font face=\"Verdana\">&#160;<\/font><\/font><\/span><\/p>\n<p>\n&#160;<\/p>\n<p>\n&#160;<\/p>\n<p>\n&#160;<\/p>\n","protected":false},"excerpt":{"rendered":"<p>Compromiso del sindicato con la Lonja Agropecuaria y con los servicios a las Juntas Agropecuarias Locales<\/p>\n","protected":false},"author":3,"featured_media":7591,"comment_status":"open","ping_status":"open","sticky":false,"template":"","format":"standard","meta":{"footnotes":""},"categories":[4,9],"tags":[],"yoast_head":"<!-- This site is optimized with the Yoast SEO plugin v24.5 - https:\/\/yoast.com\/wordpress\/plugins\/seo\/ -->\n<title>EL PRESIDENTE DE ASAJA VISIT&#211; LA C&#193;MARA AGRARIA DE LEON - ASAJA Le\u00f3n<\/title>\n<meta name=\"description\" content=\"Compromiso del sindicato con la Lonja Agropecuaria y con los servicios a las Juntas Agropecuarias Locales\" \/>\n<meta name=\"robots\" content=\"index, follow, max-snippet:-1, max-image-preview:large, max-video-preview:-1\" \/>\n<link rel=\"canonical\" href=\"https:\/\/www.asajacyl.com\/leon\/asaja-leon-informa\/el-presidente-de-asaja-visit-la-cmara-agraria-de-leon\" \/>\n<meta property=\"og:locale\" content=\"es_ES\" \/>\n<meta property=\"og:type\" content=\"article\" \/>\n<meta property=\"og:title\" content=\"EL PRESIDENTE DE ASAJA VISIT&#211; LA C&#193;MARA AGRARIA DE LEON - ASAJA Le\u00f3n\" \/>\n<meta property=\"og:description\" content=\"Compromiso del sindicato con la Lonja Agropecuaria y con los servicios a las Juntas Agropecuarias Locales\" \/>\n<meta property=\"og:url\" content=\"https:\/\/www.asajacyl.com\/leon\/asaja-leon-informa\/el-presidente-de-asaja-visit-la-cmara-agraria-de-leon\" \/>\n<meta property=\"og:site_name\" content=\"ASAJA Le\u00f3n\" \/>\n<meta property=\"article:published_time\" content=\"2012-11-27T23:00:00+00:00\" \/>\n<meta property=\"og:image\" content=\"https:\/\/www.asajacyl.com\/leon\/wp-content\/uploads\/sites\/6\/2017\/11\/camara_agraria_leon_006.jpg\" \/>\n\t<meta property=\"og:image:width\" content=\"2503\" \/>\n\t<meta property=\"og:image:height\" content=\"2419\" \/>\n\t<meta property=\"og:image:type\" content=\"image\/jpeg\" \/>\n<meta name=\"author\" content=\"Editor\" \/>\n<meta name=\"twitter:card\" content=\"summary_large_image\" \/>\n<meta name=\"twitter:label1\" content=\"Escrito por\" \/>\n\t<meta name=\"twitter:data1\" content=\"Editor\" \/>\n\t<meta name=\"twitter:label2\" content=\"Tiempo de lectura\" \/>\n\t<meta name=\"twitter:data2\" content=\"3 minutos\" \/>\n<script type=\"application\/ld+json\" class=\"yoast-schema-graph\">{\"@context\":\"https:\/\/schema.org\",\"@graph\":[{\"@type\":\"WebPage\",\"@id\":\"https:\/\/www.asajacyl.com\/leon\/asaja-leon-informa\/el-presidente-de-asaja-visit-la-cmara-agraria-de-leon\",\"url\":\"https:\/\/www.asajacyl.com\/leon\/asaja-leon-informa\/el-presidente-de-asaja-visit-la-cmara-agraria-de-leon\",\"name\":\"EL PRESIDENTE DE ASAJA VISIT&#211; LA C&#193;MARA AGRARIA DE LEON - ASAJA Le\u00f3n\",\"isPartOf\":{\"@id\":\"https:\/\/www.asajacyl.com\/leon\/#website\"},\"primaryImageOfPage\":{\"@id\":\"https:\/\/www.asajacyl.com\/leon\/asaja-leon-informa\/el-presidente-de-asaja-visit-la-cmara-agraria-de-leon#primaryimage\"},\"image\":{\"@id\":\"https:\/\/www.asajacyl.com\/leon\/asaja-leon-informa\/el-presidente-de-asaja-visit-la-cmara-agraria-de-leon#primaryimage\"},\"thumbnailUrl\":\"https:\/\/www.asajacyl.com\/leon\/wp-content\/uploads\/sites\/6\/2017\/11\/camara_agraria_leon_006.jpg\",\"datePublished\":\"2012-11-27T23:00:00+00:00\",\"author\":{\"@id\":\"https:\/\/www.asajacyl.com\/leon\/#\/schema\/person\/7e884476cee132331142e8ac9689f20c\"},\"description\":\"Compromiso del sindicato con la Lonja Agropecuaria y con los servicios a las Juntas Agropecuarias Locales\",\"breadcrumb\":{\"@id\":\"https:\/\/www.asajacyl.com\/leon\/asaja-leon-informa\/el-presidente-de-asaja-visit-la-cmara-agraria-de-leon#breadcrumb\"},\"inLanguage\":\"es\",\"potentialAction\":[{\"@type\":\"ReadAction\",\"target\":[\"https:\/\/www.asajacyl.com\/leon\/asaja-leon-informa\/el-presidente-de-asaja-visit-la-cmara-agraria-de-leon\"]}]},{\"@type\":\"ImageObject\",\"inLanguage\":\"es\",\"@id\":\"https:\/\/www.asajacyl.com\/leon\/asaja-leon-informa\/el-presidente-de-asaja-visit-la-cmara-agraria-de-leon#primaryimage\",\"url\":\"https:\/\/www.asajacyl.com\/leon\/wp-content\/uploads\/sites\/6\/2017\/11\/camara_agraria_leon_006.jpg\",\"contentUrl\":\"https:\/\/www.asajacyl.com\/leon\/wp-content\/uploads\/sites\/6\/2017\/11\/camara_agraria_leon_006.jpg\",\"width\":2503,\"height\":2419},{\"@type\":\"BreadcrumbList\",\"@id\":\"https:\/\/www.asajacyl.com\/leon\/asaja-leon-informa\/el-presidente-de-asaja-visit-la-cmara-agraria-de-leon#breadcrumb\",\"itemListElement\":[{\"@type\":\"ListItem\",\"position\":1,\"name\":\"Portada\",\"item\":\"https:\/\/www.asajacyl.com\/leon\/\"},{\"@type\":\"ListItem\",\"position\":2,\"name\":\"EL PRESIDENTE DE ASAJA VISIT&#211; LA C&#193;MARA AGRARIA DE LEON\"}]},{\"@type\":\"WebSite\",\"@id\":\"https:\/\/www.asajacyl.com\/leon\/#website\",\"url\":\"https:\/\/www.asajacyl.com\/leon\/\",\"name\":\"ASAJA Le\u00f3n\",\"description\":\"Otro sitio m\u00e1s de Provincias ASAJA Castilla y Le\u00f3n\",\"potentialAction\":[{\"@type\":\"SearchAction\",\"target\":{\"@type\":\"EntryPoint\",\"urlTemplate\":\"https:\/\/www.asajacyl.com\/leon\/?s={search_term_string}\"},\"query-input\":{\"@type\":\"PropertyValueSpecification\",\"valueRequired\":true,\"valueName\":\"search_term_string\"}}],\"inLanguage\":\"es\"},{\"@type\":\"Person\",\"@id\":\"https:\/\/www.asajacyl.com\/leon\/#\/schema\/person\/7e884476cee132331142e8ac9689f20c\",\"name\":\"Editor\",\"image\":{\"@type\":\"ImageObject\",\"inLanguage\":\"es\",\"@id\":\"https:\/\/www.asajacyl.com\/leon\/#\/schema\/person\/image\/\",\"url\":\"https:\/\/secure.gravatar.com\/avatar\/a2ef43c165669686cfcfb0e1ffa59869?s=96&d=mm&r=g\",\"contentUrl\":\"https:\/\/secure.gravatar.com\/avatar\/a2ef43c165669686cfcfb0e1ffa59869?s=96&d=mm&r=g\",\"caption\":\"Editor\"},\"url\":\"https:\/\/www.asajacyl.com\/leon\/author\/oscargg\"}]}<\/script>\n<!-- \/ Yoast SEO plugin. -->","yoast_head_json":{"title":"EL PRESIDENTE DE ASAJA VISIT&#211; LA C&#193;MARA AGRARIA DE LEON - ASAJA Le\u00f3n","description":"Compromiso del sindicato con la Lonja Agropecuaria y con los servicios a las Juntas Agropecuarias Locales","robots":{"index":"index","follow":"follow","max-snippet":"max-snippet:-1","max-image-preview":"max-image-preview:large","max-video-preview":"max-video-preview:-1"},"canonical":"https:\/\/www.asajacyl.com\/leon\/asaja-leon-informa\/el-presidente-de-asaja-visit-la-cmara-agraria-de-leon","og_locale":"es_ES","og_type":"article","og_title":"EL PRESIDENTE DE ASAJA VISIT&#211; LA C&#193;MARA AGRARIA DE LEON - ASAJA Le\u00f3n","og_description":"Compromiso del sindicato con la Lonja Agropecuaria y con los servicios a las Juntas Agropecuarias Locales","og_url":"https:\/\/www.asajacyl.com\/leon\/asaja-leon-informa\/el-presidente-de-asaja-visit-la-cmara-agraria-de-leon","og_site_name":"ASAJA Le\u00f3n","article_published_time":"2012-11-27T23:00:00+00:00","og_image":[{"width":2503,"height":2419,"url":"https:\/\/www.asajacyl.com\/leon\/wp-content\/uploads\/sites\/6\/2017\/11\/camara_agraria_leon_006.jpg","type":"image\/jpeg"}],"author":"Editor","twitter_card":"summary_large_image","twitter_misc":{"Escrito por":"Editor","Tiempo de lectura":"3 minutos"},"schema":{"@context":"https:\/\/schema.org","@graph":[{"@type":"WebPage","@id":"https:\/\/www.asajacyl.com\/leon\/asaja-leon-informa\/el-presidente-de-asaja-visit-la-cmara-agraria-de-leon","url":"https:\/\/www.asajacyl.com\/leon\/asaja-leon-informa\/el-presidente-de-asaja-visit-la-cmara-agraria-de-leon","name":"EL PRESIDENTE DE ASAJA VISIT&#211; LA C&#193;MARA AGRARIA DE LEON - ASAJA Le\u00f3n","isPartOf":{"@id":"https:\/\/www.asajacyl.com\/leon\/#website"},"primaryImageOfPage":{"@id":"https:\/\/www.asajacyl.com\/leon\/asaja-leon-informa\/el-presidente-de-asaja-visit-la-cmara-agraria-de-leon#primaryimage"},"image":{"@id":"https:\/\/www.asajacyl.com\/leon\/asaja-leon-informa\/el-presidente-de-asaja-visit-la-cmara-agraria-de-leon#primaryimage"},"thumbnailUrl":"https:\/\/www.asajacyl.com\/leon\/wp-content\/uploads\/sites\/6\/2017\/11\/camara_agraria_leon_006.jpg","datePublished":"2012-11-27T23:00:00+00:00","author":{"@id":"https:\/\/www.asajacyl.com\/leon\/#\/schema\/person\/7e884476cee132331142e8ac9689f20c"},"description":"Compromiso del sindicato con la Lonja Agropecuaria y con los servicios a las Juntas Agropecuarias Locales","breadcrumb":{"@id":"https:\/\/www.asajacyl.com\/leon\/asaja-leon-informa\/el-presidente-de-asaja-visit-la-cmara-agraria-de-leon#breadcrumb"},"inLanguage":"es","potentialAction":[{"@type":"ReadAction","target":["https:\/\/www.asajacyl.com\/leon\/asaja-leon-informa\/el-presidente-de-asaja-visit-la-cmara-agraria-de-leon"]}]},{"@type":"ImageObject","inLanguage":"es","@id":"https:\/\/www.asajacyl.com\/leon\/asaja-leon-informa\/el-presidente-de-asaja-visit-la-cmara-agraria-de-leon#primaryimage","url":"https:\/\/www.asajacyl.com\/leon\/wp-content\/uploads\/sites\/6\/2017\/11\/camara_agraria_leon_006.jpg","contentUrl":"https:\/\/www.asajacyl.com\/leon\/wp-content\/uploads\/sites\/6\/2017\/11\/camara_agraria_leon_006.jpg","width":2503,"height":2419},{"@type":"BreadcrumbList","@id":"https:\/\/www.asajacyl.com\/leon\/asaja-leon-informa\/el-presidente-de-asaja-visit-la-cmara-agraria-de-leon#breadcrumb","itemListElement":[{"@type":"ListItem","position":1,"name":"Portada","item":"https:\/\/www.asajacyl.com\/leon\/"},{"@type":"ListItem","position":2,"name":"EL PRESIDENTE DE ASAJA VISIT&#211; LA C&#193;MARA AGRARIA DE LEON"}]},{"@type":"WebSite","@id":"https:\/\/www.asajacyl.com\/leon\/#website","url":"https:\/\/www.asajacyl.com\/leon\/","name":"ASAJA Le\u00f3n","description":"Otro sitio m\u00e1s de Provincias ASAJA Castilla y Le\u00f3n","potentialAction":[{"@type":"SearchAction","target":{"@type":"EntryPoint","urlTemplate":"https:\/\/www.asajacyl.com\/leon\/?s={search_term_string}"},"query-input":{"@type":"PropertyValueSpecification","valueRequired":true,"valueName":"search_term_string"}}],"inLanguage":"es"},{"@type":"Person","@id":"https:\/\/www.asajacyl.com\/leon\/#\/schema\/person\/7e884476cee132331142e8ac9689f20c","name":"Editor","image":{"@type":"ImageObject","inLanguage":"es","@id":"https:\/\/www.asajacyl.com\/leon\/#\/schema\/person\/image\/","url":"https:\/\/secure.gravatar.com\/avatar\/a2ef43c165669686cfcfb0e1ffa59869?s=96&d=mm&r=g","contentUrl":"https:\/\/secure.gravatar.com\/avatar\/a2ef43c165669686cfcfb0e1ffa59869?s=96&d=mm&r=g","caption":"Editor"},"url":"https:\/\/www.asajacyl.com\/leon\/author\/oscargg"}]}},"_links":{"self":[{"href":"https:\/\/www.asajacyl.com\/leon\/wp-json\/wp\/v2\/posts\/7590"}],"collection":[{"href":"https:\/\/www.asajacyl.com\/leon\/wp-json\/wp\/v2\/posts"}],"about":[{"href":"https:\/\/www.asajacyl.com\/leon\/wp-json\/wp\/v2\/types\/post"}],"author":[{"embeddable":true,"href":"https:\/\/www.asajacyl.com\/leon\/wp-json\/wp\/v2\/users\/3"}],"replies":[{"embeddable":true,"href":"https:\/\/www.asajacyl.com\/leon\/wp-json\/wp\/v2\/comments?post=7590"}],"version-history":[{"count":0,"href":"https:\/\/www.asajacyl.com\/leon\/wp-json\/wp\/v2\/posts\/7590\/revisions"}],"wp:featuredmedia":[{"embeddable":true,"href":"https:\/\/www.asajacyl.com\/leon\/wp-json\/wp\/v2\/media\/7591"}],"wp:attachment":[{"href":"https:\/\/www.asajacyl.com\/leon\/wp-json\/wp\/v2\/media?parent=7590"}],"wp:term":[{"taxonomy":"category","embeddable":true,"href":"https:\/\/www.asajacyl.com\/leon\/wp-json\/wp\/v2\/categories?post=7590"},{"taxonomy":"post_tag","embeddable":true,"href":"https:\/\/www.asajacyl.com\/leon\/wp-json\/wp\/v2\/tags?post=7590"}],"curies":[{"name":"wp","href":"https:\/\/api.w.org\/{rel}","templated":true}]}}