{"id":7607,"date":"2012-11-21T00:00:00","date_gmt":"2012-11-20T23:00:00","guid":{"rendered":"http:\/\/www.asajacyl.com\/leon\/sin-categoria\/apoyo-de-asaja-al-sector-vitivincola-de-la-provincia-de-leon"},"modified":"2012-11-21T00:00:00","modified_gmt":"2012-11-20T23:00:00","slug":"apoyo-de-asaja-al-sector-vitivincola-de-la-provincia-de-leon","status":"publish","type":"post","link":"https:\/\/www.asajacyl.com\/leon\/asaja-leon-informa\/apoyo-de-asaja-al-sector-vitivincola-de-la-provincia-de-leon","title":{"rendered":"APOYO DE ASAJA AL SECTOR VITIVIN&#205;COLA DE LA PROVINCIA DE LEON"},"content":{"rendered":"<h2>El sindicato se opone a la liberalizaci&#243;n de los vi&#241;edos y pide una fuerte promoci&#243;n del vino de calidad orientada a la exportaci&#243;n<\/h2>\n<div align=\"center\"><font size=\"2\"><font face=\"Verdana\"><font color=\"#003300\"><b>APOYO DE ASAJA AL SECTOR VITIVIN&#205;COLA <\/b><b>DE LA PROVINCIA DE LEON<\/b><\/font><\/font><\/font><\/div>\n<div align=\"justify\"><font size=\"2\" face=\"Verdana\">&#160;<\/font><\/div>\n<div align=\"center\"><u><font color=\"#0000ff\" size=\"2\" face=\"Verdana\">El sindicato se opone a la liberalizaci&#243;n de los vi&#241;edos y pide una fuerte promoci&#243;n del vino de calidad orientada a la exportaci&#243;n<\/font><\/u><\/div>\n<div align=\"justify\"><font size=\"2\" face=\"Verdana\">&#160;<\/font><\/div>\n<div align=\"justify\"><font size=\"2\" face=\"Verdana\">Los responsables de ASAJA en la provincia de Le&#243;n han visitado en la ma&#241;ana de hoy mi&#233;rcoles la explotaci&#243;n de vi&#241;edo y bodega familiar que embotella su propia cosecha &#8211;Bodega Robles Gonz&#225;lez- del joven agricultor Jorge Robles, de la localidad de Morilla de los Oteros. En este acto ASAJA ha manifestado su apoyo al vi&#241;edo de calidad de la provincia de Le&#243;n que ocupa las denominaciones de origen &#8220;Tierras de Le&#243;n&#8221; y &#8220;Bierzo&#8221;, donde se producen tintos y rosados con las variedades Menc&#237;a y Prieto Picudo, y blancos con las variedades Albar&#237;n y Godello. ASAJA exige a las administraciones fondos para promocionar en vino de calidad en los mercados nacionales e internacionales y exige a las cooperativas y bodegas privadas que paguen un precio por la uva que compense los costes de producci&#243;n y permita un leg&#237;timo margen de beneficio, precio que en esta pasada campa&#241;a fue sensiblemente mejor a las anteriores por la escasa cosecha y por la buena salida que ha tenido el vino espa&#241;ol hacia mercados de terceros pa&#237;ses. ASAJA ha pedido tambi&#233;n a la Junta que convoque a primeros de a&#241;o las elecciones para renovar los &#243;rganos de gobierno de los consejos reguladores, que en estos &#243;rganos de control est&#233;n los profesionales m&#225;s interesados y comprometidos con el sector, y que hagan una apuesta decidida por la calidad del vino empezando desde el momento en el que se inician las labores de preparaci&#243;n de la vi&#241;a. En el contexto de la nueva PAC, el sector vitivin&#237;cola tendr&#225; por vez primera derecho a percibir ayudas como otros cultivos &#8211;derechos de pago &#250;nico-, lo que en principio es bueno para los viticultores, y se est&#225; valorando seriamente por las autoridades europeas la posibilidad de que se mantengan vigentes los derechos de plantaci&#243;n de vi&#241;edo, es decir, que no quede el sector liberalizado como inicialmente &#160;propuso la Comisi&#243;n, algo que ASAJA ha vendi&#243; reclamando en los &#250;ltimos a&#241;os.<\/font><\/div>\n<div align=\"justify\"><font size=\"2\" face=\"Verdana\"><\/font><\/div>\n<p align=\"center\"><img loading=\"lazy\" decoding=\"async\" style=\"WIDTH: 527px; HEIGHT: 429px\" src=\"\/leon\/wp-content\/uploads\/sites\/6\/2017\/11\/elecciones_vi%F1edo.jpg\" width=\"400\" height=\"429\" alt=\"\"\/><\/p>\n<div align=\"justify\"><font size=\"2\" face=\"Verdana\">&#160;<\/font><\/div>\n<p align=\"center\"><img loading=\"lazy\" decoding=\"async\" style=\"WIDTH: 530px; HEIGHT: 426px\" src=\"\/leon\/wp-content\/uploads\/sites\/6\/2017\/11\/elecciones_bodega.jpg\" width=\"400\" height=\"429\" alt=\"\"\/><\/p>\n<div align=\"justify\"><u><font size=\"2\" face=\"Verdana\">Por la tarde en la Valduerna<\/font><\/u><\/div>\n<div align=\"justify\"><font size=\"2\" face=\"Verdana\">&#160;<\/font><\/div>\n<div align=\"justify\"><font size=\"2\" face=\"Verdana\">A las nueve treinta de la noche, los responsables de ASAJA celebrar&#225;n una reuni&#243;n informativa con agricultores de la vega de la Valduerna, en la localidad de Castrotierra. En esta zona, donde la administraci&#243;n ha incumplido reiteradamente los compromisos de regular el r&#237;o Duerna y por tanto dar estabilidad a los regad&#237;os, se cultiva mayoritariamente patatas, alubias, remolacha, trigo y ma&#237;z. Una vega f&#233;rtil pero con escasa&#160; propiedad de la tierra donde se ha reducido mucho el n&#250;mero de agricultores y por lo general son de avanzada edad al haber poco relevo generacional.<\/font><\/div>\n<div align=\"justify\"><font size=\"2\" face=\"Verdana\">Le&#243;n, 21 de noviembre de 2012.<\/font><\/div>\n","protected":false},"excerpt":{"rendered":"<p>El sindicato se opone a la liberalizaci&#243;n de los vi&#241;edos y pide una fuerte promoci&#243;n del vino de calidad orientada a la exportaci&#243;n<\/p>\n","protected":false},"author":3,"featured_media":7608,"comment_status":"open","ping_status":"open","sticky":false,"template":"","format":"standard","meta":{"footnotes":""},"categories":[4,9],"tags":[],"yoast_head":"<!-- This site is optimized with the Yoast SEO plugin v24.5 - https:\/\/yoast.com\/wordpress\/plugins\/seo\/ -->\n<title>APOYO DE ASAJA AL SECTOR VITIVIN&#205;COLA DE LA PROVINCIA DE LEON - ASAJA Le\u00f3n<\/title>\n<meta name=\"description\" content=\"El sindicato se opone a la liberalizaci&#243;n de los vi&#241;edos y pide una fuerte promoci&#243;n del vino de calidad orientada a la exportaci&#243;n\" \/>\n<meta name=\"robots\" content=\"index, follow, max-snippet:-1, max-image-preview:large, max-video-preview:-1\" \/>\n<link rel=\"canonical\" href=\"https:\/\/www.asajacyl.com\/leon\/asaja-leon-informa\/apoyo-de-asaja-al-sector-vitivincola-de-la-provincia-de-leon\" \/>\n<meta property=\"og:locale\" content=\"es_ES\" \/>\n<meta property=\"og:type\" content=\"article\" \/>\n<meta property=\"og:title\" content=\"APOYO DE ASAJA AL SECTOR VITIVIN&#205;COLA DE LA PROVINCIA DE LEON - ASAJA Le\u00f3n\" \/>\n<meta property=\"og:description\" content=\"El sindicato se opone a la liberalizaci&#243;n de los vi&#241;edos y pide una fuerte promoci&#243;n del vino de calidad orientada a la exportaci&#243;n\" \/>\n<meta property=\"og:url\" content=\"https:\/\/www.asajacyl.com\/leon\/asaja-leon-informa\/apoyo-de-asaja-al-sector-vitivincola-de-la-provincia-de-leon\" \/>\n<meta property=\"og:site_name\" content=\"ASAJA Le\u00f3n\" \/>\n<meta property=\"article:published_time\" content=\"2012-11-20T23:00:00+00:00\" \/>\n<meta property=\"og:image\" content=\"https:\/\/www.asajacyl.com\/leon\/wp-content\/uploads\/sites\/6\/2017\/11\/elecciones_vi\u00f1edo.jpg\" \/>\n\t<meta property=\"og:image:width\" content=\"2592\" \/>\n\t<meta property=\"og:image:height\" content=\"1944\" \/>\n\t<meta property=\"og:image:type\" content=\"image\/jpeg\" \/>\n<meta name=\"author\" content=\"Editor\" \/>\n<meta name=\"twitter:card\" content=\"summary_large_image\" \/>\n<meta name=\"twitter:label1\" content=\"Escrito por\" \/>\n\t<meta name=\"twitter:data1\" content=\"Editor\" \/>\n\t<meta name=\"twitter:label2\" content=\"Tiempo de lectura\" \/>\n\t<meta name=\"twitter:data2\" content=\"3 minutos\" \/>\n<script type=\"application\/ld+json\" class=\"yoast-schema-graph\">{\"@context\":\"https:\/\/schema.org\",\"@graph\":[{\"@type\":\"WebPage\",\"@id\":\"https:\/\/www.asajacyl.com\/leon\/asaja-leon-informa\/apoyo-de-asaja-al-sector-vitivincola-de-la-provincia-de-leon\",\"url\":\"https:\/\/www.asajacyl.com\/leon\/asaja-leon-informa\/apoyo-de-asaja-al-sector-vitivincola-de-la-provincia-de-leon\",\"name\":\"APOYO DE ASAJA AL SECTOR VITIVIN&#205;COLA DE LA PROVINCIA DE LEON - ASAJA Le\u00f3n\",\"isPartOf\":{\"@id\":\"https:\/\/www.asajacyl.com\/leon\/#website\"},\"primaryImageOfPage\":{\"@id\":\"https:\/\/www.asajacyl.com\/leon\/asaja-leon-informa\/apoyo-de-asaja-al-sector-vitivincola-de-la-provincia-de-leon#primaryimage\"},\"image\":{\"@id\":\"https:\/\/www.asajacyl.com\/leon\/asaja-leon-informa\/apoyo-de-asaja-al-sector-vitivincola-de-la-provincia-de-leon#primaryimage\"},\"thumbnailUrl\":\"https:\/\/www.asajacyl.com\/leon\/wp-content\/uploads\/sites\/6\/2017\/11\/elecciones_vi\u00f1edo.jpg\",\"datePublished\":\"2012-11-20T23:00:00+00:00\",\"author\":{\"@id\":\"https:\/\/www.asajacyl.com\/leon\/#\/schema\/person\/7e884476cee132331142e8ac9689f20c\"},\"description\":\"El sindicato se opone a la liberalizaci&#243;n de los vi&#241;edos y pide una fuerte promoci&#243;n del vino de calidad orientada a la exportaci&#243;n\",\"breadcrumb\":{\"@id\":\"https:\/\/www.asajacyl.com\/leon\/asaja-leon-informa\/apoyo-de-asaja-al-sector-vitivincola-de-la-provincia-de-leon#breadcrumb\"},\"inLanguage\":\"es\",\"potentialAction\":[{\"@type\":\"ReadAction\",\"target\":[\"https:\/\/www.asajacyl.com\/leon\/asaja-leon-informa\/apoyo-de-asaja-al-sector-vitivincola-de-la-provincia-de-leon\"]}]},{\"@type\":\"ImageObject\",\"inLanguage\":\"es\",\"@id\":\"https:\/\/www.asajacyl.com\/leon\/asaja-leon-informa\/apoyo-de-asaja-al-sector-vitivincola-de-la-provincia-de-leon#primaryimage\",\"url\":\"https:\/\/www.asajacyl.com\/leon\/wp-content\/uploads\/sites\/6\/2017\/11\/elecciones_vi\u00f1edo.jpg\",\"contentUrl\":\"https:\/\/www.asajacyl.com\/leon\/wp-content\/uploads\/sites\/6\/2017\/11\/elecciones_vi\u00f1edo.jpg\",\"width\":2592,\"height\":1944},{\"@type\":\"BreadcrumbList\",\"@id\":\"https:\/\/www.asajacyl.com\/leon\/asaja-leon-informa\/apoyo-de-asaja-al-sector-vitivincola-de-la-provincia-de-leon#breadcrumb\",\"itemListElement\":[{\"@type\":\"ListItem\",\"position\":1,\"name\":\"Portada\",\"item\":\"https:\/\/www.asajacyl.com\/leon\/\"},{\"@type\":\"ListItem\",\"position\":2,\"name\":\"APOYO DE ASAJA AL SECTOR VITIVIN&#205;COLA DE LA PROVINCIA DE LEON\"}]},{\"@type\":\"WebSite\",\"@id\":\"https:\/\/www.asajacyl.com\/leon\/#website\",\"url\":\"https:\/\/www.asajacyl.com\/leon\/\",\"name\":\"ASAJA Le\u00f3n\",\"description\":\"Otro sitio m\u00e1s de Provincias ASAJA Castilla y Le\u00f3n\",\"potentialAction\":[{\"@type\":\"SearchAction\",\"target\":{\"@type\":\"EntryPoint\",\"urlTemplate\":\"https:\/\/www.asajacyl.com\/leon\/?s={search_term_string}\"},\"query-input\":{\"@type\":\"PropertyValueSpecification\",\"valueRequired\":true,\"valueName\":\"search_term_string\"}}],\"inLanguage\":\"es\"},{\"@type\":\"Person\",\"@id\":\"https:\/\/www.asajacyl.com\/leon\/#\/schema\/person\/7e884476cee132331142e8ac9689f20c\",\"name\":\"Editor\",\"image\":{\"@type\":\"ImageObject\",\"inLanguage\":\"es\",\"@id\":\"https:\/\/www.asajacyl.com\/leon\/#\/schema\/person\/image\/\",\"url\":\"https:\/\/secure.gravatar.com\/avatar\/a2ef43c165669686cfcfb0e1ffa59869?s=96&d=mm&r=g\",\"contentUrl\":\"https:\/\/secure.gravatar.com\/avatar\/a2ef43c165669686cfcfb0e1ffa59869?s=96&d=mm&r=g\",\"caption\":\"Editor\"},\"url\":\"https:\/\/www.asajacyl.com\/leon\/author\/oscargg\"}]}<\/script>\n<!-- \/ Yoast SEO plugin. -->","yoast_head_json":{"title":"APOYO DE ASAJA AL SECTOR VITIVIN&#205;COLA DE LA PROVINCIA DE LEON - ASAJA Le\u00f3n","description":"El sindicato se opone a la liberalizaci&#243;n de los vi&#241;edos y pide una fuerte promoci&#243;n del vino de calidad orientada a la exportaci&#243;n","robots":{"index":"index","follow":"follow","max-snippet":"max-snippet:-1","max-image-preview":"max-image-preview:large","max-video-preview":"max-video-preview:-1"},"canonical":"https:\/\/www.asajacyl.com\/leon\/asaja-leon-informa\/apoyo-de-asaja-al-sector-vitivincola-de-la-provincia-de-leon","og_locale":"es_ES","og_type":"article","og_title":"APOYO DE ASAJA AL SECTOR VITIVIN&#205;COLA DE LA PROVINCIA DE LEON - ASAJA Le\u00f3n","og_description":"El sindicato se opone a la liberalizaci&#243;n de los vi&#241;edos y pide una fuerte promoci&#243;n del vino de calidad orientada a la exportaci&#243;n","og_url":"https:\/\/www.asajacyl.com\/leon\/asaja-leon-informa\/apoyo-de-asaja-al-sector-vitivincola-de-la-provincia-de-leon","og_site_name":"ASAJA Le\u00f3n","article_published_time":"2012-11-20T23:00:00+00:00","og_image":[{"width":2592,"height":1944,"url":"https:\/\/www.asajacyl.com\/leon\/wp-content\/uploads\/sites\/6\/2017\/11\/elecciones_vi\u00f1edo.jpg","type":"image\/jpeg"}],"author":"Editor","twitter_card":"summary_large_image","twitter_misc":{"Escrito por":"Editor","Tiempo de lectura":"3 minutos"},"schema":{"@context":"https:\/\/schema.org","@graph":[{"@type":"WebPage","@id":"https:\/\/www.asajacyl.com\/leon\/asaja-leon-informa\/apoyo-de-asaja-al-sector-vitivincola-de-la-provincia-de-leon","url":"https:\/\/www.asajacyl.com\/leon\/asaja-leon-informa\/apoyo-de-asaja-al-sector-vitivincola-de-la-provincia-de-leon","name":"APOYO DE ASAJA AL SECTOR VITIVIN&#205;COLA DE LA PROVINCIA DE LEON - ASAJA Le\u00f3n","isPartOf":{"@id":"https:\/\/www.asajacyl.com\/leon\/#website"},"primaryImageOfPage":{"@id":"https:\/\/www.asajacyl.com\/leon\/asaja-leon-informa\/apoyo-de-asaja-al-sector-vitivincola-de-la-provincia-de-leon#primaryimage"},"image":{"@id":"https:\/\/www.asajacyl.com\/leon\/asaja-leon-informa\/apoyo-de-asaja-al-sector-vitivincola-de-la-provincia-de-leon#primaryimage"},"thumbnailUrl":"https:\/\/www.asajacyl.com\/leon\/wp-content\/uploads\/sites\/6\/2017\/11\/elecciones_vi\u00f1edo.jpg","datePublished":"2012-11-20T23:00:00+00:00","author":{"@id":"https:\/\/www.asajacyl.com\/leon\/#\/schema\/person\/7e884476cee132331142e8ac9689f20c"},"description":"El sindicato se opone a la liberalizaci&#243;n de los vi&#241;edos y pide una fuerte promoci&#243;n del vino de calidad orientada a la exportaci&#243;n","breadcrumb":{"@id":"https:\/\/www.asajacyl.com\/leon\/asaja-leon-informa\/apoyo-de-asaja-al-sector-vitivincola-de-la-provincia-de-leon#breadcrumb"},"inLanguage":"es","potentialAction":[{"@type":"ReadAction","target":["https:\/\/www.asajacyl.com\/leon\/asaja-leon-informa\/apoyo-de-asaja-al-sector-vitivincola-de-la-provincia-de-leon"]}]},{"@type":"ImageObject","inLanguage":"es","@id":"https:\/\/www.asajacyl.com\/leon\/asaja-leon-informa\/apoyo-de-asaja-al-sector-vitivincola-de-la-provincia-de-leon#primaryimage","url":"https:\/\/www.asajacyl.com\/leon\/wp-content\/uploads\/sites\/6\/2017\/11\/elecciones_vi\u00f1edo.jpg","contentUrl":"https:\/\/www.asajacyl.com\/leon\/wp-content\/uploads\/sites\/6\/2017\/11\/elecciones_vi\u00f1edo.jpg","width":2592,"height":1944},{"@type":"BreadcrumbList","@id":"https:\/\/www.asajacyl.com\/leon\/asaja-leon-informa\/apoyo-de-asaja-al-sector-vitivincola-de-la-provincia-de-leon#breadcrumb","itemListElement":[{"@type":"ListItem","position":1,"name":"Portada","item":"https:\/\/www.asajacyl.com\/leon\/"},{"@type":"ListItem","position":2,"name":"APOYO DE ASAJA AL SECTOR VITIVIN&#205;COLA DE LA PROVINCIA DE LEON"}]},{"@type":"WebSite","@id":"https:\/\/www.asajacyl.com\/leon\/#website","url":"https:\/\/www.asajacyl.com\/leon\/","name":"ASAJA Le\u00f3n","description":"Otro sitio m\u00e1s de Provincias ASAJA Castilla y Le\u00f3n","potentialAction":[{"@type":"SearchAction","target":{"@type":"EntryPoint","urlTemplate":"https:\/\/www.asajacyl.com\/leon\/?s={search_term_string}"},"query-input":{"@type":"PropertyValueSpecification","valueRequired":true,"valueName":"search_term_string"}}],"inLanguage":"es"},{"@type":"Person","@id":"https:\/\/www.asajacyl.com\/leon\/#\/schema\/person\/7e884476cee132331142e8ac9689f20c","name":"Editor","image":{"@type":"ImageObject","inLanguage":"es","@id":"https:\/\/www.asajacyl.com\/leon\/#\/schema\/person\/image\/","url":"https:\/\/secure.gravatar.com\/avatar\/a2ef43c165669686cfcfb0e1ffa59869?s=96&d=mm&r=g","contentUrl":"https:\/\/secure.gravatar.com\/avatar\/a2ef43c165669686cfcfb0e1ffa59869?s=96&d=mm&r=g","caption":"Editor"},"url":"https:\/\/www.asajacyl.com\/leon\/author\/oscargg"}]}},"_links":{"self":[{"href":"https:\/\/www.asajacyl.com\/leon\/wp-json\/wp\/v2\/posts\/7607"}],"collection":[{"href":"https:\/\/www.asajacyl.com\/leon\/wp-json\/wp\/v2\/posts"}],"about":[{"href":"https:\/\/www.asajacyl.com\/leon\/wp-json\/wp\/v2\/types\/post"}],"author":[{"embeddable":true,"href":"https:\/\/www.asajacyl.com\/leon\/wp-json\/wp\/v2\/users\/3"}],"replies":[{"embeddable":true,"href":"https:\/\/www.asajacyl.com\/leon\/wp-json\/wp\/v2\/comments?post=7607"}],"version-history":[{"count":0,"href":"https:\/\/www.asajacyl.com\/leon\/wp-json\/wp\/v2\/posts\/7607\/revisions"}],"wp:featuredmedia":[{"embeddable":true,"href":"https:\/\/www.asajacyl.com\/leon\/wp-json\/wp\/v2\/media\/7608"}],"wp:attachment":[{"href":"https:\/\/www.asajacyl.com\/leon\/wp-json\/wp\/v2\/media?parent=7607"}],"wp:term":[{"taxonomy":"category","embeddable":true,"href":"https:\/\/www.asajacyl.com\/leon\/wp-json\/wp\/v2\/categories?post=7607"},{"taxonomy":"post_tag","embeddable":true,"href":"https:\/\/www.asajacyl.com\/leon\/wp-json\/wp\/v2\/tags?post=7607"}],"curies":[{"name":"wp","href":"https:\/\/api.w.org\/{rel}","templated":true}]}}