{"id":7625,"date":"2007-04-17T00:00:00","date_gmt":"2007-04-16T22:00:00","guid":{"rendered":"http:\/\/www.asajacyl.com\/leon\/sin-categoria\/asaja-llama-a-la-movilizacin-a-los-ganaderos-de-vacuno-lechero"},"modified":"2007-04-17T00:00:00","modified_gmt":"2007-04-16T22:00:00","slug":"asaja-llama-a-la-movilizacin-a-los-ganaderos-de-vacuno-lechero","status":"publish","type":"post","link":"https:\/\/www.asajacyl.com\/leon\/asaja-leon-informa\/asaja-llama-a-la-movilizacin-a-los-ganaderos-de-vacuno-lechero","title":{"rendered":"ASAJA LLAMA A LA MOVILIZACI&#211;N A LOS GANADEROS DE VACUNO LECHERO"},"content":{"rendered":"<h2>ASAJA de Castilla y Le&#243;n hace un llamamiento a todo el sector del vacuno de leche de la regi&#243;n para secundar el acto de protesta convocado para el jueves d&#237;a 19 ante las instalaciones de la f&#225;brica de Pascual en Aranda de Duero.<\/h2>\n<p align=\"center\"><font size=\"2\"><\/font>\n<\/p>\n<p align=\"center\"><b><font color=\"#009900\"><font size=\"2\">ASAJA LLAMA A LA MOVILIZACI&#211;N <\/font><font size=\"2\">A LOS GANADEROS DE VACUNO LECHERO<\/font><\/font><\/b><font size=\"2\"> <\/font>\n<\/p>\n<p align=\"justify\"><font size=\"2\">ASAJA de Castilla y Le&#243;n hace un llamamiento a todo el sector del vacuno de leche de la regi&#243;n para secundar el acto de protesta convocado para el <b>jueves d&#237;a 19 ante las instalaciones de la f&#225;brica de Pascual en Aranda de Duero<\/b>. La convocatoria est&#225; hecha por todas las organizaciones agrarias y cooperativas de la regi&#243;n y es una respuesta a la bajada del precio de la leche en la liquidaci&#243;n del mes de marzo de 1,2 c&#233;ntimos de euro por litro. <\/font>\n<\/p>\n<p align=\"justify\"><font size=\"2\">ASAJA, como el resto de organizaciones agrarias y cooperativas, no admite una bajada de precio cuando no hay razones de mercado para ello y la medida responde a un acuerdo de la patronal del sector, que algunas empresas no comparten y otras han aceptado bajo amenazas. La bajada de precios, impuesta por el sector industrial, llega en un momento de falta de leche en los mercados europeos e internacionales, con precios alcistas en la mantequilla y la leche en polvo, y con crecimiento constante de los costes de producci&#243;n por la repercusi&#243;n del precio de las materias primas en los formulados de los piensos compuestos. <\/font>\n<\/p>\n<p align=\"justify\"><font size=\"2\">El sector productor hace responsable de la bajada de precios a tres de las principales empresas transformadoras de leche que operan en Castilla y Le&#243;n: Ebro Puleva, Pascual y Lauki. A ellas se dirigir&#225;n inicialmente los actos de protesta que se iniciar&#225;n el pr&#243;ximo jueves. Alguna de estas empresas, como es el caso de Pascual, adem&#225;s de tener a los ganaderos como proveedores de leche para su f&#225;brica, los tienen como clientes en su divisi&#243;n de fabricaci&#243;n de piensos compuestos, y coincidiendo con una bajada del 4 por ciento en el precio de la leche, est&#225; repercutiendo una subida del 15 por ciento en los piensos. <\/font>\n<\/p>\n<p align=\"justify\"><font size=\"2\">El sector vacuno de leche de Castilla y Le&#243;n es sin lugar a dudas el m&#225;s rentable y competitivo de todo el pa&#237;s y est&#225; ofreciendo a la industria lechera los mejores par&#225;metros de calidad pero para ello ha tenido que hacer fuertes inversiones en ganado, cuota lechera e instalaciones que no est&#225;n amortizadas. Por ello, se trabaja con una rentabilidad muy ajustada que no deja margen para una bajada de la leche coincidiendo con la subida de la alimentaci&#243;n, los animales de reposici&#243;n y hasta de los tipos de inter&#233;s. <\/font>\n<\/p>\n<p align=\"justify\"><font size=\"2\">La organizaci&#243;n agraria ASAJA de Castilla y Le&#243;n hace un llamamiento a las industrias lecheras para que reconsideren su actitud y apliquen pol&#237;ticas de precios pensando en el medio y largo plazo, ya que si siguen acortando los m&#225;rgenes de rentabilidad al ganadero, se corre el riesgo cierto de provocar una masiva hu&#237;da del sector en el pr&#243;ximo plan de abandono que ponga en marcha el Gobierno. <\/font>\n<\/p>\n<p align=\"justify\"><font size=\"2\"><\/font>\n<\/p>\n<p align=\"justify\"><font size=\"2\">&#160; <\/font>\n<\/p>\n<p align=\"justify\"><font size=\"2\">&#160; <\/font>\n<\/p>\n<p align=\"justify\"><font size=\"2\">&#160; <\/font>\n<\/p>\n<p align=\"right\"><font size=\"2\">Le&#243;n a 17 de Abril de 2007 <\/font><\/p>\n","protected":false},"excerpt":{"rendered":"<p>ASAJA de Castilla y Le&#243;n hace un llamamiento a todo el sector del vacuno de leche de la regi&#243;n para secundar el acto de protesta convocado para el jueves d&#237;a 19 ante las instalaciones de la f&#225;brica de Pascual en Aranda de Duero.<\/p>\n","protected":false},"author":3,"featured_media":8174,"comment_status":"open","ping_status":"open","sticky":false,"template":"","format":"standard","meta":{"footnotes":""},"categories":[4,9],"tags":[],"yoast_head":"<!-- This site is optimized with the Yoast SEO plugin v24.5 - https:\/\/yoast.com\/wordpress\/plugins\/seo\/ -->\n<title>ASAJA LLAMA A LA MOVILIZACI&#211;N A LOS GANADEROS DE VACUNO LECHERO - ASAJA Le\u00f3n<\/title>\n<meta name=\"description\" content=\"ASAJA de Castilla y Le&#243;n hace un llamamiento a todo el sector del vacuno de leche de la regi&#243;n para secundar el acto de protesta convocado para el jueves d&#237;a 19 ante las instalaciones de la f&#225;brica de Pascual en Aranda de Duero.\" \/>\n<meta name=\"robots\" content=\"index, follow, max-snippet:-1, max-image-preview:large, max-video-preview:-1\" \/>\n<link rel=\"canonical\" href=\"https:\/\/www.asajacyl.com\/leon\/asaja-leon-informa\/asaja-llama-a-la-movilizacin-a-los-ganaderos-de-vacuno-lechero\" \/>\n<meta property=\"og:locale\" content=\"es_ES\" \/>\n<meta property=\"og:type\" content=\"article\" \/>\n<meta property=\"og:title\" content=\"ASAJA LLAMA A LA MOVILIZACI&#211;N A LOS GANADEROS DE VACUNO LECHERO - ASAJA Le\u00f3n\" \/>\n<meta property=\"og:description\" content=\"ASAJA de Castilla y Le&#243;n hace un llamamiento a todo el sector del vacuno de leche de la regi&#243;n para secundar el acto de protesta convocado para el jueves d&#237;a 19 ante las instalaciones de la f&#225;brica de Pascual en Aranda de Duero.\" \/>\n<meta property=\"og:url\" content=\"https:\/\/www.asajacyl.com\/leon\/asaja-leon-informa\/asaja-llama-a-la-movilizacin-a-los-ganaderos-de-vacuno-lechero\" \/>\n<meta property=\"og:site_name\" content=\"ASAJA Le\u00f3n\" \/>\n<meta property=\"article:published_time\" content=\"2007-04-16T22:00:00+00:00\" \/>\n<meta property=\"og:image\" content=\"https:\/\/www.asajacyl.com\/leon\/wp-content\/uploads\/sites\/6\/2017\/11\/im_predefinida_1920x1080.jpg\" \/>\n\t<meta property=\"og:image:width\" content=\"1920\" \/>\n\t<meta property=\"og:image:height\" content=\"1080\" \/>\n\t<meta property=\"og:image:type\" content=\"image\/jpeg\" \/>\n<meta name=\"author\" content=\"Editor\" \/>\n<meta name=\"twitter:card\" content=\"summary_large_image\" \/>\n<meta name=\"twitter:label1\" content=\"Escrito por\" \/>\n\t<meta name=\"twitter:data1\" content=\"Editor\" \/>\n\t<meta name=\"twitter:label2\" content=\"Tiempo de lectura\" \/>\n\t<meta name=\"twitter:data2\" content=\"3 minutos\" \/>\n<script type=\"application\/ld+json\" class=\"yoast-schema-graph\">{\"@context\":\"https:\/\/schema.org\",\"@graph\":[{\"@type\":\"WebPage\",\"@id\":\"https:\/\/www.asajacyl.com\/leon\/asaja-leon-informa\/asaja-llama-a-la-movilizacin-a-los-ganaderos-de-vacuno-lechero\",\"url\":\"https:\/\/www.asajacyl.com\/leon\/asaja-leon-informa\/asaja-llama-a-la-movilizacin-a-los-ganaderos-de-vacuno-lechero\",\"name\":\"ASAJA LLAMA A LA MOVILIZACI&#211;N A LOS GANADEROS DE VACUNO LECHERO - ASAJA Le\u00f3n\",\"isPartOf\":{\"@id\":\"https:\/\/www.asajacyl.com\/leon\/#website\"},\"primaryImageOfPage\":{\"@id\":\"https:\/\/www.asajacyl.com\/leon\/asaja-leon-informa\/asaja-llama-a-la-movilizacin-a-los-ganaderos-de-vacuno-lechero#primaryimage\"},\"image\":{\"@id\":\"https:\/\/www.asajacyl.com\/leon\/asaja-leon-informa\/asaja-llama-a-la-movilizacin-a-los-ganaderos-de-vacuno-lechero#primaryimage\"},\"thumbnailUrl\":\"https:\/\/www.asajacyl.com\/leon\/wp-content\/uploads\/sites\/6\/2017\/11\/im_predefinida_1920x1080.jpg\",\"datePublished\":\"2007-04-16T22:00:00+00:00\",\"author\":{\"@id\":\"https:\/\/www.asajacyl.com\/leon\/#\/schema\/person\/7e884476cee132331142e8ac9689f20c\"},\"description\":\"ASAJA de Castilla y Le&#243;n hace un llamamiento a todo el sector del vacuno de leche de la regi&#243;n para secundar el acto de protesta convocado para el jueves d&#237;a 19 ante las instalaciones de la f&#225;brica de Pascual en Aranda de Duero.\",\"breadcrumb\":{\"@id\":\"https:\/\/www.asajacyl.com\/leon\/asaja-leon-informa\/asaja-llama-a-la-movilizacin-a-los-ganaderos-de-vacuno-lechero#breadcrumb\"},\"inLanguage\":\"es\",\"potentialAction\":[{\"@type\":\"ReadAction\",\"target\":[\"https:\/\/www.asajacyl.com\/leon\/asaja-leon-informa\/asaja-llama-a-la-movilizacin-a-los-ganaderos-de-vacuno-lechero\"]}]},{\"@type\":\"ImageObject\",\"inLanguage\":\"es\",\"@id\":\"https:\/\/www.asajacyl.com\/leon\/asaja-leon-informa\/asaja-llama-a-la-movilizacin-a-los-ganaderos-de-vacuno-lechero#primaryimage\",\"url\":\"https:\/\/www.asajacyl.com\/leon\/wp-content\/uploads\/sites\/6\/2017\/11\/im_predefinida_1920x1080.jpg\",\"contentUrl\":\"https:\/\/www.asajacyl.com\/leon\/wp-content\/uploads\/sites\/6\/2017\/11\/im_predefinida_1920x1080.jpg\",\"width\":1920,\"height\":1080,\"caption\":\"Logotipo ASAJA Le\u00f3n\"},{\"@type\":\"BreadcrumbList\",\"@id\":\"https:\/\/www.asajacyl.com\/leon\/asaja-leon-informa\/asaja-llama-a-la-movilizacin-a-los-ganaderos-de-vacuno-lechero#breadcrumb\",\"itemListElement\":[{\"@type\":\"ListItem\",\"position\":1,\"name\":\"Portada\",\"item\":\"https:\/\/www.asajacyl.com\/leon\/\"},{\"@type\":\"ListItem\",\"position\":2,\"name\":\"ASAJA LLAMA A LA MOVILIZACI&#211;N A LOS GANADEROS DE VACUNO LECHERO\"}]},{\"@type\":\"WebSite\",\"@id\":\"https:\/\/www.asajacyl.com\/leon\/#website\",\"url\":\"https:\/\/www.asajacyl.com\/leon\/\",\"name\":\"ASAJA Le\u00f3n\",\"description\":\"Otro sitio m\u00e1s de Provincias ASAJA Castilla y Le\u00f3n\",\"potentialAction\":[{\"@type\":\"SearchAction\",\"target\":{\"@type\":\"EntryPoint\",\"urlTemplate\":\"https:\/\/www.asajacyl.com\/leon\/?s={search_term_string}\"},\"query-input\":{\"@type\":\"PropertyValueSpecification\",\"valueRequired\":true,\"valueName\":\"search_term_string\"}}],\"inLanguage\":\"es\"},{\"@type\":\"Person\",\"@id\":\"https:\/\/www.asajacyl.com\/leon\/#\/schema\/person\/7e884476cee132331142e8ac9689f20c\",\"name\":\"Editor\",\"image\":{\"@type\":\"ImageObject\",\"inLanguage\":\"es\",\"@id\":\"https:\/\/www.asajacyl.com\/leon\/#\/schema\/person\/image\/\",\"url\":\"https:\/\/secure.gravatar.com\/avatar\/a2ef43c165669686cfcfb0e1ffa59869?s=96&d=mm&r=g\",\"contentUrl\":\"https:\/\/secure.gravatar.com\/avatar\/a2ef43c165669686cfcfb0e1ffa59869?s=96&d=mm&r=g\",\"caption\":\"Editor\"},\"url\":\"https:\/\/www.asajacyl.com\/leon\/author\/oscargg\"}]}<\/script>\n<!-- \/ Yoast SEO plugin. -->","yoast_head_json":{"title":"ASAJA LLAMA A LA MOVILIZACI&#211;N A LOS GANADEROS DE VACUNO LECHERO - ASAJA Le\u00f3n","description":"ASAJA de Castilla y Le&#243;n hace un llamamiento a todo el sector del vacuno de leche de la regi&#243;n para secundar el acto de protesta convocado para el jueves d&#237;a 19 ante las instalaciones de la f&#225;brica de Pascual en Aranda de Duero.","robots":{"index":"index","follow":"follow","max-snippet":"max-snippet:-1","max-image-preview":"max-image-preview:large","max-video-preview":"max-video-preview:-1"},"canonical":"https:\/\/www.asajacyl.com\/leon\/asaja-leon-informa\/asaja-llama-a-la-movilizacin-a-los-ganaderos-de-vacuno-lechero","og_locale":"es_ES","og_type":"article","og_title":"ASAJA LLAMA A LA MOVILIZACI&#211;N A LOS GANADEROS DE VACUNO LECHERO - ASAJA Le\u00f3n","og_description":"ASAJA de Castilla y Le&#243;n hace un llamamiento a todo el sector del vacuno de leche de la regi&#243;n para secundar el acto de protesta convocado para el jueves d&#237;a 19 ante las instalaciones de la f&#225;brica de Pascual en Aranda de Duero.","og_url":"https:\/\/www.asajacyl.com\/leon\/asaja-leon-informa\/asaja-llama-a-la-movilizacin-a-los-ganaderos-de-vacuno-lechero","og_site_name":"ASAJA Le\u00f3n","article_published_time":"2007-04-16T22:00:00+00:00","og_image":[{"width":1920,"height":1080,"url":"https:\/\/www.asajacyl.com\/leon\/wp-content\/uploads\/sites\/6\/2017\/11\/im_predefinida_1920x1080.jpg","type":"image\/jpeg"}],"author":"Editor","twitter_card":"summary_large_image","twitter_misc":{"Escrito por":"Editor","Tiempo de lectura":"3 minutos"},"schema":{"@context":"https:\/\/schema.org","@graph":[{"@type":"WebPage","@id":"https:\/\/www.asajacyl.com\/leon\/asaja-leon-informa\/asaja-llama-a-la-movilizacin-a-los-ganaderos-de-vacuno-lechero","url":"https:\/\/www.asajacyl.com\/leon\/asaja-leon-informa\/asaja-llama-a-la-movilizacin-a-los-ganaderos-de-vacuno-lechero","name":"ASAJA LLAMA A LA MOVILIZACI&#211;N A LOS GANADEROS DE VACUNO LECHERO - ASAJA Le\u00f3n","isPartOf":{"@id":"https:\/\/www.asajacyl.com\/leon\/#website"},"primaryImageOfPage":{"@id":"https:\/\/www.asajacyl.com\/leon\/asaja-leon-informa\/asaja-llama-a-la-movilizacin-a-los-ganaderos-de-vacuno-lechero#primaryimage"},"image":{"@id":"https:\/\/www.asajacyl.com\/leon\/asaja-leon-informa\/asaja-llama-a-la-movilizacin-a-los-ganaderos-de-vacuno-lechero#primaryimage"},"thumbnailUrl":"https:\/\/www.asajacyl.com\/leon\/wp-content\/uploads\/sites\/6\/2017\/11\/im_predefinida_1920x1080.jpg","datePublished":"2007-04-16T22:00:00+00:00","author":{"@id":"https:\/\/www.asajacyl.com\/leon\/#\/schema\/person\/7e884476cee132331142e8ac9689f20c"},"description":"ASAJA de Castilla y Le&#243;n hace un llamamiento a todo el sector del vacuno de leche de la regi&#243;n para secundar el acto de protesta convocado para el jueves d&#237;a 19 ante las instalaciones de la f&#225;brica de Pascual en Aranda de Duero.","breadcrumb":{"@id":"https:\/\/www.asajacyl.com\/leon\/asaja-leon-informa\/asaja-llama-a-la-movilizacin-a-los-ganaderos-de-vacuno-lechero#breadcrumb"},"inLanguage":"es","potentialAction":[{"@type":"ReadAction","target":["https:\/\/www.asajacyl.com\/leon\/asaja-leon-informa\/asaja-llama-a-la-movilizacin-a-los-ganaderos-de-vacuno-lechero"]}]},{"@type":"ImageObject","inLanguage":"es","@id":"https:\/\/www.asajacyl.com\/leon\/asaja-leon-informa\/asaja-llama-a-la-movilizacin-a-los-ganaderos-de-vacuno-lechero#primaryimage","url":"https:\/\/www.asajacyl.com\/leon\/wp-content\/uploads\/sites\/6\/2017\/11\/im_predefinida_1920x1080.jpg","contentUrl":"https:\/\/www.asajacyl.com\/leon\/wp-content\/uploads\/sites\/6\/2017\/11\/im_predefinida_1920x1080.jpg","width":1920,"height":1080,"caption":"Logotipo ASAJA Le\u00f3n"},{"@type":"BreadcrumbList","@id":"https:\/\/www.asajacyl.com\/leon\/asaja-leon-informa\/asaja-llama-a-la-movilizacin-a-los-ganaderos-de-vacuno-lechero#breadcrumb","itemListElement":[{"@type":"ListItem","position":1,"name":"Portada","item":"https:\/\/www.asajacyl.com\/leon\/"},{"@type":"ListItem","position":2,"name":"ASAJA LLAMA A LA MOVILIZACI&#211;N A LOS GANADEROS DE VACUNO LECHERO"}]},{"@type":"WebSite","@id":"https:\/\/www.asajacyl.com\/leon\/#website","url":"https:\/\/www.asajacyl.com\/leon\/","name":"ASAJA Le\u00f3n","description":"Otro sitio m\u00e1s de Provincias ASAJA Castilla y Le\u00f3n","potentialAction":[{"@type":"SearchAction","target":{"@type":"EntryPoint","urlTemplate":"https:\/\/www.asajacyl.com\/leon\/?s={search_term_string}"},"query-input":{"@type":"PropertyValueSpecification","valueRequired":true,"valueName":"search_term_string"}}],"inLanguage":"es"},{"@type":"Person","@id":"https:\/\/www.asajacyl.com\/leon\/#\/schema\/person\/7e884476cee132331142e8ac9689f20c","name":"Editor","image":{"@type":"ImageObject","inLanguage":"es","@id":"https:\/\/www.asajacyl.com\/leon\/#\/schema\/person\/image\/","url":"https:\/\/secure.gravatar.com\/avatar\/a2ef43c165669686cfcfb0e1ffa59869?s=96&d=mm&r=g","contentUrl":"https:\/\/secure.gravatar.com\/avatar\/a2ef43c165669686cfcfb0e1ffa59869?s=96&d=mm&r=g","caption":"Editor"},"url":"https:\/\/www.asajacyl.com\/leon\/author\/oscargg"}]}},"_links":{"self":[{"href":"https:\/\/www.asajacyl.com\/leon\/wp-json\/wp\/v2\/posts\/7625"}],"collection":[{"href":"https:\/\/www.asajacyl.com\/leon\/wp-json\/wp\/v2\/posts"}],"about":[{"href":"https:\/\/www.asajacyl.com\/leon\/wp-json\/wp\/v2\/types\/post"}],"author":[{"embeddable":true,"href":"https:\/\/www.asajacyl.com\/leon\/wp-json\/wp\/v2\/users\/3"}],"replies":[{"embeddable":true,"href":"https:\/\/www.asajacyl.com\/leon\/wp-json\/wp\/v2\/comments?post=7625"}],"version-history":[{"count":0,"href":"https:\/\/www.asajacyl.com\/leon\/wp-json\/wp\/v2\/posts\/7625\/revisions"}],"wp:featuredmedia":[{"embeddable":true,"href":"https:\/\/www.asajacyl.com\/leon\/wp-json\/wp\/v2\/media\/8174"}],"wp:attachment":[{"href":"https:\/\/www.asajacyl.com\/leon\/wp-json\/wp\/v2\/media?parent=7625"}],"wp:term":[{"taxonomy":"category","embeddable":true,"href":"https:\/\/www.asajacyl.com\/leon\/wp-json\/wp\/v2\/categories?post=7625"},{"taxonomy":"post_tag","embeddable":true,"href":"https:\/\/www.asajacyl.com\/leon\/wp-json\/wp\/v2\/tags?post=7625"}],"curies":[{"name":"wp","href":"https:\/\/api.w.org\/{rel}","templated":true}]}}