{"id":7626,"date":"2007-04-16T00:00:00","date_gmt":"2007-04-15T22:00:00","guid":{"rendered":"http:\/\/www.asajacyl.com\/leon\/sin-categoria\/manifestacin-de-vacuno-de-leche-de-castilla-y-len"},"modified":"2007-04-16T00:00:00","modified_gmt":"2007-04-15T22:00:00","slug":"manifestacin-de-vacuno-de-leche-de-castilla-y-len","status":"publish","type":"post","link":"https:\/\/www.asajacyl.com\/leon\/asaja-leon-informa\/manifestacin-de-vacuno-de-leche-de-castilla-y-len","title":{"rendered":"MANIFESTACI&#211;N DE VACUNO DE LECHE DE CASTILLA Y LE&#211;N"},"content":{"rendered":"<h2>Jueves 19 de abril, f&#225;brica leche Pascual en Aranda del Duero (Burgos)<\/h2>\n<p align=\"center\"><b><u><font color=\"#009900\" size=\"2\">MANIFESTACI&#211;N VACUNO DE LECHE <\/font><\/p>\n<p align=\"center\"><font color=\"#009900\" size=\"2\"><\/font>\n<\/p>\n<p align=\"center\"><font color=\"#009900\" size=\"2\">DE CASTILLA Y LEON<\/font><\/p>\n<p><\/u><\/b><\/p>\n<p><font color=\"#009900\" size=\"2\"> <\/font><\/p>\n<p><font size=\"2\">&#160;&#160;<\/font><font size=\"2\">&#160;<\/font><br \/>\n<dir><br \/>\n<dir><\/p>\n<p><font size=\"2\">DIA: JUEVES 19 DE ABRIL <\/font>\n<\/p>\n<p><font size=\"2\">HORA: MEDIOD&#205;A <\/font>\n<\/p>\n<p><font size=\"2\">LUGAR: FABRICA LECHE PASCUAL<\/font><b><font size=\"2\"> <\/font><\/p>\n<p align=\"center\"><font size=\"2\"><\/font><\/p>\n<p><\/b><\/p>\n<p><\/dir><\/dir>\n<\/p>\n<p align=\"center\"><font size=\"2\">ARANDA DE DUERO. (BURGOS).<\/font><\/p>\n<p><font size=\"2\"> <\/font><\/p>\n<p><font size=\"2\">&#160; <\/font>\n<\/p>\n<p><font size=\"2\">&#160; <\/font>\n<\/p>\n<p><font size=\"2\">&#160; <\/font>\n<\/p>\n<p><font size=\"2\">&#160;<\/font><b><font size=\"2\"> <\/font><\/p>\n<p align=\"justify\"><font size=\"2\">CONVOCAN: <\/font>\n<\/p>\n<p align=\"justify\"><font size=\"2\"><\/font>\n<\/p>\n<p align=\"justify\"><font size=\"2\">ORGANIZACIONES AGRARIAS Y COOPERATIVAS DEL SECTOR<\/font><\/p>\n<p><\/b><\/p>\n","protected":false},"excerpt":{"rendered":"<p>Jueves 19 de abril, f&#225;brica leche Pascual en Aranda del Duero (Burgos)<\/p>\n","protected":false},"author":3,"featured_media":8174,"comment_status":"open","ping_status":"open","sticky":false,"template":"","format":"standard","meta":{"footnotes":""},"categories":[4,9],"tags":[],"yoast_head":"<!-- This site is optimized with the Yoast SEO plugin v24.5 - https:\/\/yoast.com\/wordpress\/plugins\/seo\/ -->\n<title>MANIFESTACI&#211;N DE VACUNO DE LECHE DE CASTILLA Y LE&#211;N - ASAJA Le\u00f3n<\/title>\n<meta name=\"description\" content=\"Jueves 19 de abril, f&#225;brica leche Pascual en Aranda del Duero (Burgos)\" \/>\n<meta name=\"robots\" content=\"index, follow, max-snippet:-1, max-image-preview:large, max-video-preview:-1\" \/>\n<link rel=\"canonical\" href=\"https:\/\/www.asajacyl.com\/leon\/asaja-leon-informa\/manifestacin-de-vacuno-de-leche-de-castilla-y-len\" \/>\n<meta property=\"og:locale\" content=\"es_ES\" \/>\n<meta property=\"og:type\" content=\"article\" \/>\n<meta property=\"og:title\" content=\"MANIFESTACI&#211;N DE VACUNO DE LECHE DE CASTILLA Y LE&#211;N - ASAJA Le\u00f3n\" \/>\n<meta property=\"og:description\" content=\"Jueves 19 de abril, f&#225;brica leche Pascual en Aranda del Duero (Burgos)\" \/>\n<meta property=\"og:url\" content=\"https:\/\/www.asajacyl.com\/leon\/asaja-leon-informa\/manifestacin-de-vacuno-de-leche-de-castilla-y-len\" \/>\n<meta property=\"og:site_name\" content=\"ASAJA Le\u00f3n\" \/>\n<meta property=\"article:published_time\" content=\"2007-04-15T22:00:00+00:00\" \/>\n<meta property=\"og:image\" content=\"https:\/\/www.asajacyl.com\/leon\/wp-content\/uploads\/sites\/6\/2017\/11\/im_predefinida_1920x1080.jpg\" \/>\n\t<meta property=\"og:image:width\" content=\"1920\" \/>\n\t<meta property=\"og:image:height\" content=\"1080\" \/>\n\t<meta property=\"og:image:type\" content=\"image\/jpeg\" \/>\n<meta name=\"author\" content=\"Editor\" \/>\n<meta name=\"twitter:card\" content=\"summary_large_image\" \/>\n<meta name=\"twitter:label1\" content=\"Escrito por\" \/>\n\t<meta name=\"twitter:data1\" content=\"Editor\" \/>\n<script type=\"application\/ld+json\" class=\"yoast-schema-graph\">{\"@context\":\"https:\/\/schema.org\",\"@graph\":[{\"@type\":\"WebPage\",\"@id\":\"https:\/\/www.asajacyl.com\/leon\/asaja-leon-informa\/manifestacin-de-vacuno-de-leche-de-castilla-y-len\",\"url\":\"https:\/\/www.asajacyl.com\/leon\/asaja-leon-informa\/manifestacin-de-vacuno-de-leche-de-castilla-y-len\",\"name\":\"MANIFESTACI&#211;N DE VACUNO DE LECHE DE CASTILLA Y LE&#211;N - ASAJA Le\u00f3n\",\"isPartOf\":{\"@id\":\"https:\/\/www.asajacyl.com\/leon\/#website\"},\"primaryImageOfPage\":{\"@id\":\"https:\/\/www.asajacyl.com\/leon\/asaja-leon-informa\/manifestacin-de-vacuno-de-leche-de-castilla-y-len#primaryimage\"},\"image\":{\"@id\":\"https:\/\/www.asajacyl.com\/leon\/asaja-leon-informa\/manifestacin-de-vacuno-de-leche-de-castilla-y-len#primaryimage\"},\"thumbnailUrl\":\"https:\/\/www.asajacyl.com\/leon\/wp-content\/uploads\/sites\/6\/2017\/11\/im_predefinida_1920x1080.jpg\",\"datePublished\":\"2007-04-15T22:00:00+00:00\",\"author\":{\"@id\":\"https:\/\/www.asajacyl.com\/leon\/#\/schema\/person\/7e884476cee132331142e8ac9689f20c\"},\"description\":\"Jueves 19 de abril, f&#225;brica leche Pascual en Aranda del Duero (Burgos)\",\"breadcrumb\":{\"@id\":\"https:\/\/www.asajacyl.com\/leon\/asaja-leon-informa\/manifestacin-de-vacuno-de-leche-de-castilla-y-len#breadcrumb\"},\"inLanguage\":\"es\",\"potentialAction\":[{\"@type\":\"ReadAction\",\"target\":[\"https:\/\/www.asajacyl.com\/leon\/asaja-leon-informa\/manifestacin-de-vacuno-de-leche-de-castilla-y-len\"]}]},{\"@type\":\"ImageObject\",\"inLanguage\":\"es\",\"@id\":\"https:\/\/www.asajacyl.com\/leon\/asaja-leon-informa\/manifestacin-de-vacuno-de-leche-de-castilla-y-len#primaryimage\",\"url\":\"https:\/\/www.asajacyl.com\/leon\/wp-content\/uploads\/sites\/6\/2017\/11\/im_predefinida_1920x1080.jpg\",\"contentUrl\":\"https:\/\/www.asajacyl.com\/leon\/wp-content\/uploads\/sites\/6\/2017\/11\/im_predefinida_1920x1080.jpg\",\"width\":1920,\"height\":1080,\"caption\":\"Logotipo ASAJA Le\u00f3n\"},{\"@type\":\"BreadcrumbList\",\"@id\":\"https:\/\/www.asajacyl.com\/leon\/asaja-leon-informa\/manifestacin-de-vacuno-de-leche-de-castilla-y-len#breadcrumb\",\"itemListElement\":[{\"@type\":\"ListItem\",\"position\":1,\"name\":\"Portada\",\"item\":\"https:\/\/www.asajacyl.com\/leon\/\"},{\"@type\":\"ListItem\",\"position\":2,\"name\":\"MANIFESTACI&#211;N DE VACUNO DE LECHE DE CASTILLA Y LE&#211;N\"}]},{\"@type\":\"WebSite\",\"@id\":\"https:\/\/www.asajacyl.com\/leon\/#website\",\"url\":\"https:\/\/www.asajacyl.com\/leon\/\",\"name\":\"ASAJA Le\u00f3n\",\"description\":\"Otro sitio m\u00e1s de Provincias ASAJA Castilla y Le\u00f3n\",\"potentialAction\":[{\"@type\":\"SearchAction\",\"target\":{\"@type\":\"EntryPoint\",\"urlTemplate\":\"https:\/\/www.asajacyl.com\/leon\/?s={search_term_string}\"},\"query-input\":{\"@type\":\"PropertyValueSpecification\",\"valueRequired\":true,\"valueName\":\"search_term_string\"}}],\"inLanguage\":\"es\"},{\"@type\":\"Person\",\"@id\":\"https:\/\/www.asajacyl.com\/leon\/#\/schema\/person\/7e884476cee132331142e8ac9689f20c\",\"name\":\"Editor\",\"image\":{\"@type\":\"ImageObject\",\"inLanguage\":\"es\",\"@id\":\"https:\/\/www.asajacyl.com\/leon\/#\/schema\/person\/image\/\",\"url\":\"https:\/\/secure.gravatar.com\/avatar\/a2ef43c165669686cfcfb0e1ffa59869?s=96&d=mm&r=g\",\"contentUrl\":\"https:\/\/secure.gravatar.com\/avatar\/a2ef43c165669686cfcfb0e1ffa59869?s=96&d=mm&r=g\",\"caption\":\"Editor\"},\"url\":\"https:\/\/www.asajacyl.com\/leon\/author\/oscargg\"}]}<\/script>\n<!-- \/ Yoast SEO plugin. -->","yoast_head_json":{"title":"MANIFESTACI&#211;N DE VACUNO DE LECHE DE CASTILLA Y LE&#211;N - ASAJA Le\u00f3n","description":"Jueves 19 de abril, f&#225;brica leche Pascual en Aranda del Duero (Burgos)","robots":{"index":"index","follow":"follow","max-snippet":"max-snippet:-1","max-image-preview":"max-image-preview:large","max-video-preview":"max-video-preview:-1"},"canonical":"https:\/\/www.asajacyl.com\/leon\/asaja-leon-informa\/manifestacin-de-vacuno-de-leche-de-castilla-y-len","og_locale":"es_ES","og_type":"article","og_title":"MANIFESTACI&#211;N DE VACUNO DE LECHE DE CASTILLA Y LE&#211;N - ASAJA Le\u00f3n","og_description":"Jueves 19 de abril, f&#225;brica leche Pascual en Aranda del Duero (Burgos)","og_url":"https:\/\/www.asajacyl.com\/leon\/asaja-leon-informa\/manifestacin-de-vacuno-de-leche-de-castilla-y-len","og_site_name":"ASAJA Le\u00f3n","article_published_time":"2007-04-15T22:00:00+00:00","og_image":[{"width":1920,"height":1080,"url":"https:\/\/www.asajacyl.com\/leon\/wp-content\/uploads\/sites\/6\/2017\/11\/im_predefinida_1920x1080.jpg","type":"image\/jpeg"}],"author":"Editor","twitter_card":"summary_large_image","twitter_misc":{"Escrito por":"Editor"},"schema":{"@context":"https:\/\/schema.org","@graph":[{"@type":"WebPage","@id":"https:\/\/www.asajacyl.com\/leon\/asaja-leon-informa\/manifestacin-de-vacuno-de-leche-de-castilla-y-len","url":"https:\/\/www.asajacyl.com\/leon\/asaja-leon-informa\/manifestacin-de-vacuno-de-leche-de-castilla-y-len","name":"MANIFESTACI&#211;N DE VACUNO DE LECHE DE CASTILLA Y LE&#211;N - ASAJA Le\u00f3n","isPartOf":{"@id":"https:\/\/www.asajacyl.com\/leon\/#website"},"primaryImageOfPage":{"@id":"https:\/\/www.asajacyl.com\/leon\/asaja-leon-informa\/manifestacin-de-vacuno-de-leche-de-castilla-y-len#primaryimage"},"image":{"@id":"https:\/\/www.asajacyl.com\/leon\/asaja-leon-informa\/manifestacin-de-vacuno-de-leche-de-castilla-y-len#primaryimage"},"thumbnailUrl":"https:\/\/www.asajacyl.com\/leon\/wp-content\/uploads\/sites\/6\/2017\/11\/im_predefinida_1920x1080.jpg","datePublished":"2007-04-15T22:00:00+00:00","author":{"@id":"https:\/\/www.asajacyl.com\/leon\/#\/schema\/person\/7e884476cee132331142e8ac9689f20c"},"description":"Jueves 19 de abril, f&#225;brica leche Pascual en Aranda del Duero (Burgos)","breadcrumb":{"@id":"https:\/\/www.asajacyl.com\/leon\/asaja-leon-informa\/manifestacin-de-vacuno-de-leche-de-castilla-y-len#breadcrumb"},"inLanguage":"es","potentialAction":[{"@type":"ReadAction","target":["https:\/\/www.asajacyl.com\/leon\/asaja-leon-informa\/manifestacin-de-vacuno-de-leche-de-castilla-y-len"]}]},{"@type":"ImageObject","inLanguage":"es","@id":"https:\/\/www.asajacyl.com\/leon\/asaja-leon-informa\/manifestacin-de-vacuno-de-leche-de-castilla-y-len#primaryimage","url":"https:\/\/www.asajacyl.com\/leon\/wp-content\/uploads\/sites\/6\/2017\/11\/im_predefinida_1920x1080.jpg","contentUrl":"https:\/\/www.asajacyl.com\/leon\/wp-content\/uploads\/sites\/6\/2017\/11\/im_predefinida_1920x1080.jpg","width":1920,"height":1080,"caption":"Logotipo ASAJA Le\u00f3n"},{"@type":"BreadcrumbList","@id":"https:\/\/www.asajacyl.com\/leon\/asaja-leon-informa\/manifestacin-de-vacuno-de-leche-de-castilla-y-len#breadcrumb","itemListElement":[{"@type":"ListItem","position":1,"name":"Portada","item":"https:\/\/www.asajacyl.com\/leon\/"},{"@type":"ListItem","position":2,"name":"MANIFESTACI&#211;N DE VACUNO DE LECHE DE CASTILLA Y LE&#211;N"}]},{"@type":"WebSite","@id":"https:\/\/www.asajacyl.com\/leon\/#website","url":"https:\/\/www.asajacyl.com\/leon\/","name":"ASAJA Le\u00f3n","description":"Otro sitio m\u00e1s de Provincias ASAJA Castilla y Le\u00f3n","potentialAction":[{"@type":"SearchAction","target":{"@type":"EntryPoint","urlTemplate":"https:\/\/www.asajacyl.com\/leon\/?s={search_term_string}"},"query-input":{"@type":"PropertyValueSpecification","valueRequired":true,"valueName":"search_term_string"}}],"inLanguage":"es"},{"@type":"Person","@id":"https:\/\/www.asajacyl.com\/leon\/#\/schema\/person\/7e884476cee132331142e8ac9689f20c","name":"Editor","image":{"@type":"ImageObject","inLanguage":"es","@id":"https:\/\/www.asajacyl.com\/leon\/#\/schema\/person\/image\/","url":"https:\/\/secure.gravatar.com\/avatar\/a2ef43c165669686cfcfb0e1ffa59869?s=96&d=mm&r=g","contentUrl":"https:\/\/secure.gravatar.com\/avatar\/a2ef43c165669686cfcfb0e1ffa59869?s=96&d=mm&r=g","caption":"Editor"},"url":"https:\/\/www.asajacyl.com\/leon\/author\/oscargg"}]}},"_links":{"self":[{"href":"https:\/\/www.asajacyl.com\/leon\/wp-json\/wp\/v2\/posts\/7626"}],"collection":[{"href":"https:\/\/www.asajacyl.com\/leon\/wp-json\/wp\/v2\/posts"}],"about":[{"href":"https:\/\/www.asajacyl.com\/leon\/wp-json\/wp\/v2\/types\/post"}],"author":[{"embeddable":true,"href":"https:\/\/www.asajacyl.com\/leon\/wp-json\/wp\/v2\/users\/3"}],"replies":[{"embeddable":true,"href":"https:\/\/www.asajacyl.com\/leon\/wp-json\/wp\/v2\/comments?post=7626"}],"version-history":[{"count":0,"href":"https:\/\/www.asajacyl.com\/leon\/wp-json\/wp\/v2\/posts\/7626\/revisions"}],"wp:featuredmedia":[{"embeddable":true,"href":"https:\/\/www.asajacyl.com\/leon\/wp-json\/wp\/v2\/media\/8174"}],"wp:attachment":[{"href":"https:\/\/www.asajacyl.com\/leon\/wp-json\/wp\/v2\/media?parent=7626"}],"wp:term":[{"taxonomy":"category","embeddable":true,"href":"https:\/\/www.asajacyl.com\/leon\/wp-json\/wp\/v2\/categories?post=7626"},{"taxonomy":"post_tag","embeddable":true,"href":"https:\/\/www.asajacyl.com\/leon\/wp-json\/wp\/v2\/tags?post=7626"}],"curies":[{"name":"wp","href":"https:\/\/api.w.org\/{rel}","templated":true}]}}