{"id":7630,"date":"2007-04-02T00:00:00","date_gmt":"2007-04-01T22:00:00","guid":{"rendered":"http:\/\/www.asajacyl.com\/leon\/sin-categoria\/alegaciones-de-asaja-de-leon-a-las-ayudas-de-montaa-y-desfavorecidas"},"modified":"2007-04-02T00:00:00","modified_gmt":"2007-04-01T22:00:00","slug":"alegaciones-de-asaja-de-leon-a-las-ayudas-de-montaa-y-desfavorecidas","status":"publish","type":"post","link":"https:\/\/www.asajacyl.com\/leon\/asaja-leon-informa\/alegaciones-de-asaja-de-leon-a-las-ayudas-de-montaa-y-desfavorecidas","title":{"rendered":"ALEGACIONES DE ASAJA DE LEON A LAS AYUDAS DE MONTA&#209;A Y DESFAVORECIDAS"},"content":{"rendered":"<h2>La consejer&#237;a de Agricultura ha sacado a exposici&#243;n p&#250;blica el Programa Regional de Desarrollo Rural para el periodo 2007 a 2013, un programa que incluye las ayudas a Zonas de Monta&#241;a y Zonas Desfavorecidas, ayudas que se han venido llamando Indemnizaci&#243;n Compensatoria (IC), que perciben los agricultores a t&#237;tulo principal que re&#250;nen una serie de requisitos.<\/h2>\n<p align=\"justify\"><font size=\"2\"><\/font>\n<\/p>\n<p align=\"center\"><font color=\"#009900\"><font size=\"2\">&#160;<\/font><b><font size=\"2\"> <\/font><font size=\"2\">ALEGACIONES DE ASAJA DE LEON <\/font><font size=\"2\">A LAS AYUDAS DE MONTA&#209;A Y DESFAVORECIDAS<\/font><\/b><font size=\"2\"> <\/font><\/font>\n<\/p>\n<p align=\"justify\"><font size=\"2\"><\/font>\n<\/p>\n<p align=\"justify\"><font size=\"2\">La consejer&#237;a de Agricultura ha sacado a exposici&#243;n p&#250;blica el Programa Regional de Desarrollo Rural para el periodo 2007 a 2013, un programa que incluye las ayudas a Zonas de Monta&#241;a y Zonas Desfavorecidas, ayudas que se han venido llamando Indemnizaci&#243;n Compensatoria (IC), que perciben los agricultores a t&#237;tulo principal que re&#250;nen una serie de requisitos. <\/font>\n<\/p>\n<p align=\"justify\"><font size=\"2\"><\/font>\n<\/p>\n<p align=\"justify\"><font size=\"2\">Hay tres aspectos de especial inter&#233;s sobre los que ASAJA de Le&#243;n ha venido insistiendo en a&#241;os atr&#225;s y que ahora es la oportunidad de poner encima de la mesa. Estas cuestiones a modo de alegaciones se har&#225;n llegar a la Junta y si fuera el caso al ministerio de Agricultura y a la propia Comisi&#243;n de la Uni&#243;n Europea. ASAJA espera una rectificaci&#243;n por quien corresponda ya que lo que se solicita es de justicia. <\/font>\n<\/p>\n<p align=\"justify\"><font size=\"2\"><\/font>\n<\/p>\n<p align=\"justify\"><font size=\"2\">1.-<u>Las zonas de monta&#241;a han de tener un \u00abplus\u00bbde apoyos.<\/u> <\/font>\n<\/p>\n<p align=\"justify\"><font size=\"2\"><\/font>\n<\/p>\n<p align=\"justify\"><font size=\"2\">En el Programa se justifica la necesidad de ofrecer m&#225;s apoyos p&#250;blicos a las Zonas de Monta&#241;a, algo l&#243;gico ya que en estas zonas est&#225; m&#225;s acentuada la p&#233;rdida de ingresos por los costes adicionales en la producci&#243;n, mayores dificultades en la comercializaci&#243;n de los productos y mayores costes de las inversiones. A ello se suman las dificultades de vida en los pueblos de monta&#241;a. <\/font>\n<\/p>\n<p align=\"justify\"><font size=\"2\"><\/font>\n<\/p>\n<p align=\"justify\"><font size=\"2\">En opini&#243;n de ASAJA de Le&#243;n tiene que haber un \u00abplus\u00bb de apoyos a las zonas de monta&#241;a, lo que no vemos en el programa ya que si bien la superficie indemnizable por m&#243;dulo es de 100 euros por hect&#225;rea frente a 50 en las zonas desfavorecidas no de monta&#241;a, en la pr&#225;ctica, y dado que la ayuda m&#225;xima en ambos casos es de 2.500 euros, todos los agricultores con una explotaci&#243;n de tama&#241;o medio perciben la misma ayuda. As&#237;, es f&#225;cil que un ganadero de monta&#241;a perciba el m&#225;ximo de ayuda, 2.500 euros por explotaci&#243;n y a&#241;o, pero a la vez, un agricultor de Campos, situado en zona desfavorecida no de monta&#241;a, con menos de 75 hect&#225;reas de cultivo de secano percibe la misma ayuda, por tanto, la diferenciaci&#243;n te&#243;rica es una TRAMPA. Con este Plan, en la pr&#225;ctica no hay diferencia entre zonas desfavorecidas de monta&#241;a y no de monta&#241;a, algo con lo que ASAJA de Le&#243;n est&#225; en el m&#225;s absoluto desacuerdo. Para solventar este agravio, se ha de establecer un tope m&#225;ximo de ayuda que en la zonas desfavorecidas de monta&#241;a ha de ser del DOBLE del tope que se establezca para las zonas desfavorecidas no de monta&#241;a. La situaci&#243;n se solventar&#237;a estableciendo el tope de 5.000 euros por explotaci&#243;n cuando est&#233; ubicada en Zona de Monta&#241;a. <\/font>\n<\/p>\n<p align=\"justify\"><font size=\"2\"><\/font>\n<\/p>\n<p align=\"justify\"><font size=\"2\">2.-<\/font><u><font size=\"2\">El regad&#237;o est&#225; injustamente discriminado. <\/font><\/p>\n<p align=\"justify\"><font size=\"2\"><\/font><\/p>\n<p><\/u>\n<\/p>\n<p align=\"justify\"><font size=\"2\">Los agricultores con explotaci&#243;n en zonas de regad&#237;o tan solo pueden percibir ayuda por las 5 hect&#225;reas primeras, con lo cual lo que perciben en concepto de IC son los 300 euros que se fijan de m&#237;nimo por explotaci&#243;n. Es incomprensible esta discriminaci&#243;n hacia el regad&#237;o, una discriminaci&#243;n que es extensiva a toda la provincia de Le&#243;n donde predomina el regad&#237;o con respecto al secano. Resulta parad&#243;jico que un peque&#241;o agricultor de la regi&#243;n con 30 hect&#225;reas de regad&#237;o perciba una ayuda de 300 euros al a&#241;o mientras que un agricultor de secano con 250 hect&#225;reas perciba 2.500 euros. Es a todas luces injusto, por lo que ASAJA de Le&#243;n solicita que no se discrimine el regad&#237;o, y propone que se trate igual que el secano computando 1 hect&#225;reas de regad&#237;o como 3 de secano. De esta forma, un agricultor de 25 hect&#225;reas de regad&#237;o cobrar&#237;a el tope de la ayuda, igual que lo cobra un agricultor de 75 hect&#225;reas de secano.<\/font><u><font size=\"2\"> <\/font><\/p>\n<p align=\"justify\"><font size=\"2\"><\/font><\/p>\n<p><\/u>\n<\/p>\n<p align=\"justify\"><font size=\"2\">3.-<\/font><u><font size=\"2\">Las sociedades se han de tratar todas por igual. <\/font><\/p>\n<p align=\"justify\"><font size=\"2\"><\/font><\/p>\n<p><\/u>\n<\/p>\n<p align=\"justify\"><font size=\"2\">El programa que presenta la Junta reconoce la ayuda de zona desfavorecida para los socios de Cooperativas y Sociedades Agrarias de Transformaci&#243;n, pero no para los socios de otros entes jur&#237;dicos. No hay razones para que no se trate de igual manera a los socios de cualquier otra empresa mercantil, como una Sociedad An&#243;nima, Sociedad Limitada o Sociedad Civil, por poner algunos ejemplos. ASAJA propone que puedan percibir IC todos los miembros de sociedades que sean agricultores a t&#237;tulo principal (ATP), y la ayuda se calcule en funci&#243;n de su grado o cuota de participaci&#243;n en la sociedad. Hay cientos de sociedades mercantil en la regi&#243;n con facturaci&#243;n exclusivamente agr&#237;cola, cuyos miembros son ATP, que no perciben la ayuda a zona desfavorecida. Es injusto y discriminatorio por lo que ASAJA exige que se corrija para el nuevo periodo 2007\/13. <\/font>\n<\/p>\n<p align=\"right\"><font size=\"2\">Le&#243;n, 2 de abril de 2007 <\/font>\n<\/p>\n<p align=\"justify\"><font size=\"2\"><\/font>\n<\/p>\n<p><font size=\"2\">&#160; <\/font>\n<\/p>\n<p><font size=\"2\">&#160; <\/font>\n<\/p>\n<p><font size=\"2\">&#160; <\/font>\n<\/p>\n<p><font size=\"2\">&#160; <\/font>\n<\/p>\n<p><font size=\"2\">&#160;<\/font><\/p>\n","protected":false},"excerpt":{"rendered":"<p>La consejer&#237;a de Agricultura ha sacado a exposici&#243;n p&#250;blica el Programa Regional de Desarrollo Rural para el periodo 2007 a 2013, un programa que incluye las ayudas a Zonas de Monta&#241;a y Zonas Desfavorecidas, ayudas que se han venido llamando Indemnizaci&#243;n Compensatoria (IC), que perciben los agricultores a t&#237;tulo principal que re&#250;nen una serie de requisitos.<\/p>\n","protected":false},"author":3,"featured_media":8174,"comment_status":"open","ping_status":"open","sticky":false,"template":"","format":"standard","meta":{"footnotes":""},"categories":[4,9],"tags":[],"yoast_head":"<!-- This site is optimized with the Yoast SEO plugin v24.5 - https:\/\/yoast.com\/wordpress\/plugins\/seo\/ -->\n<title>ALEGACIONES DE ASAJA DE LEON A LAS AYUDAS DE MONTA&#209;A Y DESFAVORECIDAS - ASAJA Le\u00f3n<\/title>\n<meta name=\"description\" content=\"La consejer&#237;a de Agricultura ha sacado a exposici&#243;n p&#250;blica el Programa Regional de Desarrollo Rural para el periodo 2007 a 2013, un programa que incluye las ayudas a Zonas de Monta&#241;a y Zonas Desfavorecidas, ayudas que se han venido llamando Indemnizaci&#243;n Compensatoria (IC), que perciben los agricultores a t&#237;tulo principal que re&#250;nen una serie de requisitos.\" \/>\n<meta name=\"robots\" content=\"index, follow, max-snippet:-1, max-image-preview:large, max-video-preview:-1\" \/>\n<link rel=\"canonical\" href=\"https:\/\/www.asajacyl.com\/leon\/asaja-leon-informa\/alegaciones-de-asaja-de-leon-a-las-ayudas-de-montaa-y-desfavorecidas\" \/>\n<meta property=\"og:locale\" content=\"es_ES\" \/>\n<meta property=\"og:type\" content=\"article\" \/>\n<meta property=\"og:title\" content=\"ALEGACIONES DE ASAJA DE LEON A LAS AYUDAS DE MONTA&#209;A Y DESFAVORECIDAS - ASAJA Le\u00f3n\" \/>\n<meta property=\"og:description\" content=\"La consejer&#237;a de Agricultura ha sacado a exposici&#243;n p&#250;blica el Programa Regional de Desarrollo Rural para el periodo 2007 a 2013, un programa que incluye las ayudas a Zonas de Monta&#241;a y Zonas Desfavorecidas, ayudas que se han venido llamando Indemnizaci&#243;n Compensatoria (IC), que perciben los agricultores a t&#237;tulo principal que re&#250;nen una serie de requisitos.\" \/>\n<meta property=\"og:url\" content=\"https:\/\/www.asajacyl.com\/leon\/asaja-leon-informa\/alegaciones-de-asaja-de-leon-a-las-ayudas-de-montaa-y-desfavorecidas\" \/>\n<meta property=\"og:site_name\" content=\"ASAJA Le\u00f3n\" \/>\n<meta property=\"article:published_time\" content=\"2007-04-01T22:00:00+00:00\" \/>\n<meta property=\"og:image\" content=\"https:\/\/www.asajacyl.com\/leon\/wp-content\/uploads\/sites\/6\/2017\/11\/im_predefinida_1920x1080.jpg\" \/>\n\t<meta property=\"og:image:width\" content=\"1920\" \/>\n\t<meta property=\"og:image:height\" content=\"1080\" \/>\n\t<meta property=\"og:image:type\" content=\"image\/jpeg\" \/>\n<meta name=\"author\" content=\"Editor\" \/>\n<meta name=\"twitter:card\" content=\"summary_large_image\" \/>\n<meta name=\"twitter:label1\" content=\"Escrito por\" \/>\n\t<meta name=\"twitter:data1\" content=\"Editor\" \/>\n\t<meta name=\"twitter:label2\" content=\"Tiempo de lectura\" \/>\n\t<meta name=\"twitter:data2\" content=\"4 minutos\" \/>\n<script type=\"application\/ld+json\" class=\"yoast-schema-graph\">{\"@context\":\"https:\/\/schema.org\",\"@graph\":[{\"@type\":\"WebPage\",\"@id\":\"https:\/\/www.asajacyl.com\/leon\/asaja-leon-informa\/alegaciones-de-asaja-de-leon-a-las-ayudas-de-montaa-y-desfavorecidas\",\"url\":\"https:\/\/www.asajacyl.com\/leon\/asaja-leon-informa\/alegaciones-de-asaja-de-leon-a-las-ayudas-de-montaa-y-desfavorecidas\",\"name\":\"ALEGACIONES DE ASAJA DE LEON A LAS AYUDAS DE MONTA&#209;A Y DESFAVORECIDAS - ASAJA Le\u00f3n\",\"isPartOf\":{\"@id\":\"https:\/\/www.asajacyl.com\/leon\/#website\"},\"primaryImageOfPage\":{\"@id\":\"https:\/\/www.asajacyl.com\/leon\/asaja-leon-informa\/alegaciones-de-asaja-de-leon-a-las-ayudas-de-montaa-y-desfavorecidas#primaryimage\"},\"image\":{\"@id\":\"https:\/\/www.asajacyl.com\/leon\/asaja-leon-informa\/alegaciones-de-asaja-de-leon-a-las-ayudas-de-montaa-y-desfavorecidas#primaryimage\"},\"thumbnailUrl\":\"https:\/\/www.asajacyl.com\/leon\/wp-content\/uploads\/sites\/6\/2017\/11\/im_predefinida_1920x1080.jpg\",\"datePublished\":\"2007-04-01T22:00:00+00:00\",\"author\":{\"@id\":\"https:\/\/www.asajacyl.com\/leon\/#\/schema\/person\/7e884476cee132331142e8ac9689f20c\"},\"description\":\"La consejer&#237;a de Agricultura ha sacado a exposici&#243;n p&#250;blica el Programa Regional de Desarrollo Rural para el periodo 2007 a 2013, un programa que incluye las ayudas a Zonas de Monta&#241;a y Zonas Desfavorecidas, ayudas que se han venido llamando Indemnizaci&#243;n Compensatoria (IC), que perciben los agricultores a t&#237;tulo principal que re&#250;nen una serie de requisitos.\",\"breadcrumb\":{\"@id\":\"https:\/\/www.asajacyl.com\/leon\/asaja-leon-informa\/alegaciones-de-asaja-de-leon-a-las-ayudas-de-montaa-y-desfavorecidas#breadcrumb\"},\"inLanguage\":\"es\",\"potentialAction\":[{\"@type\":\"ReadAction\",\"target\":[\"https:\/\/www.asajacyl.com\/leon\/asaja-leon-informa\/alegaciones-de-asaja-de-leon-a-las-ayudas-de-montaa-y-desfavorecidas\"]}]},{\"@type\":\"ImageObject\",\"inLanguage\":\"es\",\"@id\":\"https:\/\/www.asajacyl.com\/leon\/asaja-leon-informa\/alegaciones-de-asaja-de-leon-a-las-ayudas-de-montaa-y-desfavorecidas#primaryimage\",\"url\":\"https:\/\/www.asajacyl.com\/leon\/wp-content\/uploads\/sites\/6\/2017\/11\/im_predefinida_1920x1080.jpg\",\"contentUrl\":\"https:\/\/www.asajacyl.com\/leon\/wp-content\/uploads\/sites\/6\/2017\/11\/im_predefinida_1920x1080.jpg\",\"width\":1920,\"height\":1080,\"caption\":\"Logotipo ASAJA Le\u00f3n\"},{\"@type\":\"BreadcrumbList\",\"@id\":\"https:\/\/www.asajacyl.com\/leon\/asaja-leon-informa\/alegaciones-de-asaja-de-leon-a-las-ayudas-de-montaa-y-desfavorecidas#breadcrumb\",\"itemListElement\":[{\"@type\":\"ListItem\",\"position\":1,\"name\":\"Portada\",\"item\":\"https:\/\/www.asajacyl.com\/leon\/\"},{\"@type\":\"ListItem\",\"position\":2,\"name\":\"ALEGACIONES DE ASAJA DE LEON A LAS AYUDAS DE MONTA&#209;A Y DESFAVORECIDAS\"}]},{\"@type\":\"WebSite\",\"@id\":\"https:\/\/www.asajacyl.com\/leon\/#website\",\"url\":\"https:\/\/www.asajacyl.com\/leon\/\",\"name\":\"ASAJA Le\u00f3n\",\"description\":\"Otro sitio m\u00e1s de Provincias ASAJA Castilla y Le\u00f3n\",\"potentialAction\":[{\"@type\":\"SearchAction\",\"target\":{\"@type\":\"EntryPoint\",\"urlTemplate\":\"https:\/\/www.asajacyl.com\/leon\/?s={search_term_string}\"},\"query-input\":{\"@type\":\"PropertyValueSpecification\",\"valueRequired\":true,\"valueName\":\"search_term_string\"}}],\"inLanguage\":\"es\"},{\"@type\":\"Person\",\"@id\":\"https:\/\/www.asajacyl.com\/leon\/#\/schema\/person\/7e884476cee132331142e8ac9689f20c\",\"name\":\"Editor\",\"image\":{\"@type\":\"ImageObject\",\"inLanguage\":\"es\",\"@id\":\"https:\/\/www.asajacyl.com\/leon\/#\/schema\/person\/image\/\",\"url\":\"https:\/\/secure.gravatar.com\/avatar\/a2ef43c165669686cfcfb0e1ffa59869?s=96&d=mm&r=g\",\"contentUrl\":\"https:\/\/secure.gravatar.com\/avatar\/a2ef43c165669686cfcfb0e1ffa59869?s=96&d=mm&r=g\",\"caption\":\"Editor\"},\"url\":\"https:\/\/www.asajacyl.com\/leon\/author\/oscargg\"}]}<\/script>\n<!-- \/ Yoast SEO plugin. -->","yoast_head_json":{"title":"ALEGACIONES DE ASAJA DE LEON A LAS AYUDAS DE MONTA&#209;A Y DESFAVORECIDAS - ASAJA Le\u00f3n","description":"La consejer&#237;a de Agricultura ha sacado a exposici&#243;n p&#250;blica el Programa Regional de Desarrollo Rural para el periodo 2007 a 2013, un programa que incluye las ayudas a Zonas de Monta&#241;a y Zonas Desfavorecidas, ayudas que se han venido llamando Indemnizaci&#243;n Compensatoria (IC), que perciben los agricultores a t&#237;tulo principal que re&#250;nen una serie de requisitos.","robots":{"index":"index","follow":"follow","max-snippet":"max-snippet:-1","max-image-preview":"max-image-preview:large","max-video-preview":"max-video-preview:-1"},"canonical":"https:\/\/www.asajacyl.com\/leon\/asaja-leon-informa\/alegaciones-de-asaja-de-leon-a-las-ayudas-de-montaa-y-desfavorecidas","og_locale":"es_ES","og_type":"article","og_title":"ALEGACIONES DE ASAJA DE LEON A LAS AYUDAS DE MONTA&#209;A Y DESFAVORECIDAS - ASAJA Le\u00f3n","og_description":"La consejer&#237;a de Agricultura ha sacado a exposici&#243;n p&#250;blica el Programa Regional de Desarrollo Rural para el periodo 2007 a 2013, un programa que incluye las ayudas a Zonas de Monta&#241;a y Zonas Desfavorecidas, ayudas que se han venido llamando Indemnizaci&#243;n Compensatoria (IC), que perciben los agricultores a t&#237;tulo principal que re&#250;nen una serie de requisitos.","og_url":"https:\/\/www.asajacyl.com\/leon\/asaja-leon-informa\/alegaciones-de-asaja-de-leon-a-las-ayudas-de-montaa-y-desfavorecidas","og_site_name":"ASAJA Le\u00f3n","article_published_time":"2007-04-01T22:00:00+00:00","og_image":[{"width":1920,"height":1080,"url":"https:\/\/www.asajacyl.com\/leon\/wp-content\/uploads\/sites\/6\/2017\/11\/im_predefinida_1920x1080.jpg","type":"image\/jpeg"}],"author":"Editor","twitter_card":"summary_large_image","twitter_misc":{"Escrito por":"Editor","Tiempo de lectura":"4 minutos"},"schema":{"@context":"https:\/\/schema.org","@graph":[{"@type":"WebPage","@id":"https:\/\/www.asajacyl.com\/leon\/asaja-leon-informa\/alegaciones-de-asaja-de-leon-a-las-ayudas-de-montaa-y-desfavorecidas","url":"https:\/\/www.asajacyl.com\/leon\/asaja-leon-informa\/alegaciones-de-asaja-de-leon-a-las-ayudas-de-montaa-y-desfavorecidas","name":"ALEGACIONES DE ASAJA DE LEON A LAS AYUDAS DE MONTA&#209;A Y DESFAVORECIDAS - ASAJA Le\u00f3n","isPartOf":{"@id":"https:\/\/www.asajacyl.com\/leon\/#website"},"primaryImageOfPage":{"@id":"https:\/\/www.asajacyl.com\/leon\/asaja-leon-informa\/alegaciones-de-asaja-de-leon-a-las-ayudas-de-montaa-y-desfavorecidas#primaryimage"},"image":{"@id":"https:\/\/www.asajacyl.com\/leon\/asaja-leon-informa\/alegaciones-de-asaja-de-leon-a-las-ayudas-de-montaa-y-desfavorecidas#primaryimage"},"thumbnailUrl":"https:\/\/www.asajacyl.com\/leon\/wp-content\/uploads\/sites\/6\/2017\/11\/im_predefinida_1920x1080.jpg","datePublished":"2007-04-01T22:00:00+00:00","author":{"@id":"https:\/\/www.asajacyl.com\/leon\/#\/schema\/person\/7e884476cee132331142e8ac9689f20c"},"description":"La consejer&#237;a de Agricultura ha sacado a exposici&#243;n p&#250;blica el Programa Regional de Desarrollo Rural para el periodo 2007 a 2013, un programa que incluye las ayudas a Zonas de Monta&#241;a y Zonas Desfavorecidas, ayudas que se han venido llamando Indemnizaci&#243;n Compensatoria (IC), que perciben los agricultores a t&#237;tulo principal que re&#250;nen una serie de requisitos.","breadcrumb":{"@id":"https:\/\/www.asajacyl.com\/leon\/asaja-leon-informa\/alegaciones-de-asaja-de-leon-a-las-ayudas-de-montaa-y-desfavorecidas#breadcrumb"},"inLanguage":"es","potentialAction":[{"@type":"ReadAction","target":["https:\/\/www.asajacyl.com\/leon\/asaja-leon-informa\/alegaciones-de-asaja-de-leon-a-las-ayudas-de-montaa-y-desfavorecidas"]}]},{"@type":"ImageObject","inLanguage":"es","@id":"https:\/\/www.asajacyl.com\/leon\/asaja-leon-informa\/alegaciones-de-asaja-de-leon-a-las-ayudas-de-montaa-y-desfavorecidas#primaryimage","url":"https:\/\/www.asajacyl.com\/leon\/wp-content\/uploads\/sites\/6\/2017\/11\/im_predefinida_1920x1080.jpg","contentUrl":"https:\/\/www.asajacyl.com\/leon\/wp-content\/uploads\/sites\/6\/2017\/11\/im_predefinida_1920x1080.jpg","width":1920,"height":1080,"caption":"Logotipo ASAJA Le\u00f3n"},{"@type":"BreadcrumbList","@id":"https:\/\/www.asajacyl.com\/leon\/asaja-leon-informa\/alegaciones-de-asaja-de-leon-a-las-ayudas-de-montaa-y-desfavorecidas#breadcrumb","itemListElement":[{"@type":"ListItem","position":1,"name":"Portada","item":"https:\/\/www.asajacyl.com\/leon\/"},{"@type":"ListItem","position":2,"name":"ALEGACIONES DE ASAJA DE LEON A LAS AYUDAS DE MONTA&#209;A Y DESFAVORECIDAS"}]},{"@type":"WebSite","@id":"https:\/\/www.asajacyl.com\/leon\/#website","url":"https:\/\/www.asajacyl.com\/leon\/","name":"ASAJA Le\u00f3n","description":"Otro sitio m\u00e1s de Provincias ASAJA Castilla y Le\u00f3n","potentialAction":[{"@type":"SearchAction","target":{"@type":"EntryPoint","urlTemplate":"https:\/\/www.asajacyl.com\/leon\/?s={search_term_string}"},"query-input":{"@type":"PropertyValueSpecification","valueRequired":true,"valueName":"search_term_string"}}],"inLanguage":"es"},{"@type":"Person","@id":"https:\/\/www.asajacyl.com\/leon\/#\/schema\/person\/7e884476cee132331142e8ac9689f20c","name":"Editor","image":{"@type":"ImageObject","inLanguage":"es","@id":"https:\/\/www.asajacyl.com\/leon\/#\/schema\/person\/image\/","url":"https:\/\/secure.gravatar.com\/avatar\/a2ef43c165669686cfcfb0e1ffa59869?s=96&d=mm&r=g","contentUrl":"https:\/\/secure.gravatar.com\/avatar\/a2ef43c165669686cfcfb0e1ffa59869?s=96&d=mm&r=g","caption":"Editor"},"url":"https:\/\/www.asajacyl.com\/leon\/author\/oscargg"}]}},"_links":{"self":[{"href":"https:\/\/www.asajacyl.com\/leon\/wp-json\/wp\/v2\/posts\/7630"}],"collection":[{"href":"https:\/\/www.asajacyl.com\/leon\/wp-json\/wp\/v2\/posts"}],"about":[{"href":"https:\/\/www.asajacyl.com\/leon\/wp-json\/wp\/v2\/types\/post"}],"author":[{"embeddable":true,"href":"https:\/\/www.asajacyl.com\/leon\/wp-json\/wp\/v2\/users\/3"}],"replies":[{"embeddable":true,"href":"https:\/\/www.asajacyl.com\/leon\/wp-json\/wp\/v2\/comments?post=7630"}],"version-history":[{"count":0,"href":"https:\/\/www.asajacyl.com\/leon\/wp-json\/wp\/v2\/posts\/7630\/revisions"}],"wp:featuredmedia":[{"embeddable":true,"href":"https:\/\/www.asajacyl.com\/leon\/wp-json\/wp\/v2\/media\/8174"}],"wp:attachment":[{"href":"https:\/\/www.asajacyl.com\/leon\/wp-json\/wp\/v2\/media?parent=7630"}],"wp:term":[{"taxonomy":"category","embeddable":true,"href":"https:\/\/www.asajacyl.com\/leon\/wp-json\/wp\/v2\/categories?post=7630"},{"taxonomy":"post_tag","embeddable":true,"href":"https:\/\/www.asajacyl.com\/leon\/wp-json\/wp\/v2\/tags?post=7630"}],"curies":[{"name":"wp","href":"https:\/\/api.w.org\/{rel}","templated":true}]}}