{"id":7633,"date":"2007-03-29T00:00:00","date_gmt":"2007-03-28T22:00:00","guid":{"rendered":"http:\/\/www.asajacyl.com\/leon\/sin-categoria\/convocatoria-de-rueda-de-prensa-2"},"modified":"2007-03-29T00:00:00","modified_gmt":"2007-03-28T22:00:00","slug":"convocatoria-de-rueda-de-prensa-2","status":"publish","type":"post","link":"https:\/\/www.asajacyl.com\/leon\/asaja-leon-informa\/convocatoria-de-rueda-de-prensa-2","title":{"rendered":"CONVOCATORIA DE RUEDA DE PRENSA"},"content":{"rendered":"<h2>Las cuatro organizaciones profesionales agrarias con implantaci&#243;n en Castilla y Le&#243;n, as&#237; como las principales cooperativas comercializadoras de leche de vacuno, convocan a los medios de comunicaci&#243;n a una RUEDA DE PRENSA que se celebrar&#225; ma&#241;ana viernes 30 de marzo, a las 12,30 horas del mediod&#237;a, en la entrada principal de las instalaciones de la industrial l&#225;ctea LENOSA- PULEVA en Le&#243;n capital<\/h2>\n<p align=\"center\"><b><u><font face=\"Arial\"><font color=\"#009900\" size=\"2\">CONVOCATORIA DE RUEDA DE PRENSA<\/font><\/font><\/u><\/b><\/p>\n<p><font face=\"Arial\"><font size=\"2\"> <\/font><\/p>\n<p align=\"justify\"><font size=\"2\"><\/font>\n<\/p>\n<p align=\"justify\"><font size=\"2\">Las cuatro organizaciones profesionales agrarias con implantaci&#243;n en Castilla y Le&#243;n, as&#237; como las principales cooperativas comercializadoras de leche de vacuno, convocan a los medios de comunicaci&#243;n a una <b><u>RUEDA DE PRENSA que se celebrar&#225; ma&#241;ana viernes 30 de marzo, a las 12,30 horas del mediod&#237;a, en la entrada principal de las instalaciones de la industrial l&#225;ctea LENOSA- PULEVA en Le&#243;n capital<\/u><\/b>(zona Mercado de Ganados). En dicha rueda de prensa, que por si misma es ya un acto de protesta, se dar&#225; a conocer las decisiones del sector productor ante el anuncio de alguna industria lechera de bajar el precio al ganadero en las entregas que se han hecho en el mes de marzo que ahora finaliza. <\/font>\n<\/p>\n<p align=\"justify\"><font size=\"2\"><\/font>\n<\/p>\n<p align=\"justify\"><font size=\"2\">La decisi&#243;n se adopt&#243; en una reuni&#243;n del sector productor celebrada hoy jueves a las 13 horas en las instalaciones de la cooperativa AFRIVEPA en Santa Mar&#237;a del P&#225;ramo, reuni&#243;n que cont&#243; con una amplia representaci&#243;n del sector cooperativo y de las organizaciones agrarias de Castilla y Le&#243;n. <\/font>\n<\/p>\n<p align=\"justify\"><font size=\"2\"><\/font>\n<\/p>\n<p align=\"right\"><font size=\"2\">Le&#243;n, 29 de marzo de 2007.<\/font><\/p>\n<p><\/font><\/p>\n","protected":false},"excerpt":{"rendered":"<p>Las cuatro organizaciones profesionales agrarias con implantaci&#243;n en Castilla y Le&#243;n, as&#237; como las principales cooperativas comercializadoras de leche de vacuno, convocan a los medios de comunicaci&#243;n a una RUEDA DE PRENSA que se celebrar&#225; ma&#241;ana viernes 30 de marzo, a las 12,30 horas del mediod&#237;a, en la entrada principal de las instalaciones de la industrial l&#225;ctea LENOSA- PULEVA en Le&#243;n capital<\/p>\n","protected":false},"author":3,"featured_media":8174,"comment_status":"open","ping_status":"open","sticky":false,"template":"","format":"standard","meta":{"footnotes":""},"categories":[4,9],"tags":[],"yoast_head":"<!-- This site is optimized with the Yoast SEO plugin v24.5 - https:\/\/yoast.com\/wordpress\/plugins\/seo\/ -->\n<title>CONVOCATORIA DE RUEDA DE PRENSA - ASAJA Le\u00f3n<\/title>\n<meta name=\"description\" content=\"Las cuatro organizaciones profesionales agrarias con implantaci&#243;n en Castilla y Le&#243;n, as&#237; como las principales cooperativas comercializadoras de leche de vacuno, convocan a los medios de comunicaci&#243;n a una RUEDA DE PRENSA que se celebrar&#225; ma&#241;ana viernes 30 de marzo, a las 12,30 horas del mediod&#237;a, en la entrada principal de las instalaciones de la industrial l&#225;ctea LENOSA- PULEVA en Le&#243;n capital\" \/>\n<meta name=\"robots\" content=\"index, follow, max-snippet:-1, max-image-preview:large, max-video-preview:-1\" \/>\n<link rel=\"canonical\" href=\"https:\/\/www.asajacyl.com\/leon\/asaja-leon-informa\/convocatoria-de-rueda-de-prensa-2\" \/>\n<meta property=\"og:locale\" content=\"es_ES\" \/>\n<meta property=\"og:type\" content=\"article\" \/>\n<meta property=\"og:title\" content=\"CONVOCATORIA DE RUEDA DE PRENSA - ASAJA Le\u00f3n\" \/>\n<meta property=\"og:description\" content=\"Las cuatro organizaciones profesionales agrarias con implantaci&#243;n en Castilla y Le&#243;n, as&#237; como las principales cooperativas comercializadoras de leche de vacuno, convocan a los medios de comunicaci&#243;n a una RUEDA DE PRENSA que se celebrar&#225; ma&#241;ana viernes 30 de marzo, a las 12,30 horas del mediod&#237;a, en la entrada principal de las instalaciones de la industrial l&#225;ctea LENOSA- PULEVA en Le&#243;n capital\" \/>\n<meta property=\"og:url\" content=\"https:\/\/www.asajacyl.com\/leon\/asaja-leon-informa\/convocatoria-de-rueda-de-prensa-2\" \/>\n<meta property=\"og:site_name\" content=\"ASAJA Le\u00f3n\" \/>\n<meta property=\"article:published_time\" content=\"2007-03-28T22:00:00+00:00\" \/>\n<meta property=\"og:image\" content=\"https:\/\/www.asajacyl.com\/leon\/wp-content\/uploads\/sites\/6\/2017\/11\/im_predefinida_1920x1080.jpg\" \/>\n\t<meta property=\"og:image:width\" content=\"1920\" \/>\n\t<meta property=\"og:image:height\" content=\"1080\" \/>\n\t<meta property=\"og:image:type\" content=\"image\/jpeg\" \/>\n<meta name=\"author\" content=\"Editor\" \/>\n<meta name=\"twitter:card\" content=\"summary_large_image\" \/>\n<meta name=\"twitter:label1\" content=\"Escrito por\" \/>\n\t<meta name=\"twitter:data1\" content=\"Editor\" \/>\n\t<meta name=\"twitter:label2\" content=\"Tiempo de lectura\" \/>\n\t<meta name=\"twitter:data2\" content=\"1 minuto\" \/>\n<script type=\"application\/ld+json\" class=\"yoast-schema-graph\">{\"@context\":\"https:\/\/schema.org\",\"@graph\":[{\"@type\":\"WebPage\",\"@id\":\"https:\/\/www.asajacyl.com\/leon\/asaja-leon-informa\/convocatoria-de-rueda-de-prensa-2\",\"url\":\"https:\/\/www.asajacyl.com\/leon\/asaja-leon-informa\/convocatoria-de-rueda-de-prensa-2\",\"name\":\"CONVOCATORIA DE RUEDA DE PRENSA - ASAJA Le\u00f3n\",\"isPartOf\":{\"@id\":\"https:\/\/www.asajacyl.com\/leon\/#website\"},\"primaryImageOfPage\":{\"@id\":\"https:\/\/www.asajacyl.com\/leon\/asaja-leon-informa\/convocatoria-de-rueda-de-prensa-2#primaryimage\"},\"image\":{\"@id\":\"https:\/\/www.asajacyl.com\/leon\/asaja-leon-informa\/convocatoria-de-rueda-de-prensa-2#primaryimage\"},\"thumbnailUrl\":\"https:\/\/www.asajacyl.com\/leon\/wp-content\/uploads\/sites\/6\/2017\/11\/im_predefinida_1920x1080.jpg\",\"datePublished\":\"2007-03-28T22:00:00+00:00\",\"author\":{\"@id\":\"https:\/\/www.asajacyl.com\/leon\/#\/schema\/person\/7e884476cee132331142e8ac9689f20c\"},\"description\":\"Las cuatro organizaciones profesionales agrarias con implantaci&#243;n en Castilla y Le&#243;n, as&#237; como las principales cooperativas comercializadoras de leche de vacuno, convocan a los medios de comunicaci&#243;n a una RUEDA DE PRENSA que se celebrar&#225; ma&#241;ana viernes 30 de marzo, a las 12,30 horas del mediod&#237;a, en la entrada principal de las instalaciones de la industrial l&#225;ctea LENOSA- PULEVA en Le&#243;n capital\",\"breadcrumb\":{\"@id\":\"https:\/\/www.asajacyl.com\/leon\/asaja-leon-informa\/convocatoria-de-rueda-de-prensa-2#breadcrumb\"},\"inLanguage\":\"es\",\"potentialAction\":[{\"@type\":\"ReadAction\",\"target\":[\"https:\/\/www.asajacyl.com\/leon\/asaja-leon-informa\/convocatoria-de-rueda-de-prensa-2\"]}]},{\"@type\":\"ImageObject\",\"inLanguage\":\"es\",\"@id\":\"https:\/\/www.asajacyl.com\/leon\/asaja-leon-informa\/convocatoria-de-rueda-de-prensa-2#primaryimage\",\"url\":\"https:\/\/www.asajacyl.com\/leon\/wp-content\/uploads\/sites\/6\/2017\/11\/im_predefinida_1920x1080.jpg\",\"contentUrl\":\"https:\/\/www.asajacyl.com\/leon\/wp-content\/uploads\/sites\/6\/2017\/11\/im_predefinida_1920x1080.jpg\",\"width\":1920,\"height\":1080,\"caption\":\"Logotipo ASAJA Le\u00f3n\"},{\"@type\":\"BreadcrumbList\",\"@id\":\"https:\/\/www.asajacyl.com\/leon\/asaja-leon-informa\/convocatoria-de-rueda-de-prensa-2#breadcrumb\",\"itemListElement\":[{\"@type\":\"ListItem\",\"position\":1,\"name\":\"Portada\",\"item\":\"https:\/\/www.asajacyl.com\/leon\/\"},{\"@type\":\"ListItem\",\"position\":2,\"name\":\"CONVOCATORIA DE RUEDA DE PRENSA\"}]},{\"@type\":\"WebSite\",\"@id\":\"https:\/\/www.asajacyl.com\/leon\/#website\",\"url\":\"https:\/\/www.asajacyl.com\/leon\/\",\"name\":\"ASAJA Le\u00f3n\",\"description\":\"Otro sitio m\u00e1s de Provincias ASAJA Castilla y Le\u00f3n\",\"potentialAction\":[{\"@type\":\"SearchAction\",\"target\":{\"@type\":\"EntryPoint\",\"urlTemplate\":\"https:\/\/www.asajacyl.com\/leon\/?s={search_term_string}\"},\"query-input\":{\"@type\":\"PropertyValueSpecification\",\"valueRequired\":true,\"valueName\":\"search_term_string\"}}],\"inLanguage\":\"es\"},{\"@type\":\"Person\",\"@id\":\"https:\/\/www.asajacyl.com\/leon\/#\/schema\/person\/7e884476cee132331142e8ac9689f20c\",\"name\":\"Editor\",\"image\":{\"@type\":\"ImageObject\",\"inLanguage\":\"es\",\"@id\":\"https:\/\/www.asajacyl.com\/leon\/#\/schema\/person\/image\/\",\"url\":\"https:\/\/secure.gravatar.com\/avatar\/a2ef43c165669686cfcfb0e1ffa59869?s=96&d=mm&r=g\",\"contentUrl\":\"https:\/\/secure.gravatar.com\/avatar\/a2ef43c165669686cfcfb0e1ffa59869?s=96&d=mm&r=g\",\"caption\":\"Editor\"},\"url\":\"https:\/\/www.asajacyl.com\/leon\/author\/oscargg\"}]}<\/script>\n<!-- \/ Yoast SEO plugin. -->","yoast_head_json":{"title":"CONVOCATORIA DE RUEDA DE PRENSA - ASAJA Le\u00f3n","description":"Las cuatro organizaciones profesionales agrarias con implantaci&#243;n en Castilla y Le&#243;n, as&#237; como las principales cooperativas comercializadoras de leche de vacuno, convocan a los medios de comunicaci&#243;n a una RUEDA DE PRENSA que se celebrar&#225; ma&#241;ana viernes 30 de marzo, a las 12,30 horas del mediod&#237;a, en la entrada principal de las instalaciones de la industrial l&#225;ctea LENOSA- PULEVA en Le&#243;n capital","robots":{"index":"index","follow":"follow","max-snippet":"max-snippet:-1","max-image-preview":"max-image-preview:large","max-video-preview":"max-video-preview:-1"},"canonical":"https:\/\/www.asajacyl.com\/leon\/asaja-leon-informa\/convocatoria-de-rueda-de-prensa-2","og_locale":"es_ES","og_type":"article","og_title":"CONVOCATORIA DE RUEDA DE PRENSA - ASAJA Le\u00f3n","og_description":"Las cuatro organizaciones profesionales agrarias con implantaci&#243;n en Castilla y Le&#243;n, as&#237; como las principales cooperativas comercializadoras de leche de vacuno, convocan a los medios de comunicaci&#243;n a una RUEDA DE PRENSA que se celebrar&#225; ma&#241;ana viernes 30 de marzo, a las 12,30 horas del mediod&#237;a, en la entrada principal de las instalaciones de la industrial l&#225;ctea LENOSA- PULEVA en Le&#243;n capital","og_url":"https:\/\/www.asajacyl.com\/leon\/asaja-leon-informa\/convocatoria-de-rueda-de-prensa-2","og_site_name":"ASAJA Le\u00f3n","article_published_time":"2007-03-28T22:00:00+00:00","og_image":[{"width":1920,"height":1080,"url":"https:\/\/www.asajacyl.com\/leon\/wp-content\/uploads\/sites\/6\/2017\/11\/im_predefinida_1920x1080.jpg","type":"image\/jpeg"}],"author":"Editor","twitter_card":"summary_large_image","twitter_misc":{"Escrito por":"Editor","Tiempo de lectura":"1 minuto"},"schema":{"@context":"https:\/\/schema.org","@graph":[{"@type":"WebPage","@id":"https:\/\/www.asajacyl.com\/leon\/asaja-leon-informa\/convocatoria-de-rueda-de-prensa-2","url":"https:\/\/www.asajacyl.com\/leon\/asaja-leon-informa\/convocatoria-de-rueda-de-prensa-2","name":"CONVOCATORIA DE RUEDA DE PRENSA - ASAJA Le\u00f3n","isPartOf":{"@id":"https:\/\/www.asajacyl.com\/leon\/#website"},"primaryImageOfPage":{"@id":"https:\/\/www.asajacyl.com\/leon\/asaja-leon-informa\/convocatoria-de-rueda-de-prensa-2#primaryimage"},"image":{"@id":"https:\/\/www.asajacyl.com\/leon\/asaja-leon-informa\/convocatoria-de-rueda-de-prensa-2#primaryimage"},"thumbnailUrl":"https:\/\/www.asajacyl.com\/leon\/wp-content\/uploads\/sites\/6\/2017\/11\/im_predefinida_1920x1080.jpg","datePublished":"2007-03-28T22:00:00+00:00","author":{"@id":"https:\/\/www.asajacyl.com\/leon\/#\/schema\/person\/7e884476cee132331142e8ac9689f20c"},"description":"Las cuatro organizaciones profesionales agrarias con implantaci&#243;n en Castilla y Le&#243;n, as&#237; como las principales cooperativas comercializadoras de leche de vacuno, convocan a los medios de comunicaci&#243;n a una RUEDA DE PRENSA que se celebrar&#225; ma&#241;ana viernes 30 de marzo, a las 12,30 horas del mediod&#237;a, en la entrada principal de las instalaciones de la industrial l&#225;ctea LENOSA- PULEVA en Le&#243;n capital","breadcrumb":{"@id":"https:\/\/www.asajacyl.com\/leon\/asaja-leon-informa\/convocatoria-de-rueda-de-prensa-2#breadcrumb"},"inLanguage":"es","potentialAction":[{"@type":"ReadAction","target":["https:\/\/www.asajacyl.com\/leon\/asaja-leon-informa\/convocatoria-de-rueda-de-prensa-2"]}]},{"@type":"ImageObject","inLanguage":"es","@id":"https:\/\/www.asajacyl.com\/leon\/asaja-leon-informa\/convocatoria-de-rueda-de-prensa-2#primaryimage","url":"https:\/\/www.asajacyl.com\/leon\/wp-content\/uploads\/sites\/6\/2017\/11\/im_predefinida_1920x1080.jpg","contentUrl":"https:\/\/www.asajacyl.com\/leon\/wp-content\/uploads\/sites\/6\/2017\/11\/im_predefinida_1920x1080.jpg","width":1920,"height":1080,"caption":"Logotipo ASAJA Le\u00f3n"},{"@type":"BreadcrumbList","@id":"https:\/\/www.asajacyl.com\/leon\/asaja-leon-informa\/convocatoria-de-rueda-de-prensa-2#breadcrumb","itemListElement":[{"@type":"ListItem","position":1,"name":"Portada","item":"https:\/\/www.asajacyl.com\/leon\/"},{"@type":"ListItem","position":2,"name":"CONVOCATORIA DE RUEDA DE PRENSA"}]},{"@type":"WebSite","@id":"https:\/\/www.asajacyl.com\/leon\/#website","url":"https:\/\/www.asajacyl.com\/leon\/","name":"ASAJA Le\u00f3n","description":"Otro sitio m\u00e1s de Provincias ASAJA Castilla y Le\u00f3n","potentialAction":[{"@type":"SearchAction","target":{"@type":"EntryPoint","urlTemplate":"https:\/\/www.asajacyl.com\/leon\/?s={search_term_string}"},"query-input":{"@type":"PropertyValueSpecification","valueRequired":true,"valueName":"search_term_string"}}],"inLanguage":"es"},{"@type":"Person","@id":"https:\/\/www.asajacyl.com\/leon\/#\/schema\/person\/7e884476cee132331142e8ac9689f20c","name":"Editor","image":{"@type":"ImageObject","inLanguage":"es","@id":"https:\/\/www.asajacyl.com\/leon\/#\/schema\/person\/image\/","url":"https:\/\/secure.gravatar.com\/avatar\/a2ef43c165669686cfcfb0e1ffa59869?s=96&d=mm&r=g","contentUrl":"https:\/\/secure.gravatar.com\/avatar\/a2ef43c165669686cfcfb0e1ffa59869?s=96&d=mm&r=g","caption":"Editor"},"url":"https:\/\/www.asajacyl.com\/leon\/author\/oscargg"}]}},"_links":{"self":[{"href":"https:\/\/www.asajacyl.com\/leon\/wp-json\/wp\/v2\/posts\/7633"}],"collection":[{"href":"https:\/\/www.asajacyl.com\/leon\/wp-json\/wp\/v2\/posts"}],"about":[{"href":"https:\/\/www.asajacyl.com\/leon\/wp-json\/wp\/v2\/types\/post"}],"author":[{"embeddable":true,"href":"https:\/\/www.asajacyl.com\/leon\/wp-json\/wp\/v2\/users\/3"}],"replies":[{"embeddable":true,"href":"https:\/\/www.asajacyl.com\/leon\/wp-json\/wp\/v2\/comments?post=7633"}],"version-history":[{"count":0,"href":"https:\/\/www.asajacyl.com\/leon\/wp-json\/wp\/v2\/posts\/7633\/revisions"}],"wp:featuredmedia":[{"embeddable":true,"href":"https:\/\/www.asajacyl.com\/leon\/wp-json\/wp\/v2\/media\/8174"}],"wp:attachment":[{"href":"https:\/\/www.asajacyl.com\/leon\/wp-json\/wp\/v2\/media?parent=7633"}],"wp:term":[{"taxonomy":"category","embeddable":true,"href":"https:\/\/www.asajacyl.com\/leon\/wp-json\/wp\/v2\/categories?post=7633"},{"taxonomy":"post_tag","embeddable":true,"href":"https:\/\/www.asajacyl.com\/leon\/wp-json\/wp\/v2\/tags?post=7633"}],"curies":[{"name":"wp","href":"https:\/\/api.w.org\/{rel}","templated":true}]}}