{"id":7637,"date":"2007-03-14T00:00:00","date_gmt":"2007-03-13T23:00:00","guid":{"rendered":"http:\/\/www.asajacyl.com\/leon\/sin-categoria\/los-usuarios-no-apoyaron-el-plan-especial-de-la-sequia-en-la-cuenca-del-duero"},"modified":"2007-03-14T00:00:00","modified_gmt":"2007-03-13T23:00:00","slug":"los-usuarios-no-apoyaron-el-plan-especial-de-la-sequia-en-la-cuenca-del-duero","status":"publish","type":"post","link":"https:\/\/www.asajacyl.com\/leon\/asaja-leon-informa\/los-usuarios-no-apoyaron-el-plan-especial-de-la-sequia-en-la-cuenca-del-duero","title":{"rendered":"LOS USUARIOS NO APOYARON EL PLAN ESPECIAL DE LA SEQUIA EN LA CUENCA DEL DUERO"},"content":{"rendered":"<h2>El Consejo del Agua de la cuenca del Duero, que se reuni&#243; el martes d&#237;a 13 de marzo en Valladolid, inform&#243; favorablemente el Plan Especial de Actuaci&#243;n en Situaciones de Alerta y Eventual Sequ&#237;a, pero no cont&#243; con el respaldo de los agricultores de la regi&#243;n.<\/h2>\n<p><font face=\"Arial\"><\/p>\n<p align=\"justify\"><font size=\"2\"><\/font>\n<\/p>\n<p align=\"center\"><b><font color=\"#009900\" size=\"2\">LOS USUARIOS NO APOYARON EL PLAN ESPECIAL DE LA SEQUIA EN LA CUENCA DEL DUERO<\/font><\/b><font size=\"2\"> <\/font>\n<\/p>\n<p align=\"justify\"><font size=\"2\"><\/font>\n<\/p>\n<p align=\"justify\"><font size=\"2\">El Consejo del Agua de la cuenca del Duero, que se reuni&#243; el martes d&#237;a 13 de marzo en Valladolid, inform&#243; favorablemente el Plan Especial de Actuaci&#243;n en Situaciones de Alerta y Eventual Sequ&#237;a, pero no cont&#243; con el respaldo de los agricultores de la regi&#243;n. La votaci&#243;n arroj&#243; <b>22 votos a favor<\/b>, <b>22 abstenciones<\/b> entre las que se encontraban la mayor&#237;a de las comunidades de regantes, y <b>2 votos en contra<\/b>, entre ellos el de ASAJA representada por su secretario general Jos&#233; Antonio Turrado. Por tanto, una votaci&#243;n cogida por los pelos en la que el posicionamiento claro a favor estuvo casi &#250;nicamente en los representantes del Gobierno de la naci&#243;n, ecologistas y las el&#233;ctricas (Iberdrola, Uni&#243;n Fenosa,&#8230;). Los regantes, la Junta de Castilla y Le&#243;n, algunos representantes de ayuntamientos y las organizaciones agrarias no votaron a favor, siendo mayoritaria la abstenci&#243;n. <\/font>\n<\/p>\n<p align=\"justify\"><font size=\"2\"><\/font>\n<\/p>\n<p align=\"justify\"><font size=\"2\">Los votos no favorables reclamaban, y as&#237; lo dej&#243; de manifiesto ASAJA, que se hagan m&#225;s infraestructuras de almacenamiento y transporte para aumentar el recurso, que se cumplan los compromisos del Plan Hidrol&#243;gico actual, no se ponga precio pol&#237;tico al agua para sectores como el agrario que no puede soportar mayores gastos, y que los a&#241;os de sequ&#237;a se indemnice por las cosechas que no se recogen y se exonere de los pagos de las tarifas de riego y los c&#225;nones de regulaci&#243;n. <\/font>\n<\/p>\n<p align=\"justify\"><font size=\"2\"><\/font>\n<\/p>\n<p align=\"justify\"><font size=\"2\">Una vez m&#225;s se pone de manifiesto que la pol&#237;tica hidr&#225;ulica de nuestro pa&#237;s no se hace pensando en los regantes, y cada vez priman m&#225;s otros intereses y cuajan las ideas de quienes renuncian, en nombre de un equivocado ecologismo, a las posibilidades de desarrollo que representa disponer de tan preciado recurso. Un recurso que en Castilla y Le&#243;n es abundante pero todav&#237;a no suficientemente regulado pues sigue habiendo sequ&#237;as e inundaciones con efectos devastadores, tanto unas como otras, y que hoy d&#237;a con voluntad pol&#237;tica pueden evitarse sin ocasionar da&#241;os al medio ambiente. <\/font>\n<\/p>\n<p align=\"right\"><font size=\"2\"><\/font>\n<\/p>\n<p align=\"right\"><font size=\"2\">Le&#243;n, 14 de marzo de 2007<\/font><\/p>\n<p><\/font><font size=\"2\"> <\/font><\/p>\n<p align=\"justify\"><font size=\"2\"><\/font>\n<\/p>\n<p align=\"justify\"><font size=\"2\">&#160; <\/font>\n<\/p>\n<p align=\"justify\"><font size=\"2\">&#160;<\/font><\/p>\n","protected":false},"excerpt":{"rendered":"<p>El Consejo del Agua de la cuenca del Duero, que se reuni&#243; el martes d&#237;a 13 de marzo en Valladolid, inform&#243; favorablemente el Plan Especial de Actuaci&#243;n en Situaciones de Alerta y Eventual Sequ&#237;a, pero no cont&#243; con el respaldo de los agricultores de la regi&#243;n.<\/p>\n","protected":false},"author":3,"featured_media":8174,"comment_status":"open","ping_status":"open","sticky":false,"template":"","format":"standard","meta":{"footnotes":""},"categories":[4,9],"tags":[],"yoast_head":"<!-- This site is optimized with the Yoast SEO plugin v24.5 - https:\/\/yoast.com\/wordpress\/plugins\/seo\/ -->\n<title>LOS USUARIOS NO APOYARON EL PLAN ESPECIAL DE LA SEQUIA EN LA CUENCA DEL DUERO - ASAJA Le\u00f3n<\/title>\n<meta name=\"description\" content=\"El Consejo del Agua de la cuenca del Duero, que se reuni&#243; el martes d&#237;a 13 de marzo en Valladolid, inform&#243; favorablemente el Plan Especial de Actuaci&#243;n en Situaciones de Alerta y Eventual Sequ&#237;a, pero no cont&#243; con el respaldo de los agricultores de la regi&#243;n.\" \/>\n<meta name=\"robots\" content=\"index, follow, max-snippet:-1, max-image-preview:large, max-video-preview:-1\" \/>\n<link rel=\"canonical\" href=\"https:\/\/www.asajacyl.com\/leon\/asaja-leon-informa\/los-usuarios-no-apoyaron-el-plan-especial-de-la-sequia-en-la-cuenca-del-duero\" \/>\n<meta property=\"og:locale\" content=\"es_ES\" \/>\n<meta property=\"og:type\" content=\"article\" \/>\n<meta property=\"og:title\" content=\"LOS USUARIOS NO APOYARON EL PLAN ESPECIAL DE LA SEQUIA EN LA CUENCA DEL DUERO - ASAJA Le\u00f3n\" \/>\n<meta property=\"og:description\" content=\"El Consejo del Agua de la cuenca del Duero, que se reuni&#243; el martes d&#237;a 13 de marzo en Valladolid, inform&#243; favorablemente el Plan Especial de Actuaci&#243;n en Situaciones de Alerta y Eventual Sequ&#237;a, pero no cont&#243; con el respaldo de los agricultores de la regi&#243;n.\" \/>\n<meta property=\"og:url\" content=\"https:\/\/www.asajacyl.com\/leon\/asaja-leon-informa\/los-usuarios-no-apoyaron-el-plan-especial-de-la-sequia-en-la-cuenca-del-duero\" \/>\n<meta property=\"og:site_name\" content=\"ASAJA Le\u00f3n\" \/>\n<meta property=\"article:published_time\" content=\"2007-03-13T23:00:00+00:00\" \/>\n<meta property=\"og:image\" content=\"https:\/\/www.asajacyl.com\/leon\/wp-content\/uploads\/sites\/6\/2017\/11\/im_predefinida_1920x1080.jpg\" \/>\n\t<meta property=\"og:image:width\" content=\"1920\" \/>\n\t<meta property=\"og:image:height\" content=\"1080\" \/>\n\t<meta property=\"og:image:type\" content=\"image\/jpeg\" \/>\n<meta name=\"author\" content=\"Editor\" \/>\n<meta name=\"twitter:card\" content=\"summary_large_image\" \/>\n<meta name=\"twitter:label1\" content=\"Escrito por\" \/>\n\t<meta name=\"twitter:data1\" content=\"Editor\" \/>\n\t<meta name=\"twitter:label2\" content=\"Tiempo de lectura\" \/>\n\t<meta name=\"twitter:data2\" content=\"2 minutos\" \/>\n<script type=\"application\/ld+json\" class=\"yoast-schema-graph\">{\"@context\":\"https:\/\/schema.org\",\"@graph\":[{\"@type\":\"WebPage\",\"@id\":\"https:\/\/www.asajacyl.com\/leon\/asaja-leon-informa\/los-usuarios-no-apoyaron-el-plan-especial-de-la-sequia-en-la-cuenca-del-duero\",\"url\":\"https:\/\/www.asajacyl.com\/leon\/asaja-leon-informa\/los-usuarios-no-apoyaron-el-plan-especial-de-la-sequia-en-la-cuenca-del-duero\",\"name\":\"LOS USUARIOS NO APOYARON EL PLAN ESPECIAL DE LA SEQUIA EN LA CUENCA DEL DUERO - ASAJA Le\u00f3n\",\"isPartOf\":{\"@id\":\"https:\/\/www.asajacyl.com\/leon\/#website\"},\"primaryImageOfPage\":{\"@id\":\"https:\/\/www.asajacyl.com\/leon\/asaja-leon-informa\/los-usuarios-no-apoyaron-el-plan-especial-de-la-sequia-en-la-cuenca-del-duero#primaryimage\"},\"image\":{\"@id\":\"https:\/\/www.asajacyl.com\/leon\/asaja-leon-informa\/los-usuarios-no-apoyaron-el-plan-especial-de-la-sequia-en-la-cuenca-del-duero#primaryimage\"},\"thumbnailUrl\":\"https:\/\/www.asajacyl.com\/leon\/wp-content\/uploads\/sites\/6\/2017\/11\/im_predefinida_1920x1080.jpg\",\"datePublished\":\"2007-03-13T23:00:00+00:00\",\"author\":{\"@id\":\"https:\/\/www.asajacyl.com\/leon\/#\/schema\/person\/7e884476cee132331142e8ac9689f20c\"},\"description\":\"El Consejo del Agua de la cuenca del Duero, que se reuni&#243; el martes d&#237;a 13 de marzo en Valladolid, inform&#243; favorablemente el Plan Especial de Actuaci&#243;n en Situaciones de Alerta y Eventual Sequ&#237;a, pero no cont&#243; con el respaldo de los agricultores de la regi&#243;n.\",\"breadcrumb\":{\"@id\":\"https:\/\/www.asajacyl.com\/leon\/asaja-leon-informa\/los-usuarios-no-apoyaron-el-plan-especial-de-la-sequia-en-la-cuenca-del-duero#breadcrumb\"},\"inLanguage\":\"es\",\"potentialAction\":[{\"@type\":\"ReadAction\",\"target\":[\"https:\/\/www.asajacyl.com\/leon\/asaja-leon-informa\/los-usuarios-no-apoyaron-el-plan-especial-de-la-sequia-en-la-cuenca-del-duero\"]}]},{\"@type\":\"ImageObject\",\"inLanguage\":\"es\",\"@id\":\"https:\/\/www.asajacyl.com\/leon\/asaja-leon-informa\/los-usuarios-no-apoyaron-el-plan-especial-de-la-sequia-en-la-cuenca-del-duero#primaryimage\",\"url\":\"https:\/\/www.asajacyl.com\/leon\/wp-content\/uploads\/sites\/6\/2017\/11\/im_predefinida_1920x1080.jpg\",\"contentUrl\":\"https:\/\/www.asajacyl.com\/leon\/wp-content\/uploads\/sites\/6\/2017\/11\/im_predefinida_1920x1080.jpg\",\"width\":1920,\"height\":1080,\"caption\":\"Logotipo ASAJA Le\u00f3n\"},{\"@type\":\"BreadcrumbList\",\"@id\":\"https:\/\/www.asajacyl.com\/leon\/asaja-leon-informa\/los-usuarios-no-apoyaron-el-plan-especial-de-la-sequia-en-la-cuenca-del-duero#breadcrumb\",\"itemListElement\":[{\"@type\":\"ListItem\",\"position\":1,\"name\":\"Portada\",\"item\":\"https:\/\/www.asajacyl.com\/leon\/\"},{\"@type\":\"ListItem\",\"position\":2,\"name\":\"LOS USUARIOS NO APOYARON EL PLAN ESPECIAL DE LA SEQUIA EN LA CUENCA DEL DUERO\"}]},{\"@type\":\"WebSite\",\"@id\":\"https:\/\/www.asajacyl.com\/leon\/#website\",\"url\":\"https:\/\/www.asajacyl.com\/leon\/\",\"name\":\"ASAJA Le\u00f3n\",\"description\":\"Otro sitio m\u00e1s de Provincias ASAJA Castilla y Le\u00f3n\",\"potentialAction\":[{\"@type\":\"SearchAction\",\"target\":{\"@type\":\"EntryPoint\",\"urlTemplate\":\"https:\/\/www.asajacyl.com\/leon\/?s={search_term_string}\"},\"query-input\":{\"@type\":\"PropertyValueSpecification\",\"valueRequired\":true,\"valueName\":\"search_term_string\"}}],\"inLanguage\":\"es\"},{\"@type\":\"Person\",\"@id\":\"https:\/\/www.asajacyl.com\/leon\/#\/schema\/person\/7e884476cee132331142e8ac9689f20c\",\"name\":\"Editor\",\"image\":{\"@type\":\"ImageObject\",\"inLanguage\":\"es\",\"@id\":\"https:\/\/www.asajacyl.com\/leon\/#\/schema\/person\/image\/\",\"url\":\"https:\/\/secure.gravatar.com\/avatar\/a2ef43c165669686cfcfb0e1ffa59869?s=96&d=mm&r=g\",\"contentUrl\":\"https:\/\/secure.gravatar.com\/avatar\/a2ef43c165669686cfcfb0e1ffa59869?s=96&d=mm&r=g\",\"caption\":\"Editor\"},\"url\":\"https:\/\/www.asajacyl.com\/leon\/author\/oscargg\"}]}<\/script>\n<!-- \/ Yoast SEO plugin. -->","yoast_head_json":{"title":"LOS USUARIOS NO APOYARON EL PLAN ESPECIAL DE LA SEQUIA EN LA CUENCA DEL DUERO - ASAJA Le\u00f3n","description":"El Consejo del Agua de la cuenca del Duero, que se reuni&#243; el martes d&#237;a 13 de marzo en Valladolid, inform&#243; favorablemente el Plan Especial de Actuaci&#243;n en Situaciones de Alerta y Eventual Sequ&#237;a, pero no cont&#243; con el respaldo de los agricultores de la regi&#243;n.","robots":{"index":"index","follow":"follow","max-snippet":"max-snippet:-1","max-image-preview":"max-image-preview:large","max-video-preview":"max-video-preview:-1"},"canonical":"https:\/\/www.asajacyl.com\/leon\/asaja-leon-informa\/los-usuarios-no-apoyaron-el-plan-especial-de-la-sequia-en-la-cuenca-del-duero","og_locale":"es_ES","og_type":"article","og_title":"LOS USUARIOS NO APOYARON EL PLAN ESPECIAL DE LA SEQUIA EN LA CUENCA DEL DUERO - ASAJA Le\u00f3n","og_description":"El Consejo del Agua de la cuenca del Duero, que se reuni&#243; el martes d&#237;a 13 de marzo en Valladolid, inform&#243; favorablemente el Plan Especial de Actuaci&#243;n en Situaciones de Alerta y Eventual Sequ&#237;a, pero no cont&#243; con el respaldo de los agricultores de la regi&#243;n.","og_url":"https:\/\/www.asajacyl.com\/leon\/asaja-leon-informa\/los-usuarios-no-apoyaron-el-plan-especial-de-la-sequia-en-la-cuenca-del-duero","og_site_name":"ASAJA Le\u00f3n","article_published_time":"2007-03-13T23:00:00+00:00","og_image":[{"width":1920,"height":1080,"url":"https:\/\/www.asajacyl.com\/leon\/wp-content\/uploads\/sites\/6\/2017\/11\/im_predefinida_1920x1080.jpg","type":"image\/jpeg"}],"author":"Editor","twitter_card":"summary_large_image","twitter_misc":{"Escrito por":"Editor","Tiempo de lectura":"2 minutos"},"schema":{"@context":"https:\/\/schema.org","@graph":[{"@type":"WebPage","@id":"https:\/\/www.asajacyl.com\/leon\/asaja-leon-informa\/los-usuarios-no-apoyaron-el-plan-especial-de-la-sequia-en-la-cuenca-del-duero","url":"https:\/\/www.asajacyl.com\/leon\/asaja-leon-informa\/los-usuarios-no-apoyaron-el-plan-especial-de-la-sequia-en-la-cuenca-del-duero","name":"LOS USUARIOS NO APOYARON EL PLAN ESPECIAL DE LA SEQUIA EN LA CUENCA DEL DUERO - ASAJA Le\u00f3n","isPartOf":{"@id":"https:\/\/www.asajacyl.com\/leon\/#website"},"primaryImageOfPage":{"@id":"https:\/\/www.asajacyl.com\/leon\/asaja-leon-informa\/los-usuarios-no-apoyaron-el-plan-especial-de-la-sequia-en-la-cuenca-del-duero#primaryimage"},"image":{"@id":"https:\/\/www.asajacyl.com\/leon\/asaja-leon-informa\/los-usuarios-no-apoyaron-el-plan-especial-de-la-sequia-en-la-cuenca-del-duero#primaryimage"},"thumbnailUrl":"https:\/\/www.asajacyl.com\/leon\/wp-content\/uploads\/sites\/6\/2017\/11\/im_predefinida_1920x1080.jpg","datePublished":"2007-03-13T23:00:00+00:00","author":{"@id":"https:\/\/www.asajacyl.com\/leon\/#\/schema\/person\/7e884476cee132331142e8ac9689f20c"},"description":"El Consejo del Agua de la cuenca del Duero, que se reuni&#243; el martes d&#237;a 13 de marzo en Valladolid, inform&#243; favorablemente el Plan Especial de Actuaci&#243;n en Situaciones de Alerta y Eventual Sequ&#237;a, pero no cont&#243; con el respaldo de los agricultores de la regi&#243;n.","breadcrumb":{"@id":"https:\/\/www.asajacyl.com\/leon\/asaja-leon-informa\/los-usuarios-no-apoyaron-el-plan-especial-de-la-sequia-en-la-cuenca-del-duero#breadcrumb"},"inLanguage":"es","potentialAction":[{"@type":"ReadAction","target":["https:\/\/www.asajacyl.com\/leon\/asaja-leon-informa\/los-usuarios-no-apoyaron-el-plan-especial-de-la-sequia-en-la-cuenca-del-duero"]}]},{"@type":"ImageObject","inLanguage":"es","@id":"https:\/\/www.asajacyl.com\/leon\/asaja-leon-informa\/los-usuarios-no-apoyaron-el-plan-especial-de-la-sequia-en-la-cuenca-del-duero#primaryimage","url":"https:\/\/www.asajacyl.com\/leon\/wp-content\/uploads\/sites\/6\/2017\/11\/im_predefinida_1920x1080.jpg","contentUrl":"https:\/\/www.asajacyl.com\/leon\/wp-content\/uploads\/sites\/6\/2017\/11\/im_predefinida_1920x1080.jpg","width":1920,"height":1080,"caption":"Logotipo ASAJA Le\u00f3n"},{"@type":"BreadcrumbList","@id":"https:\/\/www.asajacyl.com\/leon\/asaja-leon-informa\/los-usuarios-no-apoyaron-el-plan-especial-de-la-sequia-en-la-cuenca-del-duero#breadcrumb","itemListElement":[{"@type":"ListItem","position":1,"name":"Portada","item":"https:\/\/www.asajacyl.com\/leon\/"},{"@type":"ListItem","position":2,"name":"LOS USUARIOS NO APOYARON EL PLAN ESPECIAL DE LA SEQUIA EN LA CUENCA DEL DUERO"}]},{"@type":"WebSite","@id":"https:\/\/www.asajacyl.com\/leon\/#website","url":"https:\/\/www.asajacyl.com\/leon\/","name":"ASAJA Le\u00f3n","description":"Otro sitio m\u00e1s de Provincias ASAJA Castilla y Le\u00f3n","potentialAction":[{"@type":"SearchAction","target":{"@type":"EntryPoint","urlTemplate":"https:\/\/www.asajacyl.com\/leon\/?s={search_term_string}"},"query-input":{"@type":"PropertyValueSpecification","valueRequired":true,"valueName":"search_term_string"}}],"inLanguage":"es"},{"@type":"Person","@id":"https:\/\/www.asajacyl.com\/leon\/#\/schema\/person\/7e884476cee132331142e8ac9689f20c","name":"Editor","image":{"@type":"ImageObject","inLanguage":"es","@id":"https:\/\/www.asajacyl.com\/leon\/#\/schema\/person\/image\/","url":"https:\/\/secure.gravatar.com\/avatar\/a2ef43c165669686cfcfb0e1ffa59869?s=96&d=mm&r=g","contentUrl":"https:\/\/secure.gravatar.com\/avatar\/a2ef43c165669686cfcfb0e1ffa59869?s=96&d=mm&r=g","caption":"Editor"},"url":"https:\/\/www.asajacyl.com\/leon\/author\/oscargg"}]}},"_links":{"self":[{"href":"https:\/\/www.asajacyl.com\/leon\/wp-json\/wp\/v2\/posts\/7637"}],"collection":[{"href":"https:\/\/www.asajacyl.com\/leon\/wp-json\/wp\/v2\/posts"}],"about":[{"href":"https:\/\/www.asajacyl.com\/leon\/wp-json\/wp\/v2\/types\/post"}],"author":[{"embeddable":true,"href":"https:\/\/www.asajacyl.com\/leon\/wp-json\/wp\/v2\/users\/3"}],"replies":[{"embeddable":true,"href":"https:\/\/www.asajacyl.com\/leon\/wp-json\/wp\/v2\/comments?post=7637"}],"version-history":[{"count":0,"href":"https:\/\/www.asajacyl.com\/leon\/wp-json\/wp\/v2\/posts\/7637\/revisions"}],"wp:featuredmedia":[{"embeddable":true,"href":"https:\/\/www.asajacyl.com\/leon\/wp-json\/wp\/v2\/media\/8174"}],"wp:attachment":[{"href":"https:\/\/www.asajacyl.com\/leon\/wp-json\/wp\/v2\/media?parent=7637"}],"wp:term":[{"taxonomy":"category","embeddable":true,"href":"https:\/\/www.asajacyl.com\/leon\/wp-json\/wp\/v2\/categories?post=7637"},{"taxonomy":"post_tag","embeddable":true,"href":"https:\/\/www.asajacyl.com\/leon\/wp-json\/wp\/v2\/tags?post=7637"}],"curies":[{"name":"wp","href":"https:\/\/api.w.org\/{rel}","templated":true}]}}