{"id":7648,"date":"2007-02-27T00:00:00","date_gmt":"2007-02-26T23:00:00","guid":{"rendered":"http:\/\/www.asajacyl.com\/leon\/sin-categoria\/conferenciael-futuro-de-la-agricultura-leonesa-en-el-contexto-de-la-unin-europea"},"modified":"2007-02-27T00:00:00","modified_gmt":"2007-02-26T23:00:00","slug":"conferenciael-futuro-de-la-agricultura-leonesa-en-el-contexto-de-la-unin-europea","status":"publish","type":"post","link":"https:\/\/www.asajacyl.com\/leon\/asaja-leon-informa\/conferenciael-futuro-de-la-agricultura-leonesa-en-el-contexto-de-la-unin-europea","title":{"rendered":"Conferencia\u00bbEl futuro de la agricultura leonesa en el contexto de la Uni&#243;n Europea\u00bb"},"content":{"rendered":"<h2>Excmo. Sr. D. Miguel Arias Ca&#241;ete. Ex &#8211; ministro de Agricultura. Diputado. Secretario de Econom&#237;a y Empleo del PP. <\/p>\n<p>D&#237;a: jueves 8 de marzo<\/h2>\n<p><font size=\"4\"><\/p>\n<p align=\"center\">&#160;&#160;<\/p>\n<p><\/font><b><u><font face=\"Arial\" color=\"#ff0000\" size=\"7\">CONFERENCIA<\/font><\/u><\/b> <\/p>\n<p align=\"center\">&#160;&#160;<font face=\"Arial\" size=\"4\"><i><img decoding=\"async\" style=\"MARGIN: 0px\" alt=\"\" hspace=\"0\" src=\"\/leon\/wp-content\/uploads\/sites\/6\/2017\/11\/LOGO_ASAJA.jpg\" align=\"baseline\" border=\"0\"\/><\/i><\/font><\/p>\n<p align=\"center\">\u00abEl futuro de la agricultura leonesa en el contexto de la Uni&#243;n Europea\u00bb<\/p>\n<p><b><font face=\"Arial\" color=\"#0000ff\" size=\"6\"> <\/p>\n<p align=\"center\">Excmo. Sr. D. Miguel Arias Ca&#241;ete.<\/p>\n<p><\/font><\/b><font face=\"Arial\" size=\"4\"> <\/p>\n<p align=\"center\">\n<p><\/font><font face=\"Arial\" size=\"3\"><\/p>\n<p align=\"center\">Ex &#8211; ministro de Agricultura. Diputado. Secretario de Econom&#237;a y Empleo del PP.<\/p>\n<p><\/font><font face=\"Arial\" size=\"4\"> <\/p>\n<p>&#160;&#160;&#160;\n<\/p>\n<p>D&#237;a: <b><u>jueves 8 de marzo<\/u><\/b>\n<\/p>\n<p>Hora: 6,45 de la tarde\n<\/p>\n<p>Lugar: Parador Hostal de San Marcos de Le&#243;n\n<\/p>\n<p align=\"right\">Entrada libre hasta completar aforo.\n<\/p>\n<p>&#160;<\/p>\n<p><\/font><font size=\"2\"> <\/p>\n<p><\/font><font face=\"Arial\" size=\"4\">&#160;<\/p>\n<p>ORGANIZA:<\/p>\n<p><\/font><\/p>\n","protected":false},"excerpt":{"rendered":"<p>Excmo. Sr. D. Miguel Arias Ca&#241;ete. Ex &#8211; ministro de Agricultura. Diputado. Secretario de Econom&#237;a y Empleo del PP. <\/p>\n<p>D&#237;a: jueves 8 de marzo<\/p>\n","protected":false},"author":3,"featured_media":7649,"comment_status":"open","ping_status":"open","sticky":false,"template":"","format":"standard","meta":{"footnotes":""},"categories":[4,9],"tags":[],"yoast_head":"<!-- This site is optimized with the Yoast SEO plugin v24.5 - https:\/\/yoast.com\/wordpress\/plugins\/seo\/ -->\n<title>Conferencia&quot;El futuro de la agricultura leonesa en el contexto de la Uni&#243;n Europea&quot; - ASAJA Le\u00f3n<\/title>\n<meta name=\"description\" content=\"Excmo. Sr. D. Miguel Arias Ca&#241;ete. Ex &#8211; ministro de Agricultura. Diputado. Secretario de Econom&#237;a y Empleo del PP.     D&#237;a: jueves 8 de marzo\" \/>\n<meta name=\"robots\" content=\"index, follow, max-snippet:-1, max-image-preview:large, max-video-preview:-1\" \/>\n<link rel=\"canonical\" href=\"https:\/\/www.asajacyl.com\/leon\/asaja-leon-informa\/conferenciael-futuro-de-la-agricultura-leonesa-en-el-contexto-de-la-unin-europea\" \/>\n<meta property=\"og:locale\" content=\"es_ES\" \/>\n<meta property=\"og:type\" content=\"article\" \/>\n<meta property=\"og:title\" content=\"Conferencia&quot;El futuro de la agricultura leonesa en el contexto de la Uni&#243;n Europea&quot; - ASAJA Le\u00f3n\" \/>\n<meta property=\"og:description\" content=\"Excmo. Sr. D. Miguel Arias Ca&#241;ete. Ex &#8211; ministro de Agricultura. Diputado. Secretario de Econom&#237;a y Empleo del PP.     D&#237;a: jueves 8 de marzo\" \/>\n<meta property=\"og:url\" content=\"https:\/\/www.asajacyl.com\/leon\/asaja-leon-informa\/conferenciael-futuro-de-la-agricultura-leonesa-en-el-contexto-de-la-unin-europea\" \/>\n<meta property=\"og:site_name\" content=\"ASAJA Le\u00f3n\" \/>\n<meta property=\"article:published_time\" content=\"2007-02-26T23:00:00+00:00\" \/>\n<meta property=\"og:image\" content=\"https:\/\/www.asajacyl.com\/leon\/wp-content\/uploads\/sites\/6\/2017\/11\/LOGO_ASAJA.jpg\" \/>\n\t<meta property=\"og:image:width\" content=\"70\" \/>\n\t<meta property=\"og:image:height\" content=\"83\" \/>\n\t<meta property=\"og:image:type\" content=\"image\/jpeg\" \/>\n<meta name=\"author\" content=\"Editor\" \/>\n<meta name=\"twitter:card\" content=\"summary_large_image\" \/>\n<meta name=\"twitter:label1\" content=\"Escrito por\" \/>\n\t<meta name=\"twitter:data1\" content=\"Editor\" \/>\n<script type=\"application\/ld+json\" class=\"yoast-schema-graph\">{\"@context\":\"https:\/\/schema.org\",\"@graph\":[{\"@type\":\"WebPage\",\"@id\":\"https:\/\/www.asajacyl.com\/leon\/asaja-leon-informa\/conferenciael-futuro-de-la-agricultura-leonesa-en-el-contexto-de-la-unin-europea\",\"url\":\"https:\/\/www.asajacyl.com\/leon\/asaja-leon-informa\/conferenciael-futuro-de-la-agricultura-leonesa-en-el-contexto-de-la-unin-europea\",\"name\":\"Conferencia\\\"El futuro de la agricultura leonesa en el contexto de la Uni&#243;n Europea\\\" - ASAJA Le\u00f3n\",\"isPartOf\":{\"@id\":\"https:\/\/www.asajacyl.com\/leon\/#website\"},\"primaryImageOfPage\":{\"@id\":\"https:\/\/www.asajacyl.com\/leon\/asaja-leon-informa\/conferenciael-futuro-de-la-agricultura-leonesa-en-el-contexto-de-la-unin-europea#primaryimage\"},\"image\":{\"@id\":\"https:\/\/www.asajacyl.com\/leon\/asaja-leon-informa\/conferenciael-futuro-de-la-agricultura-leonesa-en-el-contexto-de-la-unin-europea#primaryimage\"},\"thumbnailUrl\":\"https:\/\/www.asajacyl.com\/leon\/wp-content\/uploads\/sites\/6\/2017\/11\/LOGO_ASAJA.jpg\",\"datePublished\":\"2007-02-26T23:00:00+00:00\",\"author\":{\"@id\":\"https:\/\/www.asajacyl.com\/leon\/#\/schema\/person\/7e884476cee132331142e8ac9689f20c\"},\"description\":\"Excmo. Sr. D. Miguel Arias Ca&#241;ete. Ex &#8211; ministro de Agricultura. Diputado. Secretario de Econom&#237;a y Empleo del PP. D&#237;a: jueves 8 de marzo\",\"breadcrumb\":{\"@id\":\"https:\/\/www.asajacyl.com\/leon\/asaja-leon-informa\/conferenciael-futuro-de-la-agricultura-leonesa-en-el-contexto-de-la-unin-europea#breadcrumb\"},\"inLanguage\":\"es\",\"potentialAction\":[{\"@type\":\"ReadAction\",\"target\":[\"https:\/\/www.asajacyl.com\/leon\/asaja-leon-informa\/conferenciael-futuro-de-la-agricultura-leonesa-en-el-contexto-de-la-unin-europea\"]}]},{\"@type\":\"ImageObject\",\"inLanguage\":\"es\",\"@id\":\"https:\/\/www.asajacyl.com\/leon\/asaja-leon-informa\/conferenciael-futuro-de-la-agricultura-leonesa-en-el-contexto-de-la-unin-europea#primaryimage\",\"url\":\"https:\/\/www.asajacyl.com\/leon\/wp-content\/uploads\/sites\/6\/2017\/11\/LOGO_ASAJA.jpg\",\"contentUrl\":\"https:\/\/www.asajacyl.com\/leon\/wp-content\/uploads\/sites\/6\/2017\/11\/LOGO_ASAJA.jpg\",\"width\":70,\"height\":83},{\"@type\":\"BreadcrumbList\",\"@id\":\"https:\/\/www.asajacyl.com\/leon\/asaja-leon-informa\/conferenciael-futuro-de-la-agricultura-leonesa-en-el-contexto-de-la-unin-europea#breadcrumb\",\"itemListElement\":[{\"@type\":\"ListItem\",\"position\":1,\"name\":\"Portada\",\"item\":\"https:\/\/www.asajacyl.com\/leon\/\"},{\"@type\":\"ListItem\",\"position\":2,\"name\":\"Conferencia\u00bbEl futuro de la agricultura leonesa en el contexto de la Uni&#243;n Europea\u00bb\"}]},{\"@type\":\"WebSite\",\"@id\":\"https:\/\/www.asajacyl.com\/leon\/#website\",\"url\":\"https:\/\/www.asajacyl.com\/leon\/\",\"name\":\"ASAJA Le\u00f3n\",\"description\":\"Otro sitio m\u00e1s de Provincias ASAJA Castilla y Le\u00f3n\",\"potentialAction\":[{\"@type\":\"SearchAction\",\"target\":{\"@type\":\"EntryPoint\",\"urlTemplate\":\"https:\/\/www.asajacyl.com\/leon\/?s={search_term_string}\"},\"query-input\":{\"@type\":\"PropertyValueSpecification\",\"valueRequired\":true,\"valueName\":\"search_term_string\"}}],\"inLanguage\":\"es\"},{\"@type\":\"Person\",\"@id\":\"https:\/\/www.asajacyl.com\/leon\/#\/schema\/person\/7e884476cee132331142e8ac9689f20c\",\"name\":\"Editor\",\"image\":{\"@type\":\"ImageObject\",\"inLanguage\":\"es\",\"@id\":\"https:\/\/www.asajacyl.com\/leon\/#\/schema\/person\/image\/\",\"url\":\"https:\/\/secure.gravatar.com\/avatar\/a2ef43c165669686cfcfb0e1ffa59869?s=96&d=mm&r=g\",\"contentUrl\":\"https:\/\/secure.gravatar.com\/avatar\/a2ef43c165669686cfcfb0e1ffa59869?s=96&d=mm&r=g\",\"caption\":\"Editor\"},\"url\":\"https:\/\/www.asajacyl.com\/leon\/author\/oscargg\"}]}<\/script>\n<!-- \/ Yoast SEO plugin. -->","yoast_head_json":{"title":"Conferencia\"El futuro de la agricultura leonesa en el contexto de la Uni&#243;n Europea\" - ASAJA Le\u00f3n","description":"Excmo. Sr. D. Miguel Arias Ca&#241;ete. Ex &#8211; ministro de Agricultura. Diputado. Secretario de Econom&#237;a y Empleo del PP.     D&#237;a: jueves 8 de marzo","robots":{"index":"index","follow":"follow","max-snippet":"max-snippet:-1","max-image-preview":"max-image-preview:large","max-video-preview":"max-video-preview:-1"},"canonical":"https:\/\/www.asajacyl.com\/leon\/asaja-leon-informa\/conferenciael-futuro-de-la-agricultura-leonesa-en-el-contexto-de-la-unin-europea","og_locale":"es_ES","og_type":"article","og_title":"Conferencia\"El futuro de la agricultura leonesa en el contexto de la Uni&#243;n Europea\" - ASAJA Le\u00f3n","og_description":"Excmo. Sr. D. Miguel Arias Ca&#241;ete. Ex &#8211; ministro de Agricultura. Diputado. Secretario de Econom&#237;a y Empleo del PP.     D&#237;a: jueves 8 de marzo","og_url":"https:\/\/www.asajacyl.com\/leon\/asaja-leon-informa\/conferenciael-futuro-de-la-agricultura-leonesa-en-el-contexto-de-la-unin-europea","og_site_name":"ASAJA Le\u00f3n","article_published_time":"2007-02-26T23:00:00+00:00","og_image":[{"width":70,"height":83,"url":"https:\/\/www.asajacyl.com\/leon\/wp-content\/uploads\/sites\/6\/2017\/11\/LOGO_ASAJA.jpg","type":"image\/jpeg"}],"author":"Editor","twitter_card":"summary_large_image","twitter_misc":{"Escrito por":"Editor"},"schema":{"@context":"https:\/\/schema.org","@graph":[{"@type":"WebPage","@id":"https:\/\/www.asajacyl.com\/leon\/asaja-leon-informa\/conferenciael-futuro-de-la-agricultura-leonesa-en-el-contexto-de-la-unin-europea","url":"https:\/\/www.asajacyl.com\/leon\/asaja-leon-informa\/conferenciael-futuro-de-la-agricultura-leonesa-en-el-contexto-de-la-unin-europea","name":"Conferencia\"El futuro de la agricultura leonesa en el contexto de la Uni&#243;n Europea\" - ASAJA Le\u00f3n","isPartOf":{"@id":"https:\/\/www.asajacyl.com\/leon\/#website"},"primaryImageOfPage":{"@id":"https:\/\/www.asajacyl.com\/leon\/asaja-leon-informa\/conferenciael-futuro-de-la-agricultura-leonesa-en-el-contexto-de-la-unin-europea#primaryimage"},"image":{"@id":"https:\/\/www.asajacyl.com\/leon\/asaja-leon-informa\/conferenciael-futuro-de-la-agricultura-leonesa-en-el-contexto-de-la-unin-europea#primaryimage"},"thumbnailUrl":"https:\/\/www.asajacyl.com\/leon\/wp-content\/uploads\/sites\/6\/2017\/11\/LOGO_ASAJA.jpg","datePublished":"2007-02-26T23:00:00+00:00","author":{"@id":"https:\/\/www.asajacyl.com\/leon\/#\/schema\/person\/7e884476cee132331142e8ac9689f20c"},"description":"Excmo. Sr. D. Miguel Arias Ca&#241;ete. Ex &#8211; ministro de Agricultura. Diputado. Secretario de Econom&#237;a y Empleo del PP. D&#237;a: jueves 8 de marzo","breadcrumb":{"@id":"https:\/\/www.asajacyl.com\/leon\/asaja-leon-informa\/conferenciael-futuro-de-la-agricultura-leonesa-en-el-contexto-de-la-unin-europea#breadcrumb"},"inLanguage":"es","potentialAction":[{"@type":"ReadAction","target":["https:\/\/www.asajacyl.com\/leon\/asaja-leon-informa\/conferenciael-futuro-de-la-agricultura-leonesa-en-el-contexto-de-la-unin-europea"]}]},{"@type":"ImageObject","inLanguage":"es","@id":"https:\/\/www.asajacyl.com\/leon\/asaja-leon-informa\/conferenciael-futuro-de-la-agricultura-leonesa-en-el-contexto-de-la-unin-europea#primaryimage","url":"https:\/\/www.asajacyl.com\/leon\/wp-content\/uploads\/sites\/6\/2017\/11\/LOGO_ASAJA.jpg","contentUrl":"https:\/\/www.asajacyl.com\/leon\/wp-content\/uploads\/sites\/6\/2017\/11\/LOGO_ASAJA.jpg","width":70,"height":83},{"@type":"BreadcrumbList","@id":"https:\/\/www.asajacyl.com\/leon\/asaja-leon-informa\/conferenciael-futuro-de-la-agricultura-leonesa-en-el-contexto-de-la-unin-europea#breadcrumb","itemListElement":[{"@type":"ListItem","position":1,"name":"Portada","item":"https:\/\/www.asajacyl.com\/leon\/"},{"@type":"ListItem","position":2,"name":"Conferencia\u00bbEl futuro de la agricultura leonesa en el contexto de la Uni&#243;n Europea\u00bb"}]},{"@type":"WebSite","@id":"https:\/\/www.asajacyl.com\/leon\/#website","url":"https:\/\/www.asajacyl.com\/leon\/","name":"ASAJA Le\u00f3n","description":"Otro sitio m\u00e1s de Provincias ASAJA Castilla y Le\u00f3n","potentialAction":[{"@type":"SearchAction","target":{"@type":"EntryPoint","urlTemplate":"https:\/\/www.asajacyl.com\/leon\/?s={search_term_string}"},"query-input":{"@type":"PropertyValueSpecification","valueRequired":true,"valueName":"search_term_string"}}],"inLanguage":"es"},{"@type":"Person","@id":"https:\/\/www.asajacyl.com\/leon\/#\/schema\/person\/7e884476cee132331142e8ac9689f20c","name":"Editor","image":{"@type":"ImageObject","inLanguage":"es","@id":"https:\/\/www.asajacyl.com\/leon\/#\/schema\/person\/image\/","url":"https:\/\/secure.gravatar.com\/avatar\/a2ef43c165669686cfcfb0e1ffa59869?s=96&d=mm&r=g","contentUrl":"https:\/\/secure.gravatar.com\/avatar\/a2ef43c165669686cfcfb0e1ffa59869?s=96&d=mm&r=g","caption":"Editor"},"url":"https:\/\/www.asajacyl.com\/leon\/author\/oscargg"}]}},"_links":{"self":[{"href":"https:\/\/www.asajacyl.com\/leon\/wp-json\/wp\/v2\/posts\/7648"}],"collection":[{"href":"https:\/\/www.asajacyl.com\/leon\/wp-json\/wp\/v2\/posts"}],"about":[{"href":"https:\/\/www.asajacyl.com\/leon\/wp-json\/wp\/v2\/types\/post"}],"author":[{"embeddable":true,"href":"https:\/\/www.asajacyl.com\/leon\/wp-json\/wp\/v2\/users\/3"}],"replies":[{"embeddable":true,"href":"https:\/\/www.asajacyl.com\/leon\/wp-json\/wp\/v2\/comments?post=7648"}],"version-history":[{"count":0,"href":"https:\/\/www.asajacyl.com\/leon\/wp-json\/wp\/v2\/posts\/7648\/revisions"}],"wp:featuredmedia":[{"embeddable":true,"href":"https:\/\/www.asajacyl.com\/leon\/wp-json\/wp\/v2\/media\/7649"}],"wp:attachment":[{"href":"https:\/\/www.asajacyl.com\/leon\/wp-json\/wp\/v2\/media?parent=7648"}],"wp:term":[{"taxonomy":"category","embeddable":true,"href":"https:\/\/www.asajacyl.com\/leon\/wp-json\/wp\/v2\/categories?post=7648"},{"taxonomy":"post_tag","embeddable":true,"href":"https:\/\/www.asajacyl.com\/leon\/wp-json\/wp\/v2\/tags?post=7648"}],"curies":[{"name":"wp","href":"https:\/\/api.w.org\/{rel}","templated":true}]}}