{"id":7653,"date":"2007-02-23T00:00:00","date_gmt":"2007-02-22T23:00:00","guid":{"rendered":"http:\/\/www.asajacyl.com\/leon\/sin-categoria\/asaja-celebrar-el-domingo-la-asamblea-general"},"modified":"2007-02-23T00:00:00","modified_gmt":"2007-02-22T23:00:00","slug":"asaja-celebrar-el-domingo-la-asamblea-general","status":"publish","type":"post","link":"https:\/\/www.asajacyl.com\/leon\/asaja-leon-informa\/asaja-celebrar-el-domingo-la-asamblea-general","title":{"rendered":"ASAJA CELEBRAR&#193; EL DOMINGO LA ASAMBLEA GENERAL"},"content":{"rendered":"<h2>La organizaci&#243;n agraria ASAJA de Le&#243;n celebrar&#225; el domingo d&#237;a 25 su Asamblea General Ordinaria en un acto que comenzar&#225; a las 12 del mediod&#237;a en los salones del Hotel Chalet de Pozo, y al que se espera asistan unos 600 agricultores y ganadero de toda la provincia.<\/h2>\n<p><font face=\"Arial\"><\/p>\n<p align=\"center\">\n<p><\/font><font face=\"Arial\"><b><font color=\"#009900\" size=\"2\">ASAJA CELEBRAR&#193; EL DOMINGO LA ASAMBLEA GENERAL<\/font><\/b><font size=\"2\"> <\/font><\/p>\n<p align=\"justify\"><font size=\"2\"><\/font>\n<\/p>\n<p align=\"justify\"><font size=\"2\">La organizaci&#243;n agraria ASAJA de Le&#243;n celebrar&#225; el domingo d&#237;a 25 su Asamblea General Ordinaria en un acto que comenzar&#225; a las 12 del mediod&#237;a en los salones del Hotel Chalet de Pozo, y al que se espera asistan unos 600 agricultores y ganadero de toda la provincia. <\/font>\n<\/p>\n<p align=\"justify\"><font size=\"2\"><\/font>\n<\/p>\n<p align=\"justify\"><font size=\"2\">Se aprobar&#225; el balance econ&#243;mico y de gesti&#243;n del a&#241;o 2006 y se marcar&#225;n las principales directrices para el 2007 en la doble vertiente de la organizaci&#243;n: la actividad reivindicativa y la de servicios. <\/font>\n<\/p>\n<p align=\"justify\"><font size=\"2\"><\/font>\n<\/p>\n<p align=\"justify\"><font size=\"2\">En la asamblea se informar&#225; de las principales novedades en las ayudas de la PAC de 2007, las normas de contrataci&#243;n de remolacha y la situaci&#243;n que atraviesan los diferentes subsectores agr&#237;colas y ganaderos de la provincia. <\/font>\n<\/p>\n<p align=\"justify\"><font size=\"2\"><\/font>\n<\/p>\n<p align=\"justify\"><font size=\"2\">El acto se clausurar&#225; a las 13,45 horas con la intervenci&#243;n del presidente regional de ASAJA, Donaciano Dujo.<\/font><\/p>\n<p><\/font><font size=\"2\"> <\/font><\/p>\n<p align=\"right\"><font size=\"2\">Le&#243;n, 23 de febrero de 2007.<\/font><\/p>\n","protected":false},"excerpt":{"rendered":"<p>La organizaci&#243;n agraria ASAJA de Le&#243;n celebrar&#225; el domingo d&#237;a 25 su Asamblea General Ordinaria en un acto que comenzar&#225; a las 12 del mediod&#237;a en los salones del Hotel Chalet de Pozo, y al que se espera asistan unos 600 agricultores y ganadero de toda la provincia.<\/p>\n","protected":false},"author":3,"featured_media":8174,"comment_status":"open","ping_status":"open","sticky":false,"template":"","format":"standard","meta":{"footnotes":""},"categories":[4,9],"tags":[],"yoast_head":"<!-- This site is optimized with the Yoast SEO plugin v24.5 - https:\/\/yoast.com\/wordpress\/plugins\/seo\/ -->\n<title>ASAJA CELEBRAR&#193; EL DOMINGO LA ASAMBLEA GENERAL - ASAJA Le\u00f3n<\/title>\n<meta name=\"description\" content=\"La organizaci&#243;n agraria ASAJA de Le&#243;n celebrar&#225; el domingo d&#237;a 25 su Asamblea General Ordinaria en un acto que comenzar&#225; a las 12 del mediod&#237;a en los salones del Hotel Chalet de Pozo, y al que se espera asistan unos 600 agricultores y ganadero de toda la provincia.\" \/>\n<meta name=\"robots\" content=\"index, follow, max-snippet:-1, max-image-preview:large, max-video-preview:-1\" \/>\n<link rel=\"canonical\" href=\"https:\/\/www.asajacyl.com\/leon\/asaja-leon-informa\/asaja-celebrar-el-domingo-la-asamblea-general\" \/>\n<meta property=\"og:locale\" content=\"es_ES\" \/>\n<meta property=\"og:type\" content=\"article\" \/>\n<meta property=\"og:title\" content=\"ASAJA CELEBRAR&#193; EL DOMINGO LA ASAMBLEA GENERAL - ASAJA Le\u00f3n\" \/>\n<meta property=\"og:description\" content=\"La organizaci&#243;n agraria ASAJA de Le&#243;n celebrar&#225; el domingo d&#237;a 25 su Asamblea General Ordinaria en un acto que comenzar&#225; a las 12 del mediod&#237;a en los salones del Hotel Chalet de Pozo, y al que se espera asistan unos 600 agricultores y ganadero de toda la provincia.\" \/>\n<meta property=\"og:url\" content=\"https:\/\/www.asajacyl.com\/leon\/asaja-leon-informa\/asaja-celebrar-el-domingo-la-asamblea-general\" \/>\n<meta property=\"og:site_name\" content=\"ASAJA Le\u00f3n\" \/>\n<meta property=\"article:published_time\" content=\"2007-02-22T23:00:00+00:00\" \/>\n<meta property=\"og:image\" content=\"https:\/\/www.asajacyl.com\/leon\/wp-content\/uploads\/sites\/6\/2017\/11\/im_predefinida_1920x1080.jpg\" \/>\n\t<meta property=\"og:image:width\" content=\"1920\" \/>\n\t<meta property=\"og:image:height\" content=\"1080\" \/>\n\t<meta property=\"og:image:type\" content=\"image\/jpeg\" \/>\n<meta name=\"author\" content=\"Editor\" \/>\n<meta name=\"twitter:card\" content=\"summary_large_image\" \/>\n<meta name=\"twitter:label1\" content=\"Escrito por\" \/>\n\t<meta name=\"twitter:data1\" content=\"Editor\" \/>\n\t<meta name=\"twitter:label2\" content=\"Tiempo de lectura\" \/>\n\t<meta name=\"twitter:data2\" content=\"1 minuto\" \/>\n<script type=\"application\/ld+json\" class=\"yoast-schema-graph\">{\"@context\":\"https:\/\/schema.org\",\"@graph\":[{\"@type\":\"WebPage\",\"@id\":\"https:\/\/www.asajacyl.com\/leon\/asaja-leon-informa\/asaja-celebrar-el-domingo-la-asamblea-general\",\"url\":\"https:\/\/www.asajacyl.com\/leon\/asaja-leon-informa\/asaja-celebrar-el-domingo-la-asamblea-general\",\"name\":\"ASAJA CELEBRAR&#193; EL DOMINGO LA ASAMBLEA GENERAL - ASAJA Le\u00f3n\",\"isPartOf\":{\"@id\":\"https:\/\/www.asajacyl.com\/leon\/#website\"},\"primaryImageOfPage\":{\"@id\":\"https:\/\/www.asajacyl.com\/leon\/asaja-leon-informa\/asaja-celebrar-el-domingo-la-asamblea-general#primaryimage\"},\"image\":{\"@id\":\"https:\/\/www.asajacyl.com\/leon\/asaja-leon-informa\/asaja-celebrar-el-domingo-la-asamblea-general#primaryimage\"},\"thumbnailUrl\":\"https:\/\/www.asajacyl.com\/leon\/wp-content\/uploads\/sites\/6\/2017\/11\/im_predefinida_1920x1080.jpg\",\"datePublished\":\"2007-02-22T23:00:00+00:00\",\"author\":{\"@id\":\"https:\/\/www.asajacyl.com\/leon\/#\/schema\/person\/7e884476cee132331142e8ac9689f20c\"},\"description\":\"La organizaci&#243;n agraria ASAJA de Le&#243;n celebrar&#225; el domingo d&#237;a 25 su Asamblea General Ordinaria en un acto que comenzar&#225; a las 12 del mediod&#237;a en los salones del Hotel Chalet de Pozo, y al que se espera asistan unos 600 agricultores y ganadero de toda la provincia.\",\"breadcrumb\":{\"@id\":\"https:\/\/www.asajacyl.com\/leon\/asaja-leon-informa\/asaja-celebrar-el-domingo-la-asamblea-general#breadcrumb\"},\"inLanguage\":\"es\",\"potentialAction\":[{\"@type\":\"ReadAction\",\"target\":[\"https:\/\/www.asajacyl.com\/leon\/asaja-leon-informa\/asaja-celebrar-el-domingo-la-asamblea-general\"]}]},{\"@type\":\"ImageObject\",\"inLanguage\":\"es\",\"@id\":\"https:\/\/www.asajacyl.com\/leon\/asaja-leon-informa\/asaja-celebrar-el-domingo-la-asamblea-general#primaryimage\",\"url\":\"https:\/\/www.asajacyl.com\/leon\/wp-content\/uploads\/sites\/6\/2017\/11\/im_predefinida_1920x1080.jpg\",\"contentUrl\":\"https:\/\/www.asajacyl.com\/leon\/wp-content\/uploads\/sites\/6\/2017\/11\/im_predefinida_1920x1080.jpg\",\"width\":1920,\"height\":1080,\"caption\":\"Logotipo ASAJA Le\u00f3n\"},{\"@type\":\"BreadcrumbList\",\"@id\":\"https:\/\/www.asajacyl.com\/leon\/asaja-leon-informa\/asaja-celebrar-el-domingo-la-asamblea-general#breadcrumb\",\"itemListElement\":[{\"@type\":\"ListItem\",\"position\":1,\"name\":\"Portada\",\"item\":\"https:\/\/www.asajacyl.com\/leon\/\"},{\"@type\":\"ListItem\",\"position\":2,\"name\":\"ASAJA CELEBRAR&#193; EL DOMINGO LA ASAMBLEA GENERAL\"}]},{\"@type\":\"WebSite\",\"@id\":\"https:\/\/www.asajacyl.com\/leon\/#website\",\"url\":\"https:\/\/www.asajacyl.com\/leon\/\",\"name\":\"ASAJA Le\u00f3n\",\"description\":\"Otro sitio m\u00e1s de Provincias ASAJA Castilla y Le\u00f3n\",\"potentialAction\":[{\"@type\":\"SearchAction\",\"target\":{\"@type\":\"EntryPoint\",\"urlTemplate\":\"https:\/\/www.asajacyl.com\/leon\/?s={search_term_string}\"},\"query-input\":{\"@type\":\"PropertyValueSpecification\",\"valueRequired\":true,\"valueName\":\"search_term_string\"}}],\"inLanguage\":\"es\"},{\"@type\":\"Person\",\"@id\":\"https:\/\/www.asajacyl.com\/leon\/#\/schema\/person\/7e884476cee132331142e8ac9689f20c\",\"name\":\"Editor\",\"image\":{\"@type\":\"ImageObject\",\"inLanguage\":\"es\",\"@id\":\"https:\/\/www.asajacyl.com\/leon\/#\/schema\/person\/image\/\",\"url\":\"https:\/\/secure.gravatar.com\/avatar\/a2ef43c165669686cfcfb0e1ffa59869?s=96&d=mm&r=g\",\"contentUrl\":\"https:\/\/secure.gravatar.com\/avatar\/a2ef43c165669686cfcfb0e1ffa59869?s=96&d=mm&r=g\",\"caption\":\"Editor\"},\"url\":\"https:\/\/www.asajacyl.com\/leon\/author\/oscargg\"}]}<\/script>\n<!-- \/ Yoast SEO plugin. -->","yoast_head_json":{"title":"ASAJA CELEBRAR&#193; EL DOMINGO LA ASAMBLEA GENERAL - ASAJA Le\u00f3n","description":"La organizaci&#243;n agraria ASAJA de Le&#243;n celebrar&#225; el domingo d&#237;a 25 su Asamblea General Ordinaria en un acto que comenzar&#225; a las 12 del mediod&#237;a en los salones del Hotel Chalet de Pozo, y al que se espera asistan unos 600 agricultores y ganadero de toda la provincia.","robots":{"index":"index","follow":"follow","max-snippet":"max-snippet:-1","max-image-preview":"max-image-preview:large","max-video-preview":"max-video-preview:-1"},"canonical":"https:\/\/www.asajacyl.com\/leon\/asaja-leon-informa\/asaja-celebrar-el-domingo-la-asamblea-general","og_locale":"es_ES","og_type":"article","og_title":"ASAJA CELEBRAR&#193; EL DOMINGO LA ASAMBLEA GENERAL - ASAJA Le\u00f3n","og_description":"La organizaci&#243;n agraria ASAJA de Le&#243;n celebrar&#225; el domingo d&#237;a 25 su Asamblea General Ordinaria en un acto que comenzar&#225; a las 12 del mediod&#237;a en los salones del Hotel Chalet de Pozo, y al que se espera asistan unos 600 agricultores y ganadero de toda la provincia.","og_url":"https:\/\/www.asajacyl.com\/leon\/asaja-leon-informa\/asaja-celebrar-el-domingo-la-asamblea-general","og_site_name":"ASAJA Le\u00f3n","article_published_time":"2007-02-22T23:00:00+00:00","og_image":[{"width":1920,"height":1080,"url":"https:\/\/www.asajacyl.com\/leon\/wp-content\/uploads\/sites\/6\/2017\/11\/im_predefinida_1920x1080.jpg","type":"image\/jpeg"}],"author":"Editor","twitter_card":"summary_large_image","twitter_misc":{"Escrito por":"Editor","Tiempo de lectura":"1 minuto"},"schema":{"@context":"https:\/\/schema.org","@graph":[{"@type":"WebPage","@id":"https:\/\/www.asajacyl.com\/leon\/asaja-leon-informa\/asaja-celebrar-el-domingo-la-asamblea-general","url":"https:\/\/www.asajacyl.com\/leon\/asaja-leon-informa\/asaja-celebrar-el-domingo-la-asamblea-general","name":"ASAJA CELEBRAR&#193; EL DOMINGO LA ASAMBLEA GENERAL - ASAJA Le\u00f3n","isPartOf":{"@id":"https:\/\/www.asajacyl.com\/leon\/#website"},"primaryImageOfPage":{"@id":"https:\/\/www.asajacyl.com\/leon\/asaja-leon-informa\/asaja-celebrar-el-domingo-la-asamblea-general#primaryimage"},"image":{"@id":"https:\/\/www.asajacyl.com\/leon\/asaja-leon-informa\/asaja-celebrar-el-domingo-la-asamblea-general#primaryimage"},"thumbnailUrl":"https:\/\/www.asajacyl.com\/leon\/wp-content\/uploads\/sites\/6\/2017\/11\/im_predefinida_1920x1080.jpg","datePublished":"2007-02-22T23:00:00+00:00","author":{"@id":"https:\/\/www.asajacyl.com\/leon\/#\/schema\/person\/7e884476cee132331142e8ac9689f20c"},"description":"La organizaci&#243;n agraria ASAJA de Le&#243;n celebrar&#225; el domingo d&#237;a 25 su Asamblea General Ordinaria en un acto que comenzar&#225; a las 12 del mediod&#237;a en los salones del Hotel Chalet de Pozo, y al que se espera asistan unos 600 agricultores y ganadero de toda la provincia.","breadcrumb":{"@id":"https:\/\/www.asajacyl.com\/leon\/asaja-leon-informa\/asaja-celebrar-el-domingo-la-asamblea-general#breadcrumb"},"inLanguage":"es","potentialAction":[{"@type":"ReadAction","target":["https:\/\/www.asajacyl.com\/leon\/asaja-leon-informa\/asaja-celebrar-el-domingo-la-asamblea-general"]}]},{"@type":"ImageObject","inLanguage":"es","@id":"https:\/\/www.asajacyl.com\/leon\/asaja-leon-informa\/asaja-celebrar-el-domingo-la-asamblea-general#primaryimage","url":"https:\/\/www.asajacyl.com\/leon\/wp-content\/uploads\/sites\/6\/2017\/11\/im_predefinida_1920x1080.jpg","contentUrl":"https:\/\/www.asajacyl.com\/leon\/wp-content\/uploads\/sites\/6\/2017\/11\/im_predefinida_1920x1080.jpg","width":1920,"height":1080,"caption":"Logotipo ASAJA Le\u00f3n"},{"@type":"BreadcrumbList","@id":"https:\/\/www.asajacyl.com\/leon\/asaja-leon-informa\/asaja-celebrar-el-domingo-la-asamblea-general#breadcrumb","itemListElement":[{"@type":"ListItem","position":1,"name":"Portada","item":"https:\/\/www.asajacyl.com\/leon\/"},{"@type":"ListItem","position":2,"name":"ASAJA CELEBRAR&#193; EL DOMINGO LA ASAMBLEA GENERAL"}]},{"@type":"WebSite","@id":"https:\/\/www.asajacyl.com\/leon\/#website","url":"https:\/\/www.asajacyl.com\/leon\/","name":"ASAJA Le\u00f3n","description":"Otro sitio m\u00e1s de Provincias ASAJA Castilla y Le\u00f3n","potentialAction":[{"@type":"SearchAction","target":{"@type":"EntryPoint","urlTemplate":"https:\/\/www.asajacyl.com\/leon\/?s={search_term_string}"},"query-input":{"@type":"PropertyValueSpecification","valueRequired":true,"valueName":"search_term_string"}}],"inLanguage":"es"},{"@type":"Person","@id":"https:\/\/www.asajacyl.com\/leon\/#\/schema\/person\/7e884476cee132331142e8ac9689f20c","name":"Editor","image":{"@type":"ImageObject","inLanguage":"es","@id":"https:\/\/www.asajacyl.com\/leon\/#\/schema\/person\/image\/","url":"https:\/\/secure.gravatar.com\/avatar\/a2ef43c165669686cfcfb0e1ffa59869?s=96&d=mm&r=g","contentUrl":"https:\/\/secure.gravatar.com\/avatar\/a2ef43c165669686cfcfb0e1ffa59869?s=96&d=mm&r=g","caption":"Editor"},"url":"https:\/\/www.asajacyl.com\/leon\/author\/oscargg"}]}},"_links":{"self":[{"href":"https:\/\/www.asajacyl.com\/leon\/wp-json\/wp\/v2\/posts\/7653"}],"collection":[{"href":"https:\/\/www.asajacyl.com\/leon\/wp-json\/wp\/v2\/posts"}],"about":[{"href":"https:\/\/www.asajacyl.com\/leon\/wp-json\/wp\/v2\/types\/post"}],"author":[{"embeddable":true,"href":"https:\/\/www.asajacyl.com\/leon\/wp-json\/wp\/v2\/users\/3"}],"replies":[{"embeddable":true,"href":"https:\/\/www.asajacyl.com\/leon\/wp-json\/wp\/v2\/comments?post=7653"}],"version-history":[{"count":0,"href":"https:\/\/www.asajacyl.com\/leon\/wp-json\/wp\/v2\/posts\/7653\/revisions"}],"wp:featuredmedia":[{"embeddable":true,"href":"https:\/\/www.asajacyl.com\/leon\/wp-json\/wp\/v2\/media\/8174"}],"wp:attachment":[{"href":"https:\/\/www.asajacyl.com\/leon\/wp-json\/wp\/v2\/media?parent=7653"}],"wp:term":[{"taxonomy":"category","embeddable":true,"href":"https:\/\/www.asajacyl.com\/leon\/wp-json\/wp\/v2\/categories?post=7653"},{"taxonomy":"post_tag","embeddable":true,"href":"https:\/\/www.asajacyl.com\/leon\/wp-json\/wp\/v2\/tags?post=7653"}],"curies":[{"name":"wp","href":"https:\/\/api.w.org\/{rel}","templated":true}]}}