{"id":7656,"date":"2007-02-16T00:00:00","date_gmt":"2007-02-15T23:00:00","guid":{"rendered":"http:\/\/www.asajacyl.com\/leon\/sin-categoria\/asaja-invita-a-zapatero-a-reunirse-con-los-agricultores-en-su-visita-a-leon"},"modified":"2007-02-16T00:00:00","modified_gmt":"2007-02-15T23:00:00","slug":"asaja-invita-a-zapatero-a-reunirse-con-los-agricultores-en-su-visita-a-leon","status":"publish","type":"post","link":"https:\/\/www.asajacyl.com\/leon\/asaja-leon-informa\/asaja-invita-a-zapatero-a-reunirse-con-los-agricultores-en-su-visita-a-leon","title":{"rendered":"ASAJA INVITA A ZAPATERO A REUNIRSE CON LOS AGRICULTORES EN SU VISITA A LEON"},"content":{"rendered":"<h2>La organizaci&#243;n agraria ASAJA de Le&#243;n celebra su asamblea general el pr&#243;ximo domingo 25 de febrero, d&#237;a que est&#225; prevista una visita institucional del presidente del Gobierno Jos&#233; Luis Rodr&#237;guez Zapatero a la provincia.<\/h2>\n<p align=\"center\"><font color=\"#009900\"><font size=\"2\">&#160;&#160;<\/font><font size=\"2\"><b>ASAJA INVITA A ZAPATERO A REUNIRSE CON LOS AGRICULTORES EN SU VISITA A LEON<\/b> <\/font><\/font><\/p>\n<p align=\"justify\"><font size=\"2\">La organizaci&#243;n agraria ASAJA de Le&#243;n celebra su asamblea general el pr&#243;ximo domingo 25 de febrero, d&#237;a que est&#225; prevista una visita institucional del presidente del Gobierno Jos&#233; Luis Rodr&#237;guez Zapatero a la provincia. Dada esta coincidencia, ASAJA ha enviado a la Moncloa una invitaci&#243;n para que Zapatero se re&#250;na con los agricultores y clarifique cuestiones de gran actualidad que en este momento preocupan al sector: desarrollo de los regad&#237;os, problem&#225;tica del sector del vino, fondos para el desarrollo rural y futuro del sector remolachero azucarero entre otras. <\/font>\n<\/p>\n<p align=\"justify\"><font size=\"2\">La Asamblea que ASAJA celebrar&#225; el domingo 25 en un hotel de la capital congregar&#225; a unos seiscientos agricultores y ganaderos de toda la provincia que analizar&#225;n la situaci&#243;n del sector, aprobar&#225;n la gesti&#243;n de la principal organizaci&#243;n agraria de la provincia en el pasado a&#241;o 2006, y marcar&#225;n las directrices a seguir el presente a&#241;o. <\/font>\n<\/p>\n<p align=\"justify\"><font size=\"2\"><span>La pretensi&#243;n de ASAJA de reunirse con el presiente del Gobierno es tal leg&#237;tima como las dos reuniones que &#233;ste ha mantenido ya desde su llegada a la Moncloa con la organizaci&#243;n agraria UPA-UGT en la provincia, pues ASAJA es la organizaci&#243;n con mayor n&#250;mero de asociados y la que ha ganado las elecciones&#160; a C&#225;maras Agrarias en los dos comicios que se han celebrado desde 1997.<\/span> <\/font>\n<\/p>\n<p align=\"right\"><font size=\"2\">&#160;Le&#243;n, 16 de febrero de 2007<br \/><\/font><\/p>\n<p align=\"justify\"><font size=\"2\">&#160; <\/font>\n<\/p>\n<p align=\"justify\"><font size=\"2\">&#160; <\/font>\n<\/p>\n<p align=\"justify\"><font size=\"2\">&#160; <\/font>\n<\/p>\n<p align=\"justify\"><font size=\"2\">&#160; <\/font>\n<\/p>\n<p align=\"justify\"><font size=\"2\">&#160;<\/font><\/p>\n","protected":false},"excerpt":{"rendered":"<p>La organizaci&#243;n agraria ASAJA de Le&#243;n celebra su asamblea general el pr&#243;ximo domingo 25 de febrero, d&#237;a que est&#225; prevista una visita institucional del presidente del Gobierno Jos&#233; Luis Rodr&#237;guez Zapatero a la provincia.<\/p>\n","protected":false},"author":3,"featured_media":8174,"comment_status":"open","ping_status":"open","sticky":false,"template":"","format":"standard","meta":{"footnotes":""},"categories":[4,9],"tags":[],"yoast_head":"<!-- This site is optimized with the Yoast SEO plugin v24.5 - https:\/\/yoast.com\/wordpress\/plugins\/seo\/ -->\n<title>ASAJA INVITA A ZAPATERO A REUNIRSE CON LOS AGRICULTORES EN SU VISITA A LEON - ASAJA Le\u00f3n<\/title>\n<meta name=\"description\" content=\"La organizaci&#243;n agraria ASAJA de Le&#243;n celebra su asamblea general el pr&#243;ximo domingo 25 de febrero, d&#237;a que est&#225; prevista una visita institucional del presidente del Gobierno Jos&#233; Luis Rodr&#237;guez Zapatero a la provincia.\" \/>\n<meta name=\"robots\" content=\"index, follow, max-snippet:-1, max-image-preview:large, max-video-preview:-1\" \/>\n<link rel=\"canonical\" href=\"https:\/\/www.asajacyl.com\/leon\/asaja-leon-informa\/asaja-invita-a-zapatero-a-reunirse-con-los-agricultores-en-su-visita-a-leon\" \/>\n<meta property=\"og:locale\" content=\"es_ES\" \/>\n<meta property=\"og:type\" content=\"article\" \/>\n<meta property=\"og:title\" content=\"ASAJA INVITA A ZAPATERO A REUNIRSE CON LOS AGRICULTORES EN SU VISITA A LEON - ASAJA Le\u00f3n\" \/>\n<meta property=\"og:description\" content=\"La organizaci&#243;n agraria ASAJA de Le&#243;n celebra su asamblea general el pr&#243;ximo domingo 25 de febrero, d&#237;a que est&#225; prevista una visita institucional del presidente del Gobierno Jos&#233; Luis Rodr&#237;guez Zapatero a la provincia.\" \/>\n<meta property=\"og:url\" content=\"https:\/\/www.asajacyl.com\/leon\/asaja-leon-informa\/asaja-invita-a-zapatero-a-reunirse-con-los-agricultores-en-su-visita-a-leon\" \/>\n<meta property=\"og:site_name\" content=\"ASAJA Le\u00f3n\" \/>\n<meta property=\"article:published_time\" content=\"2007-02-15T23:00:00+00:00\" \/>\n<meta property=\"og:image\" content=\"https:\/\/www.asajacyl.com\/leon\/wp-content\/uploads\/sites\/6\/2017\/11\/im_predefinida_1920x1080.jpg\" \/>\n\t<meta property=\"og:image:width\" content=\"1920\" \/>\n\t<meta property=\"og:image:height\" content=\"1080\" \/>\n\t<meta property=\"og:image:type\" content=\"image\/jpeg\" \/>\n<meta name=\"author\" content=\"Editor\" \/>\n<meta name=\"twitter:card\" content=\"summary_large_image\" \/>\n<meta name=\"twitter:label1\" content=\"Escrito por\" \/>\n\t<meta name=\"twitter:data1\" content=\"Editor\" \/>\n\t<meta name=\"twitter:label2\" content=\"Tiempo de lectura\" \/>\n\t<meta name=\"twitter:data2\" content=\"1 minuto\" \/>\n<script type=\"application\/ld+json\" class=\"yoast-schema-graph\">{\"@context\":\"https:\/\/schema.org\",\"@graph\":[{\"@type\":\"WebPage\",\"@id\":\"https:\/\/www.asajacyl.com\/leon\/asaja-leon-informa\/asaja-invita-a-zapatero-a-reunirse-con-los-agricultores-en-su-visita-a-leon\",\"url\":\"https:\/\/www.asajacyl.com\/leon\/asaja-leon-informa\/asaja-invita-a-zapatero-a-reunirse-con-los-agricultores-en-su-visita-a-leon\",\"name\":\"ASAJA INVITA A ZAPATERO A REUNIRSE CON LOS AGRICULTORES EN SU VISITA A LEON - ASAJA Le\u00f3n\",\"isPartOf\":{\"@id\":\"https:\/\/www.asajacyl.com\/leon\/#website\"},\"primaryImageOfPage\":{\"@id\":\"https:\/\/www.asajacyl.com\/leon\/asaja-leon-informa\/asaja-invita-a-zapatero-a-reunirse-con-los-agricultores-en-su-visita-a-leon#primaryimage\"},\"image\":{\"@id\":\"https:\/\/www.asajacyl.com\/leon\/asaja-leon-informa\/asaja-invita-a-zapatero-a-reunirse-con-los-agricultores-en-su-visita-a-leon#primaryimage\"},\"thumbnailUrl\":\"https:\/\/www.asajacyl.com\/leon\/wp-content\/uploads\/sites\/6\/2017\/11\/im_predefinida_1920x1080.jpg\",\"datePublished\":\"2007-02-15T23:00:00+00:00\",\"author\":{\"@id\":\"https:\/\/www.asajacyl.com\/leon\/#\/schema\/person\/7e884476cee132331142e8ac9689f20c\"},\"description\":\"La organizaci&#243;n agraria ASAJA de Le&#243;n celebra su asamblea general el pr&#243;ximo domingo 25 de febrero, d&#237;a que est&#225; prevista una visita institucional del presidente del Gobierno Jos&#233; Luis Rodr&#237;guez Zapatero a la provincia.\",\"breadcrumb\":{\"@id\":\"https:\/\/www.asajacyl.com\/leon\/asaja-leon-informa\/asaja-invita-a-zapatero-a-reunirse-con-los-agricultores-en-su-visita-a-leon#breadcrumb\"},\"inLanguage\":\"es\",\"potentialAction\":[{\"@type\":\"ReadAction\",\"target\":[\"https:\/\/www.asajacyl.com\/leon\/asaja-leon-informa\/asaja-invita-a-zapatero-a-reunirse-con-los-agricultores-en-su-visita-a-leon\"]}]},{\"@type\":\"ImageObject\",\"inLanguage\":\"es\",\"@id\":\"https:\/\/www.asajacyl.com\/leon\/asaja-leon-informa\/asaja-invita-a-zapatero-a-reunirse-con-los-agricultores-en-su-visita-a-leon#primaryimage\",\"url\":\"https:\/\/www.asajacyl.com\/leon\/wp-content\/uploads\/sites\/6\/2017\/11\/im_predefinida_1920x1080.jpg\",\"contentUrl\":\"https:\/\/www.asajacyl.com\/leon\/wp-content\/uploads\/sites\/6\/2017\/11\/im_predefinida_1920x1080.jpg\",\"width\":1920,\"height\":1080,\"caption\":\"Logotipo ASAJA Le\u00f3n\"},{\"@type\":\"BreadcrumbList\",\"@id\":\"https:\/\/www.asajacyl.com\/leon\/asaja-leon-informa\/asaja-invita-a-zapatero-a-reunirse-con-los-agricultores-en-su-visita-a-leon#breadcrumb\",\"itemListElement\":[{\"@type\":\"ListItem\",\"position\":1,\"name\":\"Portada\",\"item\":\"https:\/\/www.asajacyl.com\/leon\/\"},{\"@type\":\"ListItem\",\"position\":2,\"name\":\"ASAJA INVITA A ZAPATERO A REUNIRSE CON LOS AGRICULTORES EN SU VISITA A LEON\"}]},{\"@type\":\"WebSite\",\"@id\":\"https:\/\/www.asajacyl.com\/leon\/#website\",\"url\":\"https:\/\/www.asajacyl.com\/leon\/\",\"name\":\"ASAJA Le\u00f3n\",\"description\":\"Otro sitio m\u00e1s de Provincias ASAJA Castilla y Le\u00f3n\",\"potentialAction\":[{\"@type\":\"SearchAction\",\"target\":{\"@type\":\"EntryPoint\",\"urlTemplate\":\"https:\/\/www.asajacyl.com\/leon\/?s={search_term_string}\"},\"query-input\":{\"@type\":\"PropertyValueSpecification\",\"valueRequired\":true,\"valueName\":\"search_term_string\"}}],\"inLanguage\":\"es\"},{\"@type\":\"Person\",\"@id\":\"https:\/\/www.asajacyl.com\/leon\/#\/schema\/person\/7e884476cee132331142e8ac9689f20c\",\"name\":\"Editor\",\"image\":{\"@type\":\"ImageObject\",\"inLanguage\":\"es\",\"@id\":\"https:\/\/www.asajacyl.com\/leon\/#\/schema\/person\/image\/\",\"url\":\"https:\/\/secure.gravatar.com\/avatar\/a2ef43c165669686cfcfb0e1ffa59869?s=96&d=mm&r=g\",\"contentUrl\":\"https:\/\/secure.gravatar.com\/avatar\/a2ef43c165669686cfcfb0e1ffa59869?s=96&d=mm&r=g\",\"caption\":\"Editor\"},\"url\":\"https:\/\/www.asajacyl.com\/leon\/author\/oscargg\"}]}<\/script>\n<!-- \/ Yoast SEO plugin. -->","yoast_head_json":{"title":"ASAJA INVITA A ZAPATERO A REUNIRSE CON LOS AGRICULTORES EN SU VISITA A LEON - ASAJA Le\u00f3n","description":"La organizaci&#243;n agraria ASAJA de Le&#243;n celebra su asamblea general el pr&#243;ximo domingo 25 de febrero, d&#237;a que est&#225; prevista una visita institucional del presidente del Gobierno Jos&#233; Luis Rodr&#237;guez Zapatero a la provincia.","robots":{"index":"index","follow":"follow","max-snippet":"max-snippet:-1","max-image-preview":"max-image-preview:large","max-video-preview":"max-video-preview:-1"},"canonical":"https:\/\/www.asajacyl.com\/leon\/asaja-leon-informa\/asaja-invita-a-zapatero-a-reunirse-con-los-agricultores-en-su-visita-a-leon","og_locale":"es_ES","og_type":"article","og_title":"ASAJA INVITA A ZAPATERO A REUNIRSE CON LOS AGRICULTORES EN SU VISITA A LEON - ASAJA Le\u00f3n","og_description":"La organizaci&#243;n agraria ASAJA de Le&#243;n celebra su asamblea general el pr&#243;ximo domingo 25 de febrero, d&#237;a que est&#225; prevista una visita institucional del presidente del Gobierno Jos&#233; Luis Rodr&#237;guez Zapatero a la provincia.","og_url":"https:\/\/www.asajacyl.com\/leon\/asaja-leon-informa\/asaja-invita-a-zapatero-a-reunirse-con-los-agricultores-en-su-visita-a-leon","og_site_name":"ASAJA Le\u00f3n","article_published_time":"2007-02-15T23:00:00+00:00","og_image":[{"width":1920,"height":1080,"url":"https:\/\/www.asajacyl.com\/leon\/wp-content\/uploads\/sites\/6\/2017\/11\/im_predefinida_1920x1080.jpg","type":"image\/jpeg"}],"author":"Editor","twitter_card":"summary_large_image","twitter_misc":{"Escrito por":"Editor","Tiempo de lectura":"1 minuto"},"schema":{"@context":"https:\/\/schema.org","@graph":[{"@type":"WebPage","@id":"https:\/\/www.asajacyl.com\/leon\/asaja-leon-informa\/asaja-invita-a-zapatero-a-reunirse-con-los-agricultores-en-su-visita-a-leon","url":"https:\/\/www.asajacyl.com\/leon\/asaja-leon-informa\/asaja-invita-a-zapatero-a-reunirse-con-los-agricultores-en-su-visita-a-leon","name":"ASAJA INVITA A ZAPATERO A REUNIRSE CON LOS AGRICULTORES EN SU VISITA A LEON - ASAJA Le\u00f3n","isPartOf":{"@id":"https:\/\/www.asajacyl.com\/leon\/#website"},"primaryImageOfPage":{"@id":"https:\/\/www.asajacyl.com\/leon\/asaja-leon-informa\/asaja-invita-a-zapatero-a-reunirse-con-los-agricultores-en-su-visita-a-leon#primaryimage"},"image":{"@id":"https:\/\/www.asajacyl.com\/leon\/asaja-leon-informa\/asaja-invita-a-zapatero-a-reunirse-con-los-agricultores-en-su-visita-a-leon#primaryimage"},"thumbnailUrl":"https:\/\/www.asajacyl.com\/leon\/wp-content\/uploads\/sites\/6\/2017\/11\/im_predefinida_1920x1080.jpg","datePublished":"2007-02-15T23:00:00+00:00","author":{"@id":"https:\/\/www.asajacyl.com\/leon\/#\/schema\/person\/7e884476cee132331142e8ac9689f20c"},"description":"La organizaci&#243;n agraria ASAJA de Le&#243;n celebra su asamblea general el pr&#243;ximo domingo 25 de febrero, d&#237;a que est&#225; prevista una visita institucional del presidente del Gobierno Jos&#233; Luis Rodr&#237;guez Zapatero a la provincia.","breadcrumb":{"@id":"https:\/\/www.asajacyl.com\/leon\/asaja-leon-informa\/asaja-invita-a-zapatero-a-reunirse-con-los-agricultores-en-su-visita-a-leon#breadcrumb"},"inLanguage":"es","potentialAction":[{"@type":"ReadAction","target":["https:\/\/www.asajacyl.com\/leon\/asaja-leon-informa\/asaja-invita-a-zapatero-a-reunirse-con-los-agricultores-en-su-visita-a-leon"]}]},{"@type":"ImageObject","inLanguage":"es","@id":"https:\/\/www.asajacyl.com\/leon\/asaja-leon-informa\/asaja-invita-a-zapatero-a-reunirse-con-los-agricultores-en-su-visita-a-leon#primaryimage","url":"https:\/\/www.asajacyl.com\/leon\/wp-content\/uploads\/sites\/6\/2017\/11\/im_predefinida_1920x1080.jpg","contentUrl":"https:\/\/www.asajacyl.com\/leon\/wp-content\/uploads\/sites\/6\/2017\/11\/im_predefinida_1920x1080.jpg","width":1920,"height":1080,"caption":"Logotipo ASAJA Le\u00f3n"},{"@type":"BreadcrumbList","@id":"https:\/\/www.asajacyl.com\/leon\/asaja-leon-informa\/asaja-invita-a-zapatero-a-reunirse-con-los-agricultores-en-su-visita-a-leon#breadcrumb","itemListElement":[{"@type":"ListItem","position":1,"name":"Portada","item":"https:\/\/www.asajacyl.com\/leon\/"},{"@type":"ListItem","position":2,"name":"ASAJA INVITA A ZAPATERO A REUNIRSE CON LOS AGRICULTORES EN SU VISITA A LEON"}]},{"@type":"WebSite","@id":"https:\/\/www.asajacyl.com\/leon\/#website","url":"https:\/\/www.asajacyl.com\/leon\/","name":"ASAJA Le\u00f3n","description":"Otro sitio m\u00e1s de Provincias ASAJA Castilla y Le\u00f3n","potentialAction":[{"@type":"SearchAction","target":{"@type":"EntryPoint","urlTemplate":"https:\/\/www.asajacyl.com\/leon\/?s={search_term_string}"},"query-input":{"@type":"PropertyValueSpecification","valueRequired":true,"valueName":"search_term_string"}}],"inLanguage":"es"},{"@type":"Person","@id":"https:\/\/www.asajacyl.com\/leon\/#\/schema\/person\/7e884476cee132331142e8ac9689f20c","name":"Editor","image":{"@type":"ImageObject","inLanguage":"es","@id":"https:\/\/www.asajacyl.com\/leon\/#\/schema\/person\/image\/","url":"https:\/\/secure.gravatar.com\/avatar\/a2ef43c165669686cfcfb0e1ffa59869?s=96&d=mm&r=g","contentUrl":"https:\/\/secure.gravatar.com\/avatar\/a2ef43c165669686cfcfb0e1ffa59869?s=96&d=mm&r=g","caption":"Editor"},"url":"https:\/\/www.asajacyl.com\/leon\/author\/oscargg"}]}},"_links":{"self":[{"href":"https:\/\/www.asajacyl.com\/leon\/wp-json\/wp\/v2\/posts\/7656"}],"collection":[{"href":"https:\/\/www.asajacyl.com\/leon\/wp-json\/wp\/v2\/posts"}],"about":[{"href":"https:\/\/www.asajacyl.com\/leon\/wp-json\/wp\/v2\/types\/post"}],"author":[{"embeddable":true,"href":"https:\/\/www.asajacyl.com\/leon\/wp-json\/wp\/v2\/users\/3"}],"replies":[{"embeddable":true,"href":"https:\/\/www.asajacyl.com\/leon\/wp-json\/wp\/v2\/comments?post=7656"}],"version-history":[{"count":0,"href":"https:\/\/www.asajacyl.com\/leon\/wp-json\/wp\/v2\/posts\/7656\/revisions"}],"wp:featuredmedia":[{"embeddable":true,"href":"https:\/\/www.asajacyl.com\/leon\/wp-json\/wp\/v2\/media\/8174"}],"wp:attachment":[{"href":"https:\/\/www.asajacyl.com\/leon\/wp-json\/wp\/v2\/media?parent=7656"}],"wp:term":[{"taxonomy":"category","embeddable":true,"href":"https:\/\/www.asajacyl.com\/leon\/wp-json\/wp\/v2\/categories?post=7656"},{"taxonomy":"post_tag","embeddable":true,"href":"https:\/\/www.asajacyl.com\/leon\/wp-json\/wp\/v2\/tags?post=7656"}],"curies":[{"name":"wp","href":"https:\/\/api.w.org\/{rel}","templated":true}]}}