{"id":7665,"date":"2007-01-17T00:00:00","date_gmt":"2007-01-16T23:00:00","guid":{"rendered":"http:\/\/www.asajacyl.com\/leon\/sin-categoria\/primeras-consecuencias-del-recorte-de-fondos-del-desarrollo-rural"},"modified":"2007-01-17T00:00:00","modified_gmt":"2007-01-16T23:00:00","slug":"primeras-consecuencias-del-recorte-de-fondos-del-desarrollo-rural","status":"publish","type":"post","link":"https:\/\/www.asajacyl.com\/leon\/asaja-leon-informa\/primeras-consecuencias-del-recorte-de-fondos-del-desarrollo-rural","title":{"rendered":"PRIMERAS CONSECUENCIAS DEL RECORTE DE FONDOS DEL DESARROLLO RURAL"},"content":{"rendered":"<h2>A partir de este a&#241;o varias l&#237;neas de Medio Ambiente vinculadas al campo no admiten nuevas incorporaciones<\/h2>\n<p><b><\/p>\n<p align=\"center\"><font size=\"2\"><\/font>\n<\/p>\n<p align=\"center\"><font size=\"2\"><font color=\"#009900\">PRIMERAS CONSECUENCIAS DEL RECORTE DE FONDOS DEL DESARROLLO RURAL<\/font> <\/font>\n<\/p>\n<p align=\"center\"><font size=\"2\"><\/font>\n<\/p>\n<p align=\"center\"><font color=\"#0066ff\" size=\"2\">A partir de este a&#241;o varias l&#237;neas de Medio Ambiente vinculadas <\/font><font size=\"2\"><font color=\"#0066ff\">al campo no admiten nuevas incorporaciones<\/font> <\/font>\n<\/p>\n<p align=\"center\"><font size=\"2\"><\/font><\/p>\n<p><\/b><\/p>\n<p align=\"justify\"><font size=\"2\">Las consecuencias del recorte de fondos europeos no se han hecho esperar tampoco en varias l&#237;neas gestionadas por la Consejer&#237;a de Medio Ambiente. Seg&#250;n denuncia ASAJA de Castilla y Le&#243;n, en la convocatoria de ayudas para 2007 han desaparecido varias de las que se ven&#237;an convocando a&#241;o tras a&#241;o, una de ellas desde 1993. <\/font>\n<\/p>\n<p align=\"justify\"><font size=\"2\"><\/font>\n<\/p>\n<p align=\"justify\"><font size=\"2\">As&#237;, no se convoca la ayuda para Forestaci&#243;n de Tierras Agrarias. En verdad, de esta l&#237;nea de ayudas se han venido beneficiando desde 1993 cualquiera menos los agricultores y ganaderos, como estaba previsto; han sido los propietarios de terreno particulares y las entidades p&#250;blicas los principales perceptores. Ante la falta de fondos, la Consejer&#237;a ha convocado la prima de mantenimiento y la prima compensatoria para 2007 de expedientes aprobados en 2006 y con anterioridad, pero no se ha publicado la convocatoria para subvencionar plantaciones nuevas. <\/font>\n<\/p>\n<p align=\"justify\"><font size=\"2\"><\/font>\n<\/p>\n<p align=\"justify\"><font size=\"2\">Igual suerte ha corrido otra l&#237;nea esta s&#237; muy interesante para los ganaderos como es la de \u00abdesbroces en zonas de prados y pastizales\u00bb, a la que se hab&#237;an acogido varios centenares de ganaderos de extensivo. La convocatoria publicada abre un plazo para solicitar antes del 2 de julio de 2007 las anualidades que correspondan a expedientes aprobados en a&#241;os anteriores, pero no se abre la puerta a nuevas incorporaciones en 2007. <\/font>\n<\/p>\n<p align=\"justify\"><font size=\"2\"><\/font>\n<\/p>\n<p align=\"justify\"><font size=\"2\">Tampoco se abre a nuevas incorporaciones el programa de la \u00abalfalfa de secano ecotipo Tierra de Campos\u00bb, un programa que por razones presupuestarias estaba limitado a la zona de influencia de las Lagunas de Villaf&#225;fila. <\/font>\n<\/p>\n<p align=\"justify\"><font size=\"2\"><\/font>\n<\/p>\n<p align=\"justify\"><font size=\"2\">Una de las pocas l&#237;neas que tiene la convocatoria abierta en 2007 es la de Gesti&#243;n Sostenible del Montes en R&#233;gimen Privado, cuyo plazo para recibir los expedientes finaliza el 31 de enero. La finalidad es subvencionar actuaciones de mejora y mantenimiento de los montes en r&#233;gimen privado, para mejorar su estado. <\/font>\n<\/p>\n<p align=\"justify\"><font size=\"2\"><\/font>\n<\/p>\n<p align=\"justify\"><font size=\"2\">&#160; <\/font>\n<\/p>\n<p align=\"justify\"><font size=\"2\">&#160; <\/font>\n<\/p>\n<p align=\"right\"><font size=\"2\">Le&#243;n a 17 de enero de 2007 <\/font>\n<\/p>\n<p align=\"justify\"><font size=\"2\"><\/font><\/p>\n","protected":false},"excerpt":{"rendered":"<p>A partir de este a&#241;o varias l&#237;neas de Medio Ambiente vinculadas al campo no admiten nuevas incorporaciones<\/p>\n","protected":false},"author":3,"featured_media":8174,"comment_status":"open","ping_status":"open","sticky":false,"template":"","format":"standard","meta":{"footnotes":""},"categories":[4,9],"tags":[],"yoast_head":"<!-- This site is optimized with the Yoast SEO plugin v24.5 - https:\/\/yoast.com\/wordpress\/plugins\/seo\/ -->\n<title>PRIMERAS CONSECUENCIAS DEL RECORTE DE FONDOS DEL DESARROLLO RURAL - ASAJA Le\u00f3n<\/title>\n<meta name=\"description\" content=\"A partir de este a&#241;o varias l&#237;neas de Medio Ambiente vinculadas al campo no admiten nuevas incorporaciones\" \/>\n<meta name=\"robots\" content=\"index, follow, max-snippet:-1, max-image-preview:large, max-video-preview:-1\" \/>\n<link rel=\"canonical\" href=\"https:\/\/www.asajacyl.com\/leon\/asaja-leon-informa\/primeras-consecuencias-del-recorte-de-fondos-del-desarrollo-rural\" \/>\n<meta property=\"og:locale\" content=\"es_ES\" \/>\n<meta property=\"og:type\" content=\"article\" \/>\n<meta property=\"og:title\" content=\"PRIMERAS CONSECUENCIAS DEL RECORTE DE FONDOS DEL DESARROLLO RURAL - ASAJA Le\u00f3n\" \/>\n<meta property=\"og:description\" content=\"A partir de este a&#241;o varias l&#237;neas de Medio Ambiente vinculadas al campo no admiten nuevas incorporaciones\" \/>\n<meta property=\"og:url\" content=\"https:\/\/www.asajacyl.com\/leon\/asaja-leon-informa\/primeras-consecuencias-del-recorte-de-fondos-del-desarrollo-rural\" \/>\n<meta property=\"og:site_name\" content=\"ASAJA Le\u00f3n\" \/>\n<meta property=\"article:published_time\" content=\"2007-01-16T23:00:00+00:00\" \/>\n<meta property=\"og:image\" content=\"https:\/\/www.asajacyl.com\/leon\/wp-content\/uploads\/sites\/6\/2017\/11\/im_predefinida_1920x1080.jpg\" \/>\n\t<meta property=\"og:image:width\" content=\"1920\" \/>\n\t<meta property=\"og:image:height\" content=\"1080\" \/>\n\t<meta property=\"og:image:type\" content=\"image\/jpeg\" \/>\n<meta name=\"author\" content=\"Editor\" \/>\n<meta name=\"twitter:card\" content=\"summary_large_image\" \/>\n<meta name=\"twitter:label1\" content=\"Escrito por\" \/>\n\t<meta name=\"twitter:data1\" content=\"Editor\" \/>\n\t<meta name=\"twitter:label2\" content=\"Tiempo de lectura\" \/>\n\t<meta name=\"twitter:data2\" content=\"2 minutos\" \/>\n<script type=\"application\/ld+json\" class=\"yoast-schema-graph\">{\"@context\":\"https:\/\/schema.org\",\"@graph\":[{\"@type\":\"WebPage\",\"@id\":\"https:\/\/www.asajacyl.com\/leon\/asaja-leon-informa\/primeras-consecuencias-del-recorte-de-fondos-del-desarrollo-rural\",\"url\":\"https:\/\/www.asajacyl.com\/leon\/asaja-leon-informa\/primeras-consecuencias-del-recorte-de-fondos-del-desarrollo-rural\",\"name\":\"PRIMERAS CONSECUENCIAS DEL RECORTE DE FONDOS DEL DESARROLLO RURAL - ASAJA Le\u00f3n\",\"isPartOf\":{\"@id\":\"https:\/\/www.asajacyl.com\/leon\/#website\"},\"primaryImageOfPage\":{\"@id\":\"https:\/\/www.asajacyl.com\/leon\/asaja-leon-informa\/primeras-consecuencias-del-recorte-de-fondos-del-desarrollo-rural#primaryimage\"},\"image\":{\"@id\":\"https:\/\/www.asajacyl.com\/leon\/asaja-leon-informa\/primeras-consecuencias-del-recorte-de-fondos-del-desarrollo-rural#primaryimage\"},\"thumbnailUrl\":\"https:\/\/www.asajacyl.com\/leon\/wp-content\/uploads\/sites\/6\/2017\/11\/im_predefinida_1920x1080.jpg\",\"datePublished\":\"2007-01-16T23:00:00+00:00\",\"author\":{\"@id\":\"https:\/\/www.asajacyl.com\/leon\/#\/schema\/person\/7e884476cee132331142e8ac9689f20c\"},\"description\":\"A partir de este a&#241;o varias l&#237;neas de Medio Ambiente vinculadas al campo no admiten nuevas incorporaciones\",\"breadcrumb\":{\"@id\":\"https:\/\/www.asajacyl.com\/leon\/asaja-leon-informa\/primeras-consecuencias-del-recorte-de-fondos-del-desarrollo-rural#breadcrumb\"},\"inLanguage\":\"es\",\"potentialAction\":[{\"@type\":\"ReadAction\",\"target\":[\"https:\/\/www.asajacyl.com\/leon\/asaja-leon-informa\/primeras-consecuencias-del-recorte-de-fondos-del-desarrollo-rural\"]}]},{\"@type\":\"ImageObject\",\"inLanguage\":\"es\",\"@id\":\"https:\/\/www.asajacyl.com\/leon\/asaja-leon-informa\/primeras-consecuencias-del-recorte-de-fondos-del-desarrollo-rural#primaryimage\",\"url\":\"https:\/\/www.asajacyl.com\/leon\/wp-content\/uploads\/sites\/6\/2017\/11\/im_predefinida_1920x1080.jpg\",\"contentUrl\":\"https:\/\/www.asajacyl.com\/leon\/wp-content\/uploads\/sites\/6\/2017\/11\/im_predefinida_1920x1080.jpg\",\"width\":1920,\"height\":1080,\"caption\":\"Logotipo ASAJA Le\u00f3n\"},{\"@type\":\"BreadcrumbList\",\"@id\":\"https:\/\/www.asajacyl.com\/leon\/asaja-leon-informa\/primeras-consecuencias-del-recorte-de-fondos-del-desarrollo-rural#breadcrumb\",\"itemListElement\":[{\"@type\":\"ListItem\",\"position\":1,\"name\":\"Portada\",\"item\":\"https:\/\/www.asajacyl.com\/leon\/\"},{\"@type\":\"ListItem\",\"position\":2,\"name\":\"PRIMERAS CONSECUENCIAS DEL RECORTE DE FONDOS DEL DESARROLLO RURAL\"}]},{\"@type\":\"WebSite\",\"@id\":\"https:\/\/www.asajacyl.com\/leon\/#website\",\"url\":\"https:\/\/www.asajacyl.com\/leon\/\",\"name\":\"ASAJA Le\u00f3n\",\"description\":\"Otro sitio m\u00e1s de Provincias ASAJA Castilla y Le\u00f3n\",\"potentialAction\":[{\"@type\":\"SearchAction\",\"target\":{\"@type\":\"EntryPoint\",\"urlTemplate\":\"https:\/\/www.asajacyl.com\/leon\/?s={search_term_string}\"},\"query-input\":{\"@type\":\"PropertyValueSpecification\",\"valueRequired\":true,\"valueName\":\"search_term_string\"}}],\"inLanguage\":\"es\"},{\"@type\":\"Person\",\"@id\":\"https:\/\/www.asajacyl.com\/leon\/#\/schema\/person\/7e884476cee132331142e8ac9689f20c\",\"name\":\"Editor\",\"image\":{\"@type\":\"ImageObject\",\"inLanguage\":\"es\",\"@id\":\"https:\/\/www.asajacyl.com\/leon\/#\/schema\/person\/image\/\",\"url\":\"https:\/\/secure.gravatar.com\/avatar\/a2ef43c165669686cfcfb0e1ffa59869?s=96&d=mm&r=g\",\"contentUrl\":\"https:\/\/secure.gravatar.com\/avatar\/a2ef43c165669686cfcfb0e1ffa59869?s=96&d=mm&r=g\",\"caption\":\"Editor\"},\"url\":\"https:\/\/www.asajacyl.com\/leon\/author\/oscargg\"}]}<\/script>\n<!-- \/ Yoast SEO plugin. -->","yoast_head_json":{"title":"PRIMERAS CONSECUENCIAS DEL RECORTE DE FONDOS DEL DESARROLLO RURAL - ASAJA Le\u00f3n","description":"A partir de este a&#241;o varias l&#237;neas de Medio Ambiente vinculadas al campo no admiten nuevas incorporaciones","robots":{"index":"index","follow":"follow","max-snippet":"max-snippet:-1","max-image-preview":"max-image-preview:large","max-video-preview":"max-video-preview:-1"},"canonical":"https:\/\/www.asajacyl.com\/leon\/asaja-leon-informa\/primeras-consecuencias-del-recorte-de-fondos-del-desarrollo-rural","og_locale":"es_ES","og_type":"article","og_title":"PRIMERAS CONSECUENCIAS DEL RECORTE DE FONDOS DEL DESARROLLO RURAL - ASAJA Le\u00f3n","og_description":"A partir de este a&#241;o varias l&#237;neas de Medio Ambiente vinculadas al campo no admiten nuevas incorporaciones","og_url":"https:\/\/www.asajacyl.com\/leon\/asaja-leon-informa\/primeras-consecuencias-del-recorte-de-fondos-del-desarrollo-rural","og_site_name":"ASAJA Le\u00f3n","article_published_time":"2007-01-16T23:00:00+00:00","og_image":[{"width":1920,"height":1080,"url":"https:\/\/www.asajacyl.com\/leon\/wp-content\/uploads\/sites\/6\/2017\/11\/im_predefinida_1920x1080.jpg","type":"image\/jpeg"}],"author":"Editor","twitter_card":"summary_large_image","twitter_misc":{"Escrito por":"Editor","Tiempo de lectura":"2 minutos"},"schema":{"@context":"https:\/\/schema.org","@graph":[{"@type":"WebPage","@id":"https:\/\/www.asajacyl.com\/leon\/asaja-leon-informa\/primeras-consecuencias-del-recorte-de-fondos-del-desarrollo-rural","url":"https:\/\/www.asajacyl.com\/leon\/asaja-leon-informa\/primeras-consecuencias-del-recorte-de-fondos-del-desarrollo-rural","name":"PRIMERAS CONSECUENCIAS DEL RECORTE DE FONDOS DEL DESARROLLO RURAL - ASAJA Le\u00f3n","isPartOf":{"@id":"https:\/\/www.asajacyl.com\/leon\/#website"},"primaryImageOfPage":{"@id":"https:\/\/www.asajacyl.com\/leon\/asaja-leon-informa\/primeras-consecuencias-del-recorte-de-fondos-del-desarrollo-rural#primaryimage"},"image":{"@id":"https:\/\/www.asajacyl.com\/leon\/asaja-leon-informa\/primeras-consecuencias-del-recorte-de-fondos-del-desarrollo-rural#primaryimage"},"thumbnailUrl":"https:\/\/www.asajacyl.com\/leon\/wp-content\/uploads\/sites\/6\/2017\/11\/im_predefinida_1920x1080.jpg","datePublished":"2007-01-16T23:00:00+00:00","author":{"@id":"https:\/\/www.asajacyl.com\/leon\/#\/schema\/person\/7e884476cee132331142e8ac9689f20c"},"description":"A partir de este a&#241;o varias l&#237;neas de Medio Ambiente vinculadas al campo no admiten nuevas incorporaciones","breadcrumb":{"@id":"https:\/\/www.asajacyl.com\/leon\/asaja-leon-informa\/primeras-consecuencias-del-recorte-de-fondos-del-desarrollo-rural#breadcrumb"},"inLanguage":"es","potentialAction":[{"@type":"ReadAction","target":["https:\/\/www.asajacyl.com\/leon\/asaja-leon-informa\/primeras-consecuencias-del-recorte-de-fondos-del-desarrollo-rural"]}]},{"@type":"ImageObject","inLanguage":"es","@id":"https:\/\/www.asajacyl.com\/leon\/asaja-leon-informa\/primeras-consecuencias-del-recorte-de-fondos-del-desarrollo-rural#primaryimage","url":"https:\/\/www.asajacyl.com\/leon\/wp-content\/uploads\/sites\/6\/2017\/11\/im_predefinida_1920x1080.jpg","contentUrl":"https:\/\/www.asajacyl.com\/leon\/wp-content\/uploads\/sites\/6\/2017\/11\/im_predefinida_1920x1080.jpg","width":1920,"height":1080,"caption":"Logotipo ASAJA Le\u00f3n"},{"@type":"BreadcrumbList","@id":"https:\/\/www.asajacyl.com\/leon\/asaja-leon-informa\/primeras-consecuencias-del-recorte-de-fondos-del-desarrollo-rural#breadcrumb","itemListElement":[{"@type":"ListItem","position":1,"name":"Portada","item":"https:\/\/www.asajacyl.com\/leon\/"},{"@type":"ListItem","position":2,"name":"PRIMERAS CONSECUENCIAS DEL RECORTE DE FONDOS DEL DESARROLLO RURAL"}]},{"@type":"WebSite","@id":"https:\/\/www.asajacyl.com\/leon\/#website","url":"https:\/\/www.asajacyl.com\/leon\/","name":"ASAJA Le\u00f3n","description":"Otro sitio m\u00e1s de Provincias ASAJA Castilla y Le\u00f3n","potentialAction":[{"@type":"SearchAction","target":{"@type":"EntryPoint","urlTemplate":"https:\/\/www.asajacyl.com\/leon\/?s={search_term_string}"},"query-input":{"@type":"PropertyValueSpecification","valueRequired":true,"valueName":"search_term_string"}}],"inLanguage":"es"},{"@type":"Person","@id":"https:\/\/www.asajacyl.com\/leon\/#\/schema\/person\/7e884476cee132331142e8ac9689f20c","name":"Editor","image":{"@type":"ImageObject","inLanguage":"es","@id":"https:\/\/www.asajacyl.com\/leon\/#\/schema\/person\/image\/","url":"https:\/\/secure.gravatar.com\/avatar\/a2ef43c165669686cfcfb0e1ffa59869?s=96&d=mm&r=g","contentUrl":"https:\/\/secure.gravatar.com\/avatar\/a2ef43c165669686cfcfb0e1ffa59869?s=96&d=mm&r=g","caption":"Editor"},"url":"https:\/\/www.asajacyl.com\/leon\/author\/oscargg"}]}},"_links":{"self":[{"href":"https:\/\/www.asajacyl.com\/leon\/wp-json\/wp\/v2\/posts\/7665"}],"collection":[{"href":"https:\/\/www.asajacyl.com\/leon\/wp-json\/wp\/v2\/posts"}],"about":[{"href":"https:\/\/www.asajacyl.com\/leon\/wp-json\/wp\/v2\/types\/post"}],"author":[{"embeddable":true,"href":"https:\/\/www.asajacyl.com\/leon\/wp-json\/wp\/v2\/users\/3"}],"replies":[{"embeddable":true,"href":"https:\/\/www.asajacyl.com\/leon\/wp-json\/wp\/v2\/comments?post=7665"}],"version-history":[{"count":0,"href":"https:\/\/www.asajacyl.com\/leon\/wp-json\/wp\/v2\/posts\/7665\/revisions"}],"wp:featuredmedia":[{"embeddable":true,"href":"https:\/\/www.asajacyl.com\/leon\/wp-json\/wp\/v2\/media\/8174"}],"wp:attachment":[{"href":"https:\/\/www.asajacyl.com\/leon\/wp-json\/wp\/v2\/media?parent=7665"}],"wp:term":[{"taxonomy":"category","embeddable":true,"href":"https:\/\/www.asajacyl.com\/leon\/wp-json\/wp\/v2\/categories?post=7665"},{"taxonomy":"post_tag","embeddable":true,"href":"https:\/\/www.asajacyl.com\/leon\/wp-json\/wp\/v2\/tags?post=7665"}],"curies":[{"name":"wp","href":"https:\/\/api.w.org\/{rel}","templated":true}]}}