{"id":7666,"date":"2007-01-10T00:00:00","date_gmt":"2007-01-09T23:00:00","guid":{"rendered":"http:\/\/www.asajacyl.com\/leon\/sin-categoria\/resumen-del-ao-agrcola-2006-en-la-provincia-de-leon-y-previsiones-para-2007"},"modified":"2007-01-10T00:00:00","modified_gmt":"2007-01-09T23:00:00","slug":"resumen-del-ao-agrcola-2006-en-la-provincia-de-leon-y-previsiones-para-2007","status":"publish","type":"post","link":"https:\/\/www.asajacyl.com\/leon\/asaja-leon-informa\/resumen-del-ao-agrcola-2006-en-la-provincia-de-leon-y-previsiones-para-2007","title":{"rendered":"RESUMEN DEL A&#209;O AGR&#205;COLA 2006 EN LA PROVINCIA DE LEON Y PREVISIONES PARA 2007."},"content":{"rendered":"<h2><\/h2>\n<p><font face=\"Arial\"><\/p>\n<p align=\"justify\"><font size=\"2\"><\/font><\/p>\n<p><\/font><b><u><font face=\"Arial\" color=\"#0000ff\"><\/p>\n<p align=\"center\"><font size=\"2\">RESUMEN DEL A&#209;O AGR&#205;COLA 2006 EN LA PROVINCIA DE LEON Y PREVISIONES PARA 2007.<\/font><\/p>\n<p><\/font><\/u><\/b><font face=\"Arial\"><font size=\"2\"> <\/font><\/p>\n<p align=\"justify\"><font size=\"2\"><\/font>\n<\/p>\n<p align=\"justify\"><font size=\"2\">El 2006 no fue un a&#241;o, agr&#237;colamente hablando, demasiado castigado por el <b>clima<\/b>. Es cierto que en el mes de mayo fall&#243; la lluvia, como casi siempre, lo que hizo que la cosecha de cereal de secano que apuntaba excepcional se quedase ligeramente por debajo de la media de los &#250;ltimos a&#241;os, y que tambi&#233;n escaseasen los forrajes de monta&#241;a (heno). La amenaza que se cerni&#243; sobre los regad&#237;os debido a la escasez de agua embalsada se qued&#243; en un susto pues con muchas restricciones se consigui&#243; una campa&#241;a de riego que salv&#243; las cosechas sobre todo de ma&#237;z y remolacha que era por las que m&#225;s se tem&#237;a. Por todo ello, y dado que las heladas tampoco fueron un factor clim&#225;tico destacado en 2006, las cosechas se comportaron razonablemente bien o al menos bien en aquellos cultivos cuantitativamente importantes en la provincia: cultivos extensivos, frutales y vi&#241;edo. <\/font>\n<\/p>\n<p align=\"justify\"><img loading=\"lazy\" decoding=\"async\" style=\"MARGIN: 0px; WIDTH: 519px; HEIGHT: 649px\" height=\"2816\" alt=\"\" hspace=\"0\" src=\"\/leon\/wp-content\/uploads\/sites\/6\/2017\/11\/ANUARIO_2006_006.jpg\" width=\"1879\" align=\"baseline\" border=\"0\"\/>\n<\/p>\n<p align=\"justify\"><font size=\"2\"><\/font>\n<\/p>\n<p align=\"justify\"><font size=\"2\">La agricultura y ganader&#237;a de la provincia ha seguido soportando a lo largo de 2006 los elevados y desproporcionados <b>precios de los medios de producci&#243;n<\/b>. Al alza sostenida del gas&#243;leo le acompa&#241;a la ya conocida y otras veces denunciada de los fertilizantes y tambi&#233;n en 2006 a la subida general de las tarifas el&#233;ctricas hay que sumar la desaparici&#243;n de las tarifas especiales para la agricultura que se materializar&#225; en la pr&#243;xima primavera despu&#233;s de que el Gobierno, ante la presi&#243;n del sector, aplazase la entrada en vigor. No escapa el sector a los efectos de subida brutal y casi inesperada hace unos meses de los tipos de interese que aplican los bancos y cajas por el dinero, pues la mayor&#237;a de los agricultores y ganaderos de la provincia se han endeudado por encima de sus posibilidades en los &#250;ltimos a&#241;os para modernizar sus explotaciones (maquinaria, ganado, tierras, naves, derechos de producci&#243;n,&#8230;.). Una explotaci&#243;n agraria de la provincia paga de media al a&#241;o al banco, en intereses de circulante e inversiones, unos 3.000 euros. El sector ganadero ha tenido que afrontar una elevaci&#243;n de los costes de los piensos y forrajes justificada en parte por las mayores cotizaciones de las materias primas en la agricultura. <\/font>\n<\/p>\n<p align=\"justify\"><font size=\"2\"><\/font>\n<\/p>\n<p align=\"justify\"><font size=\"2\">Dentro de los bajos <b>precios a los que se pagan los productos agr&#237;colas y ganaderos<\/b>, donde una subida respecto al a&#241;o anterior es una excepci&#243;n, y cuando suben rara vez lo hacen en la medida que lo hace el coste de la vida, el a&#241;o 2006 tambi&#233;n ha sido una excepci&#243;n positiva. En t&#233;rminos generales, los precios han sido alcistas para el mercado de la carne en todas las especies y alcistas tambi&#233;n para los cereales, el ma&#237;z, los forrajes y las patatas. Por el contrario han sido negativos para la leche de vacuno y muy negativos para la de ovino, y tampoco han sido buenos para la uva debido a una abundante oferta por buena cosecha que se encuentra con unas bodegas llenas de vino que tienen congestionado un mercado donde los precios, salvo para calidades excepcionales, tienden a la baja. El gran caballo de batalla del sector sigue siendo la gran diferencia entre el precio al que se pagan los productos al sector, y el precio al que se venden en los lineales, qued&#225;ndose las industrias agroalimentarias y la gran distribuci&#243;n con unos abultados m&#225;rgenes comerciales en detrimento de las rentas agrarias. <\/font>\n<\/p>\n<p align=\"justify\"><font size=\"2\"><\/font><b><u><\/p>\n<p align=\"justify\"><font size=\"2\">La renta no se recupera<\/font><\/p>\n<p><\/u><\/b><font size=\"2\"> <\/font>\n<\/p>\n<p align=\"justify\"><font size=\"2\"><\/font>\n<\/p>\n<p align=\"justify\"><font size=\"2\">Despu&#233;s de un a&#241;o 2005 con una ca&#237;da de renta por ocupado de la agricultura del 10,3%, medida en t&#233;rminos constantes, y que se debi&#243; sobre todo a las malas cosechas, en el 2006 con cosechas razonablemente buenas a penas se ha conseguido que la renta no baje con respecto a 2005, pero no se ha recuperado lo perdido dicho a&#241;o con respecto a 2004. Los datos oficiales del ministerio de Agricultura cifran para 2006 la renta por ocupado, en t&#233;rminos constantes, en 12.932 euros, lo que representa un crecimiento del 0,3% respecto a 2005, crecimiento que es posible debido a que se ha producido una ca&#237;da de activos del 4%. En la provincia de Le&#243;n la ca&#237;da de activos es del 6%, y la renta por ocupado inferior en un 20% a la media nacional en opini&#243;n de ASAJA (explotaciones m&#225;s peque&#241;as y de cultivos menos intensivos con menor margen de beneficio). Esta reducci&#243;n cada a&#241;o del n&#250;mero de efectivos que en el conjunto de Espa&#241;a fue del 4% y en Le&#243;n del 6%, es lo que permite que la renta por ocupado o por UTA no caiga tanto o tenga ligero crecimiento positivo, ya que hasta ahora cuando un agricultor deja la explotaci&#243;n otro la coge, por lo que la producci&#243;n final agraria no se reduce, y al igual ocurre con las subvenciones o ayudas p&#250;blicas. <\/font>\n<\/p>\n<p align=\"justify\"><font size=\"2\"><\/font>\n<\/p>\n<p align=\"justify\"><font size=\"2\">A 31 de diciembre hab&#237;a dados de alta en la provincia en el R&#233;gimen Especial Agrario de la Seguridad Social por Cuenta Propia un total de 9.005 cotizantes (unos 850 est&#225;n acogidos al cese anticipado de la actividad agraria con la obligaci&#243;n de seguir cotizando), que sumados a otros 1.200 en el R&#233;gimen de Aut&#243;nomos como agricultores (esta cifra es una estimaci&#243;n), sumar&#237;a poco m&#225;s de 9.300 agricultores y ganaderos que ejercen la actividad a t&#237;tulo principal (9.005 + 1.200 &#8211; 850). En muchos casos son cotizantes a la Seguridad Social el matrimonio, y se ha de tener en cuenta tambi&#233;n el n&#250;mero de sociedades mercantiles y cooperativas, lo que nos lleva a un n&#250;mero de explotaciones en las que se ejerce la actividad a t&#237;tulo principal (alguno de los c&#243;nyuges es s&#243;lo agricultor o ganadero) de unas 6.500. El n&#250;mero de te&#243;ricas explotaciones agr&#237;colas en la provincia, considerando explotaci&#243;n agr&#237;cola aquella que declara fiscalmente ingresos por esta actividad, llegar&#237;a a superar las 15.000 si se tiene en cuenta tambi&#233;n el sector hortofrut&#237;cola y vitivin&#237;cola de El Bierzo. <\/font>\n<\/p>\n<p align=\"justify\"><font size=\"2\"><\/font>\n<\/p>\n<p align=\"justify\"><font size=\"2\">Los aut&#243;nomos de la agricultura representan el 6% del total de trabajadores afiliados a la Seguridad Social en la provincia de Le&#243;n. Los agricultores por cuenta ajena o asalariados del campo ascend&#237;an a 31 de diciembre a 1.114 que se mantiene respecto a a&#241;os anteriores, realmente con una ligera subida, y que en porcentaje se incrementa cada a&#241;o respecto al total de ocupados en la agricultura. <\/font>\n<\/p>\n<p align=\"justify\"><font size=\"2\"><\/font><b><u><\/p>\n<p align=\"justify\"><font size=\"2\">Subvenciones p&#250;blicas<\/font><\/p>\n<p><\/u><\/b><font size=\"2\"> <\/font>\n<\/p>\n<p align=\"justify\"><font size=\"2\"><\/font>\n<\/p>\n<p align=\"justify\"><font size=\"2\">Las subvenciones de la PAC no crecen en t&#233;rminos corrientes y mucho menos en t&#233;rminos constantes al estar sujetas a la disciplina financiera establecidas por la Agenda 2000 y por la &#250;ltima reforma del 2003, y en el caso de las ayudas al desarrollo rural por la Cumbre de diciembre de 2005. Al contrario, hay una reducci&#243;n que aumenta cada a&#241;o en concepto de la modulaci&#243;n, aunque es cierto que dicho importe que se detrae de las ayudas directas se va despu&#233;s a las pol&#237;ticas de desarrollo rural, pero no necesariamente a los mismos perceptores, y como ya se ha demostrado no supone un importe adicional sino que se sirve para que las administraciones se ahorren presupuesto. <\/font>\n<\/p>\n<p align=\"justify\"><font size=\"2\"><\/font>\n<\/p>\n<p align=\"justify\"><font size=\"2\">En el a&#241;o 2006 si se ha incrementado el importe de las ayudas ya que una parte de los ingresos de la remolacha, a ra&#237;z de la reforma, provienen por v&#237;a de subvenciones y no de precios. <\/font>\n<\/p>\n<p align=\"justify\"><font size=\"2\"><\/font>\n<\/p>\n<p align=\"justify\"><font size=\"2\">Estas ayudas de la PAC representan en la provincia de Le&#243;n unos <b>100 millones de euros<\/b> de los cuales el 14% corresponden a las \u00abmedidas de acompa&#241;amiento de la PAC\u00bb (ayudas a zonas desfavorecidas, ayudas agroambientales y jubilaciones anticipadas agrarias) y el 86% restante corresponde a las \u00abayudas acopladas\u00bb vinculadas a cultivos o ganado y mayoritariamente a las ayudas desacopladas conocidas como \u00abderechos de pago &#250;nico\u00bb. El 2006 es el primer a&#241;o de entrada en vigor, en toda su extensi&#243;n, de la reforma de la PAC aprobada en 2003. <\/font>\n<\/p>\n<p align=\"justify\"><font size=\"2\"><\/font>\n<\/p>\n<p align=\"justify\"><font size=\"2\">&#160;&#160;<\/font><font size=\"2\">&#160; <\/font>\n<\/p>\n<p align=\"justify\"><font size=\"2\">&#160; <img loading=\"lazy\" decoding=\"async\" style=\"MARGIN: 0px; WIDTH: 523px; HEIGHT: 591px\" height=\"2816\" alt=\"\" hspace=\"0\" src=\"\/leon\/wp-content\/uploads\/sites\/6\/2017\/11\/ANUARIO_2006_034.jpg\" width=\"1879\" align=\"baseline\" border=\"0\"\/><\/font>\n<\/p>\n<p align=\"justify\"><font size=\"2\">&#160; <\/font>\n<\/p>\n<p align=\"justify\"><font size=\"2\">&#160;<\/font><b><u><font size=\"2\"> <\/font><\/p>\n<p align=\"justify\"><font size=\"2\">Cultivos cuantitativamente m&#225;s importantes<\/font><\/p>\n<p><\/u><\/b><font size=\"2\"> <\/font>\n<\/p>\n<p align=\"justify\"><font size=\"2\"><\/font>\n<\/p>\n<p align=\"justify\"><font size=\"2\">Ma&#237;z: <\/font>\n<\/p>\n<p align=\"justify\"><font size=\"2\"><\/font>\n<\/p>\n<p align=\"justify\"><font size=\"2\">Se han cultivado para grano (el resto ser&#237;a par ensilado como forraje) <b>57.600 hect&#225;reas<\/b> (4% menos que en 2005), con buenas producciones que alcanzar&#237;an las 560.000 toneladas. La cosecha est&#225; muy retrasada por las lluvias pero no hay da&#241;os dignos de considerar. Los precios son un 20% superiores al a&#241;o anterior. <\/font>\n<\/p>\n<p align=\"justify\"><font size=\"2\"><\/font>\n<\/p>\n<p align=\"justify\"><font size=\"2\">Cereales de invierno: <\/font>\n<\/p>\n<p align=\"justify\"><font size=\"2\"><\/font>\n<\/p>\n<p align=\"justify\"><font size=\"2\">Se cultivaron en 2006 de cereal de invierno <b>98.135 hect&#225;reas<\/b> (33.975 de trigo, 30.840 de cebada, 23.800 de avena y 9.520 de centeno) un 18% menos de la que es habitual en la provincia. La producci&#243;n se estim&#243; en su d&#237;a en 292.850 toneladas, lo que representa unos rendimientos pr&#243;ximos a la media. Los precios han experimentado un crecimiento del 22%, aunque los agricultores no siempre se han beneficiado de los mismos ya que la mayor&#237;a de las ventas se hacen en los meses de julio y agosto, quedando despu&#233;s el grano en manos de los intermediarios. <\/font>\n<\/p>\n<p align=\"justify\"><font size=\"2\"><\/font>\n<\/p>\n<p align=\"justify\"><font size=\"2\">Remolacha: <\/font>\n<\/p>\n<p align=\"justify\"><font size=\"2\"><\/font>\n<\/p>\n<p align=\"justify\"><font size=\"2\">Se han estimado unas siembras en la provincia de Le&#243;n de 7.500 hect&#225;reas, de las cuales 1.500 han sido para producir remolacha llamada de \u00abreporte\u00bb, con precio de 2007, y contratada por Ebro al margen de los acuerdos interprofesionales. <\/font>\n<\/p>\n<p align=\"justify\"><font size=\"2\"><\/font>\n<\/p>\n<p align=\"justify\"><font size=\"2\">El cultivo poco se parece al a&#241;o 2005, &#250;ltimo antes de la entrada en vigor de la nueva OCM del az&#250;car. Los ingresos por el valor del producto que percibe el remolachero, contando con la subvenci&#243;n que se cobra para compensar parcialmente la ca&#237;da de precios, se han reducido un 14% respecto a la situaci&#243;n anterior. Un 5% se ha reducido la producci&#243;n por hect&#225;rea respecto a 2005 y un 11% la riqueza en sacarosa. No se puede hablar de una mala cosecha, pero si que objetivamente es peor que la del a&#241;o anterior. Por tanto, cada hect&#225;rea de cultivo ha supuesto una ca&#237;da de ingresos con respecto a 2005 del 30% (14% por precio, 5% por producci&#243;n y 11% por calidad), lo que representa 1.500 euros por hect&#225;rea, y por tanto una reducci&#243;n o p&#233;rdida respecto a 2005 en el conjunto de la provincia de 11,2 millones de euros. <\/font>\n<\/p>\n<p align=\"justify\"><font size=\"2\"><\/font>\n<\/p>\n<p align=\"justify\"><font size=\"2\">Producci&#243;n de uvas: <\/font>\n<\/p>\n<p align=\"justify\"><font size=\"2\"><\/font>\n<\/p>\n<p align=\"justify\"><font size=\"2\">En la provincia de Le&#243;n se vienen recogiendo cada a&#241;o entre 40 y 50 millones de kilos de uvas, por lo que con cifras por arriba o por debajo se calificar&#237;an los a&#241;os como excepcionalmente buenos o como malos. En el 2006, y seg&#250;n datos facilitados por la Junta, la producci&#243;n para el conjunto de la Denominaci&#243;n Bierzo y la Denominaci&#243;n Tierras de Le&#243;n fue de 42 millones de kilos, con los que se han elaborado 31 millones de litros de vino. Los precios que perciben los viticultores son de los m&#225;s bajos del conjunto de las denominaciones de calidad de Espa&#241;a y por supuesto los m&#225;s bajos de Castilla y Le&#243;n. La mayor&#237;a de la producci&#243;n se comercializa a trav&#233;s de las cooperativas. Estas han liquidado la uva \u00abmenc&#237;a\u00bb de calidad del a&#241;o 2005 a una media de 22 c&#233;ntimos el kilo, y no se espera mejor precio para la cosecha de 2006 que se liquida a finales de 2007. Precios poco m&#225;s altos se aplican en las uvas de \u00abprieto picudo\u00bb donde todav&#237;a hay poca oferta porque las nuevas plantaciones no est&#225;n en plena producci&#243;n. Alguna variedad de alta calidad y escasa producci&#243;n como el \u00abgodello\u00bb alcanza cotizaciones m&#225;s elevadas, pero como hemos dicho no es representativo en el conjunto de la facturaci&#243;n del sector. En definitiva que el sector productor no participa del auge y esplendor del mundo del vino al soportar unos precios de ruina que a penas permiten compensar las labores de la vi&#241;a, no permiten amortizar inversiones, y abocan a un abandono a poco que la nueva OCM lo propicie. <\/font>\n<\/p>\n<p align=\"justify\"><font size=\"2\"><\/font>\n<\/p>\n<p align=\"justify\"><font size=\"2\">Fruticultura: <\/font>\n<\/p>\n<p align=\"justify\"><font size=\"2\"><\/font>\n<\/p>\n<p align=\"justify\"><font size=\"2\">Los datos estad&#237;sticos de la Junta recogen una producci&#243;n de 11.000 toneladas de manzanas, 7.200 de peras, 2.600 toneladas de cerezas as&#237; como 7.600 toneladas de casta&#241;as. <\/font>\n<\/p>\n<p align=\"justify\"><font size=\"2\"><\/font>\n<\/p>\n<p align=\"justify\"><font size=\"2\">Patatas: <\/font>\n<\/p>\n<p align=\"justify\"><font size=\"2\"><\/font>\n<\/p>\n<p align=\"justify\"><font size=\"2\">Se estima que hubo una superficie de 2.000 hect&#225;reas con una producci&#243;n de 85.500 toneladas, a raz&#243;n de unos rendimientos de casi 43 toneladas por hect&#225;rea. Precios excepcionalmente buenos a lo largo de toda la campa&#241;a, que han ido subiendo mes tras mes. <\/font>\n<\/p>\n<p align=\"justify\"><font size=\"2\"><\/font>\n<\/p>\n<p align=\"justify\"><font size=\"2\">&#160; <\/font>\n<\/p>\n<p align=\"justify\"><font size=\"2\">&#160; <\/font>\n<\/p>\n<p align=\"justify\"><font size=\"2\">&#160; <\/font>\n<\/p>\n<p align=\"justify\"><font size=\"2\">&#160; <\/font>\n<\/p>\n<p align=\"justify\"><font size=\"2\">&#160; <\/font>\n<\/p>\n<p align=\"justify\"><font size=\"2\">&#160; <\/font>\n<\/p>\n<p align=\"justify\"><font size=\"2\">&#160; <\/font>\n<\/p>\n<p align=\"justify\"><font size=\"2\">Cultivos de huerta: <\/font>\n<\/p>\n<p align=\"justify\"><font size=\"2\"><\/font><\/p>\n<p><\/font><\/p>\n<p align=\"justify\"><font size=\"2\"><\/font><\/p>\n<div align=\"justify\">\n<table cellspacing=\"1\" cellpadding=\"4\" width=\"528\" border=\"1\">\n<tbody>\n<tr>\n<td valign=\"top\" colspan=\"3\"><b><font face=\"Arial\"><\/p>\n<p align=\"center\"><font size=\"2\">PRINCIPALES PRODUCCIONES HORT&#205;COLAS<\/font><\/p>\n<p><\/font><\/b><\/td>\n<\/tr>\n<\/tbody>\n<\/table>\n<\/div>\n<tr>\n<td valign=\"top\" width=\"29%\"><font face=\"Arial\"><\/p>\n<p align=\"center\"><font size=\"2\">CULTIVO<\/font><\/p>\n<p><\/font><\/td>\n<\/tr>\n<td valign=\"top\" width=\"35%\"><font face=\"Arial\"><\/p>\n<p align=\"center\"><font size=\"2\">SUPERFICIE<\/font><\/p>\n<p><\/font><\/td>\n<td valign=\"top\" width=\"36%\"><font face=\"Arial\"><\/p>\n<p align=\"center\"><font size=\"2\">PRODUCCI&#211;N (TM)<\/font><\/p>\n<p><\/font><\/td>\n<tr>\n<td valign=\"top\" width=\"29%\"><font face=\"Arial\"><\/p>\n<p align=\"justify\"><font size=\"2\">TOMATES<\/font><\/p>\n<p><\/font><\/td>\n<\/tr>\n<td valign=\"top\" width=\"35%\"><font face=\"Arial\"><\/p>\n<p align=\"center\"><font size=\"2\">35<\/font><\/p>\n<p><\/font><\/td>\n<td valign=\"top\" width=\"36%\"><font face=\"Arial\"><\/p>\n<p align=\"center\"><font size=\"2\">825<\/font><\/p>\n<p><\/font><\/td>\n<tr>\n<td valign=\"top\" width=\"29%\"><font face=\"Arial\"><\/p>\n<p align=\"justify\"><font size=\"2\">PUERROS<\/font><\/p>\n<p><\/font><\/td>\n<\/tr>\n<td valign=\"top\" width=\"35%\"><font face=\"Arial\"><\/p>\n<p align=\"center\"><font size=\"2\">45<\/font><\/p>\n<p><\/font><\/td>\n<td valign=\"top\" width=\"36%\"><font face=\"Arial\"><\/p>\n<p align=\"center\"><font size=\"2\">730<\/font><\/p>\n<p><\/font><\/td>\n<tr>\n<td valign=\"top\" width=\"29%\"><font face=\"Arial\"><\/p>\n<p align=\"justify\"><font size=\"2\">COL REPOLLO<\/font><\/p>\n<p><\/font><\/td>\n<\/tr>\n<td valign=\"top\" width=\"35%\"><font face=\"Arial\"><\/p>\n<p align=\"center\"><font size=\"2\">60<\/font><\/p>\n<p><\/font><\/td>\n<td valign=\"top\" width=\"36%\"><font face=\"Arial\"><\/p>\n<p align=\"center\"><font size=\"2\">2.400<\/font><\/p>\n<p><\/font><\/td>\n<tr>\n<td valign=\"top\" width=\"29%\"><font face=\"Arial\"><\/p>\n<p align=\"justify\"><font size=\"2\">LECHUGA<\/font><\/p>\n<p><\/font><\/td>\n<\/tr>\n<td valign=\"top\" width=\"35%\"><font face=\"Arial\"><\/p>\n<p align=\"center\"><font size=\"2\">20<\/font><\/p>\n<p><\/font><\/td>\n<td valign=\"top\" width=\"36%\"><font face=\"Arial\"><\/p>\n<p align=\"center\"><font size=\"2\">600<\/font><\/p>\n<p><\/font><\/td>\n<tr>\n<td valign=\"top\" width=\"29%\"><font face=\"Arial\"><\/p>\n<p align=\"justify\"><font size=\"2\">COLIFLOR<\/font><\/p>\n<p><\/font><\/td>\n<\/tr>\n<td valign=\"top\" width=\"35%\"><font face=\"Arial\"><\/p>\n<p align=\"center\"><font size=\"2\">42<\/font><\/p>\n<p><\/font><\/td>\n<td valign=\"top\" width=\"36%\"><font face=\"Arial\"><\/p>\n<p align=\"center\"><font size=\"2\">1.512<\/font><\/p>\n<p><\/font><\/td>\n<tr>\n<td valign=\"top\" width=\"29%\"><font face=\"Arial\"><\/p>\n<p align=\"justify\"><font size=\"2\">CEBOLLA<\/font><\/p>\n<p><\/font><\/td>\n<\/tr>\n<td valign=\"top\" width=\"35%\"><font face=\"Arial\"><\/p>\n<p align=\"center\"><font size=\"2\">45<\/font><\/p>\n<p><\/font><\/td>\n<td valign=\"top\" width=\"36%\"><font face=\"Arial\"><\/p>\n<p align=\"center\"><font size=\"2\">1.100<\/font><\/p>\n<p><\/font><\/td>\n<tr>\n<td valign=\"top\" width=\"29%\"><font face=\"Arial\"><\/p>\n<p align=\"justify\"><font size=\"2\">JUDIAS VERDES<\/font><\/p>\n<p><\/font><\/td>\n<\/tr>\n<td valign=\"top\" width=\"35%\"><font face=\"Arial\"><\/p>\n<p align=\"center\"><font size=\"2\">4<\/font><\/p>\n<p><\/font><\/td>\n<td valign=\"top\" width=\"36%\"><font face=\"Arial\"><\/p>\n<p align=\"center\"><font size=\"2\">60<\/font><\/p>\n<p><\/font><\/td>\n<tr>\n<td valign=\"top\" width=\"29%\"><font face=\"Arial\"><\/p>\n<p align=\"justify\"><font size=\"2\">PIMIENTOS<\/font><\/p>\n<p><\/font><\/td>\n<\/tr>\n<td valign=\"top\" width=\"35%\"><font face=\"Arial\"><\/p>\n<p align=\"center\"><font size=\"2\">110<\/font><\/p>\n<p><\/font><\/td>\n<td valign=\"top\" width=\"36%\"><font face=\"Arial\"><\/p>\n<p align=\"center\"><font size=\"2\">2.200<\/font><\/p>\n<p><\/font><\/td>\n<tr>\n<td valign=\"top\" width=\"29%\"><font face=\"Arial\"><\/p>\n<p align=\"justify\"><font size=\"2\">AJOS<\/font><\/p>\n<p><\/font><\/td>\n<\/tr>\n<td valign=\"top\" width=\"35%\"><font face=\"Arial\"><\/p>\n<p align=\"center\"><font size=\"2\">60<\/font><\/p>\n<p><\/font><\/td>\n<td valign=\"top\" width=\"36%\"><font face=\"Arial\"><\/p>\n<p align=\"center\"><font size=\"2\">680<\/font><\/p>\n<p><\/font><\/td>\n<tr>\n<td valign=\"top\" width=\"29%\"><font size=\"2\">&#160;<\/font><\/td>\n<td valign=\"top\" width=\"35%\">\n<p align=\"center\"><font size=\"2\"><\/font><\/p>\n<\/td>\n<td valign=\"top\" width=\"36%\">\n<p align=\"center\"><font size=\"2\"><\/font><\/p>\n<\/td>\n<\/tr>\n<p align=\"justify\"><font size=\"2\"><\/font><b><font face=\"Arial\"><\/p>\n<p align=\"justify\"><font size=\"2\"><\/font>\n<\/p>\n<p align=\"justify\"><font size=\"2\">&#160; <\/font>\n<\/p>\n<p align=\"justify\"><font size=\"2\">&#160;<\/font><\/p>\n<p><\/font><font face=\"Arial\" color=\"#0000ff\"><font size=\"2\"> <\/font><\/p>\n<p align=\"justify\"><font size=\"2\">DESTACADAS CR&#205;TICAS A LA POL&#205;TICA AGRARIA<\/font><\/p>\n<p><\/font><\/b><\/p>\n<p><font face=\"Arial\"><font size=\"2\"> <\/font><\/p>\n<p align=\"justify\"><font size=\"2\"><\/font>\n<\/p>\n<p align=\"justify\"><font size=\"2\">Cinco grandes desaciertos del Gobierno central: <\/font>\n<\/p>\n<p align=\"justify\"><font size=\"2\"><\/font><\/p>\n<ol>\n<p align=\"justify\"><font size=\"2\"><\/font><\/p>\n<li>\n<div align=\"justify\"><font size=\"2\">La pol&#237;tica l&#225;ctea a golpe de directrices de partido pol&#237;tico y presiones de fuerzas nacionalistas gallegas. Es intervensionista, ha creado incertidumbre y el resultado de la misma es menos competitividad de las explotaciones leonesas, efecto este &#250;ltimo que ser&#225; m&#225;s manifiesto en los pr&#243;ximos a&#241;os. <\/font><\/div>\n<p align=\"justify\"><font size=\"2\"><\/font>\n<\/p>\n<p align=\"justify\"><font size=\"2\"><\/font><\/p>\n<\/li>\n<li>\n<div align=\"justify\"><font size=\"2\">El reparto de fondos para el Desarrollo Rural que es sectario y discriminatorio para con Castilla y Le&#243;n. <\/font><\/div>\n<p align=\"justify\"><font size=\"2\"><\/font>\n<\/p>\n<p align=\"justify\"><font size=\"2\"><\/font><\/p>\n<\/li>\n<li>\n<div align=\"justify\"><font size=\"2\">La falta de apoyo al sector remolachero despu&#233;s de la reforma. <\/font><\/div>\n<p align=\"justify\"><font size=\"2\"><\/font>\n<\/p>\n<p align=\"justify\"><font size=\"2\"><\/font><\/p>\n<\/li>\n<li>\n<div align=\"justify\"><font size=\"2\">Decisiones equivocadas en la aplicaci&#243;n de la reforma de la PAC. <\/font><\/div>\n<p align=\"justify\"><font size=\"2\"><\/font>\n<\/p>\n<p align=\"justify\"><font size=\"2\"><\/font><\/p>\n<\/li>\n<li>\n<div align=\"justify\"><font size=\"2\">Pasividad ante los grandes monopolios energ&#233;ticos y fertilizantes, y la dictadura de las multinacionales de la distribuci&#243;n y las grandes industrias agroalimentarias. <\/font><\/div>\n<p align=\"justify\"><font size=\"2\"><\/font><\/p>\n<\/li>\n<\/ol>\n<p align=\"justify\"><font size=\"2\"><\/font><br \/>\n<dir><\/p>\n<p align=\"justify\"><font size=\"2\">5+1. Aplicaci&#243;n de moratoria a la entrada de trabajadores b&#250;lgaros y rumanos. <\/font>\n<\/p>\n<p align=\"justify\"><font size=\"2\"><\/font><\/p>\n<p><\/dir>\n<\/p>\n<p align=\"justify\"><font size=\"2\">Cinco grandes desaciertos del Gobierno regional: <\/font>\n<\/p>\n<p align=\"justify\"><font size=\"2\"><\/font><\/p>\n<ol>\n<p align=\"justify\"><font size=\"2\"><\/font><\/p>\n<li>\n<div align=\"justify\"><font size=\"2\">La peor interlocuci&#243;n con el sector de los &#250;ltimos 20 a&#241;os. <\/font><\/div>\n<p align=\"justify\"><font size=\"2\"><\/font>\n<\/p>\n<p align=\"justify\"><font size=\"2\"><\/font><\/p>\n<\/li>\n<li>\n<div align=\"justify\"><font size=\"2\">Nefasta gesti&#243;n en importantes l&#237;neas de ayuda, particularmente las dependientes de la D.G. de Producci&#243;n Agropecuaria. <\/font><\/div>\n<p align=\"justify\"><font size=\"2\"><\/font>\n<\/p>\n<p align=\"justify\"><font size=\"2\"><\/font><\/p>\n<\/li>\n<li>\n<div align=\"justify\"><font size=\"2\">Carencia de una aut&#233;ntica pol&#237;tica agraria regional, limit&#225;ndose a la mera gesti&#243;n de los fondos europeos. <\/font><\/div>\n<p align=\"justify\"><font size=\"2\"><\/font>\n<\/p>\n<p align=\"justify\"><font size=\"2\"><\/font><\/p>\n<\/li>\n<li>\n<div align=\"justify\"><font size=\"2\">Incapacidad para dar soluci&#243;n a los problemas del sector ovino de leche, siendo Castilla y Le&#243;n la regi&#243;n m&#225;s productora de Europa. <\/font><\/div>\n<p align=\"justify\"><font size=\"2\"><\/font>\n<\/p>\n<p align=\"justify\"><font size=\"2\"><\/font><\/p>\n<\/li>\n<li>\n<div align=\"justify\"><font size=\"2\">Incremento cada a&#241;o de la burocracia, que obliga al agricultor a estar m&#225;s tiempo en los despachos que en el tractor. <\/font><\/div>\n<p align=\"justify\"><font size=\"2\"><\/font><\/p>\n<\/li>\n<\/ol>\n<p align=\"justify\"><font size=\"2\"><\/font>\n<\/p>\n<p align=\"justify\"><font size=\"2\">&#160;<\/font><\/p>\n<p><\/font><b><font face=\"Arial\" color=\"#0000ff\"><font size=\"2\"> <\/font><\/p>\n<p align=\"justify\"><font size=\"2\">PRINCIPALES CUESTIONES EN MATERIA AGRARIA PARA EL 2007 EN LA PROVINCIA DE LEON.<\/font><\/p>\n<p><\/font><\/b><font face=\"Arial\"><font size=\"2\"> <\/font><\/p>\n<p align=\"justify\"><font size=\"2\"><\/font><\/p>\n<ul>\n<p align=\"justify\"><font size=\"2\"><\/font><\/p>\n<li>\n<div align=\"justify\"><font size=\"2\">Primer a&#241;o de <b>puesta en valor de 70.000 hect&#225;reas de las reconcentraciones parcelarias<\/b> vinculadas a los regad&#237;os de Ria&#241;o. La reorganizaci&#243;n de la propiedad, cuyo objetivo final es la puesta en regad&#237;o, est&#225; permitiendo un ahorro en tiempo al hacer las labores, facilita la mecanizaci&#243;n, aprovecha superficies que se hab&#237;an abandonado por no ser rentable cultivarlas, y facilita las tareas burocr&#225;ticas en las solicitudes de ayudas. <\/font><\/div>\n<p align=\"justify\"><font size=\"2\"><\/font><\/p>\n<\/li>\n<\/ul>\n<p align=\"justify\"><font size=\"2\"><\/font><\/p>\n<ul>\n<p align=\"justify\"><font size=\"2\"><\/font><\/p>\n<li>\n<div align=\"justify\"><font size=\"2\">Puesta en <b>regad&#237;o REAL de 5.000 hect&#225;reas<\/b> (Payuelos y M.I. Porma). En ellas se han instalado ya los modernos sistemas de riego, por lo que se van a cultivar como regad&#237;o, consiguiendo producciones estables, independientemente del cultivo que se elija, y producciones que multiplican por tres o por cuatro a las del secano. <\/font><\/div>\n<p align=\"justify\"><font size=\"2\"><\/font><\/p>\n<\/li>\n<\/ul>\n<p align=\"justify\"><font size=\"2\"><\/font><\/p>\n<ul>\n<p align=\"justify\"><font size=\"2\"><\/font><\/p>\n<li>\n<div align=\"justify\"><font size=\"2\">Se iniciar&#225;n las obras de <b>modernizaci&#243;n de regad&#237;os<\/b> en proyectos ya licitados, la mayor&#237;a en el P&#225;ramo. Las obras conllevar&#225;n dificultades en las siembras y sobre todo en el riego hasta que se inauguren las nuevas infraestructuras, lo que no deber&#237;a de sobrepasar el plazo de un a&#241;o o una campa&#241;a agr&#237;cola. <\/font><\/div>\n<p align=\"justify\"><font size=\"2\"><\/font><\/p>\n<\/li>\n<\/ul>\n<p align=\"justify\"><font size=\"2\"><\/font><\/p>\n<ul>\n<p align=\"justify\"><font size=\"2\"><\/font><\/p>\n<li>\n<div align=\"justify\"><font size=\"2\">Contin&#250;a el <b>retraso en los nuevos regad&#237;os vinculados a Payuelos<\/b>. Queda pendiente el llamado \u00abRamal Cea\u00bb del Canal Alto de Payuelos, la construcci&#243;n del Canal Bajo de Payuelos que sigue siendo una inc&#243;gnita, se est&#225;n transformando unas 6.000 hect&#225;reas que se podr&#237;an entregar en 2008 si hay voluntad pol&#237;tica, y falta por licitarse otras 12.000 hect&#225;reas comprometidas en el periodo 2000\/08 para las que ya no se van a cumplir los plazos. El 2007, como a&#241;o electoral, es una buena fecha para que lleven un empuj&#243;n. No se ha solucionado el conflicto de los regantes del P&#225;ramo Bajo respecto a la amortizaci&#243;n de las obras del Canal principal, cuesti&#243;n sobre la que ASAJA no permitir&#225; que se acepte lo que no se le acept&#243; al anterior Gobierno hace 4 a&#241;os, es decir, no permitiremos una soluci&#243;n con la misma receta. <\/font><\/div>\n<p align=\"justify\"><font size=\"2\"><\/font><\/p>\n<\/li>\n<\/ul>\n<p align=\"justify\"><font size=\"2\"><\/font><\/p>\n<ul><b><\/p>\n<p align=\"justify\"><font size=\"2\"><\/font><\/p>\n<li>\n<div align=\"justify\"><font size=\"2\">Se espera una mayor superficie de siembra de remolacha<\/font><\/div>\n<\/li>\n<p><\/b><font size=\"2\"> si es verdad que en otras regiones se deja de sembrar y Ebro Puleva no empeora las condiciones ya duras que establece la nueva OCM. <\/font><\/p>\n<p align=\"justify\"><font size=\"2\"><\/font><\/p>\n<\/ul>\n<p align=\"justify\"><font size=\"2\"><\/font><\/p>\n<ul>\n<p align=\"justify\"><font size=\"2\"><\/font><\/p>\n<li>\n<div align=\"justify\"><font size=\"2\">Se notar&#225;n las <b>consecuencias de la reducci&#243;n de fondos del nuevo programa de Desarrollo Rural<\/b>, una reducci&#243;n que en la provincia de Le&#243;n representa <b><u>18 millones de euros al a&#241;o<\/u><\/b><\/font><font size=\"2\">. En el 2007 sabremos si se van a recuperar parte de los fondos perdidos, y conoceremos el programa que apruebe la Junta para priorizar el gasto en los pr&#243;ximos 7 a&#241;os. La provincia de Le&#243;n necesita que se revisen algunos programas como es el de ayuda a zonas desfavorecidas y de monta&#241;a. Este dinero actualmente va en mayor cuant&#237;a a los menos desfavorecidos, lo que no deja de ser una paradoja. <\/font><\/div>\n<p align=\"justify\"><font size=\"2\"><\/font><\/p>\n<\/li>\n<\/ul>\n<p align=\"justify\"><font size=\"2\"><\/font><\/p>\n<ul>\n<p align=\"justify\"><font size=\"2\"><\/font><\/p>\n<li>\n<div align=\"justify\"><font size=\"2\">Se espera la <b>aprobaci&#243;n de la OCM del vino<\/b>, que va a afectar a la provincia de Le&#243;n ya que m&#225;s del 50% del vino que se produce en la provincia no se vende como vino de calidad. <\/font><\/div>\n<p align=\"justify\"><font size=\"2\"><\/font><\/p>\n<\/li>\n<\/ul>\n<p align=\"justify\"><font size=\"2\"><\/font><\/p>\n<ul>\n<p align=\"justify\"><font size=\"2\"><\/font><\/p>\n<li>\n<div align=\"justify\"><font size=\"2\">Seguir&#225;n siendo <b>noticia, pero no una realidad, los cultivos energ&#233;ticos<\/b>. Respecto a la producci&#243;n de las materias primas puede haber un retroceso en la venta de cereal para bioetanol si no cambia la pol&#237;tica de precios que la empresa ha aplicado en los &#250;ltimos a&#241;os. Respecto a los cultivos oleaginosos, la mayor&#237;a de las siembras estar&#225;n vinculadas a la cooperativa Ucogal ya que ampara a sus socios con un programa I+D+I otorgado \u00aba dedo por el Gobierno\u00bb y que le permite unos ingresos fijos por hect&#225;rea independientemente de los rendimientos y del precio del producto. <\/font><\/div>\n<p align=\"justify\"><font size=\"2\"><\/font><\/p>\n<\/li>\n<\/ul>\n<p align=\"justify\"><font size=\"2\"><\/font><br \/>\n<dir><br \/>\n<dir><\/p>\n<p align=\"justify\"><font size=\"2\">Las noticias sobre inversiones fabriles se suceder&#225;n al ritmo de los intereses pol&#237;ticos y\/o sindicales, particularmente el proyecto comprometido por el Gobierno en Cabreros del R&#237;o. La Junta seguir&#225; dando el tost&#243;n con la planta experimental de Villarejo que quiz&#225;s alg&#250;n a&#241;o la terminen, es m&#225;s dudoso que la pongan en funcionamiento, y es probable que nunca se le saque el m&#225;s m&#237;nimo provecho. <\/font>\n<\/p>\n<p align=\"justify\"><font size=\"2\"><\/font><\/p>\n<p><\/dir><\/dir><\/p>\n<ul><b><\/p>\n<p align=\"justify\"><font size=\"2\"><\/font><\/p>\n<li>\n<div align=\"justify\"><font size=\"2\">A&#241;o electoral<\/font><\/div>\n<\/li>\n<p><\/b><font size=\"2\">. ASAJA no participar&#225; en las elecciones municipales y auton&#243;micas, por lo que mantendr&#225; una absoluta neutralidad. ASAJA de Castilla y Le&#243;n ya se ha manifestado pidiendo un cambio en la consejer&#237;a de Agricultura a partir del mes de mayo. ASAJA de Le&#243;n espera que en la configuraci&#243;n de los altos cargos de la Consejer&#237;a, seis m&#225;s el Consejero, haya sitio para alguien que represente la singularidad tambi&#233;n agr&#237;cola y ganadera de este territorio, y que por tanto no se vuelva a dar la <u>quiniela de CERO de SIETE<\/u>. <\/font><\/p>\n<p align=\"justify\"><font size=\"2\"><\/font><\/p>\n<\/ul>\n<p align=\"justify\"><font size=\"2\"><\/font><\/p>\n<ul>\n<p align=\"justify\"><font size=\"2\"><\/font><\/p>\n<li>\n<div align=\"justify\"><font size=\"2\">Llegar&#225; a las Cortes el <b>Proyecto de Ley de Desarrollo Sostenible del Medio Rural<\/b>. Un conjunto de declaraciones mas o menos bien sonantes, sin compromisos ni dotaciones presupuestarias, que abarca materias sobre las que las competencias est&#225;n en entidades locales o comunidades aut&#243;nomas, y que servir&#225; para vender humo en un a&#241;o electoral. <\/font><\/div>\n<p align=\"justify\"><font size=\"2\"><\/font><\/p>\n<\/li>\n<\/ul>\n<p align=\"justify\"><font size=\"2\"><\/font><\/p>\n<ul>\n<p align=\"justify\"><font size=\"2\"><\/font><\/p>\n<li>\n<div align=\"justify\"><font size=\"2\">El a&#241;o 2007 estar&#225; marcado tambi&#233;n por las <b>elecciones a C&#225;maras Agrarias<\/b>. ASAJA espera que el nuevo Gobierno defina el para qu&#233; de los comicios, que redefina el papel de las organizaciones agrarias, y que trate a los representantes del sector con el respeto y la consideraci&#243;n que no se ha dado en esta legislatura. ASAJA de Le&#243;n se marca como objetivo, en un proceso electoral en el que concurrir&#225;n cuatro organizaciones, seguir siendo por tercera vez consecutiva la organizaci&#243;n m&#225;s representativa, el grupo m&#225;s compacto e influyente del mundo agrario leon&#233;s, y obtener entre el 40 y el 50% de los sufragios. <\/font><\/div>\n<p align=\"justify\"><font size=\"2\"><\/font><\/p>\n<\/li>\n<\/ul>\n<p align=\"justify\"><font size=\"2\"><\/font>\n<\/p>\n<p align=\"justify\"><font size=\"2\">&#160; <\/font>\n<\/p>\n<p align=\"justify\"><font size=\"2\">&#160; <\/font>\n<\/p>\n<p align=\"justify\"><font size=\"2\">Le&#243;n, 10 de enero de 2007. <\/font>\n<\/p>\n<p align=\"justify\"><font size=\"2\">&#160; <\/font>\n<\/p>\n<p align=\"justify\"><font size=\"2\">&#160;<\/font><\/p>\n<p><\/font><\/p>\n","protected":false},"excerpt":{"rendered":"<p>RESUMEN DEL A&#209;O AGR&#205;COLA 2006 EN LA PROVINCIA DE LEON Y PREVISIONES PARA 2007. El 2006 no fue un a&#241;o, agr&#237;colamente hablando, demasiado castigado por el clima. Es cierto que en el mes de mayo fall&#243; la lluvia, como casi siempre, lo que hizo que la cosecha de cereal de secano que apuntaba excepcional se [&hellip;]<\/p>\n","protected":false},"author":3,"featured_media":7667,"comment_status":"open","ping_status":"open","sticky":false,"template":"","format":"standard","meta":{"footnotes":""},"categories":[4,9],"tags":[],"yoast_head":"<!-- This site is optimized with the Yoast SEO plugin v24.5 - https:\/\/yoast.com\/wordpress\/plugins\/seo\/ -->\n<title>RESUMEN DEL A&#209;O AGR&#205;COLA 2006 EN LA PROVINCIA DE LEON Y PREVISIONES PARA 2007. - ASAJA Le\u00f3n<\/title>\n<meta name=\"description\" content=\"RESUMEN DEL A&#209;O AGR&#205;COLA 2006 EN LA PROVINCIA DE LEON Y PREVISIONES PARA 2007. El 2006 no fue un a&#241;o, agr&#237;colamente hablando,\" \/>\n<meta name=\"robots\" content=\"index, follow, max-snippet:-1, max-image-preview:large, max-video-preview:-1\" \/>\n<link rel=\"canonical\" href=\"https:\/\/www.asajacyl.com\/leon\/asaja-leon-informa\/resumen-del-ao-agrcola-2006-en-la-provincia-de-leon-y-previsiones-para-2007\" \/>\n<meta property=\"og:locale\" content=\"es_ES\" \/>\n<meta property=\"og:type\" content=\"article\" \/>\n<meta property=\"og:title\" content=\"RESUMEN DEL A&#209;O AGR&#205;COLA 2006 EN LA PROVINCIA DE LEON Y PREVISIONES PARA 2007. - ASAJA Le\u00f3n\" \/>\n<meta property=\"og:description\" content=\"RESUMEN DEL A&#209;O AGR&#205;COLA 2006 EN LA PROVINCIA DE LEON Y PREVISIONES PARA 2007. El 2006 no fue un a&#241;o, agr&#237;colamente hablando,\" \/>\n<meta property=\"og:url\" content=\"https:\/\/www.asajacyl.com\/leon\/asaja-leon-informa\/resumen-del-ao-agrcola-2006-en-la-provincia-de-leon-y-previsiones-para-2007\" \/>\n<meta property=\"og:site_name\" content=\"ASAJA Le\u00f3n\" \/>\n<meta property=\"article:published_time\" content=\"2007-01-09T23:00:00+00:00\" \/>\n<meta property=\"og:image\" content=\"https:\/\/www.asajacyl.com\/leon\/wp-content\/uploads\/sites\/6\/2017\/11\/ANUARIO_2006_006.jpg\" \/>\n\t<meta property=\"og:image:width\" content=\"1880\" \/>\n\t<meta property=\"og:image:height\" content=\"2816\" \/>\n\t<meta property=\"og:image:type\" content=\"image\/jpeg\" \/>\n<meta name=\"author\" content=\"Editor\" \/>\n<meta name=\"twitter:card\" content=\"summary_large_image\" \/>\n<meta name=\"twitter:label1\" content=\"Escrito por\" \/>\n\t<meta name=\"twitter:data1\" content=\"Editor\" \/>\n\t<meta name=\"twitter:label2\" content=\"Tiempo de lectura\" \/>\n\t<meta name=\"twitter:data2\" content=\"17 minutos\" \/>\n<script type=\"application\/ld+json\" class=\"yoast-schema-graph\">{\"@context\":\"https:\/\/schema.org\",\"@graph\":[{\"@type\":\"WebPage\",\"@id\":\"https:\/\/www.asajacyl.com\/leon\/asaja-leon-informa\/resumen-del-ao-agrcola-2006-en-la-provincia-de-leon-y-previsiones-para-2007\",\"url\":\"https:\/\/www.asajacyl.com\/leon\/asaja-leon-informa\/resumen-del-ao-agrcola-2006-en-la-provincia-de-leon-y-previsiones-para-2007\",\"name\":\"RESUMEN DEL A&#209;O AGR&#205;COLA 2006 EN LA PROVINCIA DE LEON Y PREVISIONES PARA 2007. - ASAJA Le\u00f3n\",\"isPartOf\":{\"@id\":\"https:\/\/www.asajacyl.com\/leon\/#website\"},\"primaryImageOfPage\":{\"@id\":\"https:\/\/www.asajacyl.com\/leon\/asaja-leon-informa\/resumen-del-ao-agrcola-2006-en-la-provincia-de-leon-y-previsiones-para-2007#primaryimage\"},\"image\":{\"@id\":\"https:\/\/www.asajacyl.com\/leon\/asaja-leon-informa\/resumen-del-ao-agrcola-2006-en-la-provincia-de-leon-y-previsiones-para-2007#primaryimage\"},\"thumbnailUrl\":\"https:\/\/www.asajacyl.com\/leon\/wp-content\/uploads\/sites\/6\/2017\/11\/ANUARIO_2006_006.jpg\",\"datePublished\":\"2007-01-09T23:00:00+00:00\",\"author\":{\"@id\":\"https:\/\/www.asajacyl.com\/leon\/#\/schema\/person\/7e884476cee132331142e8ac9689f20c\"},\"description\":\"RESUMEN DEL A&#209;O AGR&#205;COLA 2006 EN LA PROVINCIA DE LEON Y PREVISIONES PARA 2007. El 2006 no fue un a&#241;o, agr&#237;colamente hablando,\",\"breadcrumb\":{\"@id\":\"https:\/\/www.asajacyl.com\/leon\/asaja-leon-informa\/resumen-del-ao-agrcola-2006-en-la-provincia-de-leon-y-previsiones-para-2007#breadcrumb\"},\"inLanguage\":\"es\",\"potentialAction\":[{\"@type\":\"ReadAction\",\"target\":[\"https:\/\/www.asajacyl.com\/leon\/asaja-leon-informa\/resumen-del-ao-agrcola-2006-en-la-provincia-de-leon-y-previsiones-para-2007\"]}]},{\"@type\":\"ImageObject\",\"inLanguage\":\"es\",\"@id\":\"https:\/\/www.asajacyl.com\/leon\/asaja-leon-informa\/resumen-del-ao-agrcola-2006-en-la-provincia-de-leon-y-previsiones-para-2007#primaryimage\",\"url\":\"https:\/\/www.asajacyl.com\/leon\/wp-content\/uploads\/sites\/6\/2017\/11\/ANUARIO_2006_006.jpg\",\"contentUrl\":\"https:\/\/www.asajacyl.com\/leon\/wp-content\/uploads\/sites\/6\/2017\/11\/ANUARIO_2006_006.jpg\",\"width\":1880,\"height\":2816},{\"@type\":\"BreadcrumbList\",\"@id\":\"https:\/\/www.asajacyl.com\/leon\/asaja-leon-informa\/resumen-del-ao-agrcola-2006-en-la-provincia-de-leon-y-previsiones-para-2007#breadcrumb\",\"itemListElement\":[{\"@type\":\"ListItem\",\"position\":1,\"name\":\"Portada\",\"item\":\"https:\/\/www.asajacyl.com\/leon\/\"},{\"@type\":\"ListItem\",\"position\":2,\"name\":\"RESUMEN DEL A&#209;O AGR&#205;COLA 2006 EN LA PROVINCIA DE LEON Y PREVISIONES PARA 2007.\"}]},{\"@type\":\"WebSite\",\"@id\":\"https:\/\/www.asajacyl.com\/leon\/#website\",\"url\":\"https:\/\/www.asajacyl.com\/leon\/\",\"name\":\"ASAJA Le\u00f3n\",\"description\":\"Otro sitio m\u00e1s de Provincias ASAJA Castilla y Le\u00f3n\",\"potentialAction\":[{\"@type\":\"SearchAction\",\"target\":{\"@type\":\"EntryPoint\",\"urlTemplate\":\"https:\/\/www.asajacyl.com\/leon\/?s={search_term_string}\"},\"query-input\":{\"@type\":\"PropertyValueSpecification\",\"valueRequired\":true,\"valueName\":\"search_term_string\"}}],\"inLanguage\":\"es\"},{\"@type\":\"Person\",\"@id\":\"https:\/\/www.asajacyl.com\/leon\/#\/schema\/person\/7e884476cee132331142e8ac9689f20c\",\"name\":\"Editor\",\"image\":{\"@type\":\"ImageObject\",\"inLanguage\":\"es\",\"@id\":\"https:\/\/www.asajacyl.com\/leon\/#\/schema\/person\/image\/\",\"url\":\"https:\/\/secure.gravatar.com\/avatar\/a2ef43c165669686cfcfb0e1ffa59869?s=96&d=mm&r=g\",\"contentUrl\":\"https:\/\/secure.gravatar.com\/avatar\/a2ef43c165669686cfcfb0e1ffa59869?s=96&d=mm&r=g\",\"caption\":\"Editor\"},\"url\":\"https:\/\/www.asajacyl.com\/leon\/author\/oscargg\"}]}<\/script>\n<!-- \/ Yoast SEO plugin. -->","yoast_head_json":{"title":"RESUMEN DEL A&#209;O AGR&#205;COLA 2006 EN LA PROVINCIA DE LEON Y PREVISIONES PARA 2007. - ASAJA Le\u00f3n","description":"RESUMEN DEL A&#209;O AGR&#205;COLA 2006 EN LA PROVINCIA DE LEON Y PREVISIONES PARA 2007. El 2006 no fue un a&#241;o, agr&#237;colamente hablando,","robots":{"index":"index","follow":"follow","max-snippet":"max-snippet:-1","max-image-preview":"max-image-preview:large","max-video-preview":"max-video-preview:-1"},"canonical":"https:\/\/www.asajacyl.com\/leon\/asaja-leon-informa\/resumen-del-ao-agrcola-2006-en-la-provincia-de-leon-y-previsiones-para-2007","og_locale":"es_ES","og_type":"article","og_title":"RESUMEN DEL A&#209;O AGR&#205;COLA 2006 EN LA PROVINCIA DE LEON Y PREVISIONES PARA 2007. - ASAJA Le\u00f3n","og_description":"RESUMEN DEL A&#209;O AGR&#205;COLA 2006 EN LA PROVINCIA DE LEON Y PREVISIONES PARA 2007. El 2006 no fue un a&#241;o, agr&#237;colamente hablando,","og_url":"https:\/\/www.asajacyl.com\/leon\/asaja-leon-informa\/resumen-del-ao-agrcola-2006-en-la-provincia-de-leon-y-previsiones-para-2007","og_site_name":"ASAJA Le\u00f3n","article_published_time":"2007-01-09T23:00:00+00:00","og_image":[{"width":1880,"height":2816,"url":"https:\/\/www.asajacyl.com\/leon\/wp-content\/uploads\/sites\/6\/2017\/11\/ANUARIO_2006_006.jpg","type":"image\/jpeg"}],"author":"Editor","twitter_card":"summary_large_image","twitter_misc":{"Escrito por":"Editor","Tiempo de lectura":"17 minutos"},"schema":{"@context":"https:\/\/schema.org","@graph":[{"@type":"WebPage","@id":"https:\/\/www.asajacyl.com\/leon\/asaja-leon-informa\/resumen-del-ao-agrcola-2006-en-la-provincia-de-leon-y-previsiones-para-2007","url":"https:\/\/www.asajacyl.com\/leon\/asaja-leon-informa\/resumen-del-ao-agrcola-2006-en-la-provincia-de-leon-y-previsiones-para-2007","name":"RESUMEN DEL A&#209;O AGR&#205;COLA 2006 EN LA PROVINCIA DE LEON Y PREVISIONES PARA 2007. - ASAJA Le\u00f3n","isPartOf":{"@id":"https:\/\/www.asajacyl.com\/leon\/#website"},"primaryImageOfPage":{"@id":"https:\/\/www.asajacyl.com\/leon\/asaja-leon-informa\/resumen-del-ao-agrcola-2006-en-la-provincia-de-leon-y-previsiones-para-2007#primaryimage"},"image":{"@id":"https:\/\/www.asajacyl.com\/leon\/asaja-leon-informa\/resumen-del-ao-agrcola-2006-en-la-provincia-de-leon-y-previsiones-para-2007#primaryimage"},"thumbnailUrl":"https:\/\/www.asajacyl.com\/leon\/wp-content\/uploads\/sites\/6\/2017\/11\/ANUARIO_2006_006.jpg","datePublished":"2007-01-09T23:00:00+00:00","author":{"@id":"https:\/\/www.asajacyl.com\/leon\/#\/schema\/person\/7e884476cee132331142e8ac9689f20c"},"description":"RESUMEN DEL A&#209;O AGR&#205;COLA 2006 EN LA PROVINCIA DE LEON Y PREVISIONES PARA 2007. El 2006 no fue un a&#241;o, agr&#237;colamente hablando,","breadcrumb":{"@id":"https:\/\/www.asajacyl.com\/leon\/asaja-leon-informa\/resumen-del-ao-agrcola-2006-en-la-provincia-de-leon-y-previsiones-para-2007#breadcrumb"},"inLanguage":"es","potentialAction":[{"@type":"ReadAction","target":["https:\/\/www.asajacyl.com\/leon\/asaja-leon-informa\/resumen-del-ao-agrcola-2006-en-la-provincia-de-leon-y-previsiones-para-2007"]}]},{"@type":"ImageObject","inLanguage":"es","@id":"https:\/\/www.asajacyl.com\/leon\/asaja-leon-informa\/resumen-del-ao-agrcola-2006-en-la-provincia-de-leon-y-previsiones-para-2007#primaryimage","url":"https:\/\/www.asajacyl.com\/leon\/wp-content\/uploads\/sites\/6\/2017\/11\/ANUARIO_2006_006.jpg","contentUrl":"https:\/\/www.asajacyl.com\/leon\/wp-content\/uploads\/sites\/6\/2017\/11\/ANUARIO_2006_006.jpg","width":1880,"height":2816},{"@type":"BreadcrumbList","@id":"https:\/\/www.asajacyl.com\/leon\/asaja-leon-informa\/resumen-del-ao-agrcola-2006-en-la-provincia-de-leon-y-previsiones-para-2007#breadcrumb","itemListElement":[{"@type":"ListItem","position":1,"name":"Portada","item":"https:\/\/www.asajacyl.com\/leon\/"},{"@type":"ListItem","position":2,"name":"RESUMEN DEL A&#209;O AGR&#205;COLA 2006 EN LA PROVINCIA DE LEON Y PREVISIONES PARA 2007."}]},{"@type":"WebSite","@id":"https:\/\/www.asajacyl.com\/leon\/#website","url":"https:\/\/www.asajacyl.com\/leon\/","name":"ASAJA Le\u00f3n","description":"Otro sitio m\u00e1s de Provincias ASAJA Castilla y Le\u00f3n","potentialAction":[{"@type":"SearchAction","target":{"@type":"EntryPoint","urlTemplate":"https:\/\/www.asajacyl.com\/leon\/?s={search_term_string}"},"query-input":{"@type":"PropertyValueSpecification","valueRequired":true,"valueName":"search_term_string"}}],"inLanguage":"es"},{"@type":"Person","@id":"https:\/\/www.asajacyl.com\/leon\/#\/schema\/person\/7e884476cee132331142e8ac9689f20c","name":"Editor","image":{"@type":"ImageObject","inLanguage":"es","@id":"https:\/\/www.asajacyl.com\/leon\/#\/schema\/person\/image\/","url":"https:\/\/secure.gravatar.com\/avatar\/a2ef43c165669686cfcfb0e1ffa59869?s=96&d=mm&r=g","contentUrl":"https:\/\/secure.gravatar.com\/avatar\/a2ef43c165669686cfcfb0e1ffa59869?s=96&d=mm&r=g","caption":"Editor"},"url":"https:\/\/www.asajacyl.com\/leon\/author\/oscargg"}]}},"_links":{"self":[{"href":"https:\/\/www.asajacyl.com\/leon\/wp-json\/wp\/v2\/posts\/7666"}],"collection":[{"href":"https:\/\/www.asajacyl.com\/leon\/wp-json\/wp\/v2\/posts"}],"about":[{"href":"https:\/\/www.asajacyl.com\/leon\/wp-json\/wp\/v2\/types\/post"}],"author":[{"embeddable":true,"href":"https:\/\/www.asajacyl.com\/leon\/wp-json\/wp\/v2\/users\/3"}],"replies":[{"embeddable":true,"href":"https:\/\/www.asajacyl.com\/leon\/wp-json\/wp\/v2\/comments?post=7666"}],"version-history":[{"count":0,"href":"https:\/\/www.asajacyl.com\/leon\/wp-json\/wp\/v2\/posts\/7666\/revisions"}],"wp:featuredmedia":[{"embeddable":true,"href":"https:\/\/www.asajacyl.com\/leon\/wp-json\/wp\/v2\/media\/7667"}],"wp:attachment":[{"href":"https:\/\/www.asajacyl.com\/leon\/wp-json\/wp\/v2\/media?parent=7666"}],"wp:term":[{"taxonomy":"category","embeddable":true,"href":"https:\/\/www.asajacyl.com\/leon\/wp-json\/wp\/v2\/categories?post=7666"},{"taxonomy":"post_tag","embeddable":true,"href":"https:\/\/www.asajacyl.com\/leon\/wp-json\/wp\/v2\/tags?post=7666"}],"curies":[{"name":"wp","href":"https:\/\/api.w.org\/{rel}","templated":true}]}}